{"id":18118,"date":"2020-03-18T17:32:02","date_gmt":"2020-03-18T17:32:02","guid":{"rendered":"https:\/\/aliancaevangelica.pt\/site\/?p=18118"},"modified":"2020-03-18T17:32:02","modified_gmt":"2020-03-18T17:32:02","slug":"os-cristaos-e-o-estado-de-emergencia","status":"publish","type":"post","link":"https:\/\/aliancaevangelica.pt\/site\/os-cristaos-e-o-estado-de-emergencia\/","title":{"rendered":"Os crist\u00e3os e o estado de emerg\u00eancia"},"content":{"rendered":"<p>O estado de emerg\u00eancia \u00e9 uma medida constitucional de suspens\u00e3o de direitos dos cidad\u00e3os, podendo ser declarado em casos de exce\u00e7\u00e3o, designadamente \u201cde calamidade p\u00fablica\u201d (art.\u00ba 19.\u00ba, n.\u00ba 2, da Constitui\u00e7\u00e3o); s\u00f3 quando as situa\u00e7\u00f5es sejam de maior gravidade pode ser decretado o estado de s\u00edtio.<\/p>\n<p>O n.\u00ba 4, do art.\u00ba 19.\u00ba, da Constitui\u00e7\u00e3o prescreve que a declara\u00e7\u00e3o e execu\u00e7\u00e3o do estado de emerg\u00eancia \u201cdeve respeitar o princ\u00edpio da proporcionalidade e limitar-se, nomeadamente quanto \u00e0s suas extens\u00e3o e dura\u00e7\u00e3o e aos meios utilizados, ao estritamente necess\u00e1rio ao pronto restabelecimento da normalidade constitucional\u201d.<\/p>\n<p>A declara\u00e7\u00e3o de estado de emerg\u00eancia n\u00e3o concede discricionariedade aos agentes de autoridade, pois deve conter \u201ca especifica\u00e7\u00e3o dos direitos, liberdades e garantias cujo exerc\u00edcio fica suspenso\u201d (art.\u00ba 19.\u00ba, n.\u00ba 5, da Constitui\u00e7\u00e3o).<\/p>\n<p>Al\u00e9m de ser limitado no tempo (m\u00e1ximo de 15 dias, ainda que pass\u00edvel de renova\u00e7\u00e3o pelo n\u00famero de vezes necess\u00e1rio, caso se mantenham os pressupostos), \u201cem nenhum caso pode afetar os direitos \u00e0 vida, \u00e0 integridade pessoal, \u00e0 identidade pessoal, \u00e0 capacidade civil e \u00e0 cidadania, (\u2026) e a liberdade de consci\u00eancia e de religi\u00e3o\u201d (art.\u00ba 19.\u00ba, n.\u00ba 6, da Constitui\u00e7\u00e3o).<\/p>\n<p>Assim, \u00e9 poss\u00edvel que a declara\u00e7\u00e3o de estado de emerg\u00eancia imponha a ordem de perman\u00eancia na habita\u00e7\u00e3o, ser\u00e1 admiss\u00edvel a sa\u00edda em situa\u00e7\u00f5es de \u201cfor\u00e7a maior\u201d ou \u201cnecessidade\u201d, designadamente para comprar alimentos, produtos farmac\u00eauticos, ir ao m\u00e9dico, trabalhar, cuidar de idosos ou menores que estejam dependentes ou sejam vulner\u00e1veis.<\/p>\n<p>Quanto \u00e0 liberdade de consci\u00eancia e de religi\u00e3o, o art.\u00ba 41.\u00ba, n.\u00ba 1, da Constitui\u00e7\u00e3o prescreve que \u00e9 inviol\u00e1vel. \u201cNingu\u00e9m pode ser perseguido, privado de direitos ou isento de obriga\u00e7\u00f5es ou deveres c\u00edvicos por causa das suas convic\u00e7\u00f5es ou pr\u00e1tica religiosa. Ningu\u00e9m pode ser perguntado por qualquer autoridade acerca das suas convic\u00e7\u00f5es ou pr\u00e1tica religiosa\u201d (art.\u00ba 41.\u00ba, n.\u00ba 2 e 3, da Constitui\u00e7\u00e3o).<\/p>\n<p>A declara\u00e7\u00e3o de estado de emerg\u00eancia n\u00e3o pode proibir a pr\u00e1tica de culto religioso, celebra\u00e7\u00e3o de funerais ou casamentos. Mas pode estabelecer restri\u00e7\u00f5es do n\u00famero m\u00e1ximo de pessoas reunidas, bem como \u00e0 ado\u00e7\u00e3o de medidas organizacionais que consistem em evitar multid\u00f5es, dependendo das dimens\u00f5es e caracter\u00edsticas dos locais, de modo a garantir aos assistentes a possibilidade de respeitar uma determinada dist\u00e2ncia (v.g. 1 metro ou mais). Atualmente, ainda sem estado de emerg\u00eancia, ao abrigo das medidas de exce\u00e7\u00e3o aprovadas em Conselho de Ministros, j\u00e1 \u00e9 proibida a reuni\u00e3o com 100 pessoas ou mais; a declara\u00e7\u00e3o do estado de emerg\u00eancia pode impor uma restri\u00e7\u00e3o ainda maior (50, 30, 20).<\/p>\n<p>Sabemos que \u201cmais importa obedecer a Deus do que aos homens\u201d (Atos 5:29). A obedi\u00eancia (a Deus) \u00e9 a evid\u00eancia da nossa confian\u00e7a em Deus, pois Ele \u00e9 Fiel (1Cor\u00edntios 10:13; 1Jo\u00e3o 1:9), nos confirma e guarda do maligno (2Tessalonicenses 3:3); Ele mant\u00e9m a Sua alian\u00e7a e bondade eternamente (Deuteron\u00f3mio 7:9). Por causa da Sua fidelidade, podemos crer nas Suas promessas (Hebreus 10:23); <em>\u201ca palavra do Senhor \u00e9 verdadeira; Ele \u00e9 fiel em tudo o que faz\u201d (Salmo 33:4).<\/em><\/p>\n<p>A declara\u00e7\u00e3o de emerg\u00eancia, contudo, n\u00e3o impede que falemos da B\u00edblia, da salva\u00e7\u00e3o que h\u00e1 em Cristo Jesus, que comuniquemos das diversas formas dispon\u00edveis, incluindo as redes sociais, videoconfer\u00eancia, etc..<\/p>\n<p>Por outro lado, de acordo com Romanos 13:1, os crist\u00e3os devem submeter-se \u00e0s autoridades, sabendo que <em>\u201cquem resiste \u00e0 autoridade resiste \u00e0 ordena\u00e7\u00e3o de Deus; e os que resistem trar\u00e3o sobre si mesmos a condena\u00e7\u00e3o\u201d (Romanos 13:2).<\/em><\/p>\n<p>Devemos ser exemplo perante o mundo; n\u00e3o podemos ser causa de esc\u00e2ndalo nem desordem; <em>\u201cs\u00ea o exemplo dos fi\u00e9is, na palavra, no trato, no amor, no esp\u00edrito, na f\u00e9, na pureza\u201d (1 Tim\u00f3teo 4:12); \u201cAdmoesta-os a que se sujeitem aos principados e potestades, que lhes obede\u00e7am e estejam preparados para toda boa obra; que a ningu\u00e9m infamem, nem sejam contenciosos, mas modestos, mostrando toda mansid\u00e3o para com todos os homens\u201d (Tito 3:12).<\/em><\/p>\n<p>Obede\u00e7amos \u00e0s autoridades, sejamos o exemplo e n\u00e3o a causa de dano algum, pois dessa forma tamb\u00e9m obedecemos a Deus, orando e vigiando (Mateus 26:41) \u2014 <em>\u201cVigiai, estai firmes na f\u00e9; portai-vos varonilmente, e fortalecei-vos (1 Cor\u00edntios 16:13).<\/em><\/p>\n<p>Ef\u00e9sios 6:5-8, 10,11 13-18:<br \/>\n<em>\u201c(\u2026) obedecei a vosso senhor segundo a carne, com temor e tremor, na sinceridade de vosso cora\u00e7\u00e3o, como a Cristo, n\u00e3o servindo \u00e0 vista, como para agradar aos homens, mas como servos de Cristo, fazendo de cora\u00e7\u00e3o a vontade de Deus; <\/em><br \/>\n<em>Servindo de boa vontade como ao Senhor e n\u00e3o como aos homens, sabendo que cada um receber\u00e1 do Senhor todo o bem que fizer, seja servo, seja livre; <\/em><br \/>\n<em>(\u2026) No demais, irm\u00e3os meus, fortalecei-vos no Senhor e na for\u00e7a do seu poder. Revesti-vos de toda a armadura de Deus, para que possais estar firmes contra as astutas ciladas do diabo; (\u2026) <\/em><br \/>\n<em>Portanto, tomai toda a armadura de Deus, para que possais resistir no dia mau e, havendo feito tudo, ficar firmes. <\/em><br \/>\n<em>Estai, pois, firmes, tendo cingidos os vossos lombos com a verdade, e vestida a coura\u00e7a da justi\u00e7a, e cal\u00e7ados os p\u00e9s na prepara\u00e7\u00e3o do evangelho da paz; tomando sobretudo o escudo da f\u00e9, com o qual podereis apagar todos os dardos inflamados do maligno. <\/em><br \/>\n<em>Tomai tamb\u00e9m o capacete da salva\u00e7\u00e3o e a espada do Esp\u00edrito, que \u00e9 a palavra de Deus, orando em todo tempo com toda ora\u00e7\u00e3o e s\u00faplica no Esp\u00edrito e vigiando nisso com toda perseveran\u00e7a e s\u00faplica por todos os santos\u201d.<\/em><\/p>\n<p>Joel Pereira<br \/>\nJuiz<\/p>\n","protected":false},"excerpt":{"rendered":"<p>O estado de emerg\u00eancia \u00e9 uma medida constitucional de suspens\u00e3o de direitos dos cidad\u00e3os, podendo ser declarado em casos de exce\u00e7\u00e3o, designadamente \u201cde calamidade p\u00fablica\u201d (art.\u00ba 19.\u00ba, n.\u00ba 2, da Constitui\u00e7\u00e3o); s\u00f3 quando as situa\u00e7\u00f5es sejam de maior gravidade pode ser decretado o estado de s\u00edtio. O n.\u00ba 4, do art.\u00ba 19.\u00ba, da Constitui\u00e7\u00e3o prescreve<\/p>\n","protected":false},"author":2,"featured_media":18119,"comment_status":"open","ping_status":"open","sticky":false,"template":"","format":"standard","meta":{"_uag_custom_page_level_css":"","_themeisle_gutenberg_block_has_review":false,"_vp_format_video_url":"","_vp_image_focal_point":[],"footnotes":""},"categories":[45,3],"tags":[],"class_list":["post-18118","post","type-post","status-publish","format-standard","has-post-thumbnail","hentry","category-geral","category-artigos-gerais"],"yoast_head":"<!-- This site is optimized with the Yoast SEO plugin v27.5 - https:\/\/yoast.com\/product\/yoast-seo-wordpress\/ -->\n<title>Os crist\u00e3os e o estado de emerg\u00eancia - AEP<\/title>\n<meta name=\"robots\" content=\"index, follow, max-snippet:-1, max-image-preview:large, max-video-preview:-1\" \/>\n<link rel=\"canonical\" href=\"https:\/\/aliancaevangelica.pt\/site\/os-cristaos-e-o-estado-de-emergencia\/\" \/>\n<meta property=\"og:locale\" content=\"pt_PT\" \/>\n<meta property=\"og:type\" content=\"article\" \/>\n<meta property=\"og:title\" content=\"Os crist\u00e3os e o estado de emerg\u00eancia - AEP\" \/>\n<meta property=\"og:description\" content=\"O estado de emerg\u00eancia \u00e9 uma medida constitucional de suspens\u00e3o de direitos dos cidad\u00e3os, podendo ser declarado em casos de exce\u00e7\u00e3o, designadamente \u201cde calamidade p\u00fablica\u201d (art.\u00ba 19.\u00ba, n.\u00ba 2, da Constitui\u00e7\u00e3o); s\u00f3 quando as situa\u00e7\u00f5es sejam de maior gravidade pode ser decretado o estado de s\u00edtio. O n.\u00ba 4, do art.\u00ba 19.\u00ba, da Constitui\u00e7\u00e3o prescreve\" \/>\n<meta property=\"og:url\" content=\"https:\/\/aliancaevangelica.pt\/site\/os-cristaos-e-o-estado-de-emergencia\/\" \/>\n<meta property=\"og:site_name\" content=\"AEP\" \/>\n<meta property=\"article:publisher\" content=\"http:\/\/facebook.com\/aeportuguesa\" \/>\n<meta property=\"article:author\" content=\"aeportugal\" \/>\n<meta property=\"article:published_time\" content=\"2020-03-18T17:32:02+00:00\" \/>\n<meta property=\"og:image\" content=\"https:\/\/aliancaevangelica.pt\/site\/wp-content\/uploads\/2020\/03\/estado-emergencia-covid19-01.png\" \/>\n\t<meta property=\"og:image:width\" content=\"856\" \/>\n\t<meta property=\"og:image:height\" content=\"501\" \/>\n\t<meta property=\"og:image:type\" content=\"image\/png\" \/>\n<meta name=\"author\" content=\"AEP\" \/>\n<meta name=\"twitter:card\" content=\"summary_large_image\" \/>\n<meta name=\"twitter:label1\" content=\"Escrito por\" \/>\n\t<meta name=\"twitter:data1\" content=\"AEP\" \/>\n\t<meta name=\"twitter:label2\" content=\"Tempo estimado de leitura\" \/>\n\t<meta name=\"twitter:data2\" content=\"5 minutos\" \/>\n<script type=\"application\/ld+json\" class=\"yoast-schema-graph\">{\"@context\":\"https:\\\/\\\/schema.org\",\"@graph\":[{\"@type\":\"Article\",\"@id\":\"https:\\\/\\\/aliancaevangelica.pt\\\/site\\\/os-cristaos-e-o-estado-de-emergencia\\\/#article\",\"isPartOf\":{\"@id\":\"https:\\\/\\\/aliancaevangelica.pt\\\/site\\\/os-cristaos-e-o-estado-de-emergencia\\\/\"},\"author\":{\"name\":\"AEP\",\"@id\":\"https:\\\/\\\/aliancaevangelica.pt\\\/site\\\/#\\\/schema\\\/person\\\/3b47cfc7535eff1e820f31c2d67eafcf\"},\"headline\":\"Os crist\u00e3os e o estado de emerg\u00eancia\",\"datePublished\":\"2020-03-18T17:32:02+00:00\",\"mainEntityOfPage\":{\"@id\":\"https:\\\/\\\/aliancaevangelica.pt\\\/site\\\/os-cristaos-e-o-estado-de-emergencia\\\/\"},\"wordCount\":952,\"commentCount\":0,\"publisher\":{\"@id\":\"https:\\\/\\\/aliancaevangelica.pt\\\/site\\\/#organization\"},\"image\":{\"@id\":\"https:\\\/\\\/aliancaevangelica.pt\\\/site\\\/os-cristaos-e-o-estado-de-emergencia\\\/#primaryimage\"},\"thumbnailUrl\":\"https:\\\/\\\/aliancaevangelica.pt\\\/site\\\/wp-content\\\/uploads\\\/2020\\\/03\\\/estado-emergencia-covid19-01.png\",\"articleSection\":[\"1-Geral\",\"2-Artigos Gerais\"],\"inLanguage\":\"pt-PT\",\"potentialAction\":[{\"@type\":\"CommentAction\",\"name\":\"Comment\",\"target\":[\"https:\\\/\\\/aliancaevangelica.pt\\\/site\\\/os-cristaos-e-o-estado-de-emergencia\\\/#respond\"]}]},{\"@type\":\"WebPage\",\"@id\":\"https:\\\/\\\/aliancaevangelica.pt\\\/site\\\/os-cristaos-e-o-estado-de-emergencia\\\/\",\"url\":\"https:\\\/\\\/aliancaevangelica.pt\\\/site\\\/os-cristaos-e-o-estado-de-emergencia\\\/\",\"name\":\"Os crist\u00e3os e o estado de emerg\u00eancia - AEP\",\"isPartOf\":{\"@id\":\"https:\\\/\\\/aliancaevangelica.pt\\\/site\\\/#website\"},\"primaryImageOfPage\":{\"@id\":\"https:\\\/\\\/aliancaevangelica.pt\\\/site\\\/os-cristaos-e-o-estado-de-emergencia\\\/#primaryimage\"},\"image\":{\"@id\":\"https:\\\/\\\/aliancaevangelica.pt\\\/site\\\/os-cristaos-e-o-estado-de-emergencia\\\/#primaryimage\"},\"thumbnailUrl\":\"https:\\\/\\\/aliancaevangelica.pt\\\/site\\\/wp-content\\\/uploads\\\/2020\\\/03\\\/estado-emergencia-covid19-01.png\",\"datePublished\":\"2020-03-18T17:32:02+00:00\",\"breadcrumb\":{\"@id\":\"https:\\\/\\\/aliancaevangelica.pt\\\/site\\\/os-cristaos-e-o-estado-de-emergencia\\\/#breadcrumb\"},\"inLanguage\":\"pt-PT\",\"potentialAction\":[{\"@type\":\"ReadAction\",\"target\":[\"https:\\\/\\\/aliancaevangelica.pt\\\/site\\\/os-cristaos-e-o-estado-de-emergencia\\\/\"]}]},{\"@type\":\"ImageObject\",\"inLanguage\":\"pt-PT\",\"@id\":\"https:\\\/\\\/aliancaevangelica.pt\\\/site\\\/os-cristaos-e-o-estado-de-emergencia\\\/#primaryimage\",\"url\":\"https:\\\/\\\/aliancaevangelica.pt\\\/site\\\/wp-content\\\/uploads\\\/2020\\\/03\\\/estado-emergencia-covid19-01.png\",\"contentUrl\":\"https:\\\/\\\/aliancaevangelica.pt\\\/site\\\/wp-content\\\/uploads\\\/2020\\\/03\\\/estado-emergencia-covid19-01.png\",\"width\":856,\"height\":501},{\"@type\":\"BreadcrumbList\",\"@id\":\"https:\\\/\\\/aliancaevangelica.pt\\\/site\\\/os-cristaos-e-o-estado-de-emergencia\\\/#breadcrumb\",\"itemListElement\":[{\"@type\":\"ListItem\",\"position\":1,\"name\":\"In\u00edcio\",\"item\":\"https:\\\/\\\/aliancaevangelica.pt\\\/site\\\/\"},{\"@type\":\"ListItem\",\"position\":2,\"name\":\"Os crist\u00e3os e o estado de emerg\u00eancia\"}]},{\"@type\":\"WebSite\",\"@id\":\"https:\\\/\\\/aliancaevangelica.pt\\\/site\\\/#website\",\"url\":\"https:\\\/\\\/aliancaevangelica.pt\\\/site\\\/\",\"name\":\"Alian\u00e7a Evang\u00e9lica Portuguesa\",\"description\":\"Alian\u00e7a Evang\u00e9lica Portuguesa\",\"publisher\":{\"@id\":\"https:\\\/\\\/aliancaevangelica.pt\\\/site\\\/#organization\"},\"potentialAction\":[{\"@type\":\"SearchAction\",\"target\":{\"@type\":\"EntryPoint\",\"urlTemplate\":\"https:\\\/\\\/aliancaevangelica.pt\\\/site\\\/?s={search_term_string}\"},\"query-input\":{\"@type\":\"PropertyValueSpecification\",\"valueRequired\":true,\"valueName\":\"search_term_string\"}}],\"inLanguage\":\"pt-PT\"},{\"@type\":\"Organization\",\"@id\":\"https:\\\/\\\/aliancaevangelica.pt\\\/site\\\/#organization\",\"name\":\"Alian\u00e7a Evang\u00e9lica Portuguesa\",\"url\":\"https:\\\/\\\/aliancaevangelica.pt\\\/site\\\/\",\"logo\":{\"@type\":\"ImageObject\",\"inLanguage\":\"pt-PT\",\"@id\":\"https:\\\/\\\/aliancaevangelica.pt\\\/site\\\/#\\\/schema\\\/logo\\\/image\\\/\",\"url\":\"https:\\\/\\\/aliancaevangelica.pt\\\/site\\\/wp-content\\\/uploads\\\/2017\\\/11\\\/logo-AEP-cor.png\",\"contentUrl\":\"https:\\\/\\\/aliancaevangelica.pt\\\/site\\\/wp-content\\\/uploads\\\/2017\\\/11\\\/logo-AEP-cor.png\",\"width\":1156,\"height\":672,\"caption\":\"Alian\u00e7a Evang\u00e9lica Portuguesa\"},\"image\":{\"@id\":\"https:\\\/\\\/aliancaevangelica.pt\\\/site\\\/#\\\/schema\\\/logo\\\/image\\\/\"},\"sameAs\":[\"http:\\\/\\\/facebook.com\\\/aeportuguesa\",\"http:\\\/\\\/instagram.com\\\/aliancaep\",\"http:\\\/\\\/youtube.com\\\/aeportuguesa\"]},{\"@type\":\"Person\",\"@id\":\"https:\\\/\\\/aliancaevangelica.pt\\\/site\\\/#\\\/schema\\\/person\\\/3b47cfc7535eff1e820f31c2d67eafcf\",\"name\":\"AEP\",\"sameAs\":[\"aeportugal\"],\"url\":\"https:\\\/\\\/aliancaevangelica.pt\\\/site\\\/author\\\/aeportugal\\\/\"}]}<\/script>\n<!-- \/ Yoast SEO plugin. -->","yoast_head_json":{"title":"Os crist\u00e3os e o estado de emerg\u00eancia - AEP","robots":{"index":"index","follow":"follow","max-snippet":"max-snippet:-1","max-image-preview":"max-image-preview:large","max-video-preview":"max-video-preview:-1"},"canonical":"https:\/\/aliancaevangelica.pt\/site\/os-cristaos-e-o-estado-de-emergencia\/","og_locale":"pt_PT","og_type":"article","og_title":"Os crist\u00e3os e o estado de emerg\u00eancia - AEP","og_description":"O estado de emerg\u00eancia \u00e9 uma medida constitucional de suspens\u00e3o de direitos dos cidad\u00e3os, podendo ser declarado em casos de exce\u00e7\u00e3o, designadamente \u201cde calamidade p\u00fablica\u201d (art.\u00ba 19.\u00ba, n.\u00ba 2, da Constitui\u00e7\u00e3o); s\u00f3 quando as situa\u00e7\u00f5es sejam de maior gravidade pode ser decretado o estado de s\u00edtio. O n.\u00ba 4, do art.\u00ba 19.\u00ba, da Constitui\u00e7\u00e3o prescreve","og_url":"https:\/\/aliancaevangelica.pt\/site\/os-cristaos-e-o-estado-de-emergencia\/","og_site_name":"AEP","article_publisher":"http:\/\/facebook.com\/aeportuguesa","article_author":"aeportugal","article_published_time":"2020-03-18T17:32:02+00:00","og_image":[{"width":856,"height":501,"url":"https:\/\/aliancaevangelica.pt\/site\/wp-content\/uploads\/2020\/03\/estado-emergencia-covid19-01.png","type":"image\/png"}],"author":"AEP","twitter_card":"summary_large_image","twitter_misc":{"Escrito por":"AEP","Tempo estimado de leitura":"5 minutos"},"schema":{"@context":"https:\/\/schema.org","@graph":[{"@type":"Article","@id":"https:\/\/aliancaevangelica.pt\/site\/os-cristaos-e-o-estado-de-emergencia\/#article","isPartOf":{"@id":"https:\/\/aliancaevangelica.pt\/site\/os-cristaos-e-o-estado-de-emergencia\/"},"author":{"name":"AEP","@id":"https:\/\/aliancaevangelica.pt\/site\/#\/schema\/person\/3b47cfc7535eff1e820f31c2d67eafcf"},"headline":"Os crist\u00e3os e o estado de emerg\u00eancia","datePublished":"2020-03-18T17:32:02+00:00","mainEntityOfPage":{"@id":"https:\/\/aliancaevangelica.pt\/site\/os-cristaos-e-o-estado-de-emergencia\/"},"wordCount":952,"commentCount":0,"publisher":{"@id":"https:\/\/aliancaevangelica.pt\/site\/#organization"},"image":{"@id":"https:\/\/aliancaevangelica.pt\/site\/os-cristaos-e-o-estado-de-emergencia\/#primaryimage"},"thumbnailUrl":"https:\/\/aliancaevangelica.pt\/site\/wp-content\/uploads\/2020\/03\/estado-emergencia-covid19-01.png","articleSection":["1-Geral","2-Artigos Gerais"],"inLanguage":"pt-PT","potentialAction":[{"@type":"CommentAction","name":"Comment","target":["https:\/\/aliancaevangelica.pt\/site\/os-cristaos-e-o-estado-de-emergencia\/#respond"]}]},{"@type":"WebPage","@id":"https:\/\/aliancaevangelica.pt\/site\/os-cristaos-e-o-estado-de-emergencia\/","url":"https:\/\/aliancaevangelica.pt\/site\/os-cristaos-e-o-estado-de-emergencia\/","name":"Os crist\u00e3os e o estado de emerg\u00eancia - AEP","isPartOf":{"@id":"https:\/\/aliancaevangelica.pt\/site\/#website"},"primaryImageOfPage":{"@id":"https:\/\/aliancaevangelica.pt\/site\/os-cristaos-e-o-estado-de-emergencia\/#primaryimage"},"image":{"@id":"https:\/\/aliancaevangelica.pt\/site\/os-cristaos-e-o-estado-de-emergencia\/#primaryimage"},"thumbnailUrl":"https:\/\/aliancaevangelica.pt\/site\/wp-content\/uploads\/2020\/03\/estado-emergencia-covid19-01.png","datePublished":"2020-03-18T17:32:02+00:00","breadcrumb":{"@id":"https:\/\/aliancaevangelica.pt\/site\/os-cristaos-e-o-estado-de-emergencia\/#breadcrumb"},"inLanguage":"pt-PT","potentialAction":[{"@type":"ReadAction","target":["https:\/\/aliancaevangelica.pt\/site\/os-cristaos-e-o-estado-de-emergencia\/"]}]},{"@type":"ImageObject","inLanguage":"pt-PT","@id":"https:\/\/aliancaevangelica.pt\/site\/os-cristaos-e-o-estado-de-emergencia\/#primaryimage","url":"https:\/\/aliancaevangelica.pt\/site\/wp-content\/uploads\/2020\/03\/estado-emergencia-covid19-01.png","contentUrl":"https:\/\/aliancaevangelica.pt\/site\/wp-content\/uploads\/2020\/03\/estado-emergencia-covid19-01.png","width":856,"height":501},{"@type":"BreadcrumbList","@id":"https:\/\/aliancaevangelica.pt\/site\/os-cristaos-e-o-estado-de-emergencia\/#breadcrumb","itemListElement":[{"@type":"ListItem","position":1,"name":"In\u00edcio","item":"https:\/\/aliancaevangelica.pt\/site\/"},{"@type":"ListItem","position":2,"name":"Os crist\u00e3os e o estado de emerg\u00eancia"}]},{"@type":"WebSite","@id":"https:\/\/aliancaevangelica.pt\/site\/#website","url":"https:\/\/aliancaevangelica.pt\/site\/","name":"Alian\u00e7a Evang\u00e9lica Portuguesa","description":"Alian\u00e7a Evang\u00e9lica Portuguesa","publisher":{"@id":"https:\/\/aliancaevangelica.pt\/site\/#organization"},"potentialAction":[{"@type":"SearchAction","target":{"@type":"EntryPoint","urlTemplate":"https:\/\/aliancaevangelica.pt\/site\/?s={search_term_string}"},"query-input":{"@type":"PropertyValueSpecification","valueRequired":true,"valueName":"search_term_string"}}],"inLanguage":"pt-PT"},{"@type":"Organization","@id":"https:\/\/aliancaevangelica.pt\/site\/#organization","name":"Alian\u00e7a Evang\u00e9lica Portuguesa","url":"https:\/\/aliancaevangelica.pt\/site\/","logo":{"@type":"ImageObject","inLanguage":"pt-PT","@id":"https:\/\/aliancaevangelica.pt\/site\/#\/schema\/logo\/image\/","url":"https:\/\/aliancaevangelica.pt\/site\/wp-content\/uploads\/2017\/11\/logo-AEP-cor.png","contentUrl":"https:\/\/aliancaevangelica.pt\/site\/wp-content\/uploads\/2017\/11\/logo-AEP-cor.png","width":1156,"height":672,"caption":"Alian\u00e7a Evang\u00e9lica Portuguesa"},"image":{"@id":"https:\/\/aliancaevangelica.pt\/site\/#\/schema\/logo\/image\/"},"sameAs":["http:\/\/facebook.com\/aeportuguesa","http:\/\/instagram.com\/aliancaep","http:\/\/youtube.com\/aeportuguesa"]},{"@type":"Person","@id":"https:\/\/aliancaevangelica.pt\/site\/#\/schema\/person\/3b47cfc7535eff1e820f31c2d67eafcf","name":"AEP","sameAs":["aeportugal"],"url":"https:\/\/aliancaevangelica.pt\/site\/author\/aeportugal\/"}]}},"uagb_featured_image_src":{"full":["https:\/\/aliancaevangelica.pt\/site\/wp-content\/uploads\/2020\/03\/estado-emergencia-covid19-01.png",856,501,false],"thumbnail":["https:\/\/aliancaevangelica.pt\/site\/wp-content\/uploads\/2020\/03\/estado-emergencia-covid19-01-150x150.png",150,150,true],"medium":["https:\/\/aliancaevangelica.pt\/site\/wp-content\/uploads\/2020\/03\/estado-emergencia-covid19-01-300x176.png",300,176,true],"medium_large":["https:\/\/aliancaevangelica.pt\/site\/wp-content\/uploads\/2020\/03\/estado-emergencia-covid19-01-768x449.png",768,449,true],"large":["https:\/\/aliancaevangelica.pt\/site\/wp-content\/uploads\/2020\/03\/estado-emergencia-covid19-01.png",856,501,false],"1536x1536":["https:\/\/aliancaevangelica.pt\/site\/wp-content\/uploads\/2020\/03\/estado-emergencia-covid19-01.png",856,501,false],"2048x2048":["https:\/\/aliancaevangelica.pt\/site\/wp-content\/uploads\/2020\/03\/estado-emergencia-covid19-01.png",856,501,false],"vp_sm":["https:\/\/aliancaevangelica.pt\/site\/wp-content\/uploads\/2020\/03\/estado-emergencia-covid19-01.png",500,293,false],"vp_md":["https:\/\/aliancaevangelica.pt\/site\/wp-content\/uploads\/2020\/03\/estado-emergencia-covid19-01.png",800,468,false],"vp_lg":["https:\/\/aliancaevangelica.pt\/site\/wp-content\/uploads\/2020\/03\/estado-emergencia-covid19-01.png",856,501,false],"vp_xl":["https:\/\/aliancaevangelica.pt\/site\/wp-content\/uploads\/2020\/03\/estado-emergencia-covid19-01.png",856,501,false],"vp_sm_popup":["https:\/\/aliancaevangelica.pt\/site\/wp-content\/uploads\/2020\/03\/estado-emergencia-covid19-01.png",500,293,false],"vp_md_popup":["https:\/\/aliancaevangelica.pt\/site\/wp-content\/uploads\/2020\/03\/estado-emergencia-covid19-01.png",800,468,false],"vp_xl_popup":["https:\/\/aliancaevangelica.pt\/site\/wp-content\/uploads\/2020\/03\/estado-emergencia-covid19-01.png",856,501,false],"newsx-150x100":["https:\/\/aliancaevangelica.pt\/site\/wp-content\/uploads\/2020\/03\/estado-emergencia-covid19-01.png",150,88,false],"newsx-330x220":["https:\/\/aliancaevangelica.pt\/site\/wp-content\/uploads\/2020\/03\/estado-emergencia-covid19-01.png",330,193,false],"newsx-420x280":["https:\/\/aliancaevangelica.pt\/site\/wp-content\/uploads\/2020\/03\/estado-emergencia-covid19-01.png",420,246,false],"newsx-510x340":["https:\/\/aliancaevangelica.pt\/site\/wp-content\/uploads\/2020\/03\/estado-emergencia-covid19-01.png",510,298,false],"newsx-640x480":["https:\/\/aliancaevangelica.pt\/site\/wp-content\/uploads\/2020\/03\/estado-emergencia-covid19-01.png",640,375,false],"newsx-670x370":["https:\/\/aliancaevangelica.pt\/site\/wp-content\/uploads\/2020\/03\/estado-emergencia-covid19-01.png",632,370,false],"newsx-860x570":["https:\/\/aliancaevangelica.pt\/site\/wp-content\/uploads\/2020\/03\/estado-emergencia-covid19-01.png",856,501,false],"newsx-1000x750":["https:\/\/aliancaevangelica.pt\/site\/wp-content\/uploads\/2020\/03\/estado-emergencia-covid19-01.png",856,501,false],"newsx-1200x600":["https:\/\/aliancaevangelica.pt\/site\/wp-content\/uploads\/2020\/03\/estado-emergencia-covid19-01.png",856,501,false]},"uagb_author_info":{"display_name":"AEP","author_link":"https:\/\/aliancaevangelica.pt\/site\/author\/aeportugal\/"},"uagb_comment_info":0,"uagb_excerpt":"O estado de emerg\u00eancia \u00e9 uma medida constitucional de suspens\u00e3o de direitos dos cidad\u00e3os, podendo ser declarado em casos de exce\u00e7\u00e3o, designadamente \u201cde calamidade p\u00fablica\u201d (art.\u00ba 19.\u00ba, n.\u00ba 2, da Constitui\u00e7\u00e3o); s\u00f3 quando as situa\u00e7\u00f5es sejam de maior gravidade pode ser decretado o estado de s\u00edtio. O n.\u00ba 4, do art.\u00ba 19.\u00ba, da Constitui\u00e7\u00e3o prescreve","_links":{"self":[{"href":"https:\/\/aliancaevangelica.pt\/site\/wp-json\/wp\/v2\/posts\/18118","targetHints":{"allow":["GET"]}}],"collection":[{"href":"https:\/\/aliancaevangelica.pt\/site\/wp-json\/wp\/v2\/posts"}],"about":[{"href":"https:\/\/aliancaevangelica.pt\/site\/wp-json\/wp\/v2\/types\/post"}],"author":[{"embeddable":true,"href":"https:\/\/aliancaevangelica.pt\/site\/wp-json\/wp\/v2\/users\/2"}],"replies":[{"embeddable":true,"href":"https:\/\/aliancaevangelica.pt\/site\/wp-json\/wp\/v2\/comments?post=18118"}],"version-history":[{"count":2,"href":"https:\/\/aliancaevangelica.pt\/site\/wp-json\/wp\/v2\/posts\/18118\/revisions"}],"predecessor-version":[{"id":18121,"href":"https:\/\/aliancaevangelica.pt\/site\/wp-json\/wp\/v2\/posts\/18118\/revisions\/18121"}],"wp:featuredmedia":[{"embeddable":true,"href":"https:\/\/aliancaevangelica.pt\/site\/wp-json\/wp\/v2\/media\/18119"}],"wp:attachment":[{"href":"https:\/\/aliancaevangelica.pt\/site\/wp-json\/wp\/v2\/media?parent=18118"}],"wp:term":[{"taxonomy":"category","embeddable":true,"href":"https:\/\/aliancaevangelica.pt\/site\/wp-json\/wp\/v2\/categories?post=18118"},{"taxonomy":"post_tag","embeddable":true,"href":"https:\/\/aliancaevangelica.pt\/site\/wp-json\/wp\/v2\/tags?post=18118"}],"curies":[{"name":"wp","href":"https:\/\/api.w.org\/{rel}","templated":true}]}}