{"id":18104,"date":"2020-03-16T18:29:06","date_gmt":"2020-03-16T18:29:06","guid":{"rendered":"https:\/\/aliancaevangelica.pt\/site\/?p=18104"},"modified":"2020-03-16T19:01:28","modified_gmt":"2020-03-16T19:01:28","slug":"vamos-orar","status":"publish","type":"post","link":"https:\/\/aliancaevangelica.pt\/site\/vamos-orar\/","title":{"rendered":"Vamos orar!"},"content":{"rendered":"<p>Vamos orar!<\/p>\n<ol>\n<li>Pelo fim do avan\u00e7o do COVID 19;<\/li>\n<li>Pelos profissionais de sa\u00fade;<\/li>\n<li>Por todos aqueles que est\u00e3o doentes;<\/li>\n<li>Pelas nossas autoridades e respetivas decis\u00f5es;<\/li>\n<li>Pelas fam\u00edlias enlutadas;<\/li>\n<li>Pela igreja em Portugal e em todo o mundo;<\/li>\n<li>Oportunidade para partilhar as Boas Novas;<\/li>\n<li>Para que n\u00e3o haja uma recess\u00e3o econ\u00f3mica.<\/li>\n<\/ol>\n<p>2 Cr\u00f3nicas 7:13-15<\/p>\n","protected":false},"excerpt":{"rendered":"<p>Vamos orar! Pelo fim do avan\u00e7o do COVID 19; Pelos profissionais de sa\u00fade; Por todos aqueles que est\u00e3o doentes; Pelas nossas autoridades e respetivas decis\u00f5es; Pelas fam\u00edlias enlutadas; Pela igreja em Portugal e em todo o mundo; Oportunidade para partilhar as Boas Novas; Para que n\u00e3o haja uma recess\u00e3o econ\u00f3mica. 2 Cr\u00f3nicas 7:13-15<\/p>\n","protected":false},"author":2,"featured_media":18105,"comment_status":"open","ping_status":"open","sticky":false,"template":"","format":"standard","meta":{"_uag_custom_page_level_css":"","_themeisle_gutenberg_block_has_review":false,"_vp_format_video_url":"","_vp_image_focal_point":[],"footnotes":""},"categories":[45,3],"tags":[],"class_list":["post-18104","post","type-post","status-publish","format-standard","has-post-thumbnail","hentry","category-geral","category-artigos-gerais"],"yoast_head":"<!-- This site is optimized with the Yoast SEO plugin v27.5 - https:\/\/yoast.com\/product\/yoast-seo-wordpress\/ -->\n<title>Vamos orar! - AEP<\/title>\n<meta name=\"robots\" content=\"index, follow, max-snippet:-1, max-image-preview:large, max-video-preview:-1\" \/>\n<link rel=\"canonical\" href=\"https:\/\/aliancaevangelica.pt\/site\/vamos-orar\/\" \/>\n<meta property=\"og:locale\" content=\"pt_PT\" \/>\n<meta property=\"og:type\" content=\"article\" \/>\n<meta property=\"og:title\" content=\"Vamos orar! - AEP\" \/>\n<meta property=\"og:description\" content=\"Vamos orar! Pelo fim do avan\u00e7o do COVID 19; Pelos profissionais de sa\u00fade; Por todos aqueles que est\u00e3o doentes; Pelas nossas autoridades e respetivas decis\u00f5es; Pelas fam\u00edlias enlutadas; Pela igreja em Portugal e em todo o mundo; Oportunidade para partilhar as Boas Novas; Para que n\u00e3o haja uma recess\u00e3o econ\u00f3mica. 2 Cr\u00f3nicas 7:13-15\" \/>\n<meta property=\"og:url\" content=\"https:\/\/aliancaevangelica.pt\/site\/vamos-orar\/\" \/>\n<meta property=\"og:site_name\" content=\"AEP\" \/>\n<meta property=\"article:publisher\" content=\"http:\/\/facebook.com\/aeportuguesa\" \/>\n<meta property=\"article:author\" content=\"aeportugal\" \/>\n<meta property=\"article:published_time\" content=\"2020-03-16T18:29:06+00:00\" \/>\n<meta property=\"article:modified_time\" content=\"2020-03-16T19:01:28+00:00\" \/>\n<meta property=\"og:image\" content=\"https:\/\/aliancaevangelica.pt\/site\/wp-content\/uploads\/2020\/03\/vamos-orar-covid19_Prancheta-1.png\" \/>\n\t<meta property=\"og:image:width\" content=\"1029\" \/>\n\t<meta property=\"og:image:height\" content=\"768\" \/>\n\t<meta property=\"og:image:type\" content=\"image\/png\" \/>\n<meta name=\"author\" content=\"AEP\" \/>\n<meta name=\"twitter:card\" content=\"summary_large_image\" \/>\n<meta name=\"twitter:label1\" content=\"Escrito por\" \/>\n\t<meta name=\"twitter:data1\" content=\"AEP\" \/>\n<script type=\"application\/ld+json\" class=\"yoast-schema-graph\">{\"@context\":\"https:\\\/\\\/schema.org\",\"@graph\":[{\"@type\":\"Article\",\"@id\":\"https:\\\/\\\/aliancaevangelica.pt\\\/site\\\/vamos-orar\\\/#article\",\"isPartOf\":{\"@id\":\"https:\\\/\\\/aliancaevangelica.pt\\\/site\\\/vamos-orar\\\/\"},\"author\":{\"name\":\"AEP\",\"@id\":\"https:\\\/\\\/aliancaevangelica.pt\\\/site\\\/#\\\/schema\\\/person\\\/3b47cfc7535eff1e820f31c2d67eafcf\"},\"headline\":\"Vamos orar!\",\"datePublished\":\"2020-03-16T18:29:06+00:00\",\"dateModified\":\"2020-03-16T19:01:28+00:00\",\"mainEntityOfPage\":{\"@id\":\"https:\\\/\\\/aliancaevangelica.pt\\\/site\\\/vamos-orar\\\/\"},\"wordCount\":62,\"commentCount\":0,\"publisher\":{\"@id\":\"https:\\\/\\\/aliancaevangelica.pt\\\/site\\\/#organization\"},\"image\":{\"@id\":\"https:\\\/\\\/aliancaevangelica.pt\\\/site\\\/vamos-orar\\\/#primaryimage\"},\"thumbnailUrl\":\"https:\\\/\\\/aliancaevangelica.pt\\\/site\\\/wp-content\\\/uploads\\\/2020\\\/03\\\/vamos-orar-covid19_Prancheta-1.png\",\"articleSection\":[\"1-Geral\",\"2-Artigos Gerais\"],\"inLanguage\":\"pt-PT\",\"potentialAction\":[{\"@type\":\"CommentAction\",\"name\":\"Comment\",\"target\":[\"https:\\\/\\\/aliancaevangelica.pt\\\/site\\\/vamos-orar\\\/#respond\"]}]},{\"@type\":\"WebPage\",\"@id\":\"https:\\\/\\\/aliancaevangelica.pt\\\/site\\\/vamos-orar\\\/\",\"url\":\"https:\\\/\\\/aliancaevangelica.pt\\\/site\\\/vamos-orar\\\/\",\"name\":\"Vamos orar! - AEP\",\"isPartOf\":{\"@id\":\"https:\\\/\\\/aliancaevangelica.pt\\\/site\\\/#website\"},\"primaryImageOfPage\":{\"@id\":\"https:\\\/\\\/aliancaevangelica.pt\\\/site\\\/vamos-orar\\\/#primaryimage\"},\"image\":{\"@id\":\"https:\\\/\\\/aliancaevangelica.pt\\\/site\\\/vamos-orar\\\/#primaryimage\"},\"thumbnailUrl\":\"https:\\\/\\\/aliancaevangelica.pt\\\/site\\\/wp-content\\\/uploads\\\/2020\\\/03\\\/vamos-orar-covid19_Prancheta-1.png\",\"datePublished\":\"2020-03-16T18:29:06+00:00\",\"dateModified\":\"2020-03-16T19:01:28+00:00\",\"breadcrumb\":{\"@id\":\"https:\\\/\\\/aliancaevangelica.pt\\\/site\\\/vamos-orar\\\/#breadcrumb\"},\"inLanguage\":\"pt-PT\",\"potentialAction\":[{\"@type\":\"ReadAction\",\"target\":[\"https:\\\/\\\/aliancaevangelica.pt\\\/site\\\/vamos-orar\\\/\"]}]},{\"@type\":\"ImageObject\",\"inLanguage\":\"pt-PT\",\"@id\":\"https:\\\/\\\/aliancaevangelica.pt\\\/site\\\/vamos-orar\\\/#primaryimage\",\"url\":\"https:\\\/\\\/aliancaevangelica.pt\\\/site\\\/wp-content\\\/uploads\\\/2020\\\/03\\\/vamos-orar-covid19_Prancheta-1.png\",\"contentUrl\":\"https:\\\/\\\/aliancaevangelica.pt\\\/site\\\/wp-content\\\/uploads\\\/2020\\\/03\\\/vamos-orar-covid19_Prancheta-1.png\",\"width\":1029,\"height\":768},{\"@type\":\"BreadcrumbList\",\"@id\":\"https:\\\/\\\/aliancaevangelica.pt\\\/site\\\/vamos-orar\\\/#breadcrumb\",\"itemListElement\":[{\"@type\":\"ListItem\",\"position\":1,\"name\":\"In\u00edcio\",\"item\":\"https:\\\/\\\/aliancaevangelica.pt\\\/site\\\/\"},{\"@type\":\"ListItem\",\"position\":2,\"name\":\"Vamos orar!\"}]},{\"@type\":\"WebSite\",\"@id\":\"https:\\\/\\\/aliancaevangelica.pt\\\/site\\\/#website\",\"url\":\"https:\\\/\\\/aliancaevangelica.pt\\\/site\\\/\",\"name\":\"Alian\u00e7a Evang\u00e9lica Portuguesa\",\"description\":\"Alian\u00e7a Evang\u00e9lica Portuguesa\",\"publisher\":{\"@id\":\"https:\\\/\\\/aliancaevangelica.pt\\\/site\\\/#organization\"},\"potentialAction\":[{\"@type\":\"SearchAction\",\"target\":{\"@type\":\"EntryPoint\",\"urlTemplate\":\"https:\\\/\\\/aliancaevangelica.pt\\\/site\\\/?s={search_term_string}\"},\"query-input\":{\"@type\":\"PropertyValueSpecification\",\"valueRequired\":true,\"valueName\":\"search_term_string\"}}],\"inLanguage\":\"pt-PT\"},{\"@type\":\"Organization\",\"@id\":\"https:\\\/\\\/aliancaevangelica.pt\\\/site\\\/#organization\",\"name\":\"Alian\u00e7a Evang\u00e9lica Portuguesa\",\"url\":\"https:\\\/\\\/aliancaevangelica.pt\\\/site\\\/\",\"logo\":{\"@type\":\"ImageObject\",\"inLanguage\":\"pt-PT\",\"@id\":\"https:\\\/\\\/aliancaevangelica.pt\\\/site\\\/#\\\/schema\\\/logo\\\/image\\\/\",\"url\":\"https:\\\/\\\/aliancaevangelica.pt\\\/site\\\/wp-content\\\/uploads\\\/2017\\\/11\\\/logo-AEP-cor.png\",\"contentUrl\":\"https:\\\/\\\/aliancaevangelica.pt\\\/site\\\/wp-content\\\/uploads\\\/2017\\\/11\\\/logo-AEP-cor.png\",\"width\":1156,\"height\":672,\"caption\":\"Alian\u00e7a Evang\u00e9lica Portuguesa\"},\"image\":{\"@id\":\"https:\\\/\\\/aliancaevangelica.pt\\\/site\\\/#\\\/schema\\\/logo\\\/image\\\/\"},\"sameAs\":[\"http:\\\/\\\/facebook.com\\\/aeportuguesa\",\"http:\\\/\\\/instagram.com\\\/aliancaep\",\"http:\\\/\\\/youtube.com\\\/aeportuguesa\"]},{\"@type\":\"Person\",\"@id\":\"https:\\\/\\\/aliancaevangelica.pt\\\/site\\\/#\\\/schema\\\/person\\\/3b47cfc7535eff1e820f31c2d67eafcf\",\"name\":\"AEP\",\"sameAs\":[\"aeportugal\"],\"url\":\"https:\\\/\\\/aliancaevangelica.pt\\\/site\\\/author\\\/aeportugal\\\/\"}]}<\/script>\n<!-- \/ Yoast SEO plugin. -->","yoast_head_json":{"title":"Vamos orar! - AEP","robots":{"index":"index","follow":"follow","max-snippet":"max-snippet:-1","max-image-preview":"max-image-preview:large","max-video-preview":"max-video-preview:-1"},"canonical":"https:\/\/aliancaevangelica.pt\/site\/vamos-orar\/","og_locale":"pt_PT","og_type":"article","og_title":"Vamos orar! - AEP","og_description":"Vamos orar! Pelo fim do avan\u00e7o do COVID 19; Pelos profissionais de sa\u00fade; Por todos aqueles que est\u00e3o doentes; Pelas nossas autoridades e respetivas decis\u00f5es; Pelas fam\u00edlias enlutadas; Pela igreja em Portugal e em todo o mundo; Oportunidade para partilhar as Boas Novas; Para que n\u00e3o haja uma recess\u00e3o econ\u00f3mica. 2 Cr\u00f3nicas 7:13-15","og_url":"https:\/\/aliancaevangelica.pt\/site\/vamos-orar\/","og_site_name":"AEP","article_publisher":"http:\/\/facebook.com\/aeportuguesa","article_author":"aeportugal","article_published_time":"2020-03-16T18:29:06+00:00","article_modified_time":"2020-03-16T19:01:28+00:00","og_image":[{"width":1029,"height":768,"url":"https:\/\/aliancaevangelica.pt\/site\/wp-content\/uploads\/2020\/03\/vamos-orar-covid19_Prancheta-1.png","type":"image\/png"}],"author":"AEP","twitter_card":"summary_large_image","twitter_misc":{"Escrito por":"AEP"},"schema":{"@context":"https:\/\/schema.org","@graph":[{"@type":"Article","@id":"https:\/\/aliancaevangelica.pt\/site\/vamos-orar\/#article","isPartOf":{"@id":"https:\/\/aliancaevangelica.pt\/site\/vamos-orar\/"},"author":{"name":"AEP","@id":"https:\/\/aliancaevangelica.pt\/site\/#\/schema\/person\/3b47cfc7535eff1e820f31c2d67eafcf"},"headline":"Vamos orar!","datePublished":"2020-03-16T18:29:06+00:00","dateModified":"2020-03-16T19:01:28+00:00","mainEntityOfPage":{"@id":"https:\/\/aliancaevangelica.pt\/site\/vamos-orar\/"},"wordCount":62,"commentCount":0,"publisher":{"@id":"https:\/\/aliancaevangelica.pt\/site\/#organization"},"image":{"@id":"https:\/\/aliancaevangelica.pt\/site\/vamos-orar\/#primaryimage"},"thumbnailUrl":"https:\/\/aliancaevangelica.pt\/site\/wp-content\/uploads\/2020\/03\/vamos-orar-covid19_Prancheta-1.png","articleSection":["1-Geral","2-Artigos Gerais"],"inLanguage":"pt-PT","potentialAction":[{"@type":"CommentAction","name":"Comment","target":["https:\/\/aliancaevangelica.pt\/site\/vamos-orar\/#respond"]}]},{"@type":"WebPage","@id":"https:\/\/aliancaevangelica.pt\/site\/vamos-orar\/","url":"https:\/\/aliancaevangelica.pt\/site\/vamos-orar\/","name":"Vamos orar! - AEP","isPartOf":{"@id":"https:\/\/aliancaevangelica.pt\/site\/#website"},"primaryImageOfPage":{"@id":"https:\/\/aliancaevangelica.pt\/site\/vamos-orar\/#primaryimage"},"image":{"@id":"https:\/\/aliancaevangelica.pt\/site\/vamos-orar\/#primaryimage"},"thumbnailUrl":"https:\/\/aliancaevangelica.pt\/site\/wp-content\/uploads\/2020\/03\/vamos-orar-covid19_Prancheta-1.png","datePublished":"2020-03-16T18:29:06+00:00","dateModified":"2020-03-16T19:01:28+00:00","breadcrumb":{"@id":"https:\/\/aliancaevangelica.pt\/site\/vamos-orar\/#breadcrumb"},"inLanguage":"pt-PT","potentialAction":[{"@type":"ReadAction","target":["https:\/\/aliancaevangelica.pt\/site\/vamos-orar\/"]}]},{"@type":"ImageObject","inLanguage":"pt-PT","@id":"https:\/\/aliancaevangelica.pt\/site\/vamos-orar\/#primaryimage","url":"https:\/\/aliancaevangelica.pt\/site\/wp-content\/uploads\/2020\/03\/vamos-orar-covid19_Prancheta-1.png","contentUrl":"https:\/\/aliancaevangelica.pt\/site\/wp-content\/uploads\/2020\/03\/vamos-orar-covid19_Prancheta-1.png","width":1029,"height":768},{"@type":"BreadcrumbList","@id":"https:\/\/aliancaevangelica.pt\/site\/vamos-orar\/#breadcrumb","itemListElement":[{"@type":"ListItem","position":1,"name":"In\u00edcio","item":"https:\/\/aliancaevangelica.pt\/site\/"},{"@type":"ListItem","position":2,"name":"Vamos orar!"}]},{"@type":"WebSite","@id":"https:\/\/aliancaevangelica.pt\/site\/#website","url":"https:\/\/aliancaevangelica.pt\/site\/","name":"Alian\u00e7a Evang\u00e9lica Portuguesa","description":"Alian\u00e7a Evang\u00e9lica Portuguesa","publisher":{"@id":"https:\/\/aliancaevangelica.pt\/site\/#organization"},"potentialAction":[{"@type":"SearchAction","target":{"@type":"EntryPoint","urlTemplate":"https:\/\/aliancaevangelica.pt\/site\/?s={search_term_string}"},"query-input":{"@type":"PropertyValueSpecification","valueRequired":true,"valueName":"search_term_string"}}],"inLanguage":"pt-PT"},{"@type":"Organization","@id":"https:\/\/aliancaevangelica.pt\/site\/#organization","name":"Alian\u00e7a Evang\u00e9lica Portuguesa","url":"https:\/\/aliancaevangelica.pt\/site\/","logo":{"@type":"ImageObject","inLanguage":"pt-PT","@id":"https:\/\/aliancaevangelica.pt\/site\/#\/schema\/logo\/image\/","url":"https:\/\/aliancaevangelica.pt\/site\/wp-content\/uploads\/2017\/11\/logo-AEP-cor.png","contentUrl":"https:\/\/aliancaevangelica.pt\/site\/wp-content\/uploads\/2017\/11\/logo-AEP-cor.png","width":1156,"height":672,"caption":"Alian\u00e7a Evang\u00e9lica Portuguesa"},"image":{"@id":"https:\/\/aliancaevangelica.pt\/site\/#\/schema\/logo\/image\/"},"sameAs":["http:\/\/facebook.com\/aeportuguesa","http:\/\/instagram.com\/aliancaep","http:\/\/youtube.com\/aeportuguesa"]},{"@type":"Person","@id":"https:\/\/aliancaevangelica.pt\/site\/#\/schema\/person\/3b47cfc7535eff1e820f31c2d67eafcf","name":"AEP","sameAs":["aeportugal"],"url":"https:\/\/aliancaevangelica.pt\/site\/author\/aeportugal\/"}]}},"uagb_featured_image_src":{"full":["https:\/\/aliancaevangelica.pt\/site\/wp-content\/uploads\/2020\/03\/vamos-orar-covid19_Prancheta-1.png",1029,768,false],"thumbnail":["https:\/\/aliancaevangelica.pt\/site\/wp-content\/uploads\/2020\/03\/vamos-orar-covid19_Prancheta-1-150x150.png",150,150,true],"medium":["https:\/\/aliancaevangelica.pt\/site\/wp-content\/uploads\/2020\/03\/vamos-orar-covid19_Prancheta-1-300x224.png",300,224,true],"medium_large":["https:\/\/aliancaevangelica.pt\/site\/wp-content\/uploads\/2020\/03\/vamos-orar-covid19_Prancheta-1-768x573.png",768,573,true],"large":["https:\/\/aliancaevangelica.pt\/site\/wp-content\/uploads\/2020\/03\/vamos-orar-covid19_Prancheta-1-1024x764.png",960,716,true],"1536x1536":["https:\/\/aliancaevangelica.pt\/site\/wp-content\/uploads\/2020\/03\/vamos-orar-covid19_Prancheta-1.png",1029,768,false],"2048x2048":["https:\/\/aliancaevangelica.pt\/site\/wp-content\/uploads\/2020\/03\/vamos-orar-covid19_Prancheta-1.png",1029,768,false],"vp_sm":["https:\/\/aliancaevangelica.pt\/site\/wp-content\/uploads\/2020\/03\/vamos-orar-covid19_Prancheta-1.png",500,373,false],"vp_md":["https:\/\/aliancaevangelica.pt\/site\/wp-content\/uploads\/2020\/03\/vamos-orar-covid19_Prancheta-1.png",800,597,false],"vp_lg":["https:\/\/aliancaevangelica.pt\/site\/wp-content\/uploads\/2020\/03\/vamos-orar-covid19_Prancheta-1.png",1029,768,false],"vp_xl":["https:\/\/aliancaevangelica.pt\/site\/wp-content\/uploads\/2020\/03\/vamos-orar-covid19_Prancheta-1.png",1029,768,false],"vp_sm_popup":["https:\/\/aliancaevangelica.pt\/site\/wp-content\/uploads\/2020\/03\/vamos-orar-covid19_Prancheta-1.png",500,373,false],"vp_md_popup":["https:\/\/aliancaevangelica.pt\/site\/wp-content\/uploads\/2020\/03\/vamos-orar-covid19_Prancheta-1.png",800,597,false],"vp_xl_popup":["https:\/\/aliancaevangelica.pt\/site\/wp-content\/uploads\/2020\/03\/vamos-orar-covid19_Prancheta-1.png",1029,768,false],"newsx-150x100":["https:\/\/aliancaevangelica.pt\/site\/wp-content\/uploads\/2020\/03\/vamos-orar-covid19_Prancheta-1.png",134,100,false],"newsx-330x220":["https:\/\/aliancaevangelica.pt\/site\/wp-content\/uploads\/2020\/03\/vamos-orar-covid19_Prancheta-1.png",295,220,false],"newsx-420x280":["https:\/\/aliancaevangelica.pt\/site\/wp-content\/uploads\/2020\/03\/vamos-orar-covid19_Prancheta-1.png",375,280,false],"newsx-510x340":["https:\/\/aliancaevangelica.pt\/site\/wp-content\/uploads\/2020\/03\/vamos-orar-covid19_Prancheta-1.png",456,340,false],"newsx-640x480":["https:\/\/aliancaevangelica.pt\/site\/wp-content\/uploads\/2020\/03\/vamos-orar-covid19_Prancheta-1.png",640,478,false],"newsx-670x370":["https:\/\/aliancaevangelica.pt\/site\/wp-content\/uploads\/2020\/03\/vamos-orar-covid19_Prancheta-1.png",496,370,false],"newsx-860x570":["https:\/\/aliancaevangelica.pt\/site\/wp-content\/uploads\/2020\/03\/vamos-orar-covid19_Prancheta-1.png",764,570,false],"newsx-1000x750":["https:\/\/aliancaevangelica.pt\/site\/wp-content\/uploads\/2020\/03\/vamos-orar-covid19_Prancheta-1.png",1000,746,false],"newsx-1200x600":["https:\/\/aliancaevangelica.pt\/site\/wp-content\/uploads\/2020\/03\/vamos-orar-covid19_Prancheta-1.png",804,600,false]},"uagb_author_info":{"display_name":"AEP","author_link":"https:\/\/aliancaevangelica.pt\/site\/author\/aeportugal\/"},"uagb_comment_info":0,"uagb_excerpt":"Vamos orar! Pelo fim do avan\u00e7o do COVID 19; Pelos profissionais de sa\u00fade; Por todos aqueles que est\u00e3o doentes; Pelas nossas autoridades e respetivas decis\u00f5es; Pelas fam\u00edlias enlutadas; Pela igreja em Portugal e em todo o mundo; Oportunidade para partilhar as Boas Novas; Para que n\u00e3o haja uma recess\u00e3o econ\u00f3mica. 2 Cr\u00f3nicas 7:13-15","_links":{"self":[{"href":"https:\/\/aliancaevangelica.pt\/site\/wp-json\/wp\/v2\/posts\/18104","targetHints":{"allow":["GET"]}}],"collection":[{"href":"https:\/\/aliancaevangelica.pt\/site\/wp-json\/wp\/v2\/posts"}],"about":[{"href":"https:\/\/aliancaevangelica.pt\/site\/wp-json\/wp\/v2\/types\/post"}],"author":[{"embeddable":true,"href":"https:\/\/aliancaevangelica.pt\/site\/wp-json\/wp\/v2\/users\/2"}],"replies":[{"embeddable":true,"href":"https:\/\/aliancaevangelica.pt\/site\/wp-json\/wp\/v2\/comments?post=18104"}],"version-history":[{"count":2,"href":"https:\/\/aliancaevangelica.pt\/site\/wp-json\/wp\/v2\/posts\/18104\/revisions"}],"predecessor-version":[{"id":18108,"href":"https:\/\/aliancaevangelica.pt\/site\/wp-json\/wp\/v2\/posts\/18104\/revisions\/18108"}],"wp:featuredmedia":[{"embeddable":true,"href":"https:\/\/aliancaevangelica.pt\/site\/wp-json\/wp\/v2\/media\/18105"}],"wp:attachment":[{"href":"https:\/\/aliancaevangelica.pt\/site\/wp-json\/wp\/v2\/media?parent=18104"}],"wp:term":[{"taxonomy":"category","embeddable":true,"href":"https:\/\/aliancaevangelica.pt\/site\/wp-json\/wp\/v2\/categories?post=18104"},{"taxonomy":"post_tag","embeddable":true,"href":"https:\/\/aliancaevangelica.pt\/site\/wp-json\/wp\/v2\/tags?post=18104"}],"curies":[{"name":"wp","href":"https:\/\/api.w.org\/{rel}","templated":true}]}}