{"id":18098,"date":"2020-03-16T14:29:02","date_gmt":"2020-03-16T14:29:02","guid":{"rendered":"https:\/\/aliancaevangelica.pt\/site\/?p=18098"},"modified":"2020-03-16T14:29:02","modified_gmt":"2020-03-16T14:29:02","slug":"oracao-em-tempos-de-crise-do-covid-19","status":"publish","type":"post","link":"https:\/\/aliancaevangelica.pt\/site\/oracao-em-tempos-de-crise-do-covid-19\/","title":{"rendered":"Ora\u00e7\u00e3o em tempos de crise do COVID-19"},"content":{"rendered":"<h5 class=\"p1\"><span class=\"s1\">Em nome da Alian\u00e7a Evang\u00e9lica Mundial, o seu Secret\u00e1rio Geral Bispo Efraim Tendero fez a seguinte ora\u00e7\u00e3o neste tempo de pandemia de Covid-19.<\/span><\/h5>\n<p class=\"p1\"><em><span class=\"s1\">Nosso Deus Pai Todo-Poderoso, Criador do C\u00e9u e da Terra, como Teus filhos que vivem em todos os cantos do mundo, estamos hoje diante de Ti para interceder pelas nossas na\u00e7\u00f5es, atualmente quase todas afetadas ou amea\u00e7adas pelo COVID-19. Louvamos-Te porque n\u00e3o dormes nem descansas, e guardas os nossos pa\u00edses e os nossas popula\u00e7\u00f5es, especialmente em tempos perigosos como estes.<\/span><\/em><\/p>\n<p class=\"p1\"><em><span class=\"s1\">O nosso socorro vem de Ti. Clamamos pela Tua miseric\u00f3rdia e pela Tua prote\u00e7\u00e3o contra este v\u00edrus. Declaramos que somente Tu \u00e9s o nosso ref\u00fagio \u2013 o nosso lugar de seguran\u00e7a. Oramos para que protejas a nossa popula\u00e7\u00e3o desta doen\u00e7a mortal e que salves as nossas terras desta perigosa armadilha. <\/span><\/em><\/p>\n<p class=\"p1\"><em><span class=\"s1\">Concede aos governos e aos v\u00e1rios l\u00edderes nacionais e locais a sabedoria e o entendimento ao estabelecerem e implementarem diretrizes, medidas e estrat\u00e9gias no combate ao COVID-19.<\/span><\/em><\/p>\n<p class=\"p1\"><em><span class=\"s1\">Capacita as nossas autoridades de sa\u00fade e equipas m\u00e9dicas com a Tua for\u00e7a e poder, enquanto atendem os doentes e os que est\u00e3o vulner\u00e1veis, e faz com que que esta pandemia passe rapidamente. Dirige os m\u00e9dicos cientistas de todo o mundo que trabalham com todo o esfor\u00e7o para encontrar o ant\u00eddoto para o COVID-19.<\/span><\/em><\/p>\n<p class=\"p1\"><em><span class=\"s1\">Nestes tempos de inseguran\u00e7a, concede-nos a Tua gra\u00e7a e paz para permanecermos calmos e vencermos o medo, porque o esp\u00edrito de temor n\u00e3o vem de Ti. Em vez disso, Tu nos deste f\u00e9, esperan\u00e7a e amor. Tu nos deste poder e uma mente sadia. A Tua palavra diz \u201cTu guardar\u00e1s em perfeita paz aquele cujo prop\u00f3sito est\u00e1 firme, porque em Ti confia.\u201d<\/span><\/em><\/p>\n<p class=\"p1\"><em><span class=\"s1\">Ajuda-nos a refletir a imagem de Jesus Cristo ao cuidar dos menos abastados, que j\u00e1 dificilmente podiam comprar as suas necessidades di\u00e1rias e ficam vulner\u00e1veis \u00e0 medida que pessoas mais ricas colocam as lojas vazias. Move-nos para estender abnegadamente o conforto e ajudar os solit\u00e1rios e isolados, assim como n\u00f3s recebemos conforto de Ti em momentos de dificuldade.<\/span><\/em><\/p>\n<p class=\"p1\"><em><span class=\"s1\">Por fim, oramos para que, no meio desta pandemia, Tu nos una em amor, juntes as nossas na\u00e7\u00f5es em paz e tragas esperan\u00e7a e cura para as nossas terras com a Tua gra\u00e7a e o Teu poder. Em nome de nosso Senhor e Salvador Jesus Cristo, oramos, AM\u00c9M.<\/span><\/em><\/p>\n<p class=\"p1\"><span class=\"s1\">Bispo Efraim Tendero<\/span><\/p>\n<p class=\"p1\"><span class=\"s1\">Secret\u00e1rio Geral <\/span><\/p>\n<p class=\"p1\"><span class=\"s1\">Alian\u00e7a Evang\u00e9lica Mundial <\/span><\/p>\n<p class=\"p1\"><span class=\"s1\">Os mais de dois bilh\u00f5es de crist\u00e3os atuais no mundo s\u00e3o representados por tr\u00eas \u00f3rg\u00e3os da igreja mundial. A Alian\u00e7a Evang\u00e9lica Mundial (WEA em ingl\u00eas) \u00e9 uma delas, servindo a mais de 600 milh\u00f5es de evang\u00e9licos. Lan\u00e7ada em 1846 para unir evang\u00e9licos de todo o mundo, a WEA continua a ser um movimento din\u00e2mico, com 9 alian\u00e7as evang\u00e9licas regionais e 134 nacionais e mais de 150 organiza\u00e7\u00f5es membros. A miss\u00e3o da WEA \u00e9 estabelecer e fortalecer alian\u00e7as evang\u00e9licas regionais e nacionais, que por sua vez capacitam a sua Igreja nacional a promover as Boas Novas de Jesus Cristo e a realizar transforma\u00e7\u00f5es pessoais e comunit\u00e1rias para a gl\u00f3ria de Deus. <\/span><\/p>\n<p class=\"p1\"><span class=\"s1\">Para mais informa\u00e7\u00f5es, visite <a href=\"https:\/\/worldea.org\/en\/\">Worldea.org<\/a><\/span><\/p>\n","protected":false},"excerpt":{"rendered":"<p>Em nome da Alian\u00e7a Evang\u00e9lica Mundial, o seu Secret\u00e1rio Geral Bispo Efraim Tendero fez a seguinte ora\u00e7\u00e3o neste tempo de pandemia de Covid-19. Nosso Deus Pai Todo-Poderoso, Criador do C\u00e9u e da Terra, como Teus filhos que vivem em todos os cantos do mundo, estamos hoje diante de Ti para interceder pelas nossas na\u00e7\u00f5es, atualmente<\/p>\n","protected":false},"author":2,"featured_media":18102,"comment_status":"open","ping_status":"open","sticky":false,"template":"","format":"standard","meta":{"_uag_custom_page_level_css":"","_themeisle_gutenberg_block_has_review":false,"_vp_format_video_url":"","_vp_image_focal_point":[],"footnotes":""},"categories":[45],"tags":[181,182],"class_list":["post-18098","post","type-post","status-publish","format-standard","has-post-thumbnail","hentry","category-geral","tag-1-geral","tag-2-artigos-gerais"],"yoast_head":"<!-- This site is optimized with the Yoast SEO plugin v27.5 - https:\/\/yoast.com\/product\/yoast-seo-wordpress\/ -->\n<title>Ora\u00e7\u00e3o em tempos de crise do COVID-19 - AEP<\/title>\n<meta name=\"robots\" content=\"index, follow, max-snippet:-1, max-image-preview:large, max-video-preview:-1\" \/>\n<link rel=\"canonical\" href=\"https:\/\/aliancaevangelica.pt\/site\/oracao-em-tempos-de-crise-do-covid-19\/\" \/>\n<meta property=\"og:locale\" content=\"pt_PT\" \/>\n<meta property=\"og:type\" content=\"article\" \/>\n<meta property=\"og:title\" content=\"Ora\u00e7\u00e3o em tempos de crise do COVID-19 - AEP\" \/>\n<meta property=\"og:description\" content=\"Em nome da Alian\u00e7a Evang\u00e9lica Mundial, o seu Secret\u00e1rio Geral Bispo Efraim Tendero fez a seguinte ora\u00e7\u00e3o neste tempo de pandemia de Covid-19. Nosso Deus Pai Todo-Poderoso, Criador do C\u00e9u e da Terra, como Teus filhos que vivem em todos os cantos do mundo, estamos hoje diante de Ti para interceder pelas nossas na\u00e7\u00f5es, atualmente\" \/>\n<meta property=\"og:url\" content=\"https:\/\/aliancaevangelica.pt\/site\/oracao-em-tempos-de-crise-do-covid-19\/\" \/>\n<meta property=\"og:site_name\" content=\"AEP\" \/>\n<meta property=\"article:publisher\" content=\"http:\/\/facebook.com\/aeportuguesa\" \/>\n<meta property=\"article:author\" content=\"aeportugal\" \/>\n<meta property=\"article:published_time\" content=\"2020-03-16T14:29:02+00:00\" \/>\n<meta property=\"og:image\" content=\"https:\/\/aliancaevangelica.pt\/site\/wp-content\/uploads\/2020\/03\/WhatsApp-Image-2020-03-16-at-14.12.03.jpeg\" \/>\n\t<meta property=\"og:image:width\" content=\"644\" \/>\n\t<meta property=\"og:image:height\" content=\"312\" \/>\n\t<meta property=\"og:image:type\" content=\"image\/jpeg\" \/>\n<meta name=\"author\" content=\"AEP\" \/>\n<meta name=\"twitter:card\" content=\"summary_large_image\" \/>\n<meta name=\"twitter:label1\" content=\"Escrito por\" \/>\n\t<meta name=\"twitter:data1\" content=\"AEP\" \/>\n\t<meta name=\"twitter:label2\" content=\"Tempo estimado de leitura\" \/>\n\t<meta name=\"twitter:data2\" content=\"3 minutos\" \/>\n<script type=\"application\/ld+json\" class=\"yoast-schema-graph\">{\"@context\":\"https:\\\/\\\/schema.org\",\"@graph\":[{\"@type\":\"Article\",\"@id\":\"https:\\\/\\\/aliancaevangelica.pt\\\/site\\\/oracao-em-tempos-de-crise-do-covid-19\\\/#article\",\"isPartOf\":{\"@id\":\"https:\\\/\\\/aliancaevangelica.pt\\\/site\\\/oracao-em-tempos-de-crise-do-covid-19\\\/\"},\"author\":{\"name\":\"AEP\",\"@id\":\"https:\\\/\\\/aliancaevangelica.pt\\\/site\\\/#\\\/schema\\\/person\\\/3b47cfc7535eff1e820f31c2d67eafcf\"},\"headline\":\"Ora\u00e7\u00e3o em tempos de crise do COVID-19\",\"datePublished\":\"2020-03-16T14:29:02+00:00\",\"mainEntityOfPage\":{\"@id\":\"https:\\\/\\\/aliancaevangelica.pt\\\/site\\\/oracao-em-tempos-de-crise-do-covid-19\\\/\"},\"wordCount\":574,\"commentCount\":0,\"publisher\":{\"@id\":\"https:\\\/\\\/aliancaevangelica.pt\\\/site\\\/#organization\"},\"image\":{\"@id\":\"https:\\\/\\\/aliancaevangelica.pt\\\/site\\\/oracao-em-tempos-de-crise-do-covid-19\\\/#primaryimage\"},\"thumbnailUrl\":\"https:\\\/\\\/aliancaevangelica.pt\\\/site\\\/wp-content\\\/uploads\\\/2020\\\/03\\\/WhatsApp-Image-2020-03-16-at-14.12.03.jpeg\",\"keywords\":[\"1-Geral\",\"2-Artigos Gerais\"],\"articleSection\":[\"GERAL\"],\"inLanguage\":\"pt-PT\",\"potentialAction\":[{\"@type\":\"CommentAction\",\"name\":\"Comment\",\"target\":[\"https:\\\/\\\/aliancaevangelica.pt\\\/site\\\/oracao-em-tempos-de-crise-do-covid-19\\\/#respond\"]}]},{\"@type\":\"WebPage\",\"@id\":\"https:\\\/\\\/aliancaevangelica.pt\\\/site\\\/oracao-em-tempos-de-crise-do-covid-19\\\/\",\"url\":\"https:\\\/\\\/aliancaevangelica.pt\\\/site\\\/oracao-em-tempos-de-crise-do-covid-19\\\/\",\"name\":\"Ora\u00e7\u00e3o em tempos de crise do COVID-19 - AEP\",\"isPartOf\":{\"@id\":\"https:\\\/\\\/aliancaevangelica.pt\\\/site\\\/#website\"},\"primaryImageOfPage\":{\"@id\":\"https:\\\/\\\/aliancaevangelica.pt\\\/site\\\/oracao-em-tempos-de-crise-do-covid-19\\\/#primaryimage\"},\"image\":{\"@id\":\"https:\\\/\\\/aliancaevangelica.pt\\\/site\\\/oracao-em-tempos-de-crise-do-covid-19\\\/#primaryimage\"},\"thumbnailUrl\":\"https:\\\/\\\/aliancaevangelica.pt\\\/site\\\/wp-content\\\/uploads\\\/2020\\\/03\\\/WhatsApp-Image-2020-03-16-at-14.12.03.jpeg\",\"datePublished\":\"2020-03-16T14:29:02+00:00\",\"breadcrumb\":{\"@id\":\"https:\\\/\\\/aliancaevangelica.pt\\\/site\\\/oracao-em-tempos-de-crise-do-covid-19\\\/#breadcrumb\"},\"inLanguage\":\"pt-PT\",\"potentialAction\":[{\"@type\":\"ReadAction\",\"target\":[\"https:\\\/\\\/aliancaevangelica.pt\\\/site\\\/oracao-em-tempos-de-crise-do-covid-19\\\/\"]}]},{\"@type\":\"ImageObject\",\"inLanguage\":\"pt-PT\",\"@id\":\"https:\\\/\\\/aliancaevangelica.pt\\\/site\\\/oracao-em-tempos-de-crise-do-covid-19\\\/#primaryimage\",\"url\":\"https:\\\/\\\/aliancaevangelica.pt\\\/site\\\/wp-content\\\/uploads\\\/2020\\\/03\\\/WhatsApp-Image-2020-03-16-at-14.12.03.jpeg\",\"contentUrl\":\"https:\\\/\\\/aliancaevangelica.pt\\\/site\\\/wp-content\\\/uploads\\\/2020\\\/03\\\/WhatsApp-Image-2020-03-16-at-14.12.03.jpeg\",\"width\":644,\"height\":312},{\"@type\":\"BreadcrumbList\",\"@id\":\"https:\\\/\\\/aliancaevangelica.pt\\\/site\\\/oracao-em-tempos-de-crise-do-covid-19\\\/#breadcrumb\",\"itemListElement\":[{\"@type\":\"ListItem\",\"position\":1,\"name\":\"In\u00edcio\",\"item\":\"https:\\\/\\\/aliancaevangelica.pt\\\/site\\\/\"},{\"@type\":\"ListItem\",\"position\":2,\"name\":\"Ora\u00e7\u00e3o em tempos de crise do COVID-19\"}]},{\"@type\":\"WebSite\",\"@id\":\"https:\\\/\\\/aliancaevangelica.pt\\\/site\\\/#website\",\"url\":\"https:\\\/\\\/aliancaevangelica.pt\\\/site\\\/\",\"name\":\"Alian\u00e7a Evang\u00e9lica Portuguesa\",\"description\":\"Alian\u00e7a Evang\u00e9lica Portuguesa\",\"publisher\":{\"@id\":\"https:\\\/\\\/aliancaevangelica.pt\\\/site\\\/#organization\"},\"potentialAction\":[{\"@type\":\"SearchAction\",\"target\":{\"@type\":\"EntryPoint\",\"urlTemplate\":\"https:\\\/\\\/aliancaevangelica.pt\\\/site\\\/?s={search_term_string}\"},\"query-input\":{\"@type\":\"PropertyValueSpecification\",\"valueRequired\":true,\"valueName\":\"search_term_string\"}}],\"inLanguage\":\"pt-PT\"},{\"@type\":\"Organization\",\"@id\":\"https:\\\/\\\/aliancaevangelica.pt\\\/site\\\/#organization\",\"name\":\"Alian\u00e7a Evang\u00e9lica Portuguesa\",\"url\":\"https:\\\/\\\/aliancaevangelica.pt\\\/site\\\/\",\"logo\":{\"@type\":\"ImageObject\",\"inLanguage\":\"pt-PT\",\"@id\":\"https:\\\/\\\/aliancaevangelica.pt\\\/site\\\/#\\\/schema\\\/logo\\\/image\\\/\",\"url\":\"https:\\\/\\\/aliancaevangelica.pt\\\/site\\\/wp-content\\\/uploads\\\/2017\\\/11\\\/logo-AEP-cor.png\",\"contentUrl\":\"https:\\\/\\\/aliancaevangelica.pt\\\/site\\\/wp-content\\\/uploads\\\/2017\\\/11\\\/logo-AEP-cor.png\",\"width\":1156,\"height\":672,\"caption\":\"Alian\u00e7a Evang\u00e9lica Portuguesa\"},\"image\":{\"@id\":\"https:\\\/\\\/aliancaevangelica.pt\\\/site\\\/#\\\/schema\\\/logo\\\/image\\\/\"},\"sameAs\":[\"http:\\\/\\\/facebook.com\\\/aeportuguesa\",\"http:\\\/\\\/instagram.com\\\/aliancaep\",\"http:\\\/\\\/youtube.com\\\/aeportuguesa\"]},{\"@type\":\"Person\",\"@id\":\"https:\\\/\\\/aliancaevangelica.pt\\\/site\\\/#\\\/schema\\\/person\\\/3b47cfc7535eff1e820f31c2d67eafcf\",\"name\":\"AEP\",\"sameAs\":[\"aeportugal\"],\"url\":\"https:\\\/\\\/aliancaevangelica.pt\\\/site\\\/author\\\/aeportugal\\\/\"}]}<\/script>\n<!-- \/ Yoast SEO plugin. -->","yoast_head_json":{"title":"Ora\u00e7\u00e3o em tempos de crise do COVID-19 - AEP","robots":{"index":"index","follow":"follow","max-snippet":"max-snippet:-1","max-image-preview":"max-image-preview:large","max-video-preview":"max-video-preview:-1"},"canonical":"https:\/\/aliancaevangelica.pt\/site\/oracao-em-tempos-de-crise-do-covid-19\/","og_locale":"pt_PT","og_type":"article","og_title":"Ora\u00e7\u00e3o em tempos de crise do COVID-19 - AEP","og_description":"Em nome da Alian\u00e7a Evang\u00e9lica Mundial, o seu Secret\u00e1rio Geral Bispo Efraim Tendero fez a seguinte ora\u00e7\u00e3o neste tempo de pandemia de Covid-19. Nosso Deus Pai Todo-Poderoso, Criador do C\u00e9u e da Terra, como Teus filhos que vivem em todos os cantos do mundo, estamos hoje diante de Ti para interceder pelas nossas na\u00e7\u00f5es, atualmente","og_url":"https:\/\/aliancaevangelica.pt\/site\/oracao-em-tempos-de-crise-do-covid-19\/","og_site_name":"AEP","article_publisher":"http:\/\/facebook.com\/aeportuguesa","article_author":"aeportugal","article_published_time":"2020-03-16T14:29:02+00:00","og_image":[{"width":644,"height":312,"url":"https:\/\/aliancaevangelica.pt\/site\/wp-content\/uploads\/2020\/03\/WhatsApp-Image-2020-03-16-at-14.12.03.jpeg","type":"image\/jpeg"}],"author":"AEP","twitter_card":"summary_large_image","twitter_misc":{"Escrito por":"AEP","Tempo estimado de leitura":"3 minutos"},"schema":{"@context":"https:\/\/schema.org","@graph":[{"@type":"Article","@id":"https:\/\/aliancaevangelica.pt\/site\/oracao-em-tempos-de-crise-do-covid-19\/#article","isPartOf":{"@id":"https:\/\/aliancaevangelica.pt\/site\/oracao-em-tempos-de-crise-do-covid-19\/"},"author":{"name":"AEP","@id":"https:\/\/aliancaevangelica.pt\/site\/#\/schema\/person\/3b47cfc7535eff1e820f31c2d67eafcf"},"headline":"Ora\u00e7\u00e3o em tempos de crise do COVID-19","datePublished":"2020-03-16T14:29:02+00:00","mainEntityOfPage":{"@id":"https:\/\/aliancaevangelica.pt\/site\/oracao-em-tempos-de-crise-do-covid-19\/"},"wordCount":574,"commentCount":0,"publisher":{"@id":"https:\/\/aliancaevangelica.pt\/site\/#organization"},"image":{"@id":"https:\/\/aliancaevangelica.pt\/site\/oracao-em-tempos-de-crise-do-covid-19\/#primaryimage"},"thumbnailUrl":"https:\/\/aliancaevangelica.pt\/site\/wp-content\/uploads\/2020\/03\/WhatsApp-Image-2020-03-16-at-14.12.03.jpeg","keywords":["1-Geral","2-Artigos Gerais"],"articleSection":["GERAL"],"inLanguage":"pt-PT","potentialAction":[{"@type":"CommentAction","name":"Comment","target":["https:\/\/aliancaevangelica.pt\/site\/oracao-em-tempos-de-crise-do-covid-19\/#respond"]}]},{"@type":"WebPage","@id":"https:\/\/aliancaevangelica.pt\/site\/oracao-em-tempos-de-crise-do-covid-19\/","url":"https:\/\/aliancaevangelica.pt\/site\/oracao-em-tempos-de-crise-do-covid-19\/","name":"Ora\u00e7\u00e3o em tempos de crise do COVID-19 - AEP","isPartOf":{"@id":"https:\/\/aliancaevangelica.pt\/site\/#website"},"primaryImageOfPage":{"@id":"https:\/\/aliancaevangelica.pt\/site\/oracao-em-tempos-de-crise-do-covid-19\/#primaryimage"},"image":{"@id":"https:\/\/aliancaevangelica.pt\/site\/oracao-em-tempos-de-crise-do-covid-19\/#primaryimage"},"thumbnailUrl":"https:\/\/aliancaevangelica.pt\/site\/wp-content\/uploads\/2020\/03\/WhatsApp-Image-2020-03-16-at-14.12.03.jpeg","datePublished":"2020-03-16T14:29:02+00:00","breadcrumb":{"@id":"https:\/\/aliancaevangelica.pt\/site\/oracao-em-tempos-de-crise-do-covid-19\/#breadcrumb"},"inLanguage":"pt-PT","potentialAction":[{"@type":"ReadAction","target":["https:\/\/aliancaevangelica.pt\/site\/oracao-em-tempos-de-crise-do-covid-19\/"]}]},{"@type":"ImageObject","inLanguage":"pt-PT","@id":"https:\/\/aliancaevangelica.pt\/site\/oracao-em-tempos-de-crise-do-covid-19\/#primaryimage","url":"https:\/\/aliancaevangelica.pt\/site\/wp-content\/uploads\/2020\/03\/WhatsApp-Image-2020-03-16-at-14.12.03.jpeg","contentUrl":"https:\/\/aliancaevangelica.pt\/site\/wp-content\/uploads\/2020\/03\/WhatsApp-Image-2020-03-16-at-14.12.03.jpeg","width":644,"height":312},{"@type":"BreadcrumbList","@id":"https:\/\/aliancaevangelica.pt\/site\/oracao-em-tempos-de-crise-do-covid-19\/#breadcrumb","itemListElement":[{"@type":"ListItem","position":1,"name":"In\u00edcio","item":"https:\/\/aliancaevangelica.pt\/site\/"},{"@type":"ListItem","position":2,"name":"Ora\u00e7\u00e3o em tempos de crise do COVID-19"}]},{"@type":"WebSite","@id":"https:\/\/aliancaevangelica.pt\/site\/#website","url":"https:\/\/aliancaevangelica.pt\/site\/","name":"Alian\u00e7a Evang\u00e9lica Portuguesa","description":"Alian\u00e7a Evang\u00e9lica Portuguesa","publisher":{"@id":"https:\/\/aliancaevangelica.pt\/site\/#organization"},"potentialAction":[{"@type":"SearchAction","target":{"@type":"EntryPoint","urlTemplate":"https:\/\/aliancaevangelica.pt\/site\/?s={search_term_string}"},"query-input":{"@type":"PropertyValueSpecification","valueRequired":true,"valueName":"search_term_string"}}],"inLanguage":"pt-PT"},{"@type":"Organization","@id":"https:\/\/aliancaevangelica.pt\/site\/#organization","name":"Alian\u00e7a Evang\u00e9lica Portuguesa","url":"https:\/\/aliancaevangelica.pt\/site\/","logo":{"@type":"ImageObject","inLanguage":"pt-PT","@id":"https:\/\/aliancaevangelica.pt\/site\/#\/schema\/logo\/image\/","url":"https:\/\/aliancaevangelica.pt\/site\/wp-content\/uploads\/2017\/11\/logo-AEP-cor.png","contentUrl":"https:\/\/aliancaevangelica.pt\/site\/wp-content\/uploads\/2017\/11\/logo-AEP-cor.png","width":1156,"height":672,"caption":"Alian\u00e7a Evang\u00e9lica Portuguesa"},"image":{"@id":"https:\/\/aliancaevangelica.pt\/site\/#\/schema\/logo\/image\/"},"sameAs":["http:\/\/facebook.com\/aeportuguesa","http:\/\/instagram.com\/aliancaep","http:\/\/youtube.com\/aeportuguesa"]},{"@type":"Person","@id":"https:\/\/aliancaevangelica.pt\/site\/#\/schema\/person\/3b47cfc7535eff1e820f31c2d67eafcf","name":"AEP","sameAs":["aeportugal"],"url":"https:\/\/aliancaevangelica.pt\/site\/author\/aeportugal\/"}]}},"uagb_featured_image_src":{"full":["https:\/\/aliancaevangelica.pt\/site\/wp-content\/uploads\/2020\/03\/WhatsApp-Image-2020-03-16-at-14.12.03.jpeg",644,312,false],"thumbnail":["https:\/\/aliancaevangelica.pt\/site\/wp-content\/uploads\/2020\/03\/WhatsApp-Image-2020-03-16-at-14.12.03-150x150.jpeg",150,150,true],"medium":["https:\/\/aliancaevangelica.pt\/site\/wp-content\/uploads\/2020\/03\/WhatsApp-Image-2020-03-16-at-14.12.03-300x145.jpeg",300,145,true],"medium_large":["https:\/\/aliancaevangelica.pt\/site\/wp-content\/uploads\/2020\/03\/WhatsApp-Image-2020-03-16-at-14.12.03.jpeg",644,312,false],"large":["https:\/\/aliancaevangelica.pt\/site\/wp-content\/uploads\/2020\/03\/WhatsApp-Image-2020-03-16-at-14.12.03.jpeg",644,312,false],"1536x1536":["https:\/\/aliancaevangelica.pt\/site\/wp-content\/uploads\/2020\/03\/WhatsApp-Image-2020-03-16-at-14.12.03.jpeg",644,312,false],"2048x2048":["https:\/\/aliancaevangelica.pt\/site\/wp-content\/uploads\/2020\/03\/WhatsApp-Image-2020-03-16-at-14.12.03.jpeg",644,312,false],"vp_sm":["https:\/\/aliancaevangelica.pt\/site\/wp-content\/uploads\/2020\/03\/WhatsApp-Image-2020-03-16-at-14.12.03.jpeg",500,242,false],"vp_md":["https:\/\/aliancaevangelica.pt\/site\/wp-content\/uploads\/2020\/03\/WhatsApp-Image-2020-03-16-at-14.12.03.jpeg",644,312,false],"vp_lg":["https:\/\/aliancaevangelica.pt\/site\/wp-content\/uploads\/2020\/03\/WhatsApp-Image-2020-03-16-at-14.12.03.jpeg",644,312,false],"vp_xl":["https:\/\/aliancaevangelica.pt\/site\/wp-content\/uploads\/2020\/03\/WhatsApp-Image-2020-03-16-at-14.12.03.jpeg",644,312,false],"vp_sm_popup":["https:\/\/aliancaevangelica.pt\/site\/wp-content\/uploads\/2020\/03\/WhatsApp-Image-2020-03-16-at-14.12.03.jpeg",500,242,false],"vp_md_popup":["https:\/\/aliancaevangelica.pt\/site\/wp-content\/uploads\/2020\/03\/WhatsApp-Image-2020-03-16-at-14.12.03.jpeg",644,312,false],"vp_xl_popup":["https:\/\/aliancaevangelica.pt\/site\/wp-content\/uploads\/2020\/03\/WhatsApp-Image-2020-03-16-at-14.12.03.jpeg",644,312,false],"newsx-150x100":["https:\/\/aliancaevangelica.pt\/site\/wp-content\/uploads\/2020\/03\/WhatsApp-Image-2020-03-16-at-14.12.03.jpeg",150,73,false],"newsx-330x220":["https:\/\/aliancaevangelica.pt\/site\/wp-content\/uploads\/2020\/03\/WhatsApp-Image-2020-03-16-at-14.12.03.jpeg",330,160,false],"newsx-420x280":["https:\/\/aliancaevangelica.pt\/site\/wp-content\/uploads\/2020\/03\/WhatsApp-Image-2020-03-16-at-14.12.03.jpeg",420,203,false],"newsx-510x340":["https:\/\/aliancaevangelica.pt\/site\/wp-content\/uploads\/2020\/03\/WhatsApp-Image-2020-03-16-at-14.12.03.jpeg",510,247,false],"newsx-640x480":["https:\/\/aliancaevangelica.pt\/site\/wp-content\/uploads\/2020\/03\/WhatsApp-Image-2020-03-16-at-14.12.03.jpeg",640,310,false],"newsx-670x370":["https:\/\/aliancaevangelica.pt\/site\/wp-content\/uploads\/2020\/03\/WhatsApp-Image-2020-03-16-at-14.12.03.jpeg",644,312,false],"newsx-860x570":["https:\/\/aliancaevangelica.pt\/site\/wp-content\/uploads\/2020\/03\/WhatsApp-Image-2020-03-16-at-14.12.03.jpeg",644,312,false],"newsx-1000x750":["https:\/\/aliancaevangelica.pt\/site\/wp-content\/uploads\/2020\/03\/WhatsApp-Image-2020-03-16-at-14.12.03.jpeg",644,312,false],"newsx-1200x600":["https:\/\/aliancaevangelica.pt\/site\/wp-content\/uploads\/2020\/03\/WhatsApp-Image-2020-03-16-at-14.12.03.jpeg",644,312,false]},"uagb_author_info":{"display_name":"AEP","author_link":"https:\/\/aliancaevangelica.pt\/site\/author\/aeportugal\/"},"uagb_comment_info":0,"uagb_excerpt":"Em nome da Alian\u00e7a Evang\u00e9lica Mundial, o seu Secret\u00e1rio Geral Bispo Efraim Tendero fez a seguinte ora\u00e7\u00e3o neste tempo de pandemia de Covid-19. Nosso Deus Pai Todo-Poderoso, Criador do C\u00e9u e da Terra, como Teus filhos que vivem em todos os cantos do mundo, estamos hoje diante de Ti para interceder pelas nossas na\u00e7\u00f5es, atualmente","_links":{"self":[{"href":"https:\/\/aliancaevangelica.pt\/site\/wp-json\/wp\/v2\/posts\/18098","targetHints":{"allow":["GET"]}}],"collection":[{"href":"https:\/\/aliancaevangelica.pt\/site\/wp-json\/wp\/v2\/posts"}],"about":[{"href":"https:\/\/aliancaevangelica.pt\/site\/wp-json\/wp\/v2\/types\/post"}],"author":[{"embeddable":true,"href":"https:\/\/aliancaevangelica.pt\/site\/wp-json\/wp\/v2\/users\/2"}],"replies":[{"embeddable":true,"href":"https:\/\/aliancaevangelica.pt\/site\/wp-json\/wp\/v2\/comments?post=18098"}],"version-history":[{"count":4,"href":"https:\/\/aliancaevangelica.pt\/site\/wp-json\/wp\/v2\/posts\/18098\/revisions"}],"predecessor-version":[{"id":18103,"href":"https:\/\/aliancaevangelica.pt\/site\/wp-json\/wp\/v2\/posts\/18098\/revisions\/18103"}],"wp:featuredmedia":[{"embeddable":true,"href":"https:\/\/aliancaevangelica.pt\/site\/wp-json\/wp\/v2\/media\/18102"}],"wp:attachment":[{"href":"https:\/\/aliancaevangelica.pt\/site\/wp-json\/wp\/v2\/media?parent=18098"}],"wp:term":[{"taxonomy":"category","embeddable":true,"href":"https:\/\/aliancaevangelica.pt\/site\/wp-json\/wp\/v2\/categories?post=18098"},{"taxonomy":"post_tag","embeddable":true,"href":"https:\/\/aliancaevangelica.pt\/site\/wp-json\/wp\/v2\/tags?post=18098"}],"curies":[{"name":"wp","href":"https:\/\/api.w.org\/{rel}","templated":true}]}}