{"id":18087,"date":"2020-03-12T18:08:25","date_gmt":"2020-03-12T18:08:25","guid":{"rendered":"https:\/\/aliancaevangelica.pt\/site\/?p=18087"},"modified":"2020-03-12T18:08:25","modified_gmt":"2020-03-12T18:08:25","slug":"adiado-forum-evangelico-2020","status":"publish","type":"post","link":"https:\/\/aliancaevangelica.pt\/site\/adiado-forum-evangelico-2020\/","title":{"rendered":"Adiado F\u00f3rum Evang\u00e9lico 2020"},"content":{"rendered":"<p>O F\u00f3rum Evang\u00e9lico 2020 que inicialmente estava agendado para 17 e 18<br \/>\nabril foi adiado para nova data a indicar brevemente.<\/p>\n<p>Esta altera\u00e7\u00e3o deve-se ao facto de estarmos a atravessar um momento<br \/>\ndelicado em que, por precau\u00e7\u00e3o e recomenda\u00e7\u00e3o da DGS, devemos adotar<br \/>\ncertos cuidados, nomeadamente evitar concentra\u00e7\u00e3o de muitas pessoas em<br \/>\nespa\u00e7os fechados. Desejamos e oramos para que esta situa\u00e7\u00e3o seja<br \/>\nultrapassada. E, assim que poss\u00edvel, agendaremos nova data para a<br \/>\nrealiza\u00e7\u00e3o do F\u00f3rum Evang\u00e9lico 2020, dos respetivos workshops, concertos<br \/>\ne EXPO Evang\u00e9lica.<\/p>\n<p>Mais informa\u00e7\u00f5es brevemente.<\/p>\n","protected":false},"excerpt":{"rendered":"<p>O F\u00f3rum Evang\u00e9lico 2020 que inicialmente estava agendado para 17 e 18 abril foi adiado para nova data a indicar brevemente. Esta altera\u00e7\u00e3o deve-se ao facto de estarmos a atravessar<\/p>\n","protected":false},"author":2,"featured_media":18088,"comment_status":"open","ping_status":"open","sticky":false,"template":"","format":"standard","meta":{"_uag_custom_page_level_css":"","_themeisle_gutenberg_block_has_review":false,"_vp_format_video_url":"","_vp_image_focal_point":[],"footnotes":""},"categories":[45,3,2,46],"tags":[],"class_list":["post-18087","post","type-post","status-publish","format-standard","has-post-thumbnail","hentry","category-geral","category-artigos-gerais","category-anuncios","category-eventos"],"yoast_head":"<!-- This site is optimized with the Yoast SEO plugin v27.5 - https:\/\/yoast.com\/product\/yoast-seo-wordpress\/ -->\n<title>Adiado F\u00f3rum Evang\u00e9lico 2020 - AEP<\/title>\n<meta name=\"robots\" content=\"index, follow, max-snippet:-1, max-image-preview:large, max-video-preview:-1\" \/>\n<link rel=\"canonical\" href=\"https:\/\/aliancaevangelica.pt\/site\/adiado-forum-evangelico-2020\/\" \/>\n<meta property=\"og:locale\" content=\"pt_PT\" \/>\n<meta property=\"og:type\" content=\"article\" \/>\n<meta property=\"og:title\" content=\"Adiado F\u00f3rum Evang\u00e9lico 2020 - AEP\" \/>\n<meta property=\"og:description\" content=\"O F\u00f3rum Evang\u00e9lico 2020 que inicialmente estava agendado para 17 e 18 abril foi adiado para nova data a indicar brevemente. Esta altera\u00e7\u00e3o deve-se ao facto de estarmos a atravessar\" \/>\n<meta property=\"og:url\" content=\"https:\/\/aliancaevangelica.pt\/site\/adiado-forum-evangelico-2020\/\" \/>\n<meta property=\"og:site_name\" content=\"AEP\" \/>\n<meta property=\"article:publisher\" content=\"http:\/\/facebook.com\/aeportuguesa\" \/>\n<meta property=\"article:author\" content=\"aeportugal\" \/>\n<meta property=\"article:published_time\" content=\"2020-03-12T18:08:25+00:00\" \/>\n<meta property=\"og:image\" content=\"https:\/\/aliancaevangelica.pt\/site\/wp-content\/uploads\/2020\/03\/fo\u0301rum-evange\u0301lico-2020-web-01.png\" \/>\n\t<meta property=\"og:image:width\" content=\"1080\" \/>\n\t<meta property=\"og:image:height\" content=\"1351\" \/>\n\t<meta property=\"og:image:type\" content=\"image\/png\" \/>\n<meta name=\"author\" content=\"AEP\" \/>\n<meta name=\"twitter:card\" content=\"summary_large_image\" \/>\n<meta name=\"twitter:label1\" content=\"Escrito por\" \/>\n\t<meta name=\"twitter:data1\" content=\"AEP\" \/>\n<script type=\"application\/ld+json\" class=\"yoast-schema-graph\">{\"@context\":\"https:\\\/\\\/schema.org\",\"@graph\":[{\"@type\":\"Article\",\"@id\":\"https:\\\/\\\/aliancaevangelica.pt\\\/site\\\/adiado-forum-evangelico-2020\\\/#article\",\"isPartOf\":{\"@id\":\"https:\\\/\\\/aliancaevangelica.pt\\\/site\\\/adiado-forum-evangelico-2020\\\/\"},\"author\":{\"name\":\"AEP\",\"@id\":\"https:\\\/\\\/aliancaevangelica.pt\\\/site\\\/#\\\/schema\\\/person\\\/3b47cfc7535eff1e820f31c2d67eafcf\"},\"headline\":\"Adiado F\u00f3rum Evang\u00e9lico 2020\",\"datePublished\":\"2020-03-12T18:08:25+00:00\",\"mainEntityOfPage\":{\"@id\":\"https:\\\/\\\/aliancaevangelica.pt\\\/site\\\/adiado-forum-evangelico-2020\\\/\"},\"wordCount\":102,\"commentCount\":0,\"publisher\":{\"@id\":\"https:\\\/\\\/aliancaevangelica.pt\\\/site\\\/#organization\"},\"image\":{\"@id\":\"https:\\\/\\\/aliancaevangelica.pt\\\/site\\\/adiado-forum-evangelico-2020\\\/#primaryimage\"},\"thumbnailUrl\":\"https:\\\/\\\/aliancaevangelica.pt\\\/site\\\/wp-content\\\/uploads\\\/2020\\\/03\\\/fo\u0301rum-evange\u0301lico-2020-web-01.png\",\"articleSection\":[\"1-Geral\",\"2-Artigos Gerais\",\"4-An\u00fancios\",\"Eventos\"],\"inLanguage\":\"pt-PT\",\"potentialAction\":[{\"@type\":\"CommentAction\",\"name\":\"Comment\",\"target\":[\"https:\\\/\\\/aliancaevangelica.pt\\\/site\\\/adiado-forum-evangelico-2020\\\/#respond\"]}]},{\"@type\":\"WebPage\",\"@id\":\"https:\\\/\\\/aliancaevangelica.pt\\\/site\\\/adiado-forum-evangelico-2020\\\/\",\"url\":\"https:\\\/\\\/aliancaevangelica.pt\\\/site\\\/adiado-forum-evangelico-2020\\\/\",\"name\":\"Adiado F\u00f3rum Evang\u00e9lico 2020 - AEP\",\"isPartOf\":{\"@id\":\"https:\\\/\\\/aliancaevangelica.pt\\\/site\\\/#website\"},\"primaryImageOfPage\":{\"@id\":\"https:\\\/\\\/aliancaevangelica.pt\\\/site\\\/adiado-forum-evangelico-2020\\\/#primaryimage\"},\"image\":{\"@id\":\"https:\\\/\\\/aliancaevangelica.pt\\\/site\\\/adiado-forum-evangelico-2020\\\/#primaryimage\"},\"thumbnailUrl\":\"https:\\\/\\\/aliancaevangelica.pt\\\/site\\\/wp-content\\\/uploads\\\/2020\\\/03\\\/fo\u0301rum-evange\u0301lico-2020-web-01.png\",\"datePublished\":\"2020-03-12T18:08:25+00:00\",\"breadcrumb\":{\"@id\":\"https:\\\/\\\/aliancaevangelica.pt\\\/site\\\/adiado-forum-evangelico-2020\\\/#breadcrumb\"},\"inLanguage\":\"pt-PT\",\"potentialAction\":[{\"@type\":\"ReadAction\",\"target\":[\"https:\\\/\\\/aliancaevangelica.pt\\\/site\\\/adiado-forum-evangelico-2020\\\/\"]}]},{\"@type\":\"ImageObject\",\"inLanguage\":\"pt-PT\",\"@id\":\"https:\\\/\\\/aliancaevangelica.pt\\\/site\\\/adiado-forum-evangelico-2020\\\/#primaryimage\",\"url\":\"https:\\\/\\\/aliancaevangelica.pt\\\/site\\\/wp-content\\\/uploads\\\/2020\\\/03\\\/fo\u0301rum-evange\u0301lico-2020-web-01.png\",\"contentUrl\":\"https:\\\/\\\/aliancaevangelica.pt\\\/site\\\/wp-content\\\/uploads\\\/2020\\\/03\\\/fo\u0301rum-evange\u0301lico-2020-web-01.png\",\"width\":1080,\"height\":1351},{\"@type\":\"BreadcrumbList\",\"@id\":\"https:\\\/\\\/aliancaevangelica.pt\\\/site\\\/adiado-forum-evangelico-2020\\\/#breadcrumb\",\"itemListElement\":[{\"@type\":\"ListItem\",\"position\":1,\"name\":\"In\u00edcio\",\"item\":\"https:\\\/\\\/aliancaevangelica.pt\\\/site\\\/\"},{\"@type\":\"ListItem\",\"position\":2,\"name\":\"Adiado F\u00f3rum Evang\u00e9lico 2020\"}]},{\"@type\":\"WebSite\",\"@id\":\"https:\\\/\\\/aliancaevangelica.pt\\\/site\\\/#website\",\"url\":\"https:\\\/\\\/aliancaevangelica.pt\\\/site\\\/\",\"name\":\"Alian\u00e7a Evang\u00e9lica Portuguesa\",\"description\":\"Alian\u00e7a Evang\u00e9lica Portuguesa\",\"publisher\":{\"@id\":\"https:\\\/\\\/aliancaevangelica.pt\\\/site\\\/#organization\"},\"potentialAction\":[{\"@type\":\"SearchAction\",\"target\":{\"@type\":\"EntryPoint\",\"urlTemplate\":\"https:\\\/\\\/aliancaevangelica.pt\\\/site\\\/?s={search_term_string}\"},\"query-input\":{\"@type\":\"PropertyValueSpecification\",\"valueRequired\":true,\"valueName\":\"search_term_string\"}}],\"inLanguage\":\"pt-PT\"},{\"@type\":\"Organization\",\"@id\":\"https:\\\/\\\/aliancaevangelica.pt\\\/site\\\/#organization\",\"name\":\"Alian\u00e7a Evang\u00e9lica Portuguesa\",\"url\":\"https:\\\/\\\/aliancaevangelica.pt\\\/site\\\/\",\"logo\":{\"@type\":\"ImageObject\",\"inLanguage\":\"pt-PT\",\"@id\":\"https:\\\/\\\/aliancaevangelica.pt\\\/site\\\/#\\\/schema\\\/logo\\\/image\\\/\",\"url\":\"https:\\\/\\\/aliancaevangelica.pt\\\/site\\\/wp-content\\\/uploads\\\/2017\\\/11\\\/logo-AEP-cor.png\",\"contentUrl\":\"https:\\\/\\\/aliancaevangelica.pt\\\/site\\\/wp-content\\\/uploads\\\/2017\\\/11\\\/logo-AEP-cor.png\",\"width\":1156,\"height\":672,\"caption\":\"Alian\u00e7a Evang\u00e9lica Portuguesa\"},\"image\":{\"@id\":\"https:\\\/\\\/aliancaevangelica.pt\\\/site\\\/#\\\/schema\\\/logo\\\/image\\\/\"},\"sameAs\":[\"http:\\\/\\\/facebook.com\\\/aeportuguesa\",\"http:\\\/\\\/instagram.com\\\/aliancaep\",\"http:\\\/\\\/youtube.com\\\/aeportuguesa\"]},{\"@type\":\"Person\",\"@id\":\"https:\\\/\\\/aliancaevangelica.pt\\\/site\\\/#\\\/schema\\\/person\\\/3b47cfc7535eff1e820f31c2d67eafcf\",\"name\":\"AEP\",\"sameAs\":[\"aeportugal\"],\"url\":\"https:\\\/\\\/aliancaevangelica.pt\\\/site\\\/author\\\/aeportugal\\\/\"}]}<\/script>\n<!-- \/ Yoast SEO plugin. -->","yoast_head_json":{"title":"Adiado F\u00f3rum Evang\u00e9lico 2020 - AEP","robots":{"index":"index","follow":"follow","max-snippet":"max-snippet:-1","max-image-preview":"max-image-preview:large","max-video-preview":"max-video-preview:-1"},"canonical":"https:\/\/aliancaevangelica.pt\/site\/adiado-forum-evangelico-2020\/","og_locale":"pt_PT","og_type":"article","og_title":"Adiado F\u00f3rum Evang\u00e9lico 2020 - AEP","og_description":"O F\u00f3rum Evang\u00e9lico 2020 que inicialmente estava agendado para 17 e 18 abril foi adiado para nova data a indicar brevemente. Esta altera\u00e7\u00e3o deve-se ao facto de estarmos a atravessar","og_url":"https:\/\/aliancaevangelica.pt\/site\/adiado-forum-evangelico-2020\/","og_site_name":"AEP","article_publisher":"http:\/\/facebook.com\/aeportuguesa","article_author":"aeportugal","article_published_time":"2020-03-12T18:08:25+00:00","og_image":[{"width":1080,"height":1351,"url":"https:\/\/aliancaevangelica.pt\/site\/wp-content\/uploads\/2020\/03\/fo\u0301rum-evange\u0301lico-2020-web-01.png","type":"image\/png"}],"author":"AEP","twitter_card":"summary_large_image","twitter_misc":{"Escrito por":"AEP"},"schema":{"@context":"https:\/\/schema.org","@graph":[{"@type":"Article","@id":"https:\/\/aliancaevangelica.pt\/site\/adiado-forum-evangelico-2020\/#article","isPartOf":{"@id":"https:\/\/aliancaevangelica.pt\/site\/adiado-forum-evangelico-2020\/"},"author":{"name":"AEP","@id":"https:\/\/aliancaevangelica.pt\/site\/#\/schema\/person\/3b47cfc7535eff1e820f31c2d67eafcf"},"headline":"Adiado F\u00f3rum Evang\u00e9lico 2020","datePublished":"2020-03-12T18:08:25+00:00","mainEntityOfPage":{"@id":"https:\/\/aliancaevangelica.pt\/site\/adiado-forum-evangelico-2020\/"},"wordCount":102,"commentCount":0,"publisher":{"@id":"https:\/\/aliancaevangelica.pt\/site\/#organization"},"image":{"@id":"https:\/\/aliancaevangelica.pt\/site\/adiado-forum-evangelico-2020\/#primaryimage"},"thumbnailUrl":"https:\/\/aliancaevangelica.pt\/site\/wp-content\/uploads\/2020\/03\/fo\u0301rum-evange\u0301lico-2020-web-01.png","articleSection":["1-Geral","2-Artigos Gerais","4-An\u00fancios","Eventos"],"inLanguage":"pt-PT","potentialAction":[{"@type":"CommentAction","name":"Comment","target":["https:\/\/aliancaevangelica.pt\/site\/adiado-forum-evangelico-2020\/#respond"]}]},{"@type":"WebPage","@id":"https:\/\/aliancaevangelica.pt\/site\/adiado-forum-evangelico-2020\/","url":"https:\/\/aliancaevangelica.pt\/site\/adiado-forum-evangelico-2020\/","name":"Adiado F\u00f3rum Evang\u00e9lico 2020 - AEP","isPartOf":{"@id":"https:\/\/aliancaevangelica.pt\/site\/#website"},"primaryImageOfPage":{"@id":"https:\/\/aliancaevangelica.pt\/site\/adiado-forum-evangelico-2020\/#primaryimage"},"image":{"@id":"https:\/\/aliancaevangelica.pt\/site\/adiado-forum-evangelico-2020\/#primaryimage"},"thumbnailUrl":"https:\/\/aliancaevangelica.pt\/site\/wp-content\/uploads\/2020\/03\/fo\u0301rum-evange\u0301lico-2020-web-01.png","datePublished":"2020-03-12T18:08:25+00:00","breadcrumb":{"@id":"https:\/\/aliancaevangelica.pt\/site\/adiado-forum-evangelico-2020\/#breadcrumb"},"inLanguage":"pt-PT","potentialAction":[{"@type":"ReadAction","target":["https:\/\/aliancaevangelica.pt\/site\/adiado-forum-evangelico-2020\/"]}]},{"@type":"ImageObject","inLanguage":"pt-PT","@id":"https:\/\/aliancaevangelica.pt\/site\/adiado-forum-evangelico-2020\/#primaryimage","url":"https:\/\/aliancaevangelica.pt\/site\/wp-content\/uploads\/2020\/03\/fo\u0301rum-evange\u0301lico-2020-web-01.png","contentUrl":"https:\/\/aliancaevangelica.pt\/site\/wp-content\/uploads\/2020\/03\/fo\u0301rum-evange\u0301lico-2020-web-01.png","width":1080,"height":1351},{"@type":"BreadcrumbList","@id":"https:\/\/aliancaevangelica.pt\/site\/adiado-forum-evangelico-2020\/#breadcrumb","itemListElement":[{"@type":"ListItem","position":1,"name":"In\u00edcio","item":"https:\/\/aliancaevangelica.pt\/site\/"},{"@type":"ListItem","position":2,"name":"Adiado F\u00f3rum Evang\u00e9lico 2020"}]},{"@type":"WebSite","@id":"https:\/\/aliancaevangelica.pt\/site\/#website","url":"https:\/\/aliancaevangelica.pt\/site\/","name":"Alian\u00e7a Evang\u00e9lica Portuguesa","description":"Alian\u00e7a Evang\u00e9lica Portuguesa","publisher":{"@id":"https:\/\/aliancaevangelica.pt\/site\/#organization"},"potentialAction":[{"@type":"SearchAction","target":{"@type":"EntryPoint","urlTemplate":"https:\/\/aliancaevangelica.pt\/site\/?s={search_term_string}"},"query-input":{"@type":"PropertyValueSpecification","valueRequired":true,"valueName":"search_term_string"}}],"inLanguage":"pt-PT"},{"@type":"Organization","@id":"https:\/\/aliancaevangelica.pt\/site\/#organization","name":"Alian\u00e7a Evang\u00e9lica Portuguesa","url":"https:\/\/aliancaevangelica.pt\/site\/","logo":{"@type":"ImageObject","inLanguage":"pt-PT","@id":"https:\/\/aliancaevangelica.pt\/site\/#\/schema\/logo\/image\/","url":"https:\/\/aliancaevangelica.pt\/site\/wp-content\/uploads\/2017\/11\/logo-AEP-cor.png","contentUrl":"https:\/\/aliancaevangelica.pt\/site\/wp-content\/uploads\/2017\/11\/logo-AEP-cor.png","width":1156,"height":672,"caption":"Alian\u00e7a Evang\u00e9lica Portuguesa"},"image":{"@id":"https:\/\/aliancaevangelica.pt\/site\/#\/schema\/logo\/image\/"},"sameAs":["http:\/\/facebook.com\/aeportuguesa","http:\/\/instagram.com\/aliancaep","http:\/\/youtube.com\/aeportuguesa"]},{"@type":"Person","@id":"https:\/\/aliancaevangelica.pt\/site\/#\/schema\/person\/3b47cfc7535eff1e820f31c2d67eafcf","name":"AEP","sameAs":["aeportugal"],"url":"https:\/\/aliancaevangelica.pt\/site\/author\/aeportugal\/"}]}},"uagb_featured_image_src":{"full":["https:\/\/aliancaevangelica.pt\/site\/wp-content\/uploads\/2020\/03\/fo\u0301rum-evange\u0301lico-2020-web-01.png",1080,1351,false],"thumbnail":["https:\/\/aliancaevangelica.pt\/site\/wp-content\/uploads\/2020\/03\/fo\u0301rum-evange\u0301lico-2020-web-01-150x150.png",150,150,true],"medium":["https:\/\/aliancaevangelica.pt\/site\/wp-content\/uploads\/2020\/03\/fo\u0301rum-evange\u0301lico-2020-web-01-240x300.png",240,300,true],"medium_large":["https:\/\/aliancaevangelica.pt\/site\/wp-content\/uploads\/2020\/03\/fo\u0301rum-evange\u0301lico-2020-web-01-768x961.png",768,961,true],"large":["https:\/\/aliancaevangelica.pt\/site\/wp-content\/uploads\/2020\/03\/fo\u0301rum-evange\u0301lico-2020-web-01-819x1024.png",819,1024,true],"1536x1536":["https:\/\/aliancaevangelica.pt\/site\/wp-content\/uploads\/2020\/03\/fo\u0301rum-evange\u0301lico-2020-web-01.png",1080,1351,false],"2048x2048":["https:\/\/aliancaevangelica.pt\/site\/wp-content\/uploads\/2020\/03\/fo\u0301rum-evange\u0301lico-2020-web-01.png",1080,1351,false],"vp_sm":["https:\/\/aliancaevangelica.pt\/site\/wp-content\/uploads\/2020\/03\/fo\u0301rum-evange\u0301lico-2020-web-01.png",500,625,false],"vp_md":["https:\/\/aliancaevangelica.pt\/site\/wp-content\/uploads\/2020\/03\/fo\u0301rum-evange\u0301lico-2020-web-01.png",800,1001,false],"vp_lg":["https:\/\/aliancaevangelica.pt\/site\/wp-content\/uploads\/2020\/03\/fo\u0301rum-evange\u0301lico-2020-web-01.png",1080,1351,false],"vp_xl":["https:\/\/aliancaevangelica.pt\/site\/wp-content\/uploads\/2020\/03\/fo\u0301rum-evange\u0301lico-2020-web-01.png",1080,1351,false],"vp_sm_popup":["https:\/\/aliancaevangelica.pt\/site\/wp-content\/uploads\/2020\/03\/fo\u0301rum-evange\u0301lico-2020-web-01.png",500,625,false],"vp_md_popup":["https:\/\/aliancaevangelica.pt\/site\/wp-content\/uploads\/2020\/03\/fo\u0301rum-evange\u0301lico-2020-web-01.png",800,1001,false],"vp_xl_popup":["https:\/\/aliancaevangelica.pt\/site\/wp-content\/uploads\/2020\/03\/fo\u0301rum-evange\u0301lico-2020-web-01.png",1080,1351,false],"newsx-150x100":["https:\/\/aliancaevangelica.pt\/site\/wp-content\/uploads\/2020\/03\/fo\u0301rum-evange\u0301lico-2020-web-01.png",80,100,false],"newsx-330x220":["https:\/\/aliancaevangelica.pt\/site\/wp-content\/uploads\/2020\/03\/fo\u0301rum-evange\u0301lico-2020-web-01.png",176,220,false],"newsx-420x280":["https:\/\/aliancaevangelica.pt\/site\/wp-content\/uploads\/2020\/03\/fo\u0301rum-evange\u0301lico-2020-web-01.png",224,280,false],"newsx-510x340":["https:\/\/aliancaevangelica.pt\/site\/wp-content\/uploads\/2020\/03\/fo\u0301rum-evange\u0301lico-2020-web-01.png",272,340,false],"newsx-640x480":["https:\/\/aliancaevangelica.pt\/site\/wp-content\/uploads\/2020\/03\/fo\u0301rum-evange\u0301lico-2020-web-01.png",384,480,false],"newsx-670x370":["https:\/\/aliancaevangelica.pt\/site\/wp-content\/uploads\/2020\/03\/fo\u0301rum-evange\u0301lico-2020-web-01.png",296,370,false],"newsx-860x570":["https:\/\/aliancaevangelica.pt\/site\/wp-content\/uploads\/2020\/03\/fo\u0301rum-evange\u0301lico-2020-web-01.png",456,570,false],"newsx-1000x750":["https:\/\/aliancaevangelica.pt\/site\/wp-content\/uploads\/2020\/03\/fo\u0301rum-evange\u0301lico-2020-web-01.png",600,750,false],"newsx-1200x600":["https:\/\/aliancaevangelica.pt\/site\/wp-content\/uploads\/2020\/03\/fo\u0301rum-evange\u0301lico-2020-web-01.png",480,600,false]},"uagb_author_info":{"display_name":"AEP","author_link":"https:\/\/aliancaevangelica.pt\/site\/author\/aeportugal\/"},"uagb_comment_info":0,"uagb_excerpt":"O F\u00f3rum Evang\u00e9lico 2020 que inicialmente estava agendado para 17 e 18 abril foi adiado para nova data a indicar brevemente. Esta altera\u00e7\u00e3o deve-se ao facto de estarmos a atravessar","_links":{"self":[{"href":"https:\/\/aliancaevangelica.pt\/site\/wp-json\/wp\/v2\/posts\/18087","targetHints":{"allow":["GET"]}}],"collection":[{"href":"https:\/\/aliancaevangelica.pt\/site\/wp-json\/wp\/v2\/posts"}],"about":[{"href":"https:\/\/aliancaevangelica.pt\/site\/wp-json\/wp\/v2\/types\/post"}],"author":[{"embeddable":true,"href":"https:\/\/aliancaevangelica.pt\/site\/wp-json\/wp\/v2\/users\/2"}],"replies":[{"embeddable":true,"href":"https:\/\/aliancaevangelica.pt\/site\/wp-json\/wp\/v2\/comments?post=18087"}],"version-history":[{"count":1,"href":"https:\/\/aliancaevangelica.pt\/site\/wp-json\/wp\/v2\/posts\/18087\/revisions"}],"predecessor-version":[{"id":18089,"href":"https:\/\/aliancaevangelica.pt\/site\/wp-json\/wp\/v2\/posts\/18087\/revisions\/18089"}],"wp:featuredmedia":[{"embeddable":true,"href":"https:\/\/aliancaevangelica.pt\/site\/wp-json\/wp\/v2\/media\/18088"}],"wp:attachment":[{"href":"https:\/\/aliancaevangelica.pt\/site\/wp-json\/wp\/v2\/media?parent=18087"}],"wp:term":[{"taxonomy":"category","embeddable":true,"href":"https:\/\/aliancaevangelica.pt\/site\/wp-json\/wp\/v2\/categories?post=18087"},{"taxonomy":"post_tag","embeddable":true,"href":"https:\/\/aliancaevangelica.pt\/site\/wp-json\/wp\/v2\/tags?post=18087"}],"curies":[{"name":"wp","href":"https:\/\/api.w.org\/{rel}","templated":true}]}}