{"id":18073,"date":"2020-03-07T02:03:20","date_gmt":"2020-03-07T02:03:20","guid":{"rendered":"https:\/\/aliancaevangelica.pt\/site\/?p=18073"},"modified":"2020-03-07T02:12:59","modified_gmt":"2020-03-07T02:12:59","slug":"corona-virus-recomendacoes","status":"publish","type":"post","link":"https:\/\/aliancaevangelica.pt\/site\/corona-virus-recomendacoes\/","title":{"rendered":"Coronav\u00edrus &#8211; Recomenda\u00e7\u00f5es"},"content":{"rendered":"<p><strong>Durante este per\u00edodo, e at\u00e9 futuros desenvolvimentos da epidemia\/pandemia do Coronav\u00edrus 19, a Alian\u00e7a Evang\u00e9lica prop\u00f5e, para al\u00e9m das recomenda\u00e7\u00f5es da Dire\u00e7\u00e3o Geral de Sa\u00fade, que:<\/strong><\/p>\n<p><strong>1 &#8211;<\/strong> \u00c0 entrada de cada local de culto ou reuni\u00e3o haja dispensadores de solu\u00e7\u00e3o alco\u00f3lica desinfetante para as m\u00e3os. Todos os participantes destas reuni\u00f5es devem lavar\/desinfetar as m\u00e3os antes de entrar na sala de culto e \u00e0 sa\u00edda.<\/p>\n<p><strong>2 &#8211;<\/strong> Os cumprimentos entre pessoas n\u00e3o sejam realizados atrav\u00e9s de beijinhos e apertos de m\u00e3os. Lembremos que as nossas m\u00e3os s\u00e3o um importante meio de transmiss\u00e3o, pelo que devemos evitar o toque.<\/p>\n<p><strong>3 &#8211;<\/strong> As crian\u00e7as e os adultos sintom\u00e1ticos (com febre, tosse, congest\u00e3o nasal) permane\u00e7am no domic\u00edlio.<\/p>\n<p><strong>4 &#8211;<\/strong> Os maiores de 65 anos e doentes imunodeprimidos (doentes com cancro, VIH\/SIDA n\u00e3o controlados, doen\u00e7a reumatoide sob terap\u00eautica imunossupressora, diabetes n\u00e3o controlados, doen\u00e7a cardiovascular) fiquem em casa durante este per\u00edodo e, no caso de ser poss\u00edvel, assistam atrav\u00e9s de transmiss\u00e3o on-line.<\/p>\n<p><strong>5 &#8211;<\/strong> Seja restringido o uso de toalhas e panos nas casas de banho e cozinhas, e se passe a utilizar papel.<\/p>\n<p><strong>6 &#8211;\u00a0<\/strong>Haja um registo interno de participantes em cada culto, tendo em vista a eventual comunica\u00e7\u00e3o \u00e0s autoridades de sa\u00fade, face \u00e0 presen\u00e7a de um eventual portador do Coronav\u00edrus 19.<\/p>\n<p><strong>7 &#8211;<\/strong> Sejam utilizados c\u00e1lices individuais e que o p\u00e3o servido na Comunh\u00e3o seja dado a cada um atrav\u00e9s do uso de luvas.<\/p>\n<p><strong>8 &#8211;<\/strong> O manuseamento das ofertas seja realizado com as m\u00e3os protegidas com luvas. Coloquemos a possibilidade de utiliza\u00e7\u00e3o de MBway e transfer\u00eancia eletr\u00f3nica.<\/p>\n<p><strong>9 &#8211;<\/strong> Antes de uma poss\u00edvel visita, seja feito um telefonema aos irm\u00e3os que est\u00e3o doentes.<\/p>\n<p>Dr\u00aa Bianca Ascen\u00e7\u00e3o, Infeciologista<\/p>\n<p>Dr Ant\u00f3nio Calaim, M\u00e9dico Cl\u00ednica Geral e Familiar, Presidente da Alian\u00e7a Evang\u00e9lica Portuguesa<\/p>\n<p>Leia tamb\u00e9m algumas considera\u00e7\u00f5es e desafios para n\u00f3s, enquanto crist\u00e3os, no seguinte link:<br \/>\n<a href=\"https:\/\/aliancaevangelica.pt\/site\/2020\/03\/07\/coronavirus-consideracoes-e-desafios\/\">https:\/\/aliancaevangelica.pt\/site\/2020\/03\/07\/coronavirus-consideracoes-e-desafios\/<\/a><\/p>\n<p>&nbsp;<\/p>\n","protected":false},"excerpt":{"rendered":"<p>Durante este per\u00edodo, e at\u00e9 futuros desenvolvimentos da epidemia\/pandemia do Coronav\u00edrus 19, a Alian\u00e7a Evang\u00e9lica prop\u00f5e, para al\u00e9m das recomenda\u00e7\u00f5es da Dire\u00e7\u00e3o Geral de Sa\u00fade, que: 1 &#8211; \u00c0 entrada de cada local de culto ou reuni\u00e3o haja dispensadores de solu\u00e7\u00e3o alco\u00f3lica desinfetante para as m\u00e3os. Todos os participantes destas reuni\u00f5es devem lavar\/desinfetar as m\u00e3os<\/p>\n","protected":false},"author":2,"featured_media":18074,"comment_status":"open","ping_status":"open","sticky":false,"template":"","format":"standard","meta":{"_uag_custom_page_level_css":"","_themeisle_gutenberg_block_has_review":false,"_vp_format_video_url":"","_vp_image_focal_point":[],"footnotes":""},"categories":[45],"tags":[181,143],"class_list":["post-18073","post","type-post","status-publish","format-standard","has-post-thumbnail","hentry","category-geral","tag-1-geral","tag-noticias"],"yoast_head":"<!-- This site is optimized with the Yoast SEO plugin v27.5 - https:\/\/yoast.com\/product\/yoast-seo-wordpress\/ -->\n<title>Coronav\u00edrus - Recomenda\u00e7\u00f5es - AEP<\/title>\n<meta name=\"robots\" content=\"index, follow, max-snippet:-1, max-image-preview:large, max-video-preview:-1\" \/>\n<link rel=\"canonical\" href=\"https:\/\/aliancaevangelica.pt\/site\/corona-virus-recomendacoes\/\" \/>\n<meta property=\"og:locale\" content=\"pt_PT\" \/>\n<meta property=\"og:type\" content=\"article\" \/>\n<meta property=\"og:title\" content=\"Coronav\u00edrus - Recomenda\u00e7\u00f5es - AEP\" \/>\n<meta property=\"og:description\" content=\"Durante este per\u00edodo, e at\u00e9 futuros desenvolvimentos da epidemia\/pandemia do Coronav\u00edrus 19, a Alian\u00e7a Evang\u00e9lica prop\u00f5e, para al\u00e9m das recomenda\u00e7\u00f5es da Dire\u00e7\u00e3o Geral de Sa\u00fade, que: 1 &#8211; \u00c0 entrada de cada local de culto ou reuni\u00e3o haja dispensadores de solu\u00e7\u00e3o alco\u00f3lica desinfetante para as m\u00e3os. Todos os participantes destas reuni\u00f5es devem lavar\/desinfetar as m\u00e3os\" \/>\n<meta property=\"og:url\" content=\"https:\/\/aliancaevangelica.pt\/site\/corona-virus-recomendacoes\/\" \/>\n<meta property=\"og:site_name\" content=\"AEP\" \/>\n<meta property=\"article:publisher\" content=\"http:\/\/facebook.com\/aeportuguesa\" \/>\n<meta property=\"article:author\" content=\"aeportugal\" \/>\n<meta property=\"article:published_time\" content=\"2020-03-07T02:03:20+00:00\" \/>\n<meta property=\"article:modified_time\" content=\"2020-03-07T02:12:59+00:00\" \/>\n<meta property=\"og:image\" content=\"https:\/\/aliancaevangelica.pt\/site\/wp-content\/uploads\/2020\/03\/coronavirus.jpg\" \/>\n\t<meta property=\"og:image:width\" content=\"1920\" \/>\n\t<meta property=\"og:image:height\" content=\"780\" \/>\n\t<meta property=\"og:image:type\" content=\"image\/jpeg\" \/>\n<meta name=\"author\" content=\"AEP\" \/>\n<meta name=\"twitter:card\" content=\"summary_large_image\" \/>\n<meta name=\"twitter:label1\" content=\"Escrito por\" \/>\n\t<meta name=\"twitter:data1\" content=\"AEP\" \/>\n\t<meta name=\"twitter:label2\" content=\"Tempo estimado de leitura\" \/>\n\t<meta name=\"twitter:data2\" content=\"2 minutos\" \/>\n<script type=\"application\/ld+json\" class=\"yoast-schema-graph\">{\"@context\":\"https:\\\/\\\/schema.org\",\"@graph\":[{\"@type\":\"Article\",\"@id\":\"https:\\\/\\\/aliancaevangelica.pt\\\/site\\\/corona-virus-recomendacoes\\\/#article\",\"isPartOf\":{\"@id\":\"https:\\\/\\\/aliancaevangelica.pt\\\/site\\\/corona-virus-recomendacoes\\\/\"},\"author\":{\"name\":\"AEP\",\"@id\":\"https:\\\/\\\/aliancaevangelica.pt\\\/site\\\/#\\\/schema\\\/person\\\/3b47cfc7535eff1e820f31c2d67eafcf\"},\"headline\":\"Coronav\u00edrus &#8211; Recomenda\u00e7\u00f5es\",\"datePublished\":\"2020-03-07T02:03:20+00:00\",\"dateModified\":\"2020-03-07T02:12:59+00:00\",\"mainEntityOfPage\":{\"@id\":\"https:\\\/\\\/aliancaevangelica.pt\\\/site\\\/corona-virus-recomendacoes\\\/\"},\"wordCount\":363,\"commentCount\":0,\"publisher\":{\"@id\":\"https:\\\/\\\/aliancaevangelica.pt\\\/site\\\/#organization\"},\"image\":{\"@id\":\"https:\\\/\\\/aliancaevangelica.pt\\\/site\\\/corona-virus-recomendacoes\\\/#primaryimage\"},\"thumbnailUrl\":\"https:\\\/\\\/aliancaevangelica.pt\\\/site\\\/wp-content\\\/uploads\\\/2020\\\/03\\\/coronavirus.jpg\",\"keywords\":[\"1-Geral\",\"Not\u00edcias\"],\"articleSection\":[\"GERAL\"],\"inLanguage\":\"pt-PT\",\"potentialAction\":[{\"@type\":\"CommentAction\",\"name\":\"Comment\",\"target\":[\"https:\\\/\\\/aliancaevangelica.pt\\\/site\\\/corona-virus-recomendacoes\\\/#respond\"]}]},{\"@type\":\"WebPage\",\"@id\":\"https:\\\/\\\/aliancaevangelica.pt\\\/site\\\/corona-virus-recomendacoes\\\/\",\"url\":\"https:\\\/\\\/aliancaevangelica.pt\\\/site\\\/corona-virus-recomendacoes\\\/\",\"name\":\"Coronav\u00edrus - Recomenda\u00e7\u00f5es - AEP\",\"isPartOf\":{\"@id\":\"https:\\\/\\\/aliancaevangelica.pt\\\/site\\\/#website\"},\"primaryImageOfPage\":{\"@id\":\"https:\\\/\\\/aliancaevangelica.pt\\\/site\\\/corona-virus-recomendacoes\\\/#primaryimage\"},\"image\":{\"@id\":\"https:\\\/\\\/aliancaevangelica.pt\\\/site\\\/corona-virus-recomendacoes\\\/#primaryimage\"},\"thumbnailUrl\":\"https:\\\/\\\/aliancaevangelica.pt\\\/site\\\/wp-content\\\/uploads\\\/2020\\\/03\\\/coronavirus.jpg\",\"datePublished\":\"2020-03-07T02:03:20+00:00\",\"dateModified\":\"2020-03-07T02:12:59+00:00\",\"breadcrumb\":{\"@id\":\"https:\\\/\\\/aliancaevangelica.pt\\\/site\\\/corona-virus-recomendacoes\\\/#breadcrumb\"},\"inLanguage\":\"pt-PT\",\"potentialAction\":[{\"@type\":\"ReadAction\",\"target\":[\"https:\\\/\\\/aliancaevangelica.pt\\\/site\\\/corona-virus-recomendacoes\\\/\"]}]},{\"@type\":\"ImageObject\",\"inLanguage\":\"pt-PT\",\"@id\":\"https:\\\/\\\/aliancaevangelica.pt\\\/site\\\/corona-virus-recomendacoes\\\/#primaryimage\",\"url\":\"https:\\\/\\\/aliancaevangelica.pt\\\/site\\\/wp-content\\\/uploads\\\/2020\\\/03\\\/coronavirus.jpg\",\"contentUrl\":\"https:\\\/\\\/aliancaevangelica.pt\\\/site\\\/wp-content\\\/uploads\\\/2020\\\/03\\\/coronavirus.jpg\",\"width\":1920,\"height\":780},{\"@type\":\"BreadcrumbList\",\"@id\":\"https:\\\/\\\/aliancaevangelica.pt\\\/site\\\/corona-virus-recomendacoes\\\/#breadcrumb\",\"itemListElement\":[{\"@type\":\"ListItem\",\"position\":1,\"name\":\"In\u00edcio\",\"item\":\"https:\\\/\\\/aliancaevangelica.pt\\\/site\\\/\"},{\"@type\":\"ListItem\",\"position\":2,\"name\":\"Coronav\u00edrus &#8211; Recomenda\u00e7\u00f5es\"}]},{\"@type\":\"WebSite\",\"@id\":\"https:\\\/\\\/aliancaevangelica.pt\\\/site\\\/#website\",\"url\":\"https:\\\/\\\/aliancaevangelica.pt\\\/site\\\/\",\"name\":\"Alian\u00e7a Evang\u00e9lica Portuguesa\",\"description\":\"Alian\u00e7a Evang\u00e9lica Portuguesa\",\"publisher\":{\"@id\":\"https:\\\/\\\/aliancaevangelica.pt\\\/site\\\/#organization\"},\"potentialAction\":[{\"@type\":\"SearchAction\",\"target\":{\"@type\":\"EntryPoint\",\"urlTemplate\":\"https:\\\/\\\/aliancaevangelica.pt\\\/site\\\/?s={search_term_string}\"},\"query-input\":{\"@type\":\"PropertyValueSpecification\",\"valueRequired\":true,\"valueName\":\"search_term_string\"}}],\"inLanguage\":\"pt-PT\"},{\"@type\":\"Organization\",\"@id\":\"https:\\\/\\\/aliancaevangelica.pt\\\/site\\\/#organization\",\"name\":\"Alian\u00e7a Evang\u00e9lica Portuguesa\",\"url\":\"https:\\\/\\\/aliancaevangelica.pt\\\/site\\\/\",\"logo\":{\"@type\":\"ImageObject\",\"inLanguage\":\"pt-PT\",\"@id\":\"https:\\\/\\\/aliancaevangelica.pt\\\/site\\\/#\\\/schema\\\/logo\\\/image\\\/\",\"url\":\"https:\\\/\\\/aliancaevangelica.pt\\\/site\\\/wp-content\\\/uploads\\\/2017\\\/11\\\/logo-AEP-cor.png\",\"contentUrl\":\"https:\\\/\\\/aliancaevangelica.pt\\\/site\\\/wp-content\\\/uploads\\\/2017\\\/11\\\/logo-AEP-cor.png\",\"width\":1156,\"height\":672,\"caption\":\"Alian\u00e7a Evang\u00e9lica Portuguesa\"},\"image\":{\"@id\":\"https:\\\/\\\/aliancaevangelica.pt\\\/site\\\/#\\\/schema\\\/logo\\\/image\\\/\"},\"sameAs\":[\"http:\\\/\\\/facebook.com\\\/aeportuguesa\",\"http:\\\/\\\/instagram.com\\\/aliancaep\",\"http:\\\/\\\/youtube.com\\\/aeportuguesa\"]},{\"@type\":\"Person\",\"@id\":\"https:\\\/\\\/aliancaevangelica.pt\\\/site\\\/#\\\/schema\\\/person\\\/3b47cfc7535eff1e820f31c2d67eafcf\",\"name\":\"AEP\",\"sameAs\":[\"aeportugal\"],\"url\":\"https:\\\/\\\/aliancaevangelica.pt\\\/site\\\/author\\\/aeportugal\\\/\"}]}<\/script>\n<!-- \/ Yoast SEO plugin. -->","yoast_head_json":{"title":"Coronav\u00edrus - Recomenda\u00e7\u00f5es - AEP","robots":{"index":"index","follow":"follow","max-snippet":"max-snippet:-1","max-image-preview":"max-image-preview:large","max-video-preview":"max-video-preview:-1"},"canonical":"https:\/\/aliancaevangelica.pt\/site\/corona-virus-recomendacoes\/","og_locale":"pt_PT","og_type":"article","og_title":"Coronav\u00edrus - Recomenda\u00e7\u00f5es - AEP","og_description":"Durante este per\u00edodo, e at\u00e9 futuros desenvolvimentos da epidemia\/pandemia do Coronav\u00edrus 19, a Alian\u00e7a Evang\u00e9lica prop\u00f5e, para al\u00e9m das recomenda\u00e7\u00f5es da Dire\u00e7\u00e3o Geral de Sa\u00fade, que: 1 &#8211; \u00c0 entrada de cada local de culto ou reuni\u00e3o haja dispensadores de solu\u00e7\u00e3o alco\u00f3lica desinfetante para as m\u00e3os. Todos os participantes destas reuni\u00f5es devem lavar\/desinfetar as m\u00e3os","og_url":"https:\/\/aliancaevangelica.pt\/site\/corona-virus-recomendacoes\/","og_site_name":"AEP","article_publisher":"http:\/\/facebook.com\/aeportuguesa","article_author":"aeportugal","article_published_time":"2020-03-07T02:03:20+00:00","article_modified_time":"2020-03-07T02:12:59+00:00","og_image":[{"width":1920,"height":780,"url":"https:\/\/aliancaevangelica.pt\/site\/wp-content\/uploads\/2020\/03\/coronavirus.jpg","type":"image\/jpeg"}],"author":"AEP","twitter_card":"summary_large_image","twitter_misc":{"Escrito por":"AEP","Tempo estimado de leitura":"2 minutos"},"schema":{"@context":"https:\/\/schema.org","@graph":[{"@type":"Article","@id":"https:\/\/aliancaevangelica.pt\/site\/corona-virus-recomendacoes\/#article","isPartOf":{"@id":"https:\/\/aliancaevangelica.pt\/site\/corona-virus-recomendacoes\/"},"author":{"name":"AEP","@id":"https:\/\/aliancaevangelica.pt\/site\/#\/schema\/person\/3b47cfc7535eff1e820f31c2d67eafcf"},"headline":"Coronav\u00edrus &#8211; Recomenda\u00e7\u00f5es","datePublished":"2020-03-07T02:03:20+00:00","dateModified":"2020-03-07T02:12:59+00:00","mainEntityOfPage":{"@id":"https:\/\/aliancaevangelica.pt\/site\/corona-virus-recomendacoes\/"},"wordCount":363,"commentCount":0,"publisher":{"@id":"https:\/\/aliancaevangelica.pt\/site\/#organization"},"image":{"@id":"https:\/\/aliancaevangelica.pt\/site\/corona-virus-recomendacoes\/#primaryimage"},"thumbnailUrl":"https:\/\/aliancaevangelica.pt\/site\/wp-content\/uploads\/2020\/03\/coronavirus.jpg","keywords":["1-Geral","Not\u00edcias"],"articleSection":["GERAL"],"inLanguage":"pt-PT","potentialAction":[{"@type":"CommentAction","name":"Comment","target":["https:\/\/aliancaevangelica.pt\/site\/corona-virus-recomendacoes\/#respond"]}]},{"@type":"WebPage","@id":"https:\/\/aliancaevangelica.pt\/site\/corona-virus-recomendacoes\/","url":"https:\/\/aliancaevangelica.pt\/site\/corona-virus-recomendacoes\/","name":"Coronav\u00edrus - Recomenda\u00e7\u00f5es - AEP","isPartOf":{"@id":"https:\/\/aliancaevangelica.pt\/site\/#website"},"primaryImageOfPage":{"@id":"https:\/\/aliancaevangelica.pt\/site\/corona-virus-recomendacoes\/#primaryimage"},"image":{"@id":"https:\/\/aliancaevangelica.pt\/site\/corona-virus-recomendacoes\/#primaryimage"},"thumbnailUrl":"https:\/\/aliancaevangelica.pt\/site\/wp-content\/uploads\/2020\/03\/coronavirus.jpg","datePublished":"2020-03-07T02:03:20+00:00","dateModified":"2020-03-07T02:12:59+00:00","breadcrumb":{"@id":"https:\/\/aliancaevangelica.pt\/site\/corona-virus-recomendacoes\/#breadcrumb"},"inLanguage":"pt-PT","potentialAction":[{"@type":"ReadAction","target":["https:\/\/aliancaevangelica.pt\/site\/corona-virus-recomendacoes\/"]}]},{"@type":"ImageObject","inLanguage":"pt-PT","@id":"https:\/\/aliancaevangelica.pt\/site\/corona-virus-recomendacoes\/#primaryimage","url":"https:\/\/aliancaevangelica.pt\/site\/wp-content\/uploads\/2020\/03\/coronavirus.jpg","contentUrl":"https:\/\/aliancaevangelica.pt\/site\/wp-content\/uploads\/2020\/03\/coronavirus.jpg","width":1920,"height":780},{"@type":"BreadcrumbList","@id":"https:\/\/aliancaevangelica.pt\/site\/corona-virus-recomendacoes\/#breadcrumb","itemListElement":[{"@type":"ListItem","position":1,"name":"In\u00edcio","item":"https:\/\/aliancaevangelica.pt\/site\/"},{"@type":"ListItem","position":2,"name":"Coronav\u00edrus &#8211; Recomenda\u00e7\u00f5es"}]},{"@type":"WebSite","@id":"https:\/\/aliancaevangelica.pt\/site\/#website","url":"https:\/\/aliancaevangelica.pt\/site\/","name":"Alian\u00e7a Evang\u00e9lica Portuguesa","description":"Alian\u00e7a Evang\u00e9lica Portuguesa","publisher":{"@id":"https:\/\/aliancaevangelica.pt\/site\/#organization"},"potentialAction":[{"@type":"SearchAction","target":{"@type":"EntryPoint","urlTemplate":"https:\/\/aliancaevangelica.pt\/site\/?s={search_term_string}"},"query-input":{"@type":"PropertyValueSpecification","valueRequired":true,"valueName":"search_term_string"}}],"inLanguage":"pt-PT"},{"@type":"Organization","@id":"https:\/\/aliancaevangelica.pt\/site\/#organization","name":"Alian\u00e7a Evang\u00e9lica Portuguesa","url":"https:\/\/aliancaevangelica.pt\/site\/","logo":{"@type":"ImageObject","inLanguage":"pt-PT","@id":"https:\/\/aliancaevangelica.pt\/site\/#\/schema\/logo\/image\/","url":"https:\/\/aliancaevangelica.pt\/site\/wp-content\/uploads\/2017\/11\/logo-AEP-cor.png","contentUrl":"https:\/\/aliancaevangelica.pt\/site\/wp-content\/uploads\/2017\/11\/logo-AEP-cor.png","width":1156,"height":672,"caption":"Alian\u00e7a Evang\u00e9lica Portuguesa"},"image":{"@id":"https:\/\/aliancaevangelica.pt\/site\/#\/schema\/logo\/image\/"},"sameAs":["http:\/\/facebook.com\/aeportuguesa","http:\/\/instagram.com\/aliancaep","http:\/\/youtube.com\/aeportuguesa"]},{"@type":"Person","@id":"https:\/\/aliancaevangelica.pt\/site\/#\/schema\/person\/3b47cfc7535eff1e820f31c2d67eafcf","name":"AEP","sameAs":["aeportugal"],"url":"https:\/\/aliancaevangelica.pt\/site\/author\/aeportugal\/"}]}},"uagb_featured_image_src":{"full":["https:\/\/aliancaevangelica.pt\/site\/wp-content\/uploads\/2020\/03\/coronavirus.jpg",1920,780,false],"thumbnail":["https:\/\/aliancaevangelica.pt\/site\/wp-content\/uploads\/2020\/03\/coronavirus-150x150.jpg",150,150,true],"medium":["https:\/\/aliancaevangelica.pt\/site\/wp-content\/uploads\/2020\/03\/coronavirus-300x122.jpg",300,122,true],"medium_large":["https:\/\/aliancaevangelica.pt\/site\/wp-content\/uploads\/2020\/03\/coronavirus-768x312.jpg",768,312,true],"large":["https:\/\/aliancaevangelica.pt\/site\/wp-content\/uploads\/2020\/03\/coronavirus-1024x416.jpg",960,390,true],"1536x1536":["https:\/\/aliancaevangelica.pt\/site\/wp-content\/uploads\/2020\/03\/coronavirus.jpg",1536,624,false],"2048x2048":["https:\/\/aliancaevangelica.pt\/site\/wp-content\/uploads\/2020\/03\/coronavirus.jpg",1920,780,false],"vp_sm":["https:\/\/aliancaevangelica.pt\/site\/wp-content\/uploads\/2020\/03\/coronavirus.jpg",500,203,false],"vp_md":["https:\/\/aliancaevangelica.pt\/site\/wp-content\/uploads\/2020\/03\/coronavirus.jpg",800,325,false],"vp_lg":["https:\/\/aliancaevangelica.pt\/site\/wp-content\/uploads\/2020\/03\/coronavirus.jpg",1280,520,false],"vp_xl":["https:\/\/aliancaevangelica.pt\/site\/wp-content\/uploads\/2020\/03\/coronavirus.jpg",1920,780,false],"vp_sm_popup":["https:\/\/aliancaevangelica.pt\/site\/wp-content\/uploads\/2020\/03\/coronavirus.jpg",500,203,false],"vp_md_popup":["https:\/\/aliancaevangelica.pt\/site\/wp-content\/uploads\/2020\/03\/coronavirus.jpg",800,325,false],"vp_xl_popup":["https:\/\/aliancaevangelica.pt\/site\/wp-content\/uploads\/2020\/03\/coronavirus.jpg",1920,780,false],"newsx-150x100":["https:\/\/aliancaevangelica.pt\/site\/wp-content\/uploads\/2020\/03\/coronavirus.jpg",150,61,false],"newsx-330x220":["https:\/\/aliancaevangelica.pt\/site\/wp-content\/uploads\/2020\/03\/coronavirus.jpg",330,134,false],"newsx-420x280":["https:\/\/aliancaevangelica.pt\/site\/wp-content\/uploads\/2020\/03\/coronavirus.jpg",420,171,false],"newsx-510x340":["https:\/\/aliancaevangelica.pt\/site\/wp-content\/uploads\/2020\/03\/coronavirus.jpg",510,207,false],"newsx-640x480":["https:\/\/aliancaevangelica.pt\/site\/wp-content\/uploads\/2020\/03\/coronavirus.jpg",640,260,false],"newsx-670x370":["https:\/\/aliancaevangelica.pt\/site\/wp-content\/uploads\/2020\/03\/coronavirus.jpg",670,272,false],"newsx-860x570":["https:\/\/aliancaevangelica.pt\/site\/wp-content\/uploads\/2020\/03\/coronavirus.jpg",860,349,false],"newsx-1000x750":["https:\/\/aliancaevangelica.pt\/site\/wp-content\/uploads\/2020\/03\/coronavirus.jpg",1000,406,false],"newsx-1200x600":["https:\/\/aliancaevangelica.pt\/site\/wp-content\/uploads\/2020\/03\/coronavirus.jpg",1200,488,false]},"uagb_author_info":{"display_name":"AEP","author_link":"https:\/\/aliancaevangelica.pt\/site\/author\/aeportugal\/"},"uagb_comment_info":0,"uagb_excerpt":"Durante este per\u00edodo, e at\u00e9 futuros desenvolvimentos da epidemia\/pandemia do Coronav\u00edrus 19, a Alian\u00e7a Evang\u00e9lica prop\u00f5e, para al\u00e9m das recomenda\u00e7\u00f5es da Dire\u00e7\u00e3o Geral de Sa\u00fade, que: 1 &#8211; \u00c0 entrada de cada local de culto ou reuni\u00e3o haja dispensadores de solu\u00e7\u00e3o alco\u00f3lica desinfetante para as m\u00e3os. Todos os participantes destas reuni\u00f5es devem lavar\/desinfetar as m\u00e3os","_links":{"self":[{"href":"https:\/\/aliancaevangelica.pt\/site\/wp-json\/wp\/v2\/posts\/18073","targetHints":{"allow":["GET"]}}],"collection":[{"href":"https:\/\/aliancaevangelica.pt\/site\/wp-json\/wp\/v2\/posts"}],"about":[{"href":"https:\/\/aliancaevangelica.pt\/site\/wp-json\/wp\/v2\/types\/post"}],"author":[{"embeddable":true,"href":"https:\/\/aliancaevangelica.pt\/site\/wp-json\/wp\/v2\/users\/2"}],"replies":[{"embeddable":true,"href":"https:\/\/aliancaevangelica.pt\/site\/wp-json\/wp\/v2\/comments?post=18073"}],"version-history":[{"count":2,"href":"https:\/\/aliancaevangelica.pt\/site\/wp-json\/wp\/v2\/posts\/18073\/revisions"}],"predecessor-version":[{"id":18082,"href":"https:\/\/aliancaevangelica.pt\/site\/wp-json\/wp\/v2\/posts\/18073\/revisions\/18082"}],"wp:featuredmedia":[{"embeddable":true,"href":"https:\/\/aliancaevangelica.pt\/site\/wp-json\/wp\/v2\/media\/18074"}],"wp:attachment":[{"href":"https:\/\/aliancaevangelica.pt\/site\/wp-json\/wp\/v2\/media?parent=18073"}],"wp:term":[{"taxonomy":"category","embeddable":true,"href":"https:\/\/aliancaevangelica.pt\/site\/wp-json\/wp\/v2\/categories?post=18073"},{"taxonomy":"post_tag","embeddable":true,"href":"https:\/\/aliancaevangelica.pt\/site\/wp-json\/wp\/v2\/tags?post=18073"}],"curies":[{"name":"wp","href":"https:\/\/api.w.org\/{rel}","templated":true}]}}