{"id":18049,"date":"2020-03-02T21:35:57","date_gmt":"2020-03-02T21:35:57","guid":{"rendered":"https:\/\/aliancaevangelica.pt\/site\/?p=18049"},"modified":"2020-03-02T21:35:57","modified_gmt":"2020-03-02T21:35:57","slug":"40-dias-de-jejum-de-jesus","status":"publish","type":"post","link":"https:\/\/aliancaevangelica.pt\/site\/40-dias-de-jejum-de-jesus\/","title":{"rendered":"40 Dias de Jejum de Jesus"},"content":{"rendered":"<div>At\u00e9 9 de abril est\u00e3o a decorrer os 40 Dias de\u00a0 Jejum de Jesus. Uma oportunidade para estarmos em sintonia com os crist\u00e3os em todos o mundo, ORANDO!!<\/div>\n<div><\/div>\n<div>Mais informa\u00e7\u00f5es em:\u00a0\u00a0<a href=\"https:\/\/www.40diasdejejum.com\/\" target=\"_blank\" rel=\"noopener\" data-saferedirecturl=\"https:\/\/www.google.com\/url?q=https:\/\/www.40diasdejejum.com\/&amp;source=gmail&amp;ust=1583258489275000&amp;usg=AFQjCNFSk-a3ME-oBKY6B4lsKXwrQSvi6Q\">https:\/\/www.40diasdejejum.com\/<\/a><wbr \/><\/div>\n<div><\/div>\n<div><\/div>\n<div><\/div>\n<h4><b>Junte-se a n\u00f3s em 2020, de 1 de Mar\u00e7o a 9 de Abril (40 dias)<\/b><\/h4>\n<div>\n<h4 class=\"p2\"><span class=\"s1\"><b>MOTIVA\u00c7\u00d5ES<\/b><\/span><\/h4>\n<p class=\"p2\"><span class=\"s1\">Existe hoje um Movimento Global que estimula o <b>Jejum,<\/b> a <b>Ora\u00e7\u00e3o<\/b> e o mergulho nas <b>Escrituras<\/b>. Um dos focos deste Movimento Global de consagra\u00e7\u00e3o do povo de Deus \u00e9 a busca de um avivamento.\u00a0<\/span><\/p>\n<p class=\"p2\"><span class=\"s1\">Uma das vozes que tem feito ecoar esta chamada \u00e9 a de Lou Engle, intercessor por reavivamento e co-fundador vision\u00e1rio do The Call, um movimento de ora\u00e7\u00e3o e jejum respons\u00e1vel por reunir centenas de milhares em todo o mundo, inspirado no exemplo do <\/span><span class=\"s2\">evangelista<\/span> <span class=\"s2\">Bill Bright, um dos grandes catalisadores do retorno \u00e0 pr\u00e1tica moderna do jejum e ora\u00e7\u00e3o na Igreja.<\/span><\/p>\n<p class=\"p2\"><span class=\"s1\">Essa vis\u00e3o n\u00e3o \u00e9 dirigida por um homem, ou por um minist\u00e9rio. Centenas de l\u00edderes ao redor do mundo est\u00e3o e ir\u00e3o soprar o prop\u00f3sito desta consagra\u00e7\u00e3o, cheios de f\u00e9, para suas pr\u00f3prias na\u00e7\u00f5es, cidades e igrejas, de acordo com a sensibilidade de cada l\u00edder. <\/span><\/p>\n<p class=\"p2\"><span class=\"s1\">\u201cA sua na\u00e7\u00e3o tem um dom redentor de aben\u00e7oar todas as outras na\u00e7\u00f5es. A\u00a0unidade\u00a0\u00e9\u00a0a\u00a0porta para a manifesta\u00e7\u00e3o deste dom.\u201d (Lou Engle)<\/span><\/p>\n<p class=\"p2\"><span class=\"s1\">Cada um de n\u00f3s deve dar um passo adiante. <\/span><\/p>\n<h4 class=\"p3\"><span class=\"s1\"><b>Faz sentido o mundo inteiro orar por Portugal,<\/b><\/span><\/h4>\n<h4 class=\"p4\"><span class=\"s1\"><b>e n\u00f3s n\u00e3o sermos dos mais empenhados<\/b><\/span><span class=\"s3\"><b>?<\/b><\/span><\/h4>\n<p class=\"p2\"><span class=\"s1\">Em 2 Reis 13:14-19, o Rei Jeo\u00e1s (na tradu\u00e7\u00e3o de Almeida) foi visitar Eliseu, que estava doente da doen\u00e7a que haveria de morrer. Jeo\u00e1s n\u00e3o tinha o h\u00e1bito de procurar a voz prof\u00e9tica, mas quando apertado, gostava de a conhecer. <\/span><\/p>\n<p class=\"p2\"><span class=\"s1\">Quando conduzido por Eliseu com instru\u00e7\u00f5es detalhadas ele sabia corresponder (vs. 15- 17). <\/span><\/p>\n<p class=\"p2\"><span class=\"s1\">Mas quando entregue a si mesmo sem uma dire\u00e7\u00e3o t\u00e3o clara, ele n\u00e3o sabia posicionar-se e s\u00f3 disparou 3 flechas, ferindo o ch\u00e3o tr\u00eas vezes. <b>Se ele soubesse que estava a decidir o futuro dele, teria disparado mais vezes<\/b>, as cinco ou seis que o profeta queria.<span class=\"Apple-converted-space\">\u00a0 \u00a0 \u00a0 \u00a0 \u00a0<\/span><\/span><\/p>\n<h4 class=\"p2\"><span class=\"s1\"><b>INTEN\u00c7\u00d5ES<\/b><\/span><\/h4>\n<p class=\"p2\"><span class=\"s1\">Os que j\u00e1 sabem jejuar devem levar o seu jejum a um novo n\u00edvel. Os que ainda n\u00e3o sabem devem experimentar para come\u00e7arem a aprender.<\/span><\/p>\n<p class=\"p2\"><span class=\"s1\">Os que sabem orar devem elevar a sua intercess\u00e3o at\u00e9 onde ela ainda n\u00e3o foi, e os que n\u00e3o sabem orar devem ser convidados a experi\u00eancias enriquecedoras como os <b>Trios de Ora\u00e7\u00e3o<\/b>, onde aprender\u00e3o a orar para al\u00e9m das suas necessidades pessoais, ora\u00e7\u00f5es com alcance mission\u00e1rio.<\/span><\/p>\n<p class=\"p2\"><span class=\"s1\">Se Deus respondesse a todas as ora\u00e7\u00f5es que fizemos esta semana o que mudaria<\/span><span class=\"s3\">?<\/span><span class=\"s1\"> Talvez, s\u00f3 a minha vida, porque n\u00e3o tenho o h\u00e1bito de orar sempre pela unidade do povo de Deus, por miss\u00f5es, por discipulado, por alcance de vidas. <\/span><\/p>\n<p class=\"p2\"><span class=\"s1\">Os que sabem e t\u00eam o h\u00e1bito de ler a B\u00edblia devem mergulhar na Palavra com uma nova intensidade, e os que ainda n\u00e3o fazem disso o seu estilo de vida devem experimentar dar esses mergulhos para descobrirem o Deus que fala pela Sua Palavra.\u00a0<\/span><\/p>\n<h4 class=\"p2\"><span class=\"s1\"><b>A\u00c7\u00d5ES<\/b><\/span><\/h4>\n<p class=\"p2\"><span class=\"s1\">Para tal, existir\u00e3o diferentes modalidades de jejum adequadas \u00e0 maturidade e \u00e0 sa\u00fade de cada um. O mesmo acontecer\u00e1 relativamente \u00e0 Ora\u00e7\u00e3o e ao mergulho na Palavra.<span class=\"Apple-converted-space\">\u00a0 \u00a0<\/span><\/span><\/p>\n<p class=\"p2\"><span class=\"s1\"><b>No jejum<\/b>: 1) alguns far\u00e3o jejum total, mas limitado a per\u00edodos de 3 dias; 2) outros ir\u00e3o aventurar-se a um jejum com \u00e1gua apenas; 3) outros, ainda, atravessar\u00e3o essa experi\u00eancia com sumos de frutas e vegetais, para irem repondo as vitaminas e os sais minerais; 4) outros, far\u00e3o o jejum de Daniel, com vegetais e frutas; 5) enquanto outros suprimir\u00e3o uma refei\u00e7\u00e3o principal ou reduzir\u00e3o as suas refei\u00e7\u00f5es di\u00e1rias a apenas uma; 6) os que n\u00e3o podem ou n\u00e3o conseguem de todo fazer jejum, suprimir\u00e3o algum alimento de que gostam muito como uma oferta de consagra\u00e7\u00e3o a Deus, cada uma na sua dimens\u00e3o; 7) podendo ser inclu\u00eddos jejuns de televis\u00e3o, s\u00e9ries, redes sociais, para criar momentos de encontro com nosso Deus, subtraindo as distra\u00e7\u00f5es.<\/span><\/p>\n<p class=\"p2\"><span class=\"s1\">Na <b>Ora\u00e7\u00e3o<\/b>, desafiaremos as pessoas a envolverem-se em <b>Trios<\/b>, a orarem 10 a 15 minutos ao se levantarem e noutros momentos ao longo do dia, al\u00e9m de participarem de Vig\u00edlias e de Semanas de Ora\u00e7\u00e3o que as suas igrejas locais promovam.<span class=\"Apple-converted-space\">\u00a0 \u00a0<\/span><\/span><\/p>\n<p class=\"p2\"><span class=\"s1\">Nos <b>Trios de Ora\u00e7\u00e3o<\/b>, pedimos <\/span><span class=\"s4\">a<\/span><span class=\"s1\"><span class=\"Apple-converted-space\">\u00a0 <\/span>que cada pessoa que deseja envolver-se: 1) arranje dois companheiros de ora\u00e7\u00e3o, 2) assuma a responsabilidade de conversar com frequ\u00eancia com Deus a respeito do mundo em que vive, 3) reconhe\u00e7a a relev\u00e2ncia de orar com outros crist\u00e3os, 4) aprenda a ajudar os outros crist\u00e3os e a si mesmo a ter uma vida de ora\u00e7\u00e3o eficaz. <\/span><\/p>\n<p class=\"p2\"><span class=\"s1\">Os <b>Tempos de Ora\u00e7\u00e3o<\/b> podem ser de 30 minutos uma vez por semana e focar\u00e3o: 1) o crescimento espiritual de cada membro do grupo e das respectivas igrejas, 2) a salva\u00e7\u00e3o dos amigos e familiares e 3) o trabalho mundial de Deus, escolhendo cada um deles um pa\u00eds, apoiando em ora\u00e7\u00e3o minist\u00e9rios e pessoas especificas desse pa\u00eds.<\/span><\/p>\n<p class=\"p2\"><span class=\"s1\">Na <b>Leitura B\u00edblica<\/b>, recorrendo a Apps como a <b>YouVersion<\/b>, proporemos desafios como: a\u00a0leitura do Novo Testamento em 40 dias, para os leitores mais avan\u00e7ados (7 cap\u00edtulos por dia). Ou desafios menores, para os menos experimentados como: ler os Evangelhos em 40 dias (3 cap\u00edtulos por dia). Ou apenas o Evangelho de Marcos e o Livro de Atos (1 cap\u00edtulo por dia). Ou apenas o Evangelho de Marcos ( meio cap\u00edtulo por dia), para os completamente inexperientes. <\/span><\/p>\n<p class=\"p2\"><span class=\"s1\">Para fortalecer a nossa vis\u00e3o b\u00edblica e melhor compreendermos o que lemos, podemos visualizar os v\u00eddeos produzidos pelo <b>The Bible Project <\/b>do Novo Testamento e do Velho Testamento, que j\u00e1 disp\u00f5em de legendas em portugu\u00eas e s\u00e3o um forte est\u00edmulo para nos apaixonarmos pelo texto, mesmo sem contacto pr\u00e9vio com a B\u00edblia. <\/span><\/p>\n<p class=\"p2\"><span class=\"s1\">A for\u00e7a desta estrat\u00e9gia deve ser confiada \u00e0s <b>crian\u00e7as, aos adolescentes e aos jovens<\/b>, <b>cabendo aos adultos criar o suporte<\/b> para o que eles v\u00e3o desenvolver, <b>orando por eles<\/b>, <b>mentoreandoos<\/b>, <b>encorajando-os<\/b>, <b>capacitando-os<\/b>, <b>investindo neles<\/b>, <b>afirmando-os<\/b>, <b>protegendo-os<\/b> e <b>nutrindo-os<\/b>. <span class=\"Apple-converted-space\">\u00a0 \u00a0<\/span><\/span><\/p>\n<p class=\"p3\"><span class=\"s1\">Deus chama-nos para <b>tomarmos uma posi\u00e7\u00e3o\u00a0<\/b><\/span><span class=\"s1\">e \u00e9 importante reconhecermos o tempo da nossa visita\u00e7\u00e3o.<\/span><\/p>\n<p class=\"p3\"><span class=\"s1\">Este \u00e9 o tipo de iniciativa em que podemos <b>ter<\/b> e <b>expressar\u00a0<\/b><\/span><span class=\"s1\">a nossa <b>unidade no Corpo de Cristo<\/b>!<\/span><\/p>\n<\/div>\n","protected":false},"excerpt":{"rendered":"<p>At\u00e9 9 de abril est\u00e3o a decorrer os 40 Dias de\u00a0 Jejum de Jesus. Uma oportunidade para estarmos em sintonia com os crist\u00e3os em todos o mundo, ORANDO!! Mais informa\u00e7\u00f5es<\/p>\n","protected":false},"author":2,"featured_media":18052,"comment_status":"open","ping_status":"open","sticky":false,"template":"","format":"standard","meta":{"_uag_custom_page_level_css":"","_themeisle_gutenberg_block_has_review":false,"_vp_format_video_url":"","_vp_image_focal_point":[],"footnotes":""},"categories":[45,46,7],"tags":[],"class_list":["post-18049","post","type-post","status-publish","format-standard","has-post-thumbnail","hentry","category-geral","category-eventos","category-noticias"],"yoast_head":"<!-- This site is optimized with the Yoast SEO plugin v27.5 - https:\/\/yoast.com\/product\/yoast-seo-wordpress\/ -->\n<title>40 Dias de Jejum de Jesus - AEP<\/title>\n<meta name=\"robots\" content=\"index, follow, max-snippet:-1, max-image-preview:large, max-video-preview:-1\" \/>\n<link rel=\"canonical\" href=\"https:\/\/aliancaevangelica.pt\/site\/40-dias-de-jejum-de-jesus\/\" \/>\n<meta property=\"og:locale\" content=\"pt_PT\" \/>\n<meta property=\"og:type\" content=\"article\" \/>\n<meta property=\"og:title\" content=\"40 Dias de Jejum de Jesus - AEP\" \/>\n<meta property=\"og:description\" content=\"At\u00e9 9 de abril est\u00e3o a decorrer os 40 Dias de\u00a0 Jejum de Jesus. Uma oportunidade para estarmos em sintonia com os crist\u00e3os em todos o mundo, ORANDO!! Mais informa\u00e7\u00f5es\" \/>\n<meta property=\"og:url\" content=\"https:\/\/aliancaevangelica.pt\/site\/40-dias-de-jejum-de-jesus\/\" \/>\n<meta property=\"og:site_name\" content=\"AEP\" \/>\n<meta property=\"article:publisher\" content=\"http:\/\/facebook.com\/aeportuguesa\" \/>\n<meta property=\"article:author\" content=\"aeportugal\" \/>\n<meta property=\"article:published_time\" content=\"2020-03-02T21:35:57+00:00\" \/>\n<meta property=\"og:image\" content=\"https:\/\/aliancaevangelica.pt\/site\/wp-content\/uploads\/2020\/03\/slider-4.jpg\" \/>\n\t<meta property=\"og:image:width\" content=\"1920\" \/>\n\t<meta property=\"og:image:height\" content=\"1005\" \/>\n\t<meta property=\"og:image:type\" content=\"image\/jpeg\" \/>\n<meta name=\"author\" content=\"AEP\" \/>\n<meta name=\"twitter:card\" content=\"summary_large_image\" \/>\n<meta name=\"twitter:label1\" content=\"Escrito por\" \/>\n\t<meta name=\"twitter:data1\" content=\"AEP\" \/>\n\t<meta name=\"twitter:label2\" content=\"Tempo estimado de leitura\" \/>\n\t<meta name=\"twitter:data2\" content=\"5 minutos\" \/>\n<script type=\"application\/ld+json\" class=\"yoast-schema-graph\">{\"@context\":\"https:\\\/\\\/schema.org\",\"@graph\":[{\"@type\":\"Article\",\"@id\":\"https:\\\/\\\/aliancaevangelica.pt\\\/site\\\/40-dias-de-jejum-de-jesus\\\/#article\",\"isPartOf\":{\"@id\":\"https:\\\/\\\/aliancaevangelica.pt\\\/site\\\/40-dias-de-jejum-de-jesus\\\/\"},\"author\":{\"name\":\"AEP\",\"@id\":\"https:\\\/\\\/aliancaevangelica.pt\\\/site\\\/#\\\/schema\\\/person\\\/3b47cfc7535eff1e820f31c2d67eafcf\"},\"headline\":\"40 Dias de Jejum de Jesus\",\"datePublished\":\"2020-03-02T21:35:57+00:00\",\"mainEntityOfPage\":{\"@id\":\"https:\\\/\\\/aliancaevangelica.pt\\\/site\\\/40-dias-de-jejum-de-jesus\\\/\"},\"wordCount\":1102,\"commentCount\":0,\"publisher\":{\"@id\":\"https:\\\/\\\/aliancaevangelica.pt\\\/site\\\/#organization\"},\"image\":{\"@id\":\"https:\\\/\\\/aliancaevangelica.pt\\\/site\\\/40-dias-de-jejum-de-jesus\\\/#primaryimage\"},\"thumbnailUrl\":\"https:\\\/\\\/aliancaevangelica.pt\\\/site\\\/wp-content\\\/uploads\\\/2020\\\/03\\\/slider-4.jpg\",\"articleSection\":[\"1-Geral\",\"Eventos\",\"Not\u00edcias\"],\"inLanguage\":\"pt-PT\",\"potentialAction\":[{\"@type\":\"CommentAction\",\"name\":\"Comment\",\"target\":[\"https:\\\/\\\/aliancaevangelica.pt\\\/site\\\/40-dias-de-jejum-de-jesus\\\/#respond\"]}]},{\"@type\":\"WebPage\",\"@id\":\"https:\\\/\\\/aliancaevangelica.pt\\\/site\\\/40-dias-de-jejum-de-jesus\\\/\",\"url\":\"https:\\\/\\\/aliancaevangelica.pt\\\/site\\\/40-dias-de-jejum-de-jesus\\\/\",\"name\":\"40 Dias de Jejum de Jesus - AEP\",\"isPartOf\":{\"@id\":\"https:\\\/\\\/aliancaevangelica.pt\\\/site\\\/#website\"},\"primaryImageOfPage\":{\"@id\":\"https:\\\/\\\/aliancaevangelica.pt\\\/site\\\/40-dias-de-jejum-de-jesus\\\/#primaryimage\"},\"image\":{\"@id\":\"https:\\\/\\\/aliancaevangelica.pt\\\/site\\\/40-dias-de-jejum-de-jesus\\\/#primaryimage\"},\"thumbnailUrl\":\"https:\\\/\\\/aliancaevangelica.pt\\\/site\\\/wp-content\\\/uploads\\\/2020\\\/03\\\/slider-4.jpg\",\"datePublished\":\"2020-03-02T21:35:57+00:00\",\"breadcrumb\":{\"@id\":\"https:\\\/\\\/aliancaevangelica.pt\\\/site\\\/40-dias-de-jejum-de-jesus\\\/#breadcrumb\"},\"inLanguage\":\"pt-PT\",\"potentialAction\":[{\"@type\":\"ReadAction\",\"target\":[\"https:\\\/\\\/aliancaevangelica.pt\\\/site\\\/40-dias-de-jejum-de-jesus\\\/\"]}]},{\"@type\":\"ImageObject\",\"inLanguage\":\"pt-PT\",\"@id\":\"https:\\\/\\\/aliancaevangelica.pt\\\/site\\\/40-dias-de-jejum-de-jesus\\\/#primaryimage\",\"url\":\"https:\\\/\\\/aliancaevangelica.pt\\\/site\\\/wp-content\\\/uploads\\\/2020\\\/03\\\/slider-4.jpg\",\"contentUrl\":\"https:\\\/\\\/aliancaevangelica.pt\\\/site\\\/wp-content\\\/uploads\\\/2020\\\/03\\\/slider-4.jpg\",\"width\":1920,\"height\":1005},{\"@type\":\"BreadcrumbList\",\"@id\":\"https:\\\/\\\/aliancaevangelica.pt\\\/site\\\/40-dias-de-jejum-de-jesus\\\/#breadcrumb\",\"itemListElement\":[{\"@type\":\"ListItem\",\"position\":1,\"name\":\"In\u00edcio\",\"item\":\"https:\\\/\\\/aliancaevangelica.pt\\\/site\\\/\"},{\"@type\":\"ListItem\",\"position\":2,\"name\":\"40 Dias de Jejum de Jesus\"}]},{\"@type\":\"WebSite\",\"@id\":\"https:\\\/\\\/aliancaevangelica.pt\\\/site\\\/#website\",\"url\":\"https:\\\/\\\/aliancaevangelica.pt\\\/site\\\/\",\"name\":\"Alian\u00e7a Evang\u00e9lica Portuguesa\",\"description\":\"Alian\u00e7a Evang\u00e9lica Portuguesa\",\"publisher\":{\"@id\":\"https:\\\/\\\/aliancaevangelica.pt\\\/site\\\/#organization\"},\"potentialAction\":[{\"@type\":\"SearchAction\",\"target\":{\"@type\":\"EntryPoint\",\"urlTemplate\":\"https:\\\/\\\/aliancaevangelica.pt\\\/site\\\/?s={search_term_string}\"},\"query-input\":{\"@type\":\"PropertyValueSpecification\",\"valueRequired\":true,\"valueName\":\"search_term_string\"}}],\"inLanguage\":\"pt-PT\"},{\"@type\":\"Organization\",\"@id\":\"https:\\\/\\\/aliancaevangelica.pt\\\/site\\\/#organization\",\"name\":\"Alian\u00e7a Evang\u00e9lica Portuguesa\",\"url\":\"https:\\\/\\\/aliancaevangelica.pt\\\/site\\\/\",\"logo\":{\"@type\":\"ImageObject\",\"inLanguage\":\"pt-PT\",\"@id\":\"https:\\\/\\\/aliancaevangelica.pt\\\/site\\\/#\\\/schema\\\/logo\\\/image\\\/\",\"url\":\"https:\\\/\\\/aliancaevangelica.pt\\\/site\\\/wp-content\\\/uploads\\\/2017\\\/11\\\/logo-AEP-cor.png\",\"contentUrl\":\"https:\\\/\\\/aliancaevangelica.pt\\\/site\\\/wp-content\\\/uploads\\\/2017\\\/11\\\/logo-AEP-cor.png\",\"width\":1156,\"height\":672,\"caption\":\"Alian\u00e7a Evang\u00e9lica Portuguesa\"},\"image\":{\"@id\":\"https:\\\/\\\/aliancaevangelica.pt\\\/site\\\/#\\\/schema\\\/logo\\\/image\\\/\"},\"sameAs\":[\"http:\\\/\\\/facebook.com\\\/aeportuguesa\",\"http:\\\/\\\/instagram.com\\\/aliancaep\",\"http:\\\/\\\/youtube.com\\\/aeportuguesa\"]},{\"@type\":\"Person\",\"@id\":\"https:\\\/\\\/aliancaevangelica.pt\\\/site\\\/#\\\/schema\\\/person\\\/3b47cfc7535eff1e820f31c2d67eafcf\",\"name\":\"AEP\",\"sameAs\":[\"aeportugal\"],\"url\":\"https:\\\/\\\/aliancaevangelica.pt\\\/site\\\/author\\\/aeportugal\\\/\"}]}<\/script>\n<!-- \/ Yoast SEO plugin. -->","yoast_head_json":{"title":"40 Dias de Jejum de Jesus - AEP","robots":{"index":"index","follow":"follow","max-snippet":"max-snippet:-1","max-image-preview":"max-image-preview:large","max-video-preview":"max-video-preview:-1"},"canonical":"https:\/\/aliancaevangelica.pt\/site\/40-dias-de-jejum-de-jesus\/","og_locale":"pt_PT","og_type":"article","og_title":"40 Dias de Jejum de Jesus - AEP","og_description":"At\u00e9 9 de abril est\u00e3o a decorrer os 40 Dias de\u00a0 Jejum de Jesus. Uma oportunidade para estarmos em sintonia com os crist\u00e3os em todos o mundo, ORANDO!! Mais informa\u00e7\u00f5es","og_url":"https:\/\/aliancaevangelica.pt\/site\/40-dias-de-jejum-de-jesus\/","og_site_name":"AEP","article_publisher":"http:\/\/facebook.com\/aeportuguesa","article_author":"aeportugal","article_published_time":"2020-03-02T21:35:57+00:00","og_image":[{"width":1920,"height":1005,"url":"https:\/\/aliancaevangelica.pt\/site\/wp-content\/uploads\/2020\/03\/slider-4.jpg","type":"image\/jpeg"}],"author":"AEP","twitter_card":"summary_large_image","twitter_misc":{"Escrito por":"AEP","Tempo estimado de leitura":"5 minutos"},"schema":{"@context":"https:\/\/schema.org","@graph":[{"@type":"Article","@id":"https:\/\/aliancaevangelica.pt\/site\/40-dias-de-jejum-de-jesus\/#article","isPartOf":{"@id":"https:\/\/aliancaevangelica.pt\/site\/40-dias-de-jejum-de-jesus\/"},"author":{"name":"AEP","@id":"https:\/\/aliancaevangelica.pt\/site\/#\/schema\/person\/3b47cfc7535eff1e820f31c2d67eafcf"},"headline":"40 Dias de Jejum de Jesus","datePublished":"2020-03-02T21:35:57+00:00","mainEntityOfPage":{"@id":"https:\/\/aliancaevangelica.pt\/site\/40-dias-de-jejum-de-jesus\/"},"wordCount":1102,"commentCount":0,"publisher":{"@id":"https:\/\/aliancaevangelica.pt\/site\/#organization"},"image":{"@id":"https:\/\/aliancaevangelica.pt\/site\/40-dias-de-jejum-de-jesus\/#primaryimage"},"thumbnailUrl":"https:\/\/aliancaevangelica.pt\/site\/wp-content\/uploads\/2020\/03\/slider-4.jpg","articleSection":["1-Geral","Eventos","Not\u00edcias"],"inLanguage":"pt-PT","potentialAction":[{"@type":"CommentAction","name":"Comment","target":["https:\/\/aliancaevangelica.pt\/site\/40-dias-de-jejum-de-jesus\/#respond"]}]},{"@type":"WebPage","@id":"https:\/\/aliancaevangelica.pt\/site\/40-dias-de-jejum-de-jesus\/","url":"https:\/\/aliancaevangelica.pt\/site\/40-dias-de-jejum-de-jesus\/","name":"40 Dias de Jejum de Jesus - AEP","isPartOf":{"@id":"https:\/\/aliancaevangelica.pt\/site\/#website"},"primaryImageOfPage":{"@id":"https:\/\/aliancaevangelica.pt\/site\/40-dias-de-jejum-de-jesus\/#primaryimage"},"image":{"@id":"https:\/\/aliancaevangelica.pt\/site\/40-dias-de-jejum-de-jesus\/#primaryimage"},"thumbnailUrl":"https:\/\/aliancaevangelica.pt\/site\/wp-content\/uploads\/2020\/03\/slider-4.jpg","datePublished":"2020-03-02T21:35:57+00:00","breadcrumb":{"@id":"https:\/\/aliancaevangelica.pt\/site\/40-dias-de-jejum-de-jesus\/#breadcrumb"},"inLanguage":"pt-PT","potentialAction":[{"@type":"ReadAction","target":["https:\/\/aliancaevangelica.pt\/site\/40-dias-de-jejum-de-jesus\/"]}]},{"@type":"ImageObject","inLanguage":"pt-PT","@id":"https:\/\/aliancaevangelica.pt\/site\/40-dias-de-jejum-de-jesus\/#primaryimage","url":"https:\/\/aliancaevangelica.pt\/site\/wp-content\/uploads\/2020\/03\/slider-4.jpg","contentUrl":"https:\/\/aliancaevangelica.pt\/site\/wp-content\/uploads\/2020\/03\/slider-4.jpg","width":1920,"height":1005},{"@type":"BreadcrumbList","@id":"https:\/\/aliancaevangelica.pt\/site\/40-dias-de-jejum-de-jesus\/#breadcrumb","itemListElement":[{"@type":"ListItem","position":1,"name":"In\u00edcio","item":"https:\/\/aliancaevangelica.pt\/site\/"},{"@type":"ListItem","position":2,"name":"40 Dias de Jejum de Jesus"}]},{"@type":"WebSite","@id":"https:\/\/aliancaevangelica.pt\/site\/#website","url":"https:\/\/aliancaevangelica.pt\/site\/","name":"Alian\u00e7a Evang\u00e9lica Portuguesa","description":"Alian\u00e7a Evang\u00e9lica Portuguesa","publisher":{"@id":"https:\/\/aliancaevangelica.pt\/site\/#organization"},"potentialAction":[{"@type":"SearchAction","target":{"@type":"EntryPoint","urlTemplate":"https:\/\/aliancaevangelica.pt\/site\/?s={search_term_string}"},"query-input":{"@type":"PropertyValueSpecification","valueRequired":true,"valueName":"search_term_string"}}],"inLanguage":"pt-PT"},{"@type":"Organization","@id":"https:\/\/aliancaevangelica.pt\/site\/#organization","name":"Alian\u00e7a Evang\u00e9lica Portuguesa","url":"https:\/\/aliancaevangelica.pt\/site\/","logo":{"@type":"ImageObject","inLanguage":"pt-PT","@id":"https:\/\/aliancaevangelica.pt\/site\/#\/schema\/logo\/image\/","url":"https:\/\/aliancaevangelica.pt\/site\/wp-content\/uploads\/2017\/11\/logo-AEP-cor.png","contentUrl":"https:\/\/aliancaevangelica.pt\/site\/wp-content\/uploads\/2017\/11\/logo-AEP-cor.png","width":1156,"height":672,"caption":"Alian\u00e7a Evang\u00e9lica Portuguesa"},"image":{"@id":"https:\/\/aliancaevangelica.pt\/site\/#\/schema\/logo\/image\/"},"sameAs":["http:\/\/facebook.com\/aeportuguesa","http:\/\/instagram.com\/aliancaep","http:\/\/youtube.com\/aeportuguesa"]},{"@type":"Person","@id":"https:\/\/aliancaevangelica.pt\/site\/#\/schema\/person\/3b47cfc7535eff1e820f31c2d67eafcf","name":"AEP","sameAs":["aeportugal"],"url":"https:\/\/aliancaevangelica.pt\/site\/author\/aeportugal\/"}]}},"uagb_featured_image_src":{"full":["https:\/\/aliancaevangelica.pt\/site\/wp-content\/uploads\/2020\/03\/slider-4.jpg",1920,1005,false],"thumbnail":["https:\/\/aliancaevangelica.pt\/site\/wp-content\/uploads\/2020\/03\/slider-4-150x150.jpg",150,150,true],"medium":["https:\/\/aliancaevangelica.pt\/site\/wp-content\/uploads\/2020\/03\/slider-4-300x157.jpg",300,157,true],"medium_large":["https:\/\/aliancaevangelica.pt\/site\/wp-content\/uploads\/2020\/03\/slider-4-768x402.jpg",768,402,true],"large":["https:\/\/aliancaevangelica.pt\/site\/wp-content\/uploads\/2020\/03\/slider-4-1024x536.jpg",960,503,true],"1536x1536":["https:\/\/aliancaevangelica.pt\/site\/wp-content\/uploads\/2020\/03\/slider-4.jpg",1536,804,false],"2048x2048":["https:\/\/aliancaevangelica.pt\/site\/wp-content\/uploads\/2020\/03\/slider-4.jpg",1920,1005,false],"vp_sm":["https:\/\/aliancaevangelica.pt\/site\/wp-content\/uploads\/2020\/03\/slider-4.jpg",500,262,false],"vp_md":["https:\/\/aliancaevangelica.pt\/site\/wp-content\/uploads\/2020\/03\/slider-4.jpg",800,419,false],"vp_lg":["https:\/\/aliancaevangelica.pt\/site\/wp-content\/uploads\/2020\/03\/slider-4.jpg",1280,670,false],"vp_xl":["https:\/\/aliancaevangelica.pt\/site\/wp-content\/uploads\/2020\/03\/slider-4.jpg",1920,1005,false],"vp_sm_popup":["https:\/\/aliancaevangelica.pt\/site\/wp-content\/uploads\/2020\/03\/slider-4.jpg",500,262,false],"vp_md_popup":["https:\/\/aliancaevangelica.pt\/site\/wp-content\/uploads\/2020\/03\/slider-4.jpg",800,419,false],"vp_xl_popup":["https:\/\/aliancaevangelica.pt\/site\/wp-content\/uploads\/2020\/03\/slider-4.jpg",1920,1005,false],"newsx-150x100":["https:\/\/aliancaevangelica.pt\/site\/wp-content\/uploads\/2020\/03\/slider-4.jpg",150,79,false],"newsx-330x220":["https:\/\/aliancaevangelica.pt\/site\/wp-content\/uploads\/2020\/03\/slider-4.jpg",330,173,false],"newsx-420x280":["https:\/\/aliancaevangelica.pt\/site\/wp-content\/uploads\/2020\/03\/slider-4.jpg",420,220,false],"newsx-510x340":["https:\/\/aliancaevangelica.pt\/site\/wp-content\/uploads\/2020\/03\/slider-4.jpg",510,267,false],"newsx-640x480":["https:\/\/aliancaevangelica.pt\/site\/wp-content\/uploads\/2020\/03\/slider-4.jpg",640,335,false],"newsx-670x370":["https:\/\/aliancaevangelica.pt\/site\/wp-content\/uploads\/2020\/03\/slider-4.jpg",670,351,false],"newsx-860x570":["https:\/\/aliancaevangelica.pt\/site\/wp-content\/uploads\/2020\/03\/slider-4.jpg",860,450,false],"newsx-1000x750":["https:\/\/aliancaevangelica.pt\/site\/wp-content\/uploads\/2020\/03\/slider-4.jpg",1000,523,false],"newsx-1200x600":["https:\/\/aliancaevangelica.pt\/site\/wp-content\/uploads\/2020\/03\/slider-4.jpg",1146,600,false]},"uagb_author_info":{"display_name":"AEP","author_link":"https:\/\/aliancaevangelica.pt\/site\/author\/aeportugal\/"},"uagb_comment_info":0,"uagb_excerpt":"At\u00e9 9 de abril est\u00e3o a decorrer os 40 Dias de\u00a0 Jejum de Jesus. Uma oportunidade para estarmos em sintonia com os crist\u00e3os em todos o mundo, ORANDO!! Mais informa\u00e7\u00f5es","_links":{"self":[{"href":"https:\/\/aliancaevangelica.pt\/site\/wp-json\/wp\/v2\/posts\/18049","targetHints":{"allow":["GET"]}}],"collection":[{"href":"https:\/\/aliancaevangelica.pt\/site\/wp-json\/wp\/v2\/posts"}],"about":[{"href":"https:\/\/aliancaevangelica.pt\/site\/wp-json\/wp\/v2\/types\/post"}],"author":[{"embeddable":true,"href":"https:\/\/aliancaevangelica.pt\/site\/wp-json\/wp\/v2\/users\/2"}],"replies":[{"embeddable":true,"href":"https:\/\/aliancaevangelica.pt\/site\/wp-json\/wp\/v2\/comments?post=18049"}],"version-history":[{"count":4,"href":"https:\/\/aliancaevangelica.pt\/site\/wp-json\/wp\/v2\/posts\/18049\/revisions"}],"predecessor-version":[{"id":18054,"href":"https:\/\/aliancaevangelica.pt\/site\/wp-json\/wp\/v2\/posts\/18049\/revisions\/18054"}],"wp:featuredmedia":[{"embeddable":true,"href":"https:\/\/aliancaevangelica.pt\/site\/wp-json\/wp\/v2\/media\/18052"}],"wp:attachment":[{"href":"https:\/\/aliancaevangelica.pt\/site\/wp-json\/wp\/v2\/media?parent=18049"}],"wp:term":[{"taxonomy":"category","embeddable":true,"href":"https:\/\/aliancaevangelica.pt\/site\/wp-json\/wp\/v2\/categories?post=18049"},{"taxonomy":"post_tag","embeddable":true,"href":"https:\/\/aliancaevangelica.pt\/site\/wp-json\/wp\/v2\/tags?post=18049"}],"curies":[{"name":"wp","href":"https:\/\/api.w.org\/{rel}","templated":true}]}}