{"id":18022,"date":"2020-02-26T17:51:58","date_gmt":"2020-02-26T17:51:58","guid":{"rendered":"https:\/\/aliancaevangelica.pt\/site\/?p=18022"},"modified":"2026-04-07T09:57:22","modified_gmt":"2026-04-07T09:57:22","slug":"despenalizacao-da-eutanasia-tomada-de-posicao-da-associacao-crista-evangelica-de-profissionais-de-saude","status":"publish","type":"post","link":"https:\/\/aliancaevangelica.pt\/site\/despenalizacao-da-eutanasia-tomada-de-posicao-da-associacao-crista-evangelica-de-profissionais-de-saude\/","title":{"rendered":"Despenaliza\u00e7\u00e3o da Eutan\u00e1sia &#8211; Tomada de Posi\u00e7\u00e3o da Associa\u00e7\u00e3o Crist\u00e3 Evang\u00e9lica de Profissionais de Sa\u00fade"},"content":{"rendered":"<h3>A Associa\u00e7\u00e3o Crist\u00e3 Evang\u00e9lica de Profissionais de Sa\u00fade manifesta o seu pesar e preocupa\u00e7\u00e3o pela aprova\u00e7\u00e3o da despenaliza\u00e7\u00e3o da eutan\u00e1sia em Portugal.\u00a0Tomada de posi\u00e7\u00e3o apoiada tamb\u00e9m pela AEP.<br \/>\nAcreditamos e defendemos que a vida \u00e9 uma d\u00e1diva de Deus!<\/h3>\n<p class=\"p1\"><span class=\"s1\">A Associa\u00e7\u00e3o Crist\u00e3 Evang\u00e9lica de Profissionais de Sa\u00fade manifesta o seu pesar e preocupa\u00e7\u00e3o pela aprova\u00e7\u00e3o da despenaliza\u00e7\u00e3o da eutan\u00e1sia em Portugal. <\/span><\/p>\n<p class=\"p1\"><span class=\"s1\">Acreditamos e defendemos que a vida \u00e9 uma d\u00e1diva de Deus e que todo o ser humano tem valor e dignidade, desde a conce\u00e7\u00e3o at\u00e9 \u00e0 morte natural, sejam quais forem as circunst\u00e2ncias.<\/span><\/p>\n<p class=\"p1\"><span class=\"s1\">A decis\u00e3o tomada por maioria parlamentar no passado dia 20 de fevereiro, contra a constitui\u00e7\u00e3o da Rep\u00fablica Portuguesa, que refere categoricamente no seu artigo 24.\u00ba que \u201ca vida humana \u00e9 inviol\u00e1vel\u201d, e com os pareceres desfavor\u00e1veis da Ordem dos M\u00e9dicos, da Ordem dos Enfermeiros, do Conselho Nacional de \u00c9tica para as Ci\u00eancias da Vida e de muitas outras entidades, nacionais e internacionais, \u00e9 um enorme retrocesso civilizacional. O nosso pa\u00eds, um dos pioneiros na aboli\u00e7\u00e3o da pena de morte, pretende juntar-se \u00e0 triste minoria dos pa\u00edses do mundo onde a eutan\u00e1sia \u00e9 legal.<\/span><\/p>\n<p class=\"p1\"><span class=\"s1\">Como profissionais de sa\u00fade, inscritos na Ordem dos M\u00e9dicos, na Ordem dos Enfermeiros, e na Ordem dos M\u00e9dicos Dentistas , defendemos a necessidade de um cuidado humanizado a cada doente, esteja ou n\u00e3o em estado terminal, de acordo com as melhores pr\u00e1ticas profissionais. Acreditamos que a eutan\u00e1sia ou o suic\u00eddio assistido n\u00e3o s\u00e3o a melhor op\u00e7\u00e3o em nenhuma situa\u00e7\u00e3o cl\u00ednica, por mais complexa que seja. N\u00e3o aliviam o sofrimento mas matam a pessoa que sofre. <\/span><\/p>\n<p class=\"p1\"><span class=\"s1\">A despenaliza\u00e7\u00e3o da eutan\u00e1sia \u00e9 apresentada como uma solu\u00e7\u00e3o de \u00faltimo recurso, em circunst\u00e2ncias excecionais, mas o exemplo de pa\u00edses como a Holanda ou a B\u00e9lgica, que permitem estas pr\u00e1ticas, confirmam que o Estado n\u00e3o tem capacidade de regular a atua\u00e7\u00e3o dos m\u00e9dicos que as executam e de impedir que muitas pessoas sejam mortas contra a sua vontade ou sem terem formulado qualquer pedido nesse sentido. Enveredar pela eutan\u00e1sia parece ser a solu\u00e7\u00e3o mais f\u00e1cil para o al\u00edvio da dor e sofrimento insuport\u00e1veis, que desresponsabiliza o Estado e os servi\u00e7os de sa\u00fade de cuidarem do paciente de uma forma global, tendo em conta a sua dimens\u00e3o f\u00edsica mas tamb\u00e9m a mental, a social e a espiritual.<\/span><\/p>\n<p class=\"p1\"><span class=\"s1\">Qualquer mudan\u00e7a legislativa que venha a permitir aos m\u00e9dicos terminarem intencionalmente com a vida de doentes, mesmo ap\u00f3s o pedido volunt\u00e1rio e reiterado destes \u00faltimos, p\u00f5e em risco a miss\u00e3o e prop\u00f3sito da medicina e das ci\u00eancias da sa\u00fade, e a pr\u00f3pria \u00e9tica e deontologia profissionais. Levar\u00e1 tamb\u00e9m, inevitavelmente, a uma degrada\u00e7\u00e3o da rela\u00e7\u00e3o m\u00e9dico-doente, do SNS e dos cuidados paliativos, que tanto carecem de investimento e apoio.<\/span><\/p>\n<p class=\"p1\"><span class=\"s1\">A Associa\u00e7\u00e3o Crist\u00e3 Evang\u00e9lica de Profissionais de Sa\u00fade tudo far\u00e1 para se opor a uma lei injusta e in\u00edqua e apela ao veto presidencial. <\/span><\/p>\n<p class=\"p1\"><span class=\"s1\">22 de fevereiro de 2020<\/span><\/p>\n","protected":false},"excerpt":{"rendered":"<p>A Associa\u00e7\u00e3o Crist\u00e3 Evang\u00e9lica de Profissionais de Sa\u00fade manifesta o seu pesar e preocupa\u00e7\u00e3o pela aprova\u00e7\u00e3o da despenaliza\u00e7\u00e3o da eutan\u00e1sia em Portugal.\u00a0Tomada de posi\u00e7\u00e3o apoiada tamb\u00e9m pela AEP. Acreditamos e defendemos que a vida \u00e9 uma d\u00e1diva de Deus! A Associa\u00e7\u00e3o Crist\u00e3 Evang\u00e9lica de Profissionais de Sa\u00fade manifesta o seu pesar e preocupa\u00e7\u00e3o pela aprova\u00e7\u00e3o<\/p>\n","protected":false},"author":2,"featured_media":18024,"comment_status":"closed","ping_status":"open","sticky":false,"template":"","format":"standard","meta":{"_uag_custom_page_level_css":"","_themeisle_gutenberg_block_has_review":false,"_vp_format_video_url":"","_vp_image_focal_point":[],"footnotes":""},"categories":[52],"tags":[],"class_list":["post-18022","post","type-post","status-publish","format-standard","has-post-thumbnail","hentry","category-tomadas-de-posicao"],"yoast_head":"<!-- This site is optimized with the Yoast SEO plugin v27.5 - https:\/\/yoast.com\/product\/yoast-seo-wordpress\/ -->\n<title>Despenaliza\u00e7\u00e3o da Eutan\u00e1sia - Tomada de Posi\u00e7\u00e3o da Associa\u00e7\u00e3o Crist\u00e3 Evang\u00e9lica de Profissionais de Sa\u00fade - AEP<\/title>\n<meta name=\"robots\" content=\"index, follow, max-snippet:-1, max-image-preview:large, max-video-preview:-1\" \/>\n<link rel=\"canonical\" href=\"https:\/\/aliancaevangelica.pt\/site\/despenalizacao-da-eutanasia-tomada-de-posicao-da-associacao-crista-evangelica-de-profissionais-de-saude\/\" \/>\n<meta property=\"og:locale\" content=\"pt_PT\" \/>\n<meta property=\"og:type\" content=\"article\" \/>\n<meta property=\"og:title\" content=\"Despenaliza\u00e7\u00e3o da Eutan\u00e1sia - Tomada de Posi\u00e7\u00e3o da Associa\u00e7\u00e3o Crist\u00e3 Evang\u00e9lica de Profissionais de Sa\u00fade - AEP\" \/>\n<meta property=\"og:description\" content=\"A Associa\u00e7\u00e3o Crist\u00e3 Evang\u00e9lica de Profissionais de Sa\u00fade manifesta o seu pesar e preocupa\u00e7\u00e3o pela aprova\u00e7\u00e3o da despenaliza\u00e7\u00e3o da eutan\u00e1sia em Portugal.\u00a0Tomada de posi\u00e7\u00e3o apoiada tamb\u00e9m pela AEP. Acreditamos e defendemos que a vida \u00e9 uma d\u00e1diva de Deus! A Associa\u00e7\u00e3o Crist\u00e3 Evang\u00e9lica de Profissionais de Sa\u00fade manifesta o seu pesar e preocupa\u00e7\u00e3o pela aprova\u00e7\u00e3o\" \/>\n<meta property=\"og:url\" content=\"https:\/\/aliancaevangelica.pt\/site\/despenalizacao-da-eutanasia-tomada-de-posicao-da-associacao-crista-evangelica-de-profissionais-de-saude\/\" \/>\n<meta property=\"og:site_name\" content=\"AEP\" \/>\n<meta property=\"article:publisher\" content=\"http:\/\/facebook.com\/aeportuguesa\" \/>\n<meta property=\"article:author\" content=\"aeportugal\" \/>\n<meta property=\"article:published_time\" content=\"2020-02-26T17:51:58+00:00\" \/>\n<meta property=\"article:modified_time\" content=\"2026-04-07T09:57:22+00:00\" \/>\n<meta property=\"og:image\" content=\"https:\/\/aliancaevangelica.pt\/site\/wp-content\/uploads\/2020\/02\/image_content_2761563_20200208101434.jpg\" \/>\n\t<meta property=\"og:image:width\" content=\"768\" \/>\n\t<meta property=\"og:image:height\" content=\"432\" \/>\n\t<meta property=\"og:image:type\" content=\"image\/jpeg\" \/>\n<meta name=\"author\" content=\"AEP\" \/>\n<meta name=\"twitter:card\" content=\"summary_large_image\" \/>\n<meta name=\"twitter:label1\" content=\"Escrito por\" \/>\n\t<meta name=\"twitter:data1\" content=\"AEP\" \/>\n\t<meta name=\"twitter:label2\" content=\"Tempo estimado de leitura\" \/>\n\t<meta name=\"twitter:data2\" content=\"3 minutos\" \/>\n<script type=\"application\/ld+json\" class=\"yoast-schema-graph\">{\"@context\":\"https:\\\/\\\/schema.org\",\"@graph\":[{\"@type\":\"Article\",\"@id\":\"https:\\\/\\\/aliancaevangelica.pt\\\/site\\\/despenalizacao-da-eutanasia-tomada-de-posicao-da-associacao-crista-evangelica-de-profissionais-de-saude\\\/#article\",\"isPartOf\":{\"@id\":\"https:\\\/\\\/aliancaevangelica.pt\\\/site\\\/despenalizacao-da-eutanasia-tomada-de-posicao-da-associacao-crista-evangelica-de-profissionais-de-saude\\\/\"},\"author\":{\"name\":\"AEP\",\"@id\":\"https:\\\/\\\/aliancaevangelica.pt\\\/site\\\/#\\\/schema\\\/person\\\/3b47cfc7535eff1e820f31c2d67eafcf\"},\"headline\":\"Despenaliza\u00e7\u00e3o da Eutan\u00e1sia &#8211; Tomada de Posi\u00e7\u00e3o da Associa\u00e7\u00e3o Crist\u00e3 Evang\u00e9lica de Profissionais de Sa\u00fade\",\"datePublished\":\"2020-02-26T17:51:58+00:00\",\"dateModified\":\"2026-04-07T09:57:22+00:00\",\"mainEntityOfPage\":{\"@id\":\"https:\\\/\\\/aliancaevangelica.pt\\\/site\\\/despenalizacao-da-eutanasia-tomada-de-posicao-da-associacao-crista-evangelica-de-profissionais-de-saude\\\/\"},\"wordCount\":566,\"publisher\":{\"@id\":\"https:\\\/\\\/aliancaevangelica.pt\\\/site\\\/#organization\"},\"image\":{\"@id\":\"https:\\\/\\\/aliancaevangelica.pt\\\/site\\\/despenalizacao-da-eutanasia-tomada-de-posicao-da-associacao-crista-evangelica-de-profissionais-de-saude\\\/#primaryimage\"},\"thumbnailUrl\":\"https:\\\/\\\/aliancaevangelica.pt\\\/site\\\/wp-content\\\/uploads\\\/2020\\\/02\\\/image_content_2761563_20200208101434.jpg\",\"articleSection\":[\"Tomadas de Posi\u00e7\u00e3o\"],\"inLanguage\":\"pt-PT\"},{\"@type\":\"WebPage\",\"@id\":\"https:\\\/\\\/aliancaevangelica.pt\\\/site\\\/despenalizacao-da-eutanasia-tomada-de-posicao-da-associacao-crista-evangelica-de-profissionais-de-saude\\\/\",\"url\":\"https:\\\/\\\/aliancaevangelica.pt\\\/site\\\/despenalizacao-da-eutanasia-tomada-de-posicao-da-associacao-crista-evangelica-de-profissionais-de-saude\\\/\",\"name\":\"Despenaliza\u00e7\u00e3o da Eutan\u00e1sia - Tomada de Posi\u00e7\u00e3o da Associa\u00e7\u00e3o Crist\u00e3 Evang\u00e9lica de Profissionais de Sa\u00fade - AEP\",\"isPartOf\":{\"@id\":\"https:\\\/\\\/aliancaevangelica.pt\\\/site\\\/#website\"},\"primaryImageOfPage\":{\"@id\":\"https:\\\/\\\/aliancaevangelica.pt\\\/site\\\/despenalizacao-da-eutanasia-tomada-de-posicao-da-associacao-crista-evangelica-de-profissionais-de-saude\\\/#primaryimage\"},\"image\":{\"@id\":\"https:\\\/\\\/aliancaevangelica.pt\\\/site\\\/despenalizacao-da-eutanasia-tomada-de-posicao-da-associacao-crista-evangelica-de-profissionais-de-saude\\\/#primaryimage\"},\"thumbnailUrl\":\"https:\\\/\\\/aliancaevangelica.pt\\\/site\\\/wp-content\\\/uploads\\\/2020\\\/02\\\/image_content_2761563_20200208101434.jpg\",\"datePublished\":\"2020-02-26T17:51:58+00:00\",\"dateModified\":\"2026-04-07T09:57:22+00:00\",\"breadcrumb\":{\"@id\":\"https:\\\/\\\/aliancaevangelica.pt\\\/site\\\/despenalizacao-da-eutanasia-tomada-de-posicao-da-associacao-crista-evangelica-de-profissionais-de-saude\\\/#breadcrumb\"},\"inLanguage\":\"pt-PT\",\"potentialAction\":[{\"@type\":\"ReadAction\",\"target\":[\"https:\\\/\\\/aliancaevangelica.pt\\\/site\\\/despenalizacao-da-eutanasia-tomada-de-posicao-da-associacao-crista-evangelica-de-profissionais-de-saude\\\/\"]}]},{\"@type\":\"ImageObject\",\"inLanguage\":\"pt-PT\",\"@id\":\"https:\\\/\\\/aliancaevangelica.pt\\\/site\\\/despenalizacao-da-eutanasia-tomada-de-posicao-da-associacao-crista-evangelica-de-profissionais-de-saude\\\/#primaryimage\",\"url\":\"https:\\\/\\\/aliancaevangelica.pt\\\/site\\\/wp-content\\\/uploads\\\/2020\\\/02\\\/image_content_2761563_20200208101434.jpg\",\"contentUrl\":\"https:\\\/\\\/aliancaevangelica.pt\\\/site\\\/wp-content\\\/uploads\\\/2020\\\/02\\\/image_content_2761563_20200208101434.jpg\",\"width\":768,\"height\":432},{\"@type\":\"BreadcrumbList\",\"@id\":\"https:\\\/\\\/aliancaevangelica.pt\\\/site\\\/despenalizacao-da-eutanasia-tomada-de-posicao-da-associacao-crista-evangelica-de-profissionais-de-saude\\\/#breadcrumb\",\"itemListElement\":[{\"@type\":\"ListItem\",\"position\":1,\"name\":\"In\u00edcio\",\"item\":\"https:\\\/\\\/aliancaevangelica.pt\\\/site\\\/\"},{\"@type\":\"ListItem\",\"position\":2,\"name\":\"Despenaliza\u00e7\u00e3o da Eutan\u00e1sia &#8211; Tomada de Posi\u00e7\u00e3o da Associa\u00e7\u00e3o Crist\u00e3 Evang\u00e9lica de Profissionais de Sa\u00fade\"}]},{\"@type\":\"WebSite\",\"@id\":\"https:\\\/\\\/aliancaevangelica.pt\\\/site\\\/#website\",\"url\":\"https:\\\/\\\/aliancaevangelica.pt\\\/site\\\/\",\"name\":\"Alian\u00e7a Evang\u00e9lica Portuguesa\",\"description\":\"Alian\u00e7a Evang\u00e9lica Portuguesa\",\"publisher\":{\"@id\":\"https:\\\/\\\/aliancaevangelica.pt\\\/site\\\/#organization\"},\"potentialAction\":[{\"@type\":\"SearchAction\",\"target\":{\"@type\":\"EntryPoint\",\"urlTemplate\":\"https:\\\/\\\/aliancaevangelica.pt\\\/site\\\/?s={search_term_string}\"},\"query-input\":{\"@type\":\"PropertyValueSpecification\",\"valueRequired\":true,\"valueName\":\"search_term_string\"}}],\"inLanguage\":\"pt-PT\"},{\"@type\":\"Organization\",\"@id\":\"https:\\\/\\\/aliancaevangelica.pt\\\/site\\\/#organization\",\"name\":\"Alian\u00e7a Evang\u00e9lica Portuguesa\",\"url\":\"https:\\\/\\\/aliancaevangelica.pt\\\/site\\\/\",\"logo\":{\"@type\":\"ImageObject\",\"inLanguage\":\"pt-PT\",\"@id\":\"https:\\\/\\\/aliancaevangelica.pt\\\/site\\\/#\\\/schema\\\/logo\\\/image\\\/\",\"url\":\"https:\\\/\\\/aliancaevangelica.pt\\\/site\\\/wp-content\\\/uploads\\\/2017\\\/11\\\/logo-AEP-cor.png\",\"contentUrl\":\"https:\\\/\\\/aliancaevangelica.pt\\\/site\\\/wp-content\\\/uploads\\\/2017\\\/11\\\/logo-AEP-cor.png\",\"width\":1156,\"height\":672,\"caption\":\"Alian\u00e7a Evang\u00e9lica Portuguesa\"},\"image\":{\"@id\":\"https:\\\/\\\/aliancaevangelica.pt\\\/site\\\/#\\\/schema\\\/logo\\\/image\\\/\"},\"sameAs\":[\"http:\\\/\\\/facebook.com\\\/aeportuguesa\",\"http:\\\/\\\/instagram.com\\\/aliancaep\",\"http:\\\/\\\/youtube.com\\\/aeportuguesa\"]},{\"@type\":\"Person\",\"@id\":\"https:\\\/\\\/aliancaevangelica.pt\\\/site\\\/#\\\/schema\\\/person\\\/3b47cfc7535eff1e820f31c2d67eafcf\",\"name\":\"AEP\",\"sameAs\":[\"aeportugal\"],\"url\":\"https:\\\/\\\/aliancaevangelica.pt\\\/site\\\/author\\\/aeportugal\\\/\"}]}<\/script>\n<!-- \/ Yoast SEO plugin. -->","yoast_head_json":{"title":"Despenaliza\u00e7\u00e3o da Eutan\u00e1sia - Tomada de Posi\u00e7\u00e3o da Associa\u00e7\u00e3o Crist\u00e3 Evang\u00e9lica de Profissionais de Sa\u00fade - AEP","robots":{"index":"index","follow":"follow","max-snippet":"max-snippet:-1","max-image-preview":"max-image-preview:large","max-video-preview":"max-video-preview:-1"},"canonical":"https:\/\/aliancaevangelica.pt\/site\/despenalizacao-da-eutanasia-tomada-de-posicao-da-associacao-crista-evangelica-de-profissionais-de-saude\/","og_locale":"pt_PT","og_type":"article","og_title":"Despenaliza\u00e7\u00e3o da Eutan\u00e1sia - Tomada de Posi\u00e7\u00e3o da Associa\u00e7\u00e3o Crist\u00e3 Evang\u00e9lica de Profissionais de Sa\u00fade - AEP","og_description":"A Associa\u00e7\u00e3o Crist\u00e3 Evang\u00e9lica de Profissionais de Sa\u00fade manifesta o seu pesar e preocupa\u00e7\u00e3o pela aprova\u00e7\u00e3o da despenaliza\u00e7\u00e3o da eutan\u00e1sia em Portugal.\u00a0Tomada de posi\u00e7\u00e3o apoiada tamb\u00e9m pela AEP. Acreditamos e defendemos que a vida \u00e9 uma d\u00e1diva de Deus! A Associa\u00e7\u00e3o Crist\u00e3 Evang\u00e9lica de Profissionais de Sa\u00fade manifesta o seu pesar e preocupa\u00e7\u00e3o pela aprova\u00e7\u00e3o","og_url":"https:\/\/aliancaevangelica.pt\/site\/despenalizacao-da-eutanasia-tomada-de-posicao-da-associacao-crista-evangelica-de-profissionais-de-saude\/","og_site_name":"AEP","article_publisher":"http:\/\/facebook.com\/aeportuguesa","article_author":"aeportugal","article_published_time":"2020-02-26T17:51:58+00:00","article_modified_time":"2026-04-07T09:57:22+00:00","og_image":[{"width":768,"height":432,"url":"https:\/\/aliancaevangelica.pt\/site\/wp-content\/uploads\/2020\/02\/image_content_2761563_20200208101434.jpg","type":"image\/jpeg"}],"author":"AEP","twitter_card":"summary_large_image","twitter_misc":{"Escrito por":"AEP","Tempo estimado de leitura":"3 minutos"},"schema":{"@context":"https:\/\/schema.org","@graph":[{"@type":"Article","@id":"https:\/\/aliancaevangelica.pt\/site\/despenalizacao-da-eutanasia-tomada-de-posicao-da-associacao-crista-evangelica-de-profissionais-de-saude\/#article","isPartOf":{"@id":"https:\/\/aliancaevangelica.pt\/site\/despenalizacao-da-eutanasia-tomada-de-posicao-da-associacao-crista-evangelica-de-profissionais-de-saude\/"},"author":{"name":"AEP","@id":"https:\/\/aliancaevangelica.pt\/site\/#\/schema\/person\/3b47cfc7535eff1e820f31c2d67eafcf"},"headline":"Despenaliza\u00e7\u00e3o da Eutan\u00e1sia &#8211; Tomada de Posi\u00e7\u00e3o da Associa\u00e7\u00e3o Crist\u00e3 Evang\u00e9lica de Profissionais de Sa\u00fade","datePublished":"2020-02-26T17:51:58+00:00","dateModified":"2026-04-07T09:57:22+00:00","mainEntityOfPage":{"@id":"https:\/\/aliancaevangelica.pt\/site\/despenalizacao-da-eutanasia-tomada-de-posicao-da-associacao-crista-evangelica-de-profissionais-de-saude\/"},"wordCount":566,"publisher":{"@id":"https:\/\/aliancaevangelica.pt\/site\/#organization"},"image":{"@id":"https:\/\/aliancaevangelica.pt\/site\/despenalizacao-da-eutanasia-tomada-de-posicao-da-associacao-crista-evangelica-de-profissionais-de-saude\/#primaryimage"},"thumbnailUrl":"https:\/\/aliancaevangelica.pt\/site\/wp-content\/uploads\/2020\/02\/image_content_2761563_20200208101434.jpg","articleSection":["Tomadas de Posi\u00e7\u00e3o"],"inLanguage":"pt-PT"},{"@type":"WebPage","@id":"https:\/\/aliancaevangelica.pt\/site\/despenalizacao-da-eutanasia-tomada-de-posicao-da-associacao-crista-evangelica-de-profissionais-de-saude\/","url":"https:\/\/aliancaevangelica.pt\/site\/despenalizacao-da-eutanasia-tomada-de-posicao-da-associacao-crista-evangelica-de-profissionais-de-saude\/","name":"Despenaliza\u00e7\u00e3o da Eutan\u00e1sia - Tomada de Posi\u00e7\u00e3o da Associa\u00e7\u00e3o Crist\u00e3 Evang\u00e9lica de Profissionais de Sa\u00fade - AEP","isPartOf":{"@id":"https:\/\/aliancaevangelica.pt\/site\/#website"},"primaryImageOfPage":{"@id":"https:\/\/aliancaevangelica.pt\/site\/despenalizacao-da-eutanasia-tomada-de-posicao-da-associacao-crista-evangelica-de-profissionais-de-saude\/#primaryimage"},"image":{"@id":"https:\/\/aliancaevangelica.pt\/site\/despenalizacao-da-eutanasia-tomada-de-posicao-da-associacao-crista-evangelica-de-profissionais-de-saude\/#primaryimage"},"thumbnailUrl":"https:\/\/aliancaevangelica.pt\/site\/wp-content\/uploads\/2020\/02\/image_content_2761563_20200208101434.jpg","datePublished":"2020-02-26T17:51:58+00:00","dateModified":"2026-04-07T09:57:22+00:00","breadcrumb":{"@id":"https:\/\/aliancaevangelica.pt\/site\/despenalizacao-da-eutanasia-tomada-de-posicao-da-associacao-crista-evangelica-de-profissionais-de-saude\/#breadcrumb"},"inLanguage":"pt-PT","potentialAction":[{"@type":"ReadAction","target":["https:\/\/aliancaevangelica.pt\/site\/despenalizacao-da-eutanasia-tomada-de-posicao-da-associacao-crista-evangelica-de-profissionais-de-saude\/"]}]},{"@type":"ImageObject","inLanguage":"pt-PT","@id":"https:\/\/aliancaevangelica.pt\/site\/despenalizacao-da-eutanasia-tomada-de-posicao-da-associacao-crista-evangelica-de-profissionais-de-saude\/#primaryimage","url":"https:\/\/aliancaevangelica.pt\/site\/wp-content\/uploads\/2020\/02\/image_content_2761563_20200208101434.jpg","contentUrl":"https:\/\/aliancaevangelica.pt\/site\/wp-content\/uploads\/2020\/02\/image_content_2761563_20200208101434.jpg","width":768,"height":432},{"@type":"BreadcrumbList","@id":"https:\/\/aliancaevangelica.pt\/site\/despenalizacao-da-eutanasia-tomada-de-posicao-da-associacao-crista-evangelica-de-profissionais-de-saude\/#breadcrumb","itemListElement":[{"@type":"ListItem","position":1,"name":"In\u00edcio","item":"https:\/\/aliancaevangelica.pt\/site\/"},{"@type":"ListItem","position":2,"name":"Despenaliza\u00e7\u00e3o da Eutan\u00e1sia &#8211; Tomada de Posi\u00e7\u00e3o da Associa\u00e7\u00e3o Crist\u00e3 Evang\u00e9lica de Profissionais de Sa\u00fade"}]},{"@type":"WebSite","@id":"https:\/\/aliancaevangelica.pt\/site\/#website","url":"https:\/\/aliancaevangelica.pt\/site\/","name":"Alian\u00e7a Evang\u00e9lica Portuguesa","description":"Alian\u00e7a Evang\u00e9lica Portuguesa","publisher":{"@id":"https:\/\/aliancaevangelica.pt\/site\/#organization"},"potentialAction":[{"@type":"SearchAction","target":{"@type":"EntryPoint","urlTemplate":"https:\/\/aliancaevangelica.pt\/site\/?s={search_term_string}"},"query-input":{"@type":"PropertyValueSpecification","valueRequired":true,"valueName":"search_term_string"}}],"inLanguage":"pt-PT"},{"@type":"Organization","@id":"https:\/\/aliancaevangelica.pt\/site\/#organization","name":"Alian\u00e7a Evang\u00e9lica Portuguesa","url":"https:\/\/aliancaevangelica.pt\/site\/","logo":{"@type":"ImageObject","inLanguage":"pt-PT","@id":"https:\/\/aliancaevangelica.pt\/site\/#\/schema\/logo\/image\/","url":"https:\/\/aliancaevangelica.pt\/site\/wp-content\/uploads\/2017\/11\/logo-AEP-cor.png","contentUrl":"https:\/\/aliancaevangelica.pt\/site\/wp-content\/uploads\/2017\/11\/logo-AEP-cor.png","width":1156,"height":672,"caption":"Alian\u00e7a Evang\u00e9lica Portuguesa"},"image":{"@id":"https:\/\/aliancaevangelica.pt\/site\/#\/schema\/logo\/image\/"},"sameAs":["http:\/\/facebook.com\/aeportuguesa","http:\/\/instagram.com\/aliancaep","http:\/\/youtube.com\/aeportuguesa"]},{"@type":"Person","@id":"https:\/\/aliancaevangelica.pt\/site\/#\/schema\/person\/3b47cfc7535eff1e820f31c2d67eafcf","name":"AEP","sameAs":["aeportugal"],"url":"https:\/\/aliancaevangelica.pt\/site\/author\/aeportugal\/"}]}},"uagb_featured_image_src":{"full":["https:\/\/aliancaevangelica.pt\/site\/wp-content\/uploads\/2020\/02\/image_content_2761563_20200208101434.jpg",768,432,false],"thumbnail":["https:\/\/aliancaevangelica.pt\/site\/wp-content\/uploads\/2020\/02\/image_content_2761563_20200208101434-150x150.jpg",150,150,true],"medium":["https:\/\/aliancaevangelica.pt\/site\/wp-content\/uploads\/2020\/02\/image_content_2761563_20200208101434-300x169.jpg",300,169,true],"medium_large":["https:\/\/aliancaevangelica.pt\/site\/wp-content\/uploads\/2020\/02\/image_content_2761563_20200208101434-768x432.jpg",768,432,true],"large":["https:\/\/aliancaevangelica.pt\/site\/wp-content\/uploads\/2020\/02\/image_content_2761563_20200208101434.jpg",768,432,false],"1536x1536":["https:\/\/aliancaevangelica.pt\/site\/wp-content\/uploads\/2020\/02\/image_content_2761563_20200208101434.jpg",768,432,false],"2048x2048":["https:\/\/aliancaevangelica.pt\/site\/wp-content\/uploads\/2020\/02\/image_content_2761563_20200208101434.jpg",768,432,false],"vp_sm":["https:\/\/aliancaevangelica.pt\/site\/wp-content\/uploads\/2020\/02\/image_content_2761563_20200208101434.jpg",500,281,false],"vp_md":["https:\/\/aliancaevangelica.pt\/site\/wp-content\/uploads\/2020\/02\/image_content_2761563_20200208101434.jpg",768,432,false],"vp_lg":["https:\/\/aliancaevangelica.pt\/site\/wp-content\/uploads\/2020\/02\/image_content_2761563_20200208101434.jpg",768,432,false],"vp_xl":["https:\/\/aliancaevangelica.pt\/site\/wp-content\/uploads\/2020\/02\/image_content_2761563_20200208101434.jpg",768,432,false],"vp_sm_popup":["https:\/\/aliancaevangelica.pt\/site\/wp-content\/uploads\/2020\/02\/image_content_2761563_20200208101434.jpg",500,281,false],"vp_md_popup":["https:\/\/aliancaevangelica.pt\/site\/wp-content\/uploads\/2020\/02\/image_content_2761563_20200208101434.jpg",768,432,false],"vp_xl_popup":["https:\/\/aliancaevangelica.pt\/site\/wp-content\/uploads\/2020\/02\/image_content_2761563_20200208101434.jpg",768,432,false],"newsx-150x100":["https:\/\/aliancaevangelica.pt\/site\/wp-content\/uploads\/2020\/02\/image_content_2761563_20200208101434.jpg",150,84,false],"newsx-330x220":["https:\/\/aliancaevangelica.pt\/site\/wp-content\/uploads\/2020\/02\/image_content_2761563_20200208101434.jpg",330,186,false],"newsx-420x280":["https:\/\/aliancaevangelica.pt\/site\/wp-content\/uploads\/2020\/02\/image_content_2761563_20200208101434.jpg",420,236,false],"newsx-510x340":["https:\/\/aliancaevangelica.pt\/site\/wp-content\/uploads\/2020\/02\/image_content_2761563_20200208101434.jpg",510,287,false],"newsx-640x480":["https:\/\/aliancaevangelica.pt\/site\/wp-content\/uploads\/2020\/02\/image_content_2761563_20200208101434.jpg",640,360,false],"newsx-670x370":["https:\/\/aliancaevangelica.pt\/site\/wp-content\/uploads\/2020\/02\/image_content_2761563_20200208101434.jpg",658,370,false],"newsx-860x570":["https:\/\/aliancaevangelica.pt\/site\/wp-content\/uploads\/2020\/02\/image_content_2761563_20200208101434.jpg",768,432,false],"newsx-1000x750":["https:\/\/aliancaevangelica.pt\/site\/wp-content\/uploads\/2020\/02\/image_content_2761563_20200208101434.jpg",768,432,false],"newsx-1200x600":["https:\/\/aliancaevangelica.pt\/site\/wp-content\/uploads\/2020\/02\/image_content_2761563_20200208101434.jpg",768,432,false]},"uagb_author_info":{"display_name":"AEP","author_link":"https:\/\/aliancaevangelica.pt\/site\/author\/aeportugal\/"},"uagb_comment_info":0,"uagb_excerpt":"A Associa\u00e7\u00e3o Crist\u00e3 Evang\u00e9lica de Profissionais de Sa\u00fade manifesta o seu pesar e preocupa\u00e7\u00e3o pela aprova\u00e7\u00e3o da despenaliza\u00e7\u00e3o da eutan\u00e1sia em Portugal.\u00a0Tomada de posi\u00e7\u00e3o apoiada tamb\u00e9m pela AEP. Acreditamos e defendemos que a vida \u00e9 uma d\u00e1diva de Deus! A Associa\u00e7\u00e3o Crist\u00e3 Evang\u00e9lica de Profissionais de Sa\u00fade manifesta o seu pesar e preocupa\u00e7\u00e3o pela aprova\u00e7\u00e3o","_links":{"self":[{"href":"https:\/\/aliancaevangelica.pt\/site\/wp-json\/wp\/v2\/posts\/18022","targetHints":{"allow":["GET"]}}],"collection":[{"href":"https:\/\/aliancaevangelica.pt\/site\/wp-json\/wp\/v2\/posts"}],"about":[{"href":"https:\/\/aliancaevangelica.pt\/site\/wp-json\/wp\/v2\/types\/post"}],"author":[{"embeddable":true,"href":"https:\/\/aliancaevangelica.pt\/site\/wp-json\/wp\/v2\/users\/2"}],"replies":[{"embeddable":true,"href":"https:\/\/aliancaevangelica.pt\/site\/wp-json\/wp\/v2\/comments?post=18022"}],"version-history":[{"count":4,"href":"https:\/\/aliancaevangelica.pt\/site\/wp-json\/wp\/v2\/posts\/18022\/revisions"}],"predecessor-version":[{"id":18027,"href":"https:\/\/aliancaevangelica.pt\/site\/wp-json\/wp\/v2\/posts\/18022\/revisions\/18027"}],"wp:featuredmedia":[{"embeddable":true,"href":"https:\/\/aliancaevangelica.pt\/site\/wp-json\/wp\/v2\/media\/18024"}],"wp:attachment":[{"href":"https:\/\/aliancaevangelica.pt\/site\/wp-json\/wp\/v2\/media?parent=18022"}],"wp:term":[{"taxonomy":"category","embeddable":true,"href":"https:\/\/aliancaevangelica.pt\/site\/wp-json\/wp\/v2\/categories?post=18022"},{"taxonomy":"post_tag","embeddable":true,"href":"https:\/\/aliancaevangelica.pt\/site\/wp-json\/wp\/v2\/tags?post=18022"}],"curies":[{"name":"wp","href":"https:\/\/api.w.org\/{rel}","templated":true}]}}