{"id":17871,"date":"2020-01-10T18:06:44","date_gmt":"2020-01-10T18:06:44","guid":{"rendered":"https:\/\/aliancaevangelica.pt\/site\/?p=17871"},"modified":"2026-04-07T09:57:13","modified_gmt":"2026-04-07T09:57:13","slug":"imigracao-ilegal","status":"publish","type":"post","link":"https:\/\/aliancaevangelica.pt\/site\/imigracao-ilegal\/","title":{"rendered":"Imigra\u00e7\u00e3o Ilegal"},"content":{"rendered":"<p>Na sequ\u00eancia da not\u00edcia divulgada hoje em v\u00e1rios meios de comunica\u00e7\u00e3o social, indicando como suspeitos tr\u00eas alegados Pastores Evang\u00e9licos a exercer fun\u00e7\u00f5es numa igreja na cidade da Amadora da pr\u00e1tica de crimes de imigra\u00e7\u00e3o ilegal e tr\u00e1fico humano , a Alian\u00e7a Evang\u00e9lica Portuguesa vem apresentar o seu rep\u00fadio por toda e qualquer pr\u00e1tica de aux\u00edlio \u00e0 imigra\u00e7\u00e3o ilegal e tr\u00e1fico humano. Apresentamos tamb\u00e9m a disponibilidade da nossa organiza\u00e7\u00e3o \u00e0 colabora\u00e7\u00e3o com os \u00f3rg\u00e3os de pol\u00edcia criminal quanto \u00e0 den\u00fancia de situa\u00e7\u00f5es similares.<\/p>\n<p>Infelizmente a pr\u00e1tica de tais crimes ocorre com frequ\u00eancia em Portugal sendo v\u00edtimas muitos cidad\u00e3os brasileiros e de outras nacionalidades, que necessitam de cuidado e amparo que \u00e9 possibilitado por muitas igrejas e associa\u00e7\u00f5es membros da Alian\u00e7a Evang\u00e9lica Portuguesa. Infelizmente tamb\u00e9m, esse apoio prestado por vezes pode ser mal interpretado pelas autoridades, como se fosse motivador da imigra\u00e7\u00e3o ilegal, quando na verdade \u00e9 apenas o aux\u00edlio humano a pessoas em dificuldade. Desconhecemos por completo o que se passou no caso relatado apenas podendo afirmar que a igreja, na qual os alegados pastores visados alegadamente fazem parte, n\u00e3o \u00e9 membro da Alian\u00e7a Evang\u00e9lica Portuguesa.<\/p>\n<p>Consideram-se desadequadas as not\u00edcias de manchete evocando a atividade de Pastores Evang\u00e9licos, uma vez que essa atividade nada tem a ver com os crimes e por causar um alarme social quanto \u00e0 pr\u00e1tica Evang\u00e9lica, religi\u00e3o minorit\u00e1ria em Portugal e que em nada favorece ou motiva a pr\u00e1tica dos crimes evocados.<\/p>\n<p>Alerta-se ainda os meios de comunica\u00e7\u00e3o social e os cidad\u00e3os em geral para se certificarem se a entidade religiosa est\u00e1 inscrita na Alian\u00e7a Evang\u00e9lica Portuguesa como forma de distinguir as igrejas evang\u00e9licas reconhecidas por esse organismo em Portugal das n\u00e3o reconhecidas. Para o efeito poder\u00e3o consultar o site em <a href=\"https:\/\/aliancaevangelica.pt\/site\/igrejas\/\">https:\/\/aliancaevangelica.pt\/site\/igrejas\/<\/a><\/p>\n","protected":false},"excerpt":{"rendered":"<p>Na sequ\u00eancia da not\u00edcia divulgada hoje em v\u00e1rios meios de comunica\u00e7\u00e3o social, indicando como suspeitos tr\u00eas alegados Pastores Evang\u00e9licos a exercer fun\u00e7\u00f5es numa igreja na cidade da Amadora da pr\u00e1tica de crimes de imigra\u00e7\u00e3o ilegal e tr\u00e1fico humano , a Alian\u00e7a Evang\u00e9lica Portuguesa vem apresentar o seu rep\u00fadio por toda e qualquer pr\u00e1tica de aux\u00edlio<\/p>\n","protected":false},"author":2,"featured_media":17873,"comment_status":"closed","ping_status":"open","sticky":false,"template":"","format":"standard","meta":{"_uag_custom_page_level_css":"","_themeisle_gutenberg_block_has_review":false,"_vp_format_video_url":"","_vp_image_focal_point":[],"footnotes":""},"categories":[52],"tags":[],"class_list":["post-17871","post","type-post","status-publish","format-standard","has-post-thumbnail","hentry","category-tomadas-de-posicao"],"yoast_head":"<!-- This site is optimized with the Yoast SEO plugin v27.5 - https:\/\/yoast.com\/product\/yoast-seo-wordpress\/ -->\n<title>Imigra\u00e7\u00e3o Ilegal - AEP<\/title>\n<meta name=\"robots\" content=\"index, follow, max-snippet:-1, max-image-preview:large, max-video-preview:-1\" \/>\n<link rel=\"canonical\" href=\"https:\/\/aliancaevangelica.pt\/site\/imigracao-ilegal\/\" \/>\n<meta property=\"og:locale\" content=\"pt_PT\" \/>\n<meta property=\"og:type\" content=\"article\" \/>\n<meta property=\"og:title\" content=\"Imigra\u00e7\u00e3o Ilegal - AEP\" \/>\n<meta property=\"og:description\" content=\"Na sequ\u00eancia da not\u00edcia divulgada hoje em v\u00e1rios meios de comunica\u00e7\u00e3o social, indicando como suspeitos tr\u00eas alegados Pastores Evang\u00e9licos a exercer fun\u00e7\u00f5es numa igreja na cidade da Amadora da pr\u00e1tica de crimes de imigra\u00e7\u00e3o ilegal e tr\u00e1fico humano , a Alian\u00e7a Evang\u00e9lica Portuguesa vem apresentar o seu rep\u00fadio por toda e qualquer pr\u00e1tica de aux\u00edlio\" \/>\n<meta property=\"og:url\" content=\"https:\/\/aliancaevangelica.pt\/site\/imigracao-ilegal\/\" \/>\n<meta property=\"og:site_name\" content=\"AEP\" \/>\n<meta property=\"article:publisher\" content=\"http:\/\/facebook.com\/aeportuguesa\" \/>\n<meta property=\"article:author\" content=\"aeportugal\" \/>\n<meta property=\"article:published_time\" content=\"2020-01-10T18:06:44+00:00\" \/>\n<meta property=\"article:modified_time\" content=\"2026-04-07T09:57:13+00:00\" \/>\n<meta property=\"og:image\" content=\"https:\/\/aliancaevangelica.pt\/site\/wp-content\/uploads\/2020\/01\/razor-wire-fence.jpg\" \/>\n\t<meta property=\"og:image:width\" content=\"600\" \/>\n\t<meta property=\"og:image:height\" content=\"438\" \/>\n\t<meta property=\"og:image:type\" content=\"image\/jpeg\" \/>\n<meta name=\"author\" content=\"AEP\" \/>\n<meta name=\"twitter:card\" content=\"summary_large_image\" \/>\n<meta name=\"twitter:label1\" content=\"Escrito por\" \/>\n\t<meta name=\"twitter:data1\" content=\"AEP\" \/>\n\t<meta name=\"twitter:label2\" content=\"Tempo estimado de leitura\" \/>\n\t<meta name=\"twitter:data2\" content=\"2 minutos\" \/>\n<script type=\"application\/ld+json\" class=\"yoast-schema-graph\">{\"@context\":\"https:\\\/\\\/schema.org\",\"@graph\":[{\"@type\":\"Article\",\"@id\":\"https:\\\/\\\/aliancaevangelica.pt\\\/site\\\/imigracao-ilegal\\\/#article\",\"isPartOf\":{\"@id\":\"https:\\\/\\\/aliancaevangelica.pt\\\/site\\\/imigracao-ilegal\\\/\"},\"author\":{\"name\":\"AEP\",\"@id\":\"https:\\\/\\\/aliancaevangelica.pt\\\/site\\\/#\\\/schema\\\/person\\\/3b47cfc7535eff1e820f31c2d67eafcf\"},\"headline\":\"Imigra\u00e7\u00e3o Ilegal\",\"datePublished\":\"2020-01-10T18:06:44+00:00\",\"dateModified\":\"2026-04-07T09:57:13+00:00\",\"mainEntityOfPage\":{\"@id\":\"https:\\\/\\\/aliancaevangelica.pt\\\/site\\\/imigracao-ilegal\\\/\"},\"wordCount\":335,\"publisher\":{\"@id\":\"https:\\\/\\\/aliancaevangelica.pt\\\/site\\\/#organization\"},\"image\":{\"@id\":\"https:\\\/\\\/aliancaevangelica.pt\\\/site\\\/imigracao-ilegal\\\/#primaryimage\"},\"thumbnailUrl\":\"https:\\\/\\\/aliancaevangelica.pt\\\/site\\\/wp-content\\\/uploads\\\/2020\\\/01\\\/razor-wire-fence.jpg\",\"articleSection\":[\"Tomadas de Posi\u00e7\u00e3o\"],\"inLanguage\":\"pt-PT\"},{\"@type\":\"WebPage\",\"@id\":\"https:\\\/\\\/aliancaevangelica.pt\\\/site\\\/imigracao-ilegal\\\/\",\"url\":\"https:\\\/\\\/aliancaevangelica.pt\\\/site\\\/imigracao-ilegal\\\/\",\"name\":\"Imigra\u00e7\u00e3o Ilegal - AEP\",\"isPartOf\":{\"@id\":\"https:\\\/\\\/aliancaevangelica.pt\\\/site\\\/#website\"},\"primaryImageOfPage\":{\"@id\":\"https:\\\/\\\/aliancaevangelica.pt\\\/site\\\/imigracao-ilegal\\\/#primaryimage\"},\"image\":{\"@id\":\"https:\\\/\\\/aliancaevangelica.pt\\\/site\\\/imigracao-ilegal\\\/#primaryimage\"},\"thumbnailUrl\":\"https:\\\/\\\/aliancaevangelica.pt\\\/site\\\/wp-content\\\/uploads\\\/2020\\\/01\\\/razor-wire-fence.jpg\",\"datePublished\":\"2020-01-10T18:06:44+00:00\",\"dateModified\":\"2026-04-07T09:57:13+00:00\",\"breadcrumb\":{\"@id\":\"https:\\\/\\\/aliancaevangelica.pt\\\/site\\\/imigracao-ilegal\\\/#breadcrumb\"},\"inLanguage\":\"pt-PT\",\"potentialAction\":[{\"@type\":\"ReadAction\",\"target\":[\"https:\\\/\\\/aliancaevangelica.pt\\\/site\\\/imigracao-ilegal\\\/\"]}]},{\"@type\":\"ImageObject\",\"inLanguage\":\"pt-PT\",\"@id\":\"https:\\\/\\\/aliancaevangelica.pt\\\/site\\\/imigracao-ilegal\\\/#primaryimage\",\"url\":\"https:\\\/\\\/aliancaevangelica.pt\\\/site\\\/wp-content\\\/uploads\\\/2020\\\/01\\\/razor-wire-fence.jpg\",\"contentUrl\":\"https:\\\/\\\/aliancaevangelica.pt\\\/site\\\/wp-content\\\/uploads\\\/2020\\\/01\\\/razor-wire-fence.jpg\",\"width\":600,\"height\":438},{\"@type\":\"BreadcrumbList\",\"@id\":\"https:\\\/\\\/aliancaevangelica.pt\\\/site\\\/imigracao-ilegal\\\/#breadcrumb\",\"itemListElement\":[{\"@type\":\"ListItem\",\"position\":1,\"name\":\"In\u00edcio\",\"item\":\"https:\\\/\\\/aliancaevangelica.pt\\\/site\\\/\"},{\"@type\":\"ListItem\",\"position\":2,\"name\":\"Imigra\u00e7\u00e3o Ilegal\"}]},{\"@type\":\"WebSite\",\"@id\":\"https:\\\/\\\/aliancaevangelica.pt\\\/site\\\/#website\",\"url\":\"https:\\\/\\\/aliancaevangelica.pt\\\/site\\\/\",\"name\":\"Alian\u00e7a Evang\u00e9lica Portuguesa\",\"description\":\"Alian\u00e7a Evang\u00e9lica Portuguesa\",\"publisher\":{\"@id\":\"https:\\\/\\\/aliancaevangelica.pt\\\/site\\\/#organization\"},\"potentialAction\":[{\"@type\":\"SearchAction\",\"target\":{\"@type\":\"EntryPoint\",\"urlTemplate\":\"https:\\\/\\\/aliancaevangelica.pt\\\/site\\\/?s={search_term_string}\"},\"query-input\":{\"@type\":\"PropertyValueSpecification\",\"valueRequired\":true,\"valueName\":\"search_term_string\"}}],\"inLanguage\":\"pt-PT\"},{\"@type\":\"Organization\",\"@id\":\"https:\\\/\\\/aliancaevangelica.pt\\\/site\\\/#organization\",\"name\":\"Alian\u00e7a Evang\u00e9lica Portuguesa\",\"url\":\"https:\\\/\\\/aliancaevangelica.pt\\\/site\\\/\",\"logo\":{\"@type\":\"ImageObject\",\"inLanguage\":\"pt-PT\",\"@id\":\"https:\\\/\\\/aliancaevangelica.pt\\\/site\\\/#\\\/schema\\\/logo\\\/image\\\/\",\"url\":\"https:\\\/\\\/aliancaevangelica.pt\\\/site\\\/wp-content\\\/uploads\\\/2017\\\/11\\\/logo-AEP-cor.png\",\"contentUrl\":\"https:\\\/\\\/aliancaevangelica.pt\\\/site\\\/wp-content\\\/uploads\\\/2017\\\/11\\\/logo-AEP-cor.png\",\"width\":1156,\"height\":672,\"caption\":\"Alian\u00e7a Evang\u00e9lica Portuguesa\"},\"image\":{\"@id\":\"https:\\\/\\\/aliancaevangelica.pt\\\/site\\\/#\\\/schema\\\/logo\\\/image\\\/\"},\"sameAs\":[\"http:\\\/\\\/facebook.com\\\/aeportuguesa\",\"http:\\\/\\\/instagram.com\\\/aliancaep\",\"http:\\\/\\\/youtube.com\\\/aeportuguesa\"]},{\"@type\":\"Person\",\"@id\":\"https:\\\/\\\/aliancaevangelica.pt\\\/site\\\/#\\\/schema\\\/person\\\/3b47cfc7535eff1e820f31c2d67eafcf\",\"name\":\"AEP\",\"sameAs\":[\"aeportugal\"],\"url\":\"https:\\\/\\\/aliancaevangelica.pt\\\/site\\\/author\\\/aeportugal\\\/\"}]}<\/script>\n<!-- \/ Yoast SEO plugin. -->","yoast_head_json":{"title":"Imigra\u00e7\u00e3o Ilegal - AEP","robots":{"index":"index","follow":"follow","max-snippet":"max-snippet:-1","max-image-preview":"max-image-preview:large","max-video-preview":"max-video-preview:-1"},"canonical":"https:\/\/aliancaevangelica.pt\/site\/imigracao-ilegal\/","og_locale":"pt_PT","og_type":"article","og_title":"Imigra\u00e7\u00e3o Ilegal - AEP","og_description":"Na sequ\u00eancia da not\u00edcia divulgada hoje em v\u00e1rios meios de comunica\u00e7\u00e3o social, indicando como suspeitos tr\u00eas alegados Pastores Evang\u00e9licos a exercer fun\u00e7\u00f5es numa igreja na cidade da Amadora da pr\u00e1tica de crimes de imigra\u00e7\u00e3o ilegal e tr\u00e1fico humano , a Alian\u00e7a Evang\u00e9lica Portuguesa vem apresentar o seu rep\u00fadio por toda e qualquer pr\u00e1tica de aux\u00edlio","og_url":"https:\/\/aliancaevangelica.pt\/site\/imigracao-ilegal\/","og_site_name":"AEP","article_publisher":"http:\/\/facebook.com\/aeportuguesa","article_author":"aeportugal","article_published_time":"2020-01-10T18:06:44+00:00","article_modified_time":"2026-04-07T09:57:13+00:00","og_image":[{"width":600,"height":438,"url":"https:\/\/aliancaevangelica.pt\/site\/wp-content\/uploads\/2020\/01\/razor-wire-fence.jpg","type":"image\/jpeg"}],"author":"AEP","twitter_card":"summary_large_image","twitter_misc":{"Escrito por":"AEP","Tempo estimado de leitura":"2 minutos"},"schema":{"@context":"https:\/\/schema.org","@graph":[{"@type":"Article","@id":"https:\/\/aliancaevangelica.pt\/site\/imigracao-ilegal\/#article","isPartOf":{"@id":"https:\/\/aliancaevangelica.pt\/site\/imigracao-ilegal\/"},"author":{"name":"AEP","@id":"https:\/\/aliancaevangelica.pt\/site\/#\/schema\/person\/3b47cfc7535eff1e820f31c2d67eafcf"},"headline":"Imigra\u00e7\u00e3o Ilegal","datePublished":"2020-01-10T18:06:44+00:00","dateModified":"2026-04-07T09:57:13+00:00","mainEntityOfPage":{"@id":"https:\/\/aliancaevangelica.pt\/site\/imigracao-ilegal\/"},"wordCount":335,"publisher":{"@id":"https:\/\/aliancaevangelica.pt\/site\/#organization"},"image":{"@id":"https:\/\/aliancaevangelica.pt\/site\/imigracao-ilegal\/#primaryimage"},"thumbnailUrl":"https:\/\/aliancaevangelica.pt\/site\/wp-content\/uploads\/2020\/01\/razor-wire-fence.jpg","articleSection":["Tomadas de Posi\u00e7\u00e3o"],"inLanguage":"pt-PT"},{"@type":"WebPage","@id":"https:\/\/aliancaevangelica.pt\/site\/imigracao-ilegal\/","url":"https:\/\/aliancaevangelica.pt\/site\/imigracao-ilegal\/","name":"Imigra\u00e7\u00e3o Ilegal - AEP","isPartOf":{"@id":"https:\/\/aliancaevangelica.pt\/site\/#website"},"primaryImageOfPage":{"@id":"https:\/\/aliancaevangelica.pt\/site\/imigracao-ilegal\/#primaryimage"},"image":{"@id":"https:\/\/aliancaevangelica.pt\/site\/imigracao-ilegal\/#primaryimage"},"thumbnailUrl":"https:\/\/aliancaevangelica.pt\/site\/wp-content\/uploads\/2020\/01\/razor-wire-fence.jpg","datePublished":"2020-01-10T18:06:44+00:00","dateModified":"2026-04-07T09:57:13+00:00","breadcrumb":{"@id":"https:\/\/aliancaevangelica.pt\/site\/imigracao-ilegal\/#breadcrumb"},"inLanguage":"pt-PT","potentialAction":[{"@type":"ReadAction","target":["https:\/\/aliancaevangelica.pt\/site\/imigracao-ilegal\/"]}]},{"@type":"ImageObject","inLanguage":"pt-PT","@id":"https:\/\/aliancaevangelica.pt\/site\/imigracao-ilegal\/#primaryimage","url":"https:\/\/aliancaevangelica.pt\/site\/wp-content\/uploads\/2020\/01\/razor-wire-fence.jpg","contentUrl":"https:\/\/aliancaevangelica.pt\/site\/wp-content\/uploads\/2020\/01\/razor-wire-fence.jpg","width":600,"height":438},{"@type":"BreadcrumbList","@id":"https:\/\/aliancaevangelica.pt\/site\/imigracao-ilegal\/#breadcrumb","itemListElement":[{"@type":"ListItem","position":1,"name":"In\u00edcio","item":"https:\/\/aliancaevangelica.pt\/site\/"},{"@type":"ListItem","position":2,"name":"Imigra\u00e7\u00e3o Ilegal"}]},{"@type":"WebSite","@id":"https:\/\/aliancaevangelica.pt\/site\/#website","url":"https:\/\/aliancaevangelica.pt\/site\/","name":"Alian\u00e7a Evang\u00e9lica Portuguesa","description":"Alian\u00e7a Evang\u00e9lica Portuguesa","publisher":{"@id":"https:\/\/aliancaevangelica.pt\/site\/#organization"},"potentialAction":[{"@type":"SearchAction","target":{"@type":"EntryPoint","urlTemplate":"https:\/\/aliancaevangelica.pt\/site\/?s={search_term_string}"},"query-input":{"@type":"PropertyValueSpecification","valueRequired":true,"valueName":"search_term_string"}}],"inLanguage":"pt-PT"},{"@type":"Organization","@id":"https:\/\/aliancaevangelica.pt\/site\/#organization","name":"Alian\u00e7a Evang\u00e9lica Portuguesa","url":"https:\/\/aliancaevangelica.pt\/site\/","logo":{"@type":"ImageObject","inLanguage":"pt-PT","@id":"https:\/\/aliancaevangelica.pt\/site\/#\/schema\/logo\/image\/","url":"https:\/\/aliancaevangelica.pt\/site\/wp-content\/uploads\/2017\/11\/logo-AEP-cor.png","contentUrl":"https:\/\/aliancaevangelica.pt\/site\/wp-content\/uploads\/2017\/11\/logo-AEP-cor.png","width":1156,"height":672,"caption":"Alian\u00e7a Evang\u00e9lica Portuguesa"},"image":{"@id":"https:\/\/aliancaevangelica.pt\/site\/#\/schema\/logo\/image\/"},"sameAs":["http:\/\/facebook.com\/aeportuguesa","http:\/\/instagram.com\/aliancaep","http:\/\/youtube.com\/aeportuguesa"]},{"@type":"Person","@id":"https:\/\/aliancaevangelica.pt\/site\/#\/schema\/person\/3b47cfc7535eff1e820f31c2d67eafcf","name":"AEP","sameAs":["aeportugal"],"url":"https:\/\/aliancaevangelica.pt\/site\/author\/aeportugal\/"}]}},"uagb_featured_image_src":{"full":["https:\/\/aliancaevangelica.pt\/site\/wp-content\/uploads\/2020\/01\/razor-wire-fence.jpg",600,438,false],"thumbnail":["https:\/\/aliancaevangelica.pt\/site\/wp-content\/uploads\/2020\/01\/razor-wire-fence-150x150.jpg",150,150,true],"medium":["https:\/\/aliancaevangelica.pt\/site\/wp-content\/uploads\/2020\/01\/razor-wire-fence-300x219.jpg",300,219,true],"medium_large":["https:\/\/aliancaevangelica.pt\/site\/wp-content\/uploads\/2020\/01\/razor-wire-fence.jpg",600,438,false],"large":["https:\/\/aliancaevangelica.pt\/site\/wp-content\/uploads\/2020\/01\/razor-wire-fence.jpg",600,438,false],"1536x1536":["https:\/\/aliancaevangelica.pt\/site\/wp-content\/uploads\/2020\/01\/razor-wire-fence.jpg",600,438,false],"2048x2048":["https:\/\/aliancaevangelica.pt\/site\/wp-content\/uploads\/2020\/01\/razor-wire-fence.jpg",600,438,false],"vp_sm":["https:\/\/aliancaevangelica.pt\/site\/wp-content\/uploads\/2020\/01\/razor-wire-fence.jpg",500,365,false],"vp_md":["https:\/\/aliancaevangelica.pt\/site\/wp-content\/uploads\/2020\/01\/razor-wire-fence.jpg",600,438,false],"vp_lg":["https:\/\/aliancaevangelica.pt\/site\/wp-content\/uploads\/2020\/01\/razor-wire-fence.jpg",600,438,false],"vp_xl":["https:\/\/aliancaevangelica.pt\/site\/wp-content\/uploads\/2020\/01\/razor-wire-fence.jpg",600,438,false],"vp_sm_popup":["https:\/\/aliancaevangelica.pt\/site\/wp-content\/uploads\/2020\/01\/razor-wire-fence.jpg",500,365,false],"vp_md_popup":["https:\/\/aliancaevangelica.pt\/site\/wp-content\/uploads\/2020\/01\/razor-wire-fence.jpg",600,438,false],"vp_xl_popup":["https:\/\/aliancaevangelica.pt\/site\/wp-content\/uploads\/2020\/01\/razor-wire-fence.jpg",600,438,false],"newsx-150x100":["https:\/\/aliancaevangelica.pt\/site\/wp-content\/uploads\/2020\/01\/razor-wire-fence.jpg",137,100,false],"newsx-330x220":["https:\/\/aliancaevangelica.pt\/site\/wp-content\/uploads\/2020\/01\/razor-wire-fence.jpg",301,220,false],"newsx-420x280":["https:\/\/aliancaevangelica.pt\/site\/wp-content\/uploads\/2020\/01\/razor-wire-fence.jpg",384,280,false],"newsx-510x340":["https:\/\/aliancaevangelica.pt\/site\/wp-content\/uploads\/2020\/01\/razor-wire-fence.jpg",466,340,false],"newsx-640x480":["https:\/\/aliancaevangelica.pt\/site\/wp-content\/uploads\/2020\/01\/razor-wire-fence.jpg",600,438,false],"newsx-670x370":["https:\/\/aliancaevangelica.pt\/site\/wp-content\/uploads\/2020\/01\/razor-wire-fence.jpg",507,370,false],"newsx-860x570":["https:\/\/aliancaevangelica.pt\/site\/wp-content\/uploads\/2020\/01\/razor-wire-fence.jpg",600,438,false],"newsx-1000x750":["https:\/\/aliancaevangelica.pt\/site\/wp-content\/uploads\/2020\/01\/razor-wire-fence.jpg",600,438,false],"newsx-1200x600":["https:\/\/aliancaevangelica.pt\/site\/wp-content\/uploads\/2020\/01\/razor-wire-fence.jpg",600,438,false]},"uagb_author_info":{"display_name":"AEP","author_link":"https:\/\/aliancaevangelica.pt\/site\/author\/aeportugal\/"},"uagb_comment_info":0,"uagb_excerpt":"Na sequ\u00eancia da not\u00edcia divulgada hoje em v\u00e1rios meios de comunica\u00e7\u00e3o social, indicando como suspeitos tr\u00eas alegados Pastores Evang\u00e9licos a exercer fun\u00e7\u00f5es numa igreja na cidade da Amadora da pr\u00e1tica de crimes de imigra\u00e7\u00e3o ilegal e tr\u00e1fico humano , a Alian\u00e7a Evang\u00e9lica Portuguesa vem apresentar o seu rep\u00fadio por toda e qualquer pr\u00e1tica de aux\u00edlio","_links":{"self":[{"href":"https:\/\/aliancaevangelica.pt\/site\/wp-json\/wp\/v2\/posts\/17871","targetHints":{"allow":["GET"]}}],"collection":[{"href":"https:\/\/aliancaevangelica.pt\/site\/wp-json\/wp\/v2\/posts"}],"about":[{"href":"https:\/\/aliancaevangelica.pt\/site\/wp-json\/wp\/v2\/types\/post"}],"author":[{"embeddable":true,"href":"https:\/\/aliancaevangelica.pt\/site\/wp-json\/wp\/v2\/users\/2"}],"replies":[{"embeddable":true,"href":"https:\/\/aliancaevangelica.pt\/site\/wp-json\/wp\/v2\/comments?post=17871"}],"version-history":[{"count":6,"href":"https:\/\/aliancaevangelica.pt\/site\/wp-json\/wp\/v2\/posts\/17871\/revisions"}],"predecessor-version":[{"id":17951,"href":"https:\/\/aliancaevangelica.pt\/site\/wp-json\/wp\/v2\/posts\/17871\/revisions\/17951"}],"wp:featuredmedia":[{"embeddable":true,"href":"https:\/\/aliancaevangelica.pt\/site\/wp-json\/wp\/v2\/media\/17873"}],"wp:attachment":[{"href":"https:\/\/aliancaevangelica.pt\/site\/wp-json\/wp\/v2\/media?parent=17871"}],"wp:term":[{"taxonomy":"category","embeddable":true,"href":"https:\/\/aliancaevangelica.pt\/site\/wp-json\/wp\/v2\/categories?post=17871"},{"taxonomy":"post_tag","embeddable":true,"href":"https:\/\/aliancaevangelica.pt\/site\/wp-json\/wp\/v2\/tags?post=17871"}],"curies":[{"name":"wp","href":"https:\/\/api.w.org\/{rel}","templated":true}]}}