{"id":17820,"date":"2020-01-09T17:12:24","date_gmt":"2020-01-09T17:12:24","guid":{"rendered":"https:\/\/aliancaevangelica.pt\/site\/?p=17820"},"modified":"2020-01-09T17:14:59","modified_gmt":"2020-01-09T17:14:59","slug":"mil-e-uma-razoes-para-ser-voluntario","status":"publish","type":"post","link":"https:\/\/aliancaevangelica.pt\/site\/mil-e-uma-razoes-para-ser-voluntario\/","title":{"rendered":"Mil e uma raz\u00f5es para ser volunt\u00e1rio"},"content":{"rendered":"<p>J\u00e1 pensou em ser volunt\u00e1rio? Talvez tenha dito para si mesma: \u201cSim, \u00e9 uma boa ideia!\u201d, mas tamb\u00e9m pode ter pensado: \u201cE o que \u00e9 que eu ganho com isso?\u201d<\/p>\n<p>Bem, de facto, existem 1001 boas raz\u00f5es para fazer voluntariado.<\/p>\n<p>Mas, afinal, o que \u00e9 ser volunt\u00e1rio? Segundo a legisla\u00e7\u00e3o portuguesa, ser volunt\u00e1rio \u00e9 uma atividade que necessita de estar enquadrada institucionalmente [Lei 71\/98 de 3 Novembro, artigo 2.\u00ba].<\/p>\n<p>Sabemos que a Palavra de Deus nos incentiva a fazer o bem individualmente ou em grupo, em qualquer circunst\u00e2ncia e desinteressadamente como uma sementeira, e fruto de um car\u00e1ter transformado por Cristo (G\u00e1latas 6:9, Mateus 5:16, Ef\u00e9sios 2:10, Tiago 2:14-17, Tiago 1:27, Tiago 4:17). Contudo, o facto de estarmos enquadrados institucionalmente pode ter vantagens a n\u00edvel do impacto e visibilidade das nossas a\u00e7\u00f5es na comunidade. Assim, o voluntariado \u00e9 uma bonita forma de deixarmos brilhar a nossa luz.<\/p>\n<p>Contudo, n\u00e3o encaremos o voluntariado apenas como uma atividade pontual, uma tarefa. Olhemos o voluntariado como um estilo de vida: dar de n\u00f3s aos outros, dar o nosso <strong>tempo, <\/strong>os nossos <strong>talentos, <\/strong>(aquilo que melhor sabemos fazer, as nossas compet\u00eancias pessoais e\/ ou profissionais) e os nossos <strong>tesouros <\/strong>(aquilo que possu\u00edmos \u2013 bens materiais, donativos, roupa, brinquedos, alimentos\u2026 &#8211; e que podemos partilhar com os outros.)<\/p>\n<p>Creio que o voluntariado \u00e9 um investimento, um bom investimento. N\u00e3o um investimento a fundo perdido, mas um investimento com grande retorno.<\/p>\n<p>Ser volunt\u00e1rio:<\/p>\n<p>1 \u2013 \u00c9 uma oportunidade de aprendizagem de como se deve estar\/ agir num determinado contexto e permite saber como funciona determinada organiza\u00e7\u00e3o.<\/p>\n<p>2 \u2013 Possibilita-lhe alargar a rede de contactos pessoais e profissionais<\/p>\n<p>3 \u2013 Significa ter mentores formais e informais e isso implica, necessariamente, ganhar novas perspetivas sobre tarefas e\/ ou grupos espec\u00edficos de popula\u00e7\u00e3o. Tudo isto permite o enriquecimento de cada volunt\u00e1rio como pessoa, para al\u00e9m de valorizar o seu CV, se \u00e9 rec\u00e9m-formado ou procura emprego.<\/p>\n<p>4 \u2013 \u00c9 uma oportunidade de desenvolver a capacidade de comunica\u00e7\u00e3o e o conhecimento sobre diferentes contextos.<\/p>\n<p>5 \u2013 Permite aumentar o auto-conhecimento, no sentido que o volunt\u00e1rio experimenta novas tarefas, desempenha novos pap\u00e9is, e percebe o que o inspira e motiva a continuar, ou n\u00e3o.<\/p>\n<p>6 \u2013 \u00c9 uma possibilidade de desenvolver as <em>soft skills<\/em> t\u00e3o importantes e valorizadas em contextos laborais e tamb\u00e9m indispens\u00e1veis para os relacionamentos interpessoais (por exemplo: capacidade de comunica\u00e7\u00e3o, relacionamentos interpessoais, resolu\u00e7\u00e3o de problemas e pensamento cr\u00edtico, escuta ativa, vontade de aprender, boa gest\u00e3o de tempo, trabalhar bem em equipa, flexibilidade, etc.)<\/p>\n<p>O voluntariado, na sua ace\u00e7\u00e3o mais lata, \u00e9 quase para todas as idades, e pode ser realizado em variad\u00edssimos \u00e2mbitos: associa\u00e7\u00f5es, conserva\u00e7\u00e3o do ambiente, eventos, \u00a0entre outros. Recentemente, li duas frases que penso que se aplicam muito bem ao contexto do voluntariado: n\u00e3o importa a tarefa que desempenhamos, a posi\u00e7\u00e3o que ocupamos, \u201ctodos n\u00f3s somos l\u00edderes na diferen\u00e7a que queremos ver no mundo\u201d e \u201co voluntariado \u00e9 o expoente m\u00e1ximo da democracia. N\u00f3s votamos nas elei\u00e7\u00f5es uma vez por ano, mas quando somos volunt\u00e1rios, votamos todos os dias no tipo de comunidade em que queremos viver.\u201d<\/p>\n<p>Finalmente, o voluntariado certamente torna-nos pessoas mais felizes, pois como diz a B\u00edblia \u201cMais bem-aventurada coisa \u00e9 dar do que receber\u201d (Atos 20:35).<\/p>\n<p>Experimente!<\/p>\n<p>[movedo_single_image image=&#8221;17822&#8243; animation=&#8221;grve-zoom-in&#8221;]Elsa Correia Pereira<br \/>\nSoci\u00f3loga<\/p>\n","protected":false},"excerpt":{"rendered":"<p>J\u00e1 pensou em ser volunt\u00e1rio? Talvez tenha dito para si mesma: \u201cSim, \u00e9 uma boa ideia!\u201d, mas tamb\u00e9m pode ter pensado: \u201cE o que \u00e9 que eu ganho com isso?\u201d Bem, de facto, existem 1001 boas raz\u00f5es para fazer voluntariado. Mas, afinal, o que \u00e9 ser volunt\u00e1rio? Segundo a legisla\u00e7\u00e3o portuguesa, ser volunt\u00e1rio \u00e9 uma<\/p>\n","protected":false},"author":2,"featured_media":17821,"comment_status":"open","ping_status":"open","sticky":false,"template":"","format":"standard","meta":{"_uag_custom_page_level_css":"","_themeisle_gutenberg_block_has_review":false,"_vp_format_video_url":"","_vp_image_focal_point":[],"footnotes":""},"categories":[45,47],"tags":[181],"class_list":["post-17820","post","type-post","status-publish","format-standard","has-post-thumbnail","hentry","category-geral","category-mulheres-casais-e-familia","tag-1-geral"],"yoast_head":"<!-- This site is optimized with the Yoast SEO plugin v27.5 - https:\/\/yoast.com\/product\/yoast-seo-wordpress\/ -->\n<title>Mil e uma raz\u00f5es para ser volunt\u00e1rio - AEP<\/title>\n<meta name=\"robots\" content=\"index, follow, max-snippet:-1, max-image-preview:large, max-video-preview:-1\" \/>\n<link rel=\"canonical\" href=\"https:\/\/aliancaevangelica.pt\/site\/mil-e-uma-razoes-para-ser-voluntario\/\" \/>\n<meta property=\"og:locale\" content=\"pt_PT\" \/>\n<meta property=\"og:type\" content=\"article\" \/>\n<meta property=\"og:title\" content=\"Mil e uma raz\u00f5es para ser volunt\u00e1rio - AEP\" \/>\n<meta property=\"og:description\" content=\"J\u00e1 pensou em ser volunt\u00e1rio? Talvez tenha dito para si mesma: \u201cSim, \u00e9 uma boa ideia!\u201d, mas tamb\u00e9m pode ter pensado: \u201cE o que \u00e9 que eu ganho com isso?\u201d Bem, de facto, existem 1001 boas raz\u00f5es para fazer voluntariado. Mas, afinal, o que \u00e9 ser volunt\u00e1rio? Segundo a legisla\u00e7\u00e3o portuguesa, ser volunt\u00e1rio \u00e9 uma\" \/>\n<meta property=\"og:url\" content=\"https:\/\/aliancaevangelica.pt\/site\/mil-e-uma-razoes-para-ser-voluntario\/\" \/>\n<meta property=\"og:site_name\" content=\"AEP\" \/>\n<meta property=\"article:publisher\" content=\"http:\/\/facebook.com\/aeportuguesa\" \/>\n<meta property=\"article:author\" content=\"aeportugal\" \/>\n<meta property=\"article:published_time\" content=\"2020-01-09T17:12:24+00:00\" \/>\n<meta property=\"article:modified_time\" content=\"2020-01-09T17:14:59+00:00\" \/>\n<meta property=\"og:image\" content=\"https:\/\/aliancaevangelica.pt\/site\/wp-content\/uploads\/2020\/01\/Voluntariado.jpg\" \/>\n\t<meta property=\"og:image:width\" content=\"1280\" \/>\n\t<meta property=\"og:image:height\" content=\"960\" \/>\n\t<meta property=\"og:image:type\" content=\"image\/jpeg\" \/>\n<meta name=\"author\" content=\"AEP\" \/>\n<meta name=\"twitter:card\" content=\"summary_large_image\" \/>\n<meta name=\"twitter:label1\" content=\"Escrito por\" \/>\n\t<meta name=\"twitter:data1\" content=\"AEP\" \/>\n\t<meta name=\"twitter:label2\" content=\"Tempo estimado de leitura\" \/>\n\t<meta name=\"twitter:data2\" content=\"3 minutos\" \/>\n<script type=\"application\/ld+json\" class=\"yoast-schema-graph\">{\"@context\":\"https:\\\/\\\/schema.org\",\"@graph\":[{\"@type\":\"Article\",\"@id\":\"https:\\\/\\\/aliancaevangelica.pt\\\/site\\\/mil-e-uma-razoes-para-ser-voluntario\\\/#article\",\"isPartOf\":{\"@id\":\"https:\\\/\\\/aliancaevangelica.pt\\\/site\\\/mil-e-uma-razoes-para-ser-voluntario\\\/\"},\"author\":{\"name\":\"AEP\",\"@id\":\"https:\\\/\\\/aliancaevangelica.pt\\\/site\\\/#\\\/schema\\\/person\\\/3b47cfc7535eff1e820f31c2d67eafcf\"},\"headline\":\"Mil e uma raz\u00f5es para ser volunt\u00e1rio\",\"datePublished\":\"2020-01-09T17:12:24+00:00\",\"dateModified\":\"2020-01-09T17:14:59+00:00\",\"mainEntityOfPage\":{\"@id\":\"https:\\\/\\\/aliancaevangelica.pt\\\/site\\\/mil-e-uma-razoes-para-ser-voluntario\\\/\"},\"wordCount\":568,\"commentCount\":0,\"publisher\":{\"@id\":\"https:\\\/\\\/aliancaevangelica.pt\\\/site\\\/#organization\"},\"image\":{\"@id\":\"https:\\\/\\\/aliancaevangelica.pt\\\/site\\\/mil-e-uma-razoes-para-ser-voluntario\\\/#primaryimage\"},\"thumbnailUrl\":\"https:\\\/\\\/aliancaevangelica.pt\\\/site\\\/wp-content\\\/uploads\\\/2020\\\/01\\\/Voluntariado.jpg\",\"keywords\":[\"1-Geral\"],\"articleSection\":[\"1-Geral\",\"MULHERES, CASAIS E FAM\u00cdLIA\"],\"inLanguage\":\"pt-PT\",\"potentialAction\":[{\"@type\":\"CommentAction\",\"name\":\"Comment\",\"target\":[\"https:\\\/\\\/aliancaevangelica.pt\\\/site\\\/mil-e-uma-razoes-para-ser-voluntario\\\/#respond\"]}]},{\"@type\":\"WebPage\",\"@id\":\"https:\\\/\\\/aliancaevangelica.pt\\\/site\\\/mil-e-uma-razoes-para-ser-voluntario\\\/\",\"url\":\"https:\\\/\\\/aliancaevangelica.pt\\\/site\\\/mil-e-uma-razoes-para-ser-voluntario\\\/\",\"name\":\"Mil e uma raz\u00f5es para ser volunt\u00e1rio - AEP\",\"isPartOf\":{\"@id\":\"https:\\\/\\\/aliancaevangelica.pt\\\/site\\\/#website\"},\"primaryImageOfPage\":{\"@id\":\"https:\\\/\\\/aliancaevangelica.pt\\\/site\\\/mil-e-uma-razoes-para-ser-voluntario\\\/#primaryimage\"},\"image\":{\"@id\":\"https:\\\/\\\/aliancaevangelica.pt\\\/site\\\/mil-e-uma-razoes-para-ser-voluntario\\\/#primaryimage\"},\"thumbnailUrl\":\"https:\\\/\\\/aliancaevangelica.pt\\\/site\\\/wp-content\\\/uploads\\\/2020\\\/01\\\/Voluntariado.jpg\",\"datePublished\":\"2020-01-09T17:12:24+00:00\",\"dateModified\":\"2020-01-09T17:14:59+00:00\",\"breadcrumb\":{\"@id\":\"https:\\\/\\\/aliancaevangelica.pt\\\/site\\\/mil-e-uma-razoes-para-ser-voluntario\\\/#breadcrumb\"},\"inLanguage\":\"pt-PT\",\"potentialAction\":[{\"@type\":\"ReadAction\",\"target\":[\"https:\\\/\\\/aliancaevangelica.pt\\\/site\\\/mil-e-uma-razoes-para-ser-voluntario\\\/\"]}]},{\"@type\":\"ImageObject\",\"inLanguage\":\"pt-PT\",\"@id\":\"https:\\\/\\\/aliancaevangelica.pt\\\/site\\\/mil-e-uma-razoes-para-ser-voluntario\\\/#primaryimage\",\"url\":\"https:\\\/\\\/aliancaevangelica.pt\\\/site\\\/wp-content\\\/uploads\\\/2020\\\/01\\\/Voluntariado.jpg\",\"contentUrl\":\"https:\\\/\\\/aliancaevangelica.pt\\\/site\\\/wp-content\\\/uploads\\\/2020\\\/01\\\/Voluntariado.jpg\",\"width\":1280,\"height\":960},{\"@type\":\"BreadcrumbList\",\"@id\":\"https:\\\/\\\/aliancaevangelica.pt\\\/site\\\/mil-e-uma-razoes-para-ser-voluntario\\\/#breadcrumb\",\"itemListElement\":[{\"@type\":\"ListItem\",\"position\":1,\"name\":\"In\u00edcio\",\"item\":\"https:\\\/\\\/aliancaevangelica.pt\\\/site\\\/\"},{\"@type\":\"ListItem\",\"position\":2,\"name\":\"Mil e uma raz\u00f5es para ser volunt\u00e1rio\"}]},{\"@type\":\"WebSite\",\"@id\":\"https:\\\/\\\/aliancaevangelica.pt\\\/site\\\/#website\",\"url\":\"https:\\\/\\\/aliancaevangelica.pt\\\/site\\\/\",\"name\":\"Alian\u00e7a Evang\u00e9lica Portuguesa\",\"description\":\"Alian\u00e7a Evang\u00e9lica Portuguesa\",\"publisher\":{\"@id\":\"https:\\\/\\\/aliancaevangelica.pt\\\/site\\\/#organization\"},\"potentialAction\":[{\"@type\":\"SearchAction\",\"target\":{\"@type\":\"EntryPoint\",\"urlTemplate\":\"https:\\\/\\\/aliancaevangelica.pt\\\/site\\\/?s={search_term_string}\"},\"query-input\":{\"@type\":\"PropertyValueSpecification\",\"valueRequired\":true,\"valueName\":\"search_term_string\"}}],\"inLanguage\":\"pt-PT\"},{\"@type\":\"Organization\",\"@id\":\"https:\\\/\\\/aliancaevangelica.pt\\\/site\\\/#organization\",\"name\":\"Alian\u00e7a Evang\u00e9lica Portuguesa\",\"url\":\"https:\\\/\\\/aliancaevangelica.pt\\\/site\\\/\",\"logo\":{\"@type\":\"ImageObject\",\"inLanguage\":\"pt-PT\",\"@id\":\"https:\\\/\\\/aliancaevangelica.pt\\\/site\\\/#\\\/schema\\\/logo\\\/image\\\/\",\"url\":\"https:\\\/\\\/aliancaevangelica.pt\\\/site\\\/wp-content\\\/uploads\\\/2017\\\/11\\\/logo-AEP-cor.png\",\"contentUrl\":\"https:\\\/\\\/aliancaevangelica.pt\\\/site\\\/wp-content\\\/uploads\\\/2017\\\/11\\\/logo-AEP-cor.png\",\"width\":1156,\"height\":672,\"caption\":\"Alian\u00e7a Evang\u00e9lica Portuguesa\"},\"image\":{\"@id\":\"https:\\\/\\\/aliancaevangelica.pt\\\/site\\\/#\\\/schema\\\/logo\\\/image\\\/\"},\"sameAs\":[\"http:\\\/\\\/facebook.com\\\/aeportuguesa\",\"http:\\\/\\\/instagram.com\\\/aliancaep\",\"http:\\\/\\\/youtube.com\\\/aeportuguesa\"]},{\"@type\":\"Person\",\"@id\":\"https:\\\/\\\/aliancaevangelica.pt\\\/site\\\/#\\\/schema\\\/person\\\/3b47cfc7535eff1e820f31c2d67eafcf\",\"name\":\"AEP\",\"sameAs\":[\"aeportugal\"],\"url\":\"https:\\\/\\\/aliancaevangelica.pt\\\/site\\\/author\\\/aeportugal\\\/\"}]}<\/script>\n<!-- \/ Yoast SEO plugin. -->","yoast_head_json":{"title":"Mil e uma raz\u00f5es para ser volunt\u00e1rio - AEP","robots":{"index":"index","follow":"follow","max-snippet":"max-snippet:-1","max-image-preview":"max-image-preview:large","max-video-preview":"max-video-preview:-1"},"canonical":"https:\/\/aliancaevangelica.pt\/site\/mil-e-uma-razoes-para-ser-voluntario\/","og_locale":"pt_PT","og_type":"article","og_title":"Mil e uma raz\u00f5es para ser volunt\u00e1rio - AEP","og_description":"J\u00e1 pensou em ser volunt\u00e1rio? Talvez tenha dito para si mesma: \u201cSim, \u00e9 uma boa ideia!\u201d, mas tamb\u00e9m pode ter pensado: \u201cE o que \u00e9 que eu ganho com isso?\u201d Bem, de facto, existem 1001 boas raz\u00f5es para fazer voluntariado. Mas, afinal, o que \u00e9 ser volunt\u00e1rio? Segundo a legisla\u00e7\u00e3o portuguesa, ser volunt\u00e1rio \u00e9 uma","og_url":"https:\/\/aliancaevangelica.pt\/site\/mil-e-uma-razoes-para-ser-voluntario\/","og_site_name":"AEP","article_publisher":"http:\/\/facebook.com\/aeportuguesa","article_author":"aeportugal","article_published_time":"2020-01-09T17:12:24+00:00","article_modified_time":"2020-01-09T17:14:59+00:00","og_image":[{"width":1280,"height":960,"url":"https:\/\/aliancaevangelica.pt\/site\/wp-content\/uploads\/2020\/01\/Voluntariado.jpg","type":"image\/jpeg"}],"author":"AEP","twitter_card":"summary_large_image","twitter_misc":{"Escrito por":"AEP","Tempo estimado de leitura":"3 minutos"},"schema":{"@context":"https:\/\/schema.org","@graph":[{"@type":"Article","@id":"https:\/\/aliancaevangelica.pt\/site\/mil-e-uma-razoes-para-ser-voluntario\/#article","isPartOf":{"@id":"https:\/\/aliancaevangelica.pt\/site\/mil-e-uma-razoes-para-ser-voluntario\/"},"author":{"name":"AEP","@id":"https:\/\/aliancaevangelica.pt\/site\/#\/schema\/person\/3b47cfc7535eff1e820f31c2d67eafcf"},"headline":"Mil e uma raz\u00f5es para ser volunt\u00e1rio","datePublished":"2020-01-09T17:12:24+00:00","dateModified":"2020-01-09T17:14:59+00:00","mainEntityOfPage":{"@id":"https:\/\/aliancaevangelica.pt\/site\/mil-e-uma-razoes-para-ser-voluntario\/"},"wordCount":568,"commentCount":0,"publisher":{"@id":"https:\/\/aliancaevangelica.pt\/site\/#organization"},"image":{"@id":"https:\/\/aliancaevangelica.pt\/site\/mil-e-uma-razoes-para-ser-voluntario\/#primaryimage"},"thumbnailUrl":"https:\/\/aliancaevangelica.pt\/site\/wp-content\/uploads\/2020\/01\/Voluntariado.jpg","keywords":["1-Geral"],"articleSection":["1-Geral","MULHERES, CASAIS E FAM\u00cdLIA"],"inLanguage":"pt-PT","potentialAction":[{"@type":"CommentAction","name":"Comment","target":["https:\/\/aliancaevangelica.pt\/site\/mil-e-uma-razoes-para-ser-voluntario\/#respond"]}]},{"@type":"WebPage","@id":"https:\/\/aliancaevangelica.pt\/site\/mil-e-uma-razoes-para-ser-voluntario\/","url":"https:\/\/aliancaevangelica.pt\/site\/mil-e-uma-razoes-para-ser-voluntario\/","name":"Mil e uma raz\u00f5es para ser volunt\u00e1rio - AEP","isPartOf":{"@id":"https:\/\/aliancaevangelica.pt\/site\/#website"},"primaryImageOfPage":{"@id":"https:\/\/aliancaevangelica.pt\/site\/mil-e-uma-razoes-para-ser-voluntario\/#primaryimage"},"image":{"@id":"https:\/\/aliancaevangelica.pt\/site\/mil-e-uma-razoes-para-ser-voluntario\/#primaryimage"},"thumbnailUrl":"https:\/\/aliancaevangelica.pt\/site\/wp-content\/uploads\/2020\/01\/Voluntariado.jpg","datePublished":"2020-01-09T17:12:24+00:00","dateModified":"2020-01-09T17:14:59+00:00","breadcrumb":{"@id":"https:\/\/aliancaevangelica.pt\/site\/mil-e-uma-razoes-para-ser-voluntario\/#breadcrumb"},"inLanguage":"pt-PT","potentialAction":[{"@type":"ReadAction","target":["https:\/\/aliancaevangelica.pt\/site\/mil-e-uma-razoes-para-ser-voluntario\/"]}]},{"@type":"ImageObject","inLanguage":"pt-PT","@id":"https:\/\/aliancaevangelica.pt\/site\/mil-e-uma-razoes-para-ser-voluntario\/#primaryimage","url":"https:\/\/aliancaevangelica.pt\/site\/wp-content\/uploads\/2020\/01\/Voluntariado.jpg","contentUrl":"https:\/\/aliancaevangelica.pt\/site\/wp-content\/uploads\/2020\/01\/Voluntariado.jpg","width":1280,"height":960},{"@type":"BreadcrumbList","@id":"https:\/\/aliancaevangelica.pt\/site\/mil-e-uma-razoes-para-ser-voluntario\/#breadcrumb","itemListElement":[{"@type":"ListItem","position":1,"name":"In\u00edcio","item":"https:\/\/aliancaevangelica.pt\/site\/"},{"@type":"ListItem","position":2,"name":"Mil e uma raz\u00f5es para ser volunt\u00e1rio"}]},{"@type":"WebSite","@id":"https:\/\/aliancaevangelica.pt\/site\/#website","url":"https:\/\/aliancaevangelica.pt\/site\/","name":"Alian\u00e7a Evang\u00e9lica Portuguesa","description":"Alian\u00e7a Evang\u00e9lica Portuguesa","publisher":{"@id":"https:\/\/aliancaevangelica.pt\/site\/#organization"},"potentialAction":[{"@type":"SearchAction","target":{"@type":"EntryPoint","urlTemplate":"https:\/\/aliancaevangelica.pt\/site\/?s={search_term_string}"},"query-input":{"@type":"PropertyValueSpecification","valueRequired":true,"valueName":"search_term_string"}}],"inLanguage":"pt-PT"},{"@type":"Organization","@id":"https:\/\/aliancaevangelica.pt\/site\/#organization","name":"Alian\u00e7a Evang\u00e9lica Portuguesa","url":"https:\/\/aliancaevangelica.pt\/site\/","logo":{"@type":"ImageObject","inLanguage":"pt-PT","@id":"https:\/\/aliancaevangelica.pt\/site\/#\/schema\/logo\/image\/","url":"https:\/\/aliancaevangelica.pt\/site\/wp-content\/uploads\/2017\/11\/logo-AEP-cor.png","contentUrl":"https:\/\/aliancaevangelica.pt\/site\/wp-content\/uploads\/2017\/11\/logo-AEP-cor.png","width":1156,"height":672,"caption":"Alian\u00e7a Evang\u00e9lica Portuguesa"},"image":{"@id":"https:\/\/aliancaevangelica.pt\/site\/#\/schema\/logo\/image\/"},"sameAs":["http:\/\/facebook.com\/aeportuguesa","http:\/\/instagram.com\/aliancaep","http:\/\/youtube.com\/aeportuguesa"]},{"@type":"Person","@id":"https:\/\/aliancaevangelica.pt\/site\/#\/schema\/person\/3b47cfc7535eff1e820f31c2d67eafcf","name":"AEP","sameAs":["aeportugal"],"url":"https:\/\/aliancaevangelica.pt\/site\/author\/aeportugal\/"}]}},"uagb_featured_image_src":{"full":["https:\/\/aliancaevangelica.pt\/site\/wp-content\/uploads\/2020\/01\/Voluntariado.jpg",1280,960,false],"thumbnail":["https:\/\/aliancaevangelica.pt\/site\/wp-content\/uploads\/2020\/01\/Voluntariado-150x150.jpg",150,150,true],"medium":["https:\/\/aliancaevangelica.pt\/site\/wp-content\/uploads\/2020\/01\/Voluntariado-300x225.jpg",300,225,true],"medium_large":["https:\/\/aliancaevangelica.pt\/site\/wp-content\/uploads\/2020\/01\/Voluntariado-768x576.jpg",768,576,true],"large":["https:\/\/aliancaevangelica.pt\/site\/wp-content\/uploads\/2020\/01\/Voluntariado-1024x768.jpg",960,720,true],"1536x1536":["https:\/\/aliancaevangelica.pt\/site\/wp-content\/uploads\/2020\/01\/Voluntariado.jpg",1280,960,false],"2048x2048":["https:\/\/aliancaevangelica.pt\/site\/wp-content\/uploads\/2020\/01\/Voluntariado.jpg",1280,960,false],"vp_sm":["https:\/\/aliancaevangelica.pt\/site\/wp-content\/uploads\/2020\/01\/Voluntariado.jpg",500,375,false],"vp_md":["https:\/\/aliancaevangelica.pt\/site\/wp-content\/uploads\/2020\/01\/Voluntariado.jpg",800,600,false],"vp_lg":["https:\/\/aliancaevangelica.pt\/site\/wp-content\/uploads\/2020\/01\/Voluntariado.jpg",1280,960,false],"vp_xl":["https:\/\/aliancaevangelica.pt\/site\/wp-content\/uploads\/2020\/01\/Voluntariado.jpg",1280,960,false],"vp_sm_popup":["https:\/\/aliancaevangelica.pt\/site\/wp-content\/uploads\/2020\/01\/Voluntariado.jpg",500,375,false],"vp_md_popup":["https:\/\/aliancaevangelica.pt\/site\/wp-content\/uploads\/2020\/01\/Voluntariado.jpg",800,600,false],"vp_xl_popup":["https:\/\/aliancaevangelica.pt\/site\/wp-content\/uploads\/2020\/01\/Voluntariado.jpg",1280,960,false],"newsx-150x100":["https:\/\/aliancaevangelica.pt\/site\/wp-content\/uploads\/2020\/01\/Voluntariado.jpg",133,100,false],"newsx-330x220":["https:\/\/aliancaevangelica.pt\/site\/wp-content\/uploads\/2020\/01\/Voluntariado.jpg",293,220,false],"newsx-420x280":["https:\/\/aliancaevangelica.pt\/site\/wp-content\/uploads\/2020\/01\/Voluntariado.jpg",373,280,false],"newsx-510x340":["https:\/\/aliancaevangelica.pt\/site\/wp-content\/uploads\/2020\/01\/Voluntariado.jpg",453,340,false],"newsx-640x480":["https:\/\/aliancaevangelica.pt\/site\/wp-content\/uploads\/2020\/01\/Voluntariado.jpg",640,480,false],"newsx-670x370":["https:\/\/aliancaevangelica.pt\/site\/wp-content\/uploads\/2020\/01\/Voluntariado.jpg",493,370,false],"newsx-860x570":["https:\/\/aliancaevangelica.pt\/site\/wp-content\/uploads\/2020\/01\/Voluntariado.jpg",760,570,false],"newsx-1000x750":["https:\/\/aliancaevangelica.pt\/site\/wp-content\/uploads\/2020\/01\/Voluntariado.jpg",1000,750,false],"newsx-1200x600":["https:\/\/aliancaevangelica.pt\/site\/wp-content\/uploads\/2020\/01\/Voluntariado.jpg",800,600,false]},"uagb_author_info":{"display_name":"AEP","author_link":"https:\/\/aliancaevangelica.pt\/site\/author\/aeportugal\/"},"uagb_comment_info":0,"uagb_excerpt":"J\u00e1 pensou em ser volunt\u00e1rio? Talvez tenha dito para si mesma: \u201cSim, \u00e9 uma boa ideia!\u201d, mas tamb\u00e9m pode ter pensado: \u201cE o que \u00e9 que eu ganho com isso?\u201d Bem, de facto, existem 1001 boas raz\u00f5es para fazer voluntariado. Mas, afinal, o que \u00e9 ser volunt\u00e1rio? Segundo a legisla\u00e7\u00e3o portuguesa, ser volunt\u00e1rio \u00e9 uma","_links":{"self":[{"href":"https:\/\/aliancaevangelica.pt\/site\/wp-json\/wp\/v2\/posts\/17820","targetHints":{"allow":["GET"]}}],"collection":[{"href":"https:\/\/aliancaevangelica.pt\/site\/wp-json\/wp\/v2\/posts"}],"about":[{"href":"https:\/\/aliancaevangelica.pt\/site\/wp-json\/wp\/v2\/types\/post"}],"author":[{"embeddable":true,"href":"https:\/\/aliancaevangelica.pt\/site\/wp-json\/wp\/v2\/users\/2"}],"replies":[{"embeddable":true,"href":"https:\/\/aliancaevangelica.pt\/site\/wp-json\/wp\/v2\/comments?post=17820"}],"version-history":[{"count":2,"href":"https:\/\/aliancaevangelica.pt\/site\/wp-json\/wp\/v2\/posts\/17820\/revisions"}],"predecessor-version":[{"id":17824,"href":"https:\/\/aliancaevangelica.pt\/site\/wp-json\/wp\/v2\/posts\/17820\/revisions\/17824"}],"wp:featuredmedia":[{"embeddable":true,"href":"https:\/\/aliancaevangelica.pt\/site\/wp-json\/wp\/v2\/media\/17821"}],"wp:attachment":[{"href":"https:\/\/aliancaevangelica.pt\/site\/wp-json\/wp\/v2\/media?parent=17820"}],"wp:term":[{"taxonomy":"category","embeddable":true,"href":"https:\/\/aliancaevangelica.pt\/site\/wp-json\/wp\/v2\/categories?post=17820"},{"taxonomy":"post_tag","embeddable":true,"href":"https:\/\/aliancaevangelica.pt\/site\/wp-json\/wp\/v2\/tags?post=17820"}],"curies":[{"name":"wp","href":"https:\/\/api.w.org\/{rel}","templated":true}]}}