{"id":17473,"date":"2019-08-09T01:35:48","date_gmt":"2019-08-09T01:35:48","guid":{"rendered":"https:\/\/aliancaevangelica.pt\/site\/?p=17473"},"modified":"2026-04-07T09:56:53","modified_gmt":"2026-04-07T09:56:53","slug":"violencia-domestica","status":"publish","type":"post","link":"https:\/\/aliancaevangelica.pt\/site\/violencia-domestica\/","title":{"rendered":"Respostas dos Evang\u00e9licos \u00e0 problem\u00e1tica da Viol\u00eancia Dom\u00e9stica"},"content":{"rendered":"<p>Data da reuni\u00e3o com a Secret\u00e1ria de Estado: 19 de mar\u00e7o de 2019.<\/p>\n<p>No seguimento da reuni\u00e3o com a Dra Rosa Monteiro, Secretaria de Estado para a Cidadania e Igualdade, sobre &#8220;Viol\u00eancia Dom\u00e9stica&#8221;, aqui ficam algumas notas do trabalho que a Alian\u00e7a Evang\u00e9lica Portuguesa (igrejas e organiza\u00e7\u00f5es nossas associadas) t\u00eam vindo a desenvolver no respeitante \u00e0 Preven\u00e7\u00e3o, Sensibiliza\u00e7\u00e3o e Combate \u00e0 Viol\u00eancia Dom\u00e9stica, bem como respostas \u00e0s v\u00edtimas e respetivas fam\u00edlias:<\/p>\n<p>&nbsp;<\/p>\n<ol>\n<li>Transmiss\u00e3o de valores de respeito pela pessoa, amor e n\u00e3o viol\u00eancia nas v\u00e1rias classes, desde o pr\u00e9-escolar at\u00e9 aos idosos.<\/li>\n<li>Forma\u00e7\u00e3o para os relacionamentos no namoro, noivado e casamento, na preven\u00e7\u00e3o e resolu\u00e7\u00e3o de conflitos;<\/li>\n<li>Interven\u00e7\u00e3o em situa\u00e7\u00f5es de conflito conjugal em fases iniciais, antes de se tornarem mais graves.<\/li>\n<li>Interven\u00e7\u00e3o em situa\u00e7\u00f5es de viol\u00eancia dom\u00e9stica, protegendo as v\u00edtimas, salvaguardando a presun\u00e7\u00e3o de inoc\u00eancia, recomendando a denuncia \u00e0s autoridades e aconselhando pastoralmente as partes.<\/li>\n<li>Ativa\u00e7\u00e3o das respostas sociais internas atrav\u00e9s de IPSS da Alian\u00e7a Evang\u00e9lica ou de outras organiza\u00e7\u00f5es especializadas consoante os casos.<\/li>\n<li>Pretendemos tamb\u00e9m dar forma\u00e7\u00e3o especifica a pastores e l\u00edderes sobre as formas corretas de interven\u00e7\u00e3o perante o conhecimento de situa\u00e7\u00f5es de viol\u00eancia dom\u00e9stica.<\/li>\n<\/ol>\n<p>&nbsp;<\/p>\n<p style=\"text-align: center;\">Seguem tamb\u00e9m algumas das organiza\u00e7\u00f5es evang\u00e9licas que t\u00eam feito trabalho direto ou indireto nestas \u00e1reas de interven\u00e7\u00e3o:<\/p>\n<p>&nbsp;<\/p>\n<h2><strong><u>1- ABLA \u2013 Associa\u00e7\u00e3o de Benefici\u00eancia Luso-Alem\u00e3<\/u><\/strong><\/h2>\n<h4>Casas de Transi\u00e7\u00e3o em Sintra \/ Cascais<\/h4>\n<p>A ABLA, entre muitas outras val\u00eancias de apoio social, tem duas Casas de Transi\u00e7\u00e3o que, n\u00e3o sendo uma resposta de emerg\u00eancia como as casas abrigo por exemplo, s\u00e3o para estadias tempor\u00e1rias para mulheres em situa\u00e7\u00e3o de vulnerabilidade social: ex-reclusas, v\u00edtimas de viol\u00eancia dom\u00e9stica, refugiadas, entre outras.<\/p>\n<p><strong><u>A Casa da \u00c2ncora<\/u><\/strong> situa-se na freguesia de Colares, no concelho de Sintra e tem capacidade para 4 mulheres com ou sem filhos (m\u00e1ximo de 2 filhos por mulher);<\/p>\n<p><strong><u>A Casa do Farol<\/u><\/strong> situa-se na freguesia da Parede, no concelho de Cascais, tendo tamb\u00e9m capacidade para 3 mulheres com ou sem filhos (2 quartos com cama com gavet\u00e3o e um quarto com cama de solteiro e um beliche).<\/p>\n<p>O objetivo \u00e9 o acompanhamento das mulheres durante o per\u00edodo de estadia, na procura ativa de emprego, inscri\u00e7\u00e3o no centro de sa\u00fade, centro de emprego, integra\u00e7\u00e3o dos filhos em equipamento escolar. Ap\u00f3s encontrar emprego, acompanhamos na procura de alternativa habitacional (quarto ou casa).<\/p>\n<p>O tempo m\u00e1ximo de perman\u00eancia s\u00e3o 9 meses, excecionalmente prorrogado at\u00e9 12, caso se justifique.<\/p>\n<p><strong>Parceiros sociais:<\/strong> CPCJ Cascais, CPCJ Sintra Oriental e Ocidental, CMS, CMC, IPSS do concelho<\/p>\n<p style=\"text-align: right;\"><strong>Contactos:<\/strong><\/p>\n<p style=\"text-align: right;\"><a href=\"tel:210533892\">210533892<\/a><\/p>\n<p style=\"text-align: right;\"><a href=\"mailto:marta@abla.org\">marta@abla.org<\/a><\/p>\n<p style=\"text-align: right;\"><a href=\"http:\/\/www.abla.org\" target=\"_blank\" rel=\"noopener\">www.abla.org<\/a><\/p>\n<p>&nbsp;<\/p>\n<h2><strong><u>2- Associa\u00e7\u00e3o \u201cCora\u00e7\u00e3o com Vida\u201d<\/u><\/strong><\/h2>\n<h4>Igreja Baptista das Caldas da Rainha<\/h4>\n<p>Interv\u00e9m no \u00e2mbito do combate ao isolamento e \u00e0 solid\u00e3o, na preven\u00e7\u00e3o do suic\u00eddio e da viol\u00eancia dom\u00e9stica. Nesse sentido, desenvolve aconselhamento especializado, realiza\u00e7\u00e3o de eventos sobre tem\u00e1ticas relevantes, dinamiza\u00e7\u00e3o de espa\u00e7o de encontro e conv\u00edvio e implementa\u00e7\u00e3o de projetos de interven\u00e7\u00e3o na sociedade, gerando uma rede de relacionamentos interpessoais (comunidade) e interorganizacionais (parcerias).<\/p>\n<p>Hor\u00e1rio de funcionamento do espa\u00e7o de conv\u00edvio e aconselhamento: De 3\u00aa a 6\u00aa Feira, das 14h00 \u00e0s 18h00.<\/p>\n<p style=\"text-align: right;\"><strong>Contactos:<\/strong><\/p>\n<p style=\"text-align: right;\">Rua do Montepio Rainha Dona Leonor, 2, 2500-253 CALDAS DA RAINHA<\/p>\n<p style=\"text-align: right;\"><a href=\"tel:262 144 503\">262 144 503<\/a><\/p>\n<p style=\"text-align: right;\"><a href=\"mailto:coracaocomvida@gmail.com\">coracaocomvida@gmail.com<\/a><\/p>\n<p style=\"text-align: right;\"><a href=\"https:\/\/www.facebook.com\/CoracaocomVida\/\">https:\/\/www.facebook.com\/CoracaocomVida\/<\/a><\/p>\n<p style=\"text-align: right;\">Presidente da Dire\u00e7\u00e3o: Paulo Francisco (contacto: <a href=\"tel:963420014\">963420014<\/a>)<\/p>\n<p>&nbsp;<\/p>\n<p>&nbsp;<\/p>\n<p>&nbsp;<\/p>\n<h2><strong><u>3- ACRAS (Ass. Crist\u00e3 de Reinser\u00e7\u00e3o e Apoio Social)<\/u><\/strong><\/h2>\n<h4>Lisboa<\/h4>\n<p>Servi\u00e7o de Apoio Domicili\u00e1rio, Refeit\u00f3rio Social, Centro Comunit\u00e1rio (inclu\u00ed apoio escolar), Gabinete Jur\u00eddico, caf\u00e9-Conv\u00edvio, Lares de Idosos (Almeirim) e disp\u00f5e ainda de uma equipa de interven\u00e7\u00e3o direta junto de popula\u00e7\u00f5es toxicodependentes e respetivas fam\u00edlias.<\/p>\n<p>Ao n\u00edvel de respostas diretas para <u>V\u00edtimas de Viol\u00eancia Dom\u00e9stica<\/u>, existe um projeto submetido na C\u00e2mara Municipal de Lisboa, para atribui\u00e7\u00e3o de fogos habitacionais para (tamb\u00e9m) intervir nesta \u00e1rea. No entanto, ainda n\u00e3o atribu\u00eddos os respetivos apartamentos. Espera-se que tal aconte\u00e7a at\u00e9 ao final de 2019, para ent\u00e3o disporem tamb\u00e9m de algumas \u201cCasas Abrigo\u201d.<\/p>\n<p>&nbsp;<\/p>\n<p style=\"text-align: right;\"><strong>Contactos:<\/strong><\/p>\n<p style=\"text-align: right;\">Rua Botelho de Vasconcelos, Lote 560 1\u00ba e 2\u00ba. 1950-045 Lisboa<\/p>\n<p style=\"text-align: right;\">\u00a0<a href=\"tel:218 056 101\">218 056 101<\/a> \/ <a href=\"tel:925 964872\">925 964872<\/a><\/p>\n<p style=\"text-align: right;\"><a href=\"http:\/\/www.acras.pt\" target=\"_blank\" rel=\"noopener\">www.acras.pt<\/a><\/p>\n<p><strong>\u00a0<\/strong><\/p>\n<h2><strong><u>4- ABMAV (Ass. Benefici\u00eancia Manancial de \u00c1guas Vivas)<\/u><\/strong><\/h2>\n<h4>Sintra \/ Cascais \/ Oeiras<\/h4>\n<p>Al\u00e9m de outras val\u00eancias socias, a ABMAV tem recentemente come\u00e7ado a investir em <u>Grupos de Conversa Terap\u00eautica<\/u> e no <u>Gabinete de Psicologia<\/u> onde potenciais v\u00edtimas de agress\u00e3o ou at\u00e9 mesmo agressores podem encontrar apoio psicol\u00f3gico, espiritual e emocional com vista \u00e0 sua restaura\u00e7\u00e3o interior.<\/p>\n<p>Ainda na \u00e1rea da <u>preven\u00e7\u00e3o e sensibiliza\u00e7\u00e3o<\/u>, periodicamente realizam-se palestras, din\u00e2micas e workshops vocacionadas para a preven\u00e7\u00e3o da viol\u00eancia, nomeadamente de divorciados, crian\u00e7as, idosos e pessoas s\u00f3s (como \u00e9 o caso de m\u00e3es solteiras). Inclu\u00ed ainda a produ\u00e7\u00e3o semanal do programa de r\u00e1dio \u201cPonto de Encontro\u201d, transmitido na Web R\u00e1dio Transmundial e em algumas FM.<\/p>\n<p>&nbsp;<\/p>\n<p style=\"text-align: right;\"><strong>Contactos: <\/strong><\/p>\n<p style=\"text-align: right;\">Estrada de Polima, 609, 27805-303 S. Domingos de Rana<\/p>\n<p style=\"text-align: right;\"><a href=\"tel:937733180\">937733180<\/a> \/ <a href=\"tel:967986360\">967986360\u00a0<\/a><\/p>\n<p style=\"text-align: right;\"><a href=\"mailto:danigujral@hotmail.com\">danigujral@hotmail.com<\/a><\/p>\n<p style=\"text-align: right;\"><a href=\"mailto:angela.proenca@gmail.com\">angela.proenca@gmail.com<\/a><\/p>\n<p>&nbsp;<\/p>\n<p>&nbsp;<\/p>\n<h2><strong><u>5- ACEDA \u2013 Ass. Crist\u00e3 Evang\u00e9lica de Apoio Social<\/u><\/strong><\/h2>\n<h4>Assembleia de Deus de Almada<\/h4>\n<p>Estrutura de apoio \u00e0 popula\u00e7\u00e3o que procura a resolu\u00e7\u00e3o das problem\u00e1ticas sociais, sendo o seu \u00e2mbito de a\u00e7\u00e3o o territ\u00f3rio nacional com forte implanta\u00e7\u00e3o nos concelhos de Almada, Seixal e Sesimbra. Desenvolve actividades de integra\u00e7\u00e3o e reintegra\u00e7\u00e3o social de forma a promover o bem-estar das pessoas benefici\u00e1rias da sua ac\u00e7\u00e3o.<\/p>\n<p><strong><u>Respostas Socias<\/u><\/strong>: Equipas de Ruas, Col\u00f3nias de F\u00e9rias, Apoio Alimentar, Escola de M\u00fasica e Loja Solid\u00e1ria. Temos constitu\u00eddo parcerias, nomeadamente com o Desafio Jovem, CLASS, CLASA, NPISA, AMI, UMAR, ACRAS, Hospital Garcia de Orta, Grupo S\u00f3cio Caritativo de Almada, Comiss\u00e3o Social da Uni\u00e3o das Freguesias de Almada, Cova da Piedade, Pragal e Cacilhas.<\/p>\n<p>Relativamente <u>preven\u00e7\u00e3o, sensibiliza\u00e7\u00e3o e combate \u00e0 viol\u00eancia dom\u00e9stica<\/u> a Aceda procura minimizar esta problem\u00e1tica social trabalhando com crian\u00e7as e jovens em risco realizando anualmente Col\u00f3nias de F\u00e9rias.<\/p>\n<p>Estas Col\u00f3nias foram concebidas com o intuito de oferecer \u00e0s crian\u00e7as e adolescentes que apresentam situa\u00e7\u00f5es de risco social, como abandono, maus tratos, abusos sexuais e outros, a oportunidade de usufru\u00edrem de um tempo de muito divertimento, brincadeiras e lazer e ao mesmo tempo promover o estimulo ao desenvolvimento socio-afetivo, cognitivo e prevenir comportamentos desviantes atrav\u00e9s de atividades especificamente planeadas para essa finalidade.<\/p>\n<p>Tamb\u00e9m apoiamos as mulheres e seus filhos com roupas, cal\u00e7ados, material escolar, entre outros bens de primeiras necessidades por meio da Loja Solid\u00e1ria, numa parceria direta com a UMAR.<\/p>\n<p>&nbsp;<\/p>\n<p style=\"text-align: right;\"><strong>Sede Social:<\/strong><\/p>\n<p style=\"text-align: right;\">Rua Uni\u00e3o Piedense, 33 A e B<\/p>\n<p style=\"text-align: right;\">Cova da Piedade, Almada 2805-251<\/p>\n<p style=\"text-align: right;\"><a href=\"tel:\u00a0212 509 153\">\u00a0212 509 153<\/a> \/\u00a0<a href=\"tel:937734775\">937734775<\/a><\/p>\n<p style=\"text-align: right;\">Email: <a href=\"mailto:aceda.ipss@gmail.com\">aceda.ipss@gmail.com<\/a><\/p>\n<p>&nbsp;<\/p>\n<h2><strong><u>6- Ex\u00e9rcito de Salva\u00e7\u00e3o<\/u><\/strong><\/h2>\n<p>Al\u00e9m de outras respostas sociais, o Ex\u00e9rcito de Salva\u00e7\u00e3o tem um <u>Centro de Alojamento para a Pessoa em Situa\u00e7\u00e3o de Sem Abrigo<\/u>, situado na Rua da Manuten\u00e7\u00e3o, n.\u00ba 7, em Xabregas, que d\u00e1 resposta a 65 homens e a 10 mulheres a partir dos 18 anos, que se encontrem em situa\u00e7\u00e3o de sem abrigo.<\/p>\n<p>Algumas das situa\u00e7\u00f5es de senhoras que o Ex\u00e9rcito de Salva\u00e7\u00e3o acolhe t\u00eam como problem\u00e1tica principal a viol\u00eancia dom\u00e9stica, no entanto s\u00e3o acolhimentos tempor\u00e1rios, pois tentamos que seja apenas uma resposta de emerg\u00eancia, na medida em que a tipologia e din\u00e2mica institucional n\u00e3o s\u00e3o as mais indicadas para estas situa\u00e7\u00f5es (camaratas, hor\u00e1rio de funcionamento das 17h \u00e0s 9h e haver espa\u00e7os comuns para homens e mulheres).<\/p>\n<p>O Ex\u00e9rcito de Salva\u00e7\u00e3o tem ainda um <u>Centro de Acolhimento para Crian\u00e7as em Risco<\/u>, em Sintra. Neste Centro acolhemos crian\u00e7as de ambos os sexos com idades compreendidas entre os 3 meses e os 12 anos (total de 14 crian\u00e7as) que foram retiradas \u00e0s fam\u00edlias pelos Tribunais, Comiss\u00f5es de Prote\u00e7\u00e3o de Crian\u00e7as e Jovens ou pelas Equipas de Crian\u00e7as e Jovens da Seguran\u00e7a Social, devido a situa\u00e7\u00f5es de maus-tratos, abandono ou neglig\u00eancia.<\/p>\n<p><strong>Parceiros:<\/strong> Seguran\u00e7a Social (atrav\u00e9s de Protocolo de Coopera\u00e7\u00e3o), C\u00e2mara Municipal de Lisboa e de Sintra, Junta de Freguesia e Comiss\u00f5es de Prote\u00e7\u00e3o de Crian\u00e7as e Jovens.<\/p>\n<p style=\"text-align: right;\"><strong><u>Contactos da Sede:<\/u><\/strong><\/p>\n<p style=\"text-align: right;\">Rua Capit\u00e3o Roby, n.\u00ba 19<\/p>\n<p style=\"text-align: right;\">1900 \u2013 111 Lisboa<\/p>\n<p style=\"text-align: right;\">\u00a0<a href=\"tel:217802930\">21\u00a0780 29 30<\/a><\/p>\n<p style=\"text-align: right;\"><a href=\"http:\/\/www.exercitodesalvacao.pt\" target=\"_blank\" rel=\"noopener\">www.exercitodesalvacao.pt<\/a><\/p>\n<h2><strong><u>7- Centro de Apoio \u00e0 Vida<\/u><\/strong><\/h2>\n<p>Atendimento e acompanhamento de gr\u00e1vidas e pu\u00e9rperas do concelho da Amadora, nomeadamente m\u00e3es solteiras com crian\u00e7as at\u00e9 2 anos.<\/p>\n<p style=\"text-align: right;\"><strong>Contactos:<\/strong><\/p>\n<p style=\"text-align: right;\">Rua 5 de Outubro, 7 A\/B, 2700-197 Amadora<\/p>\n<p style=\"text-align: right;\">\u00a0<a href=\"tel:214989903\">214989903<\/a> \/ <a href=\"tel:215989900\">215989900<\/a> \/ <a href=\"tel:914027684\">914027684<\/a> \/ <a href=\"tel:968701213\">968701213<\/a><\/p>\n<p style=\"text-align: right;\"><a href=\"mailto:cav@ovigilante.pt\">cav@ovigilante.pt<\/a><\/p>\n<p style=\"text-align: right;\"><a href=\"mailto:rtma@ovigilante.pt\">rtma@ovigilante.pt<\/a><\/p>\n<p>&nbsp;<\/p>\n<p>&nbsp;<\/p>\n<h2><strong><u>8- Programa de R\u00e1dio \u201cMulheres de Esperan\u00e7a\u201d <\/u><\/strong><\/h2>\n<p>O RTM Mulheres de Esperan\u00e7a faz parte da R\u00e1dio Transmundial (Trans World Radio), e procura levar a esperan\u00e7a de Jesus \u00e0s mulheres de todo o mundo e atrav\u00e9s das gera\u00e7\u00f5es.<br \/>\nO programa de r\u00e1dio\/\u00e1udio Mulheres de Esperan\u00e7a, existe em Portugal h\u00e1 12 anos. tem a dura\u00e7\u00e3o de 30 minutos e une a sabedoria pr\u00e1tica e o ensino espiritual direcionando-o \u00e0s mulheres. Os temas s\u00e3o baseados na Parentalidade, Casamento, Tend\u00eancias e Necessidades.<\/p>\n<p>&nbsp;<\/p>\n<p><strong>Respostas Pr\u00e1ticas: <\/strong>Entre outros temas, tem sido abordado o da \u201cviol\u00eancia dom\u00e9stica\u201d, mas tamb\u00e9m de situa\u00e7\u00f5es que possam estar interligadas como: a manipula\u00e7\u00e3o emocional, enfrentar os medos, abuso, abuso sexual, rejei\u00e7\u00e3o, isolamento, viola\u00e7\u00e3o, vergonha, auto-mutila\u00e7\u00e3o, suic\u00eddio, viol\u00eancia familiar, dor e consolo. tivemos tamb\u00e9m como convidadas para falar acerca destes temas, Psic\u00f3logas, Soci\u00f3logas e tamb\u00e9m testemunhos na primeira pessoa. Sempre com o objetivo de levar esperan\u00e7a e encorajamento \u00e0 mulher.<\/p>\n<p><strong>\u00a0<\/strong><\/p>\n<p><strong>Como ouvir o programa: <\/strong>Atrav\u00e9s da R\u00e1dio Transmundial online ou da APP, e ainda atrav\u00e9s do nosso canal no Youtube &#8211; Mulheres de Esperan\u00e7a Portugal. Estamos tamb\u00e9m presentes nas redes sociais Facebook e Instagram.<\/p>\n<p>Em Portugal pode ser ouvido em 11 r\u00e1dios FM de norte a sul do pa\u00eds e em 2 r\u00e1dios FM Internacionais.<\/p>\n<p>&nbsp;<\/p>\n<p style=\"text-align: right;\"><strong>Contactos:<\/strong><\/p>\n<p style=\"text-align: right;\">R\u00e1dio Transmundial de Portugal &#8211; <a href=\"tel:+351211581128\">+351 211 581 128<\/a><\/p>\n<p style=\"text-align: right;\"><a href=\"tel:808201932\">808 201 932<\/a> (linha azul)<br \/>\n<a href=\"mailto:geral@radiotransmundial.org\">geral@radiotransmundial.org<\/a><br \/>\nCoordenadora Nacional do Mulheres de Esperan\u00e7a &#8211; S\u00f3nia Sim\u00f5es (<a href=\"tel:966828202\">966828202<\/a>)<br \/>\n<a href=\"mailto:sonia@radiotransmundial.org\">sonia@radiotransmundial.org<\/a><\/p>\n<p>&nbsp;<\/p>\n<p>&nbsp;<\/p>\n<p>A Alian\u00e7a Evang\u00e9lica disp\u00f5e de outras organiza\u00e7\u00f5es de Apoio Social que, de forma indireta, poder\u00e3o tamb\u00e9m ter alguma forma responder a necessidades que surjam nesta e noutras \u00e1reas, nomeadamente Lares de Idosos e de Crian\u00e7as \/ Adolescentes.<\/p>\n<p>Saiba mais em: <a href=\"http:\/\/www.aliancaevangelica.pt\/areareservada\/organizacoes.php\" target=\"_blank\" rel=\"noopener\">http:\/\/www.aliancaevangelica.pt\/areareservada\/organizacoes.php<\/a><\/p>\n<p>&nbsp;<\/p>\n<p>&nbsp;<\/p>\n<p style=\"text-align: right;\"><strong><u>Alian\u00e7a Evang\u00e9lica Portuguesa<\/u><\/strong><\/p>\n<p style=\"text-align: right;\">Avenida Conselheiro Barjonas de Freitas<\/p>\n<p style=\"text-align: right;\">16B, 1500-204 Lisboa<\/p>\n<p style=\"text-align: right;\"><a href=\"tel:217710530\">217710530<\/a><\/p>\n<p style=\"text-align: right;\"><a href=\"mailto:geral@aliancaevangelica.pt\">geral@aliancaevangelica.pt<\/a><\/p>\n<p style=\"text-align: right;\"><a href=\"http:\/\/www.aliancaevangelica.pt\">www.aliancaevangelica.pt<\/a><\/p>\n","protected":false},"excerpt":{"rendered":"<p>Data da reuni\u00e3o com a Secret\u00e1ria de Estado: 19 de mar\u00e7o de 2019. No seguimento da reuni\u00e3o com a Dra Rosa Monteiro, Secretaria de Estado para a Cidadania e Igualdade, sobre &#8220;Viol\u00eancia Dom\u00e9stica&#8221;, aqui ficam algumas notas do trabalho que a Alian\u00e7a Evang\u00e9lica Portuguesa (igrejas e organiza\u00e7\u00f5es nossas associadas) t\u00eam vindo a desenvolver no respeitante<\/p>\n","protected":false},"author":2,"featured_media":17476,"comment_status":"closed","ping_status":"open","sticky":false,"template":"","format":"standard","meta":{"_uag_custom_page_level_css":"","_themeisle_gutenberg_block_has_review":false,"_vp_format_video_url":"","_vp_image_focal_point":[],"footnotes":""},"categories":[52],"tags":[],"class_list":["post-17473","post","type-post","status-publish","format-standard","has-post-thumbnail","hentry","category-tomadas-de-posicao"],"yoast_head":"<!-- This site is optimized with the Yoast SEO plugin v27.5 - https:\/\/yoast.com\/product\/yoast-seo-wordpress\/ -->\n<title>Respostas dos Evang\u00e9licos \u00e0 problem\u00e1tica da Viol\u00eancia Dom\u00e9stica - AEP<\/title>\n<meta name=\"robots\" content=\"index, follow, max-snippet:-1, max-image-preview:large, max-video-preview:-1\" \/>\n<link rel=\"canonical\" href=\"https:\/\/aliancaevangelica.pt\/site\/violencia-domestica\/\" \/>\n<meta property=\"og:locale\" content=\"pt_PT\" \/>\n<meta property=\"og:type\" content=\"article\" \/>\n<meta property=\"og:title\" content=\"Respostas dos Evang\u00e9licos \u00e0 problem\u00e1tica da Viol\u00eancia Dom\u00e9stica - AEP\" \/>\n<meta property=\"og:description\" content=\"Data da reuni\u00e3o com a Secret\u00e1ria de Estado: 19 de mar\u00e7o de 2019. No seguimento da reuni\u00e3o com a Dra Rosa Monteiro, Secretaria de Estado para a Cidadania e Igualdade, sobre &#8220;Viol\u00eancia Dom\u00e9stica&#8221;, aqui ficam algumas notas do trabalho que a Alian\u00e7a Evang\u00e9lica Portuguesa (igrejas e organiza\u00e7\u00f5es nossas associadas) t\u00eam vindo a desenvolver no respeitante\" \/>\n<meta property=\"og:url\" content=\"https:\/\/aliancaevangelica.pt\/site\/violencia-domestica\/\" \/>\n<meta property=\"og:site_name\" content=\"AEP\" \/>\n<meta property=\"article:publisher\" content=\"http:\/\/facebook.com\/aeportuguesa\" \/>\n<meta property=\"article:author\" content=\"aeportugal\" \/>\n<meta property=\"article:published_time\" content=\"2019-08-09T01:35:48+00:00\" \/>\n<meta property=\"article:modified_time\" content=\"2026-04-07T09:56:53+00:00\" \/>\n<meta property=\"og:image\" content=\"https:\/\/aliancaevangelica.pt\/site\/wp-content\/uploads\/2019\/08\/violencia-domestica-tb-1.jpg\" \/>\n\t<meta property=\"og:image:width\" content=\"1280\" \/>\n\t<meta property=\"og:image:height\" content=\"862\" \/>\n\t<meta property=\"og:image:type\" content=\"image\/jpeg\" \/>\n<meta name=\"author\" content=\"AEP\" \/>\n<meta name=\"twitter:card\" content=\"summary_large_image\" \/>\n<meta name=\"twitter:label1\" content=\"Escrito por\" \/>\n\t<meta name=\"twitter:data1\" content=\"AEP\" \/>\n\t<meta name=\"twitter:label2\" content=\"Tempo estimado de leitura\" \/>\n\t<meta name=\"twitter:data2\" content=\"9 minutos\" \/>\n<script type=\"application\/ld+json\" class=\"yoast-schema-graph\">{\"@context\":\"https:\\\/\\\/schema.org\",\"@graph\":[{\"@type\":\"Article\",\"@id\":\"https:\\\/\\\/aliancaevangelica.pt\\\/site\\\/violencia-domestica\\\/#article\",\"isPartOf\":{\"@id\":\"https:\\\/\\\/aliancaevangelica.pt\\\/site\\\/violencia-domestica\\\/\"},\"author\":{\"name\":\"AEP\",\"@id\":\"https:\\\/\\\/aliancaevangelica.pt\\\/site\\\/#\\\/schema\\\/person\\\/3b47cfc7535eff1e820f31c2d67eafcf\"},\"headline\":\"Respostas dos Evang\u00e9licos \u00e0 problem\u00e1tica da Viol\u00eancia Dom\u00e9stica\",\"datePublished\":\"2019-08-09T01:35:48+00:00\",\"dateModified\":\"2026-04-07T09:56:53+00:00\",\"mainEntityOfPage\":{\"@id\":\"https:\\\/\\\/aliancaevangelica.pt\\\/site\\\/violencia-domestica\\\/\"},\"wordCount\":1836,\"publisher\":{\"@id\":\"https:\\\/\\\/aliancaevangelica.pt\\\/site\\\/#organization\"},\"image\":{\"@id\":\"https:\\\/\\\/aliancaevangelica.pt\\\/site\\\/violencia-domestica\\\/#primaryimage\"},\"thumbnailUrl\":\"https:\\\/\\\/aliancaevangelica.pt\\\/site\\\/wp-content\\\/uploads\\\/2019\\\/08\\\/violencia-domestica-tb-1.jpg\",\"articleSection\":[\"Tomadas de Posi\u00e7\u00e3o\"],\"inLanguage\":\"pt-PT\"},{\"@type\":\"WebPage\",\"@id\":\"https:\\\/\\\/aliancaevangelica.pt\\\/site\\\/violencia-domestica\\\/\",\"url\":\"https:\\\/\\\/aliancaevangelica.pt\\\/site\\\/violencia-domestica\\\/\",\"name\":\"Respostas dos Evang\u00e9licos \u00e0 problem\u00e1tica da Viol\u00eancia Dom\u00e9stica - AEP\",\"isPartOf\":{\"@id\":\"https:\\\/\\\/aliancaevangelica.pt\\\/site\\\/#website\"},\"primaryImageOfPage\":{\"@id\":\"https:\\\/\\\/aliancaevangelica.pt\\\/site\\\/violencia-domestica\\\/#primaryimage\"},\"image\":{\"@id\":\"https:\\\/\\\/aliancaevangelica.pt\\\/site\\\/violencia-domestica\\\/#primaryimage\"},\"thumbnailUrl\":\"https:\\\/\\\/aliancaevangelica.pt\\\/site\\\/wp-content\\\/uploads\\\/2019\\\/08\\\/violencia-domestica-tb-1.jpg\",\"datePublished\":\"2019-08-09T01:35:48+00:00\",\"dateModified\":\"2026-04-07T09:56:53+00:00\",\"breadcrumb\":{\"@id\":\"https:\\\/\\\/aliancaevangelica.pt\\\/site\\\/violencia-domestica\\\/#breadcrumb\"},\"inLanguage\":\"pt-PT\",\"potentialAction\":[{\"@type\":\"ReadAction\",\"target\":[\"https:\\\/\\\/aliancaevangelica.pt\\\/site\\\/violencia-domestica\\\/\"]}]},{\"@type\":\"ImageObject\",\"inLanguage\":\"pt-PT\",\"@id\":\"https:\\\/\\\/aliancaevangelica.pt\\\/site\\\/violencia-domestica\\\/#primaryimage\",\"url\":\"https:\\\/\\\/aliancaevangelica.pt\\\/site\\\/wp-content\\\/uploads\\\/2019\\\/08\\\/violencia-domestica-tb-1.jpg\",\"contentUrl\":\"https:\\\/\\\/aliancaevangelica.pt\\\/site\\\/wp-content\\\/uploads\\\/2019\\\/08\\\/violencia-domestica-tb-1.jpg\",\"width\":1280,\"height\":862},{\"@type\":\"BreadcrumbList\",\"@id\":\"https:\\\/\\\/aliancaevangelica.pt\\\/site\\\/violencia-domestica\\\/#breadcrumb\",\"itemListElement\":[{\"@type\":\"ListItem\",\"position\":1,\"name\":\"In\u00edcio\",\"item\":\"https:\\\/\\\/aliancaevangelica.pt\\\/site\\\/\"},{\"@type\":\"ListItem\",\"position\":2,\"name\":\"Respostas dos Evang\u00e9licos \u00e0 problem\u00e1tica da Viol\u00eancia Dom\u00e9stica\"}]},{\"@type\":\"WebSite\",\"@id\":\"https:\\\/\\\/aliancaevangelica.pt\\\/site\\\/#website\",\"url\":\"https:\\\/\\\/aliancaevangelica.pt\\\/site\\\/\",\"name\":\"Alian\u00e7a Evang\u00e9lica Portuguesa\",\"description\":\"Alian\u00e7a Evang\u00e9lica Portuguesa\",\"publisher\":{\"@id\":\"https:\\\/\\\/aliancaevangelica.pt\\\/site\\\/#organization\"},\"potentialAction\":[{\"@type\":\"SearchAction\",\"target\":{\"@type\":\"EntryPoint\",\"urlTemplate\":\"https:\\\/\\\/aliancaevangelica.pt\\\/site\\\/?s={search_term_string}\"},\"query-input\":{\"@type\":\"PropertyValueSpecification\",\"valueRequired\":true,\"valueName\":\"search_term_string\"}}],\"inLanguage\":\"pt-PT\"},{\"@type\":\"Organization\",\"@id\":\"https:\\\/\\\/aliancaevangelica.pt\\\/site\\\/#organization\",\"name\":\"Alian\u00e7a Evang\u00e9lica Portuguesa\",\"url\":\"https:\\\/\\\/aliancaevangelica.pt\\\/site\\\/\",\"logo\":{\"@type\":\"ImageObject\",\"inLanguage\":\"pt-PT\",\"@id\":\"https:\\\/\\\/aliancaevangelica.pt\\\/site\\\/#\\\/schema\\\/logo\\\/image\\\/\",\"url\":\"https:\\\/\\\/aliancaevangelica.pt\\\/site\\\/wp-content\\\/uploads\\\/2017\\\/11\\\/logo-AEP-cor.png\",\"contentUrl\":\"https:\\\/\\\/aliancaevangelica.pt\\\/site\\\/wp-content\\\/uploads\\\/2017\\\/11\\\/logo-AEP-cor.png\",\"width\":1156,\"height\":672,\"caption\":\"Alian\u00e7a Evang\u00e9lica Portuguesa\"},\"image\":{\"@id\":\"https:\\\/\\\/aliancaevangelica.pt\\\/site\\\/#\\\/schema\\\/logo\\\/image\\\/\"},\"sameAs\":[\"http:\\\/\\\/facebook.com\\\/aeportuguesa\",\"http:\\\/\\\/instagram.com\\\/aliancaep\",\"http:\\\/\\\/youtube.com\\\/aeportuguesa\"]},{\"@type\":\"Person\",\"@id\":\"https:\\\/\\\/aliancaevangelica.pt\\\/site\\\/#\\\/schema\\\/person\\\/3b47cfc7535eff1e820f31c2d67eafcf\",\"name\":\"AEP\",\"sameAs\":[\"aeportugal\"],\"url\":\"https:\\\/\\\/aliancaevangelica.pt\\\/site\\\/author\\\/aeportugal\\\/\"}]}<\/script>\n<!-- \/ Yoast SEO plugin. -->","yoast_head_json":{"title":"Respostas dos Evang\u00e9licos \u00e0 problem\u00e1tica da Viol\u00eancia Dom\u00e9stica - AEP","robots":{"index":"index","follow":"follow","max-snippet":"max-snippet:-1","max-image-preview":"max-image-preview:large","max-video-preview":"max-video-preview:-1"},"canonical":"https:\/\/aliancaevangelica.pt\/site\/violencia-domestica\/","og_locale":"pt_PT","og_type":"article","og_title":"Respostas dos Evang\u00e9licos \u00e0 problem\u00e1tica da Viol\u00eancia Dom\u00e9stica - AEP","og_description":"Data da reuni\u00e3o com a Secret\u00e1ria de Estado: 19 de mar\u00e7o de 2019. No seguimento da reuni\u00e3o com a Dra Rosa Monteiro, Secretaria de Estado para a Cidadania e Igualdade, sobre &#8220;Viol\u00eancia Dom\u00e9stica&#8221;, aqui ficam algumas notas do trabalho que a Alian\u00e7a Evang\u00e9lica Portuguesa (igrejas e organiza\u00e7\u00f5es nossas associadas) t\u00eam vindo a desenvolver no respeitante","og_url":"https:\/\/aliancaevangelica.pt\/site\/violencia-domestica\/","og_site_name":"AEP","article_publisher":"http:\/\/facebook.com\/aeportuguesa","article_author":"aeportugal","article_published_time":"2019-08-09T01:35:48+00:00","article_modified_time":"2026-04-07T09:56:53+00:00","og_image":[{"width":1280,"height":862,"url":"https:\/\/aliancaevangelica.pt\/site\/wp-content\/uploads\/2019\/08\/violencia-domestica-tb-1.jpg","type":"image\/jpeg"}],"author":"AEP","twitter_card":"summary_large_image","twitter_misc":{"Escrito por":"AEP","Tempo estimado de leitura":"9 minutos"},"schema":{"@context":"https:\/\/schema.org","@graph":[{"@type":"Article","@id":"https:\/\/aliancaevangelica.pt\/site\/violencia-domestica\/#article","isPartOf":{"@id":"https:\/\/aliancaevangelica.pt\/site\/violencia-domestica\/"},"author":{"name":"AEP","@id":"https:\/\/aliancaevangelica.pt\/site\/#\/schema\/person\/3b47cfc7535eff1e820f31c2d67eafcf"},"headline":"Respostas dos Evang\u00e9licos \u00e0 problem\u00e1tica da Viol\u00eancia Dom\u00e9stica","datePublished":"2019-08-09T01:35:48+00:00","dateModified":"2026-04-07T09:56:53+00:00","mainEntityOfPage":{"@id":"https:\/\/aliancaevangelica.pt\/site\/violencia-domestica\/"},"wordCount":1836,"publisher":{"@id":"https:\/\/aliancaevangelica.pt\/site\/#organization"},"image":{"@id":"https:\/\/aliancaevangelica.pt\/site\/violencia-domestica\/#primaryimage"},"thumbnailUrl":"https:\/\/aliancaevangelica.pt\/site\/wp-content\/uploads\/2019\/08\/violencia-domestica-tb-1.jpg","articleSection":["Tomadas de Posi\u00e7\u00e3o"],"inLanguage":"pt-PT"},{"@type":"WebPage","@id":"https:\/\/aliancaevangelica.pt\/site\/violencia-domestica\/","url":"https:\/\/aliancaevangelica.pt\/site\/violencia-domestica\/","name":"Respostas dos Evang\u00e9licos \u00e0 problem\u00e1tica da Viol\u00eancia Dom\u00e9stica - AEP","isPartOf":{"@id":"https:\/\/aliancaevangelica.pt\/site\/#website"},"primaryImageOfPage":{"@id":"https:\/\/aliancaevangelica.pt\/site\/violencia-domestica\/#primaryimage"},"image":{"@id":"https:\/\/aliancaevangelica.pt\/site\/violencia-domestica\/#primaryimage"},"thumbnailUrl":"https:\/\/aliancaevangelica.pt\/site\/wp-content\/uploads\/2019\/08\/violencia-domestica-tb-1.jpg","datePublished":"2019-08-09T01:35:48+00:00","dateModified":"2026-04-07T09:56:53+00:00","breadcrumb":{"@id":"https:\/\/aliancaevangelica.pt\/site\/violencia-domestica\/#breadcrumb"},"inLanguage":"pt-PT","potentialAction":[{"@type":"ReadAction","target":["https:\/\/aliancaevangelica.pt\/site\/violencia-domestica\/"]}]},{"@type":"ImageObject","inLanguage":"pt-PT","@id":"https:\/\/aliancaevangelica.pt\/site\/violencia-domestica\/#primaryimage","url":"https:\/\/aliancaevangelica.pt\/site\/wp-content\/uploads\/2019\/08\/violencia-domestica-tb-1.jpg","contentUrl":"https:\/\/aliancaevangelica.pt\/site\/wp-content\/uploads\/2019\/08\/violencia-domestica-tb-1.jpg","width":1280,"height":862},{"@type":"BreadcrumbList","@id":"https:\/\/aliancaevangelica.pt\/site\/violencia-domestica\/#breadcrumb","itemListElement":[{"@type":"ListItem","position":1,"name":"In\u00edcio","item":"https:\/\/aliancaevangelica.pt\/site\/"},{"@type":"ListItem","position":2,"name":"Respostas dos Evang\u00e9licos \u00e0 problem\u00e1tica da Viol\u00eancia Dom\u00e9stica"}]},{"@type":"WebSite","@id":"https:\/\/aliancaevangelica.pt\/site\/#website","url":"https:\/\/aliancaevangelica.pt\/site\/","name":"Alian\u00e7a Evang\u00e9lica Portuguesa","description":"Alian\u00e7a Evang\u00e9lica Portuguesa","publisher":{"@id":"https:\/\/aliancaevangelica.pt\/site\/#organization"},"potentialAction":[{"@type":"SearchAction","target":{"@type":"EntryPoint","urlTemplate":"https:\/\/aliancaevangelica.pt\/site\/?s={search_term_string}"},"query-input":{"@type":"PropertyValueSpecification","valueRequired":true,"valueName":"search_term_string"}}],"inLanguage":"pt-PT"},{"@type":"Organization","@id":"https:\/\/aliancaevangelica.pt\/site\/#organization","name":"Alian\u00e7a Evang\u00e9lica Portuguesa","url":"https:\/\/aliancaevangelica.pt\/site\/","logo":{"@type":"ImageObject","inLanguage":"pt-PT","@id":"https:\/\/aliancaevangelica.pt\/site\/#\/schema\/logo\/image\/","url":"https:\/\/aliancaevangelica.pt\/site\/wp-content\/uploads\/2017\/11\/logo-AEP-cor.png","contentUrl":"https:\/\/aliancaevangelica.pt\/site\/wp-content\/uploads\/2017\/11\/logo-AEP-cor.png","width":1156,"height":672,"caption":"Alian\u00e7a Evang\u00e9lica Portuguesa"},"image":{"@id":"https:\/\/aliancaevangelica.pt\/site\/#\/schema\/logo\/image\/"},"sameAs":["http:\/\/facebook.com\/aeportuguesa","http:\/\/instagram.com\/aliancaep","http:\/\/youtube.com\/aeportuguesa"]},{"@type":"Person","@id":"https:\/\/aliancaevangelica.pt\/site\/#\/schema\/person\/3b47cfc7535eff1e820f31c2d67eafcf","name":"AEP","sameAs":["aeportugal"],"url":"https:\/\/aliancaevangelica.pt\/site\/author\/aeportugal\/"}]}},"uagb_featured_image_src":{"full":["https:\/\/aliancaevangelica.pt\/site\/wp-content\/uploads\/2019\/08\/violencia-domestica-tb-1.jpg",1280,862,false],"thumbnail":["https:\/\/aliancaevangelica.pt\/site\/wp-content\/uploads\/2019\/08\/violencia-domestica-tb-1-150x150.jpg",150,150,true],"medium":["https:\/\/aliancaevangelica.pt\/site\/wp-content\/uploads\/2019\/08\/violencia-domestica-tb-1-300x202.jpg",300,202,true],"medium_large":["https:\/\/aliancaevangelica.pt\/site\/wp-content\/uploads\/2019\/08\/violencia-domestica-tb-1-768x517.jpg",768,517,true],"large":["https:\/\/aliancaevangelica.pt\/site\/wp-content\/uploads\/2019\/08\/violencia-domestica-tb-1-1024x690.jpg",960,647,true],"1536x1536":["https:\/\/aliancaevangelica.pt\/site\/wp-content\/uploads\/2019\/08\/violencia-domestica-tb-1.jpg",1280,862,false],"2048x2048":["https:\/\/aliancaevangelica.pt\/site\/wp-content\/uploads\/2019\/08\/violencia-domestica-tb-1.jpg",1280,862,false],"vp_sm":["https:\/\/aliancaevangelica.pt\/site\/wp-content\/uploads\/2019\/08\/violencia-domestica-tb-1.jpg",500,337,false],"vp_md":["https:\/\/aliancaevangelica.pt\/site\/wp-content\/uploads\/2019\/08\/violencia-domestica-tb-1.jpg",800,539,false],"vp_lg":["https:\/\/aliancaevangelica.pt\/site\/wp-content\/uploads\/2019\/08\/violencia-domestica-tb-1.jpg",1280,862,false],"vp_xl":["https:\/\/aliancaevangelica.pt\/site\/wp-content\/uploads\/2019\/08\/violencia-domestica-tb-1.jpg",1280,862,false],"vp_sm_popup":["https:\/\/aliancaevangelica.pt\/site\/wp-content\/uploads\/2019\/08\/violencia-domestica-tb-1.jpg",500,337,false],"vp_md_popup":["https:\/\/aliancaevangelica.pt\/site\/wp-content\/uploads\/2019\/08\/violencia-domestica-tb-1.jpg",800,539,false],"vp_xl_popup":["https:\/\/aliancaevangelica.pt\/site\/wp-content\/uploads\/2019\/08\/violencia-domestica-tb-1.jpg",1280,862,false],"newsx-150x100":["https:\/\/aliancaevangelica.pt\/site\/wp-content\/uploads\/2019\/08\/violencia-domestica-tb-1.jpg",148,100,false],"newsx-330x220":["https:\/\/aliancaevangelica.pt\/site\/wp-content\/uploads\/2019\/08\/violencia-domestica-tb-1.jpg",327,220,false],"newsx-420x280":["https:\/\/aliancaevangelica.pt\/site\/wp-content\/uploads\/2019\/08\/violencia-domestica-tb-1.jpg",416,280,false],"newsx-510x340":["https:\/\/aliancaevangelica.pt\/site\/wp-content\/uploads\/2019\/08\/violencia-domestica-tb-1.jpg",505,340,false],"newsx-640x480":["https:\/\/aliancaevangelica.pt\/site\/wp-content\/uploads\/2019\/08\/violencia-domestica-tb-1.jpg",640,431,false],"newsx-670x370":["https:\/\/aliancaevangelica.pt\/site\/wp-content\/uploads\/2019\/08\/violencia-domestica-tb-1.jpg",549,370,false],"newsx-860x570":["https:\/\/aliancaevangelica.pt\/site\/wp-content\/uploads\/2019\/08\/violencia-domestica-tb-1.jpg",846,570,false],"newsx-1000x750":["https:\/\/aliancaevangelica.pt\/site\/wp-content\/uploads\/2019\/08\/violencia-domestica-tb-1.jpg",1000,673,false],"newsx-1200x600":["https:\/\/aliancaevangelica.pt\/site\/wp-content\/uploads\/2019\/08\/violencia-domestica-tb-1.jpg",891,600,false]},"uagb_author_info":{"display_name":"AEP","author_link":"https:\/\/aliancaevangelica.pt\/site\/author\/aeportugal\/"},"uagb_comment_info":0,"uagb_excerpt":"Data da reuni\u00e3o com a Secret\u00e1ria de Estado: 19 de mar\u00e7o de 2019. No seguimento da reuni\u00e3o com a Dra Rosa Monteiro, Secretaria de Estado para a Cidadania e Igualdade, sobre &#8220;Viol\u00eancia Dom\u00e9stica&#8221;, aqui ficam algumas notas do trabalho que a Alian\u00e7a Evang\u00e9lica Portuguesa (igrejas e organiza\u00e7\u00f5es nossas associadas) t\u00eam vindo a desenvolver no respeitante","_links":{"self":[{"href":"https:\/\/aliancaevangelica.pt\/site\/wp-json\/wp\/v2\/posts\/17473","targetHints":{"allow":["GET"]}}],"collection":[{"href":"https:\/\/aliancaevangelica.pt\/site\/wp-json\/wp\/v2\/posts"}],"about":[{"href":"https:\/\/aliancaevangelica.pt\/site\/wp-json\/wp\/v2\/types\/post"}],"author":[{"embeddable":true,"href":"https:\/\/aliancaevangelica.pt\/site\/wp-json\/wp\/v2\/users\/2"}],"replies":[{"embeddable":true,"href":"https:\/\/aliancaevangelica.pt\/site\/wp-json\/wp\/v2\/comments?post=17473"}],"version-history":[{"count":3,"href":"https:\/\/aliancaevangelica.pt\/site\/wp-json\/wp\/v2\/posts\/17473\/revisions"}],"predecessor-version":[{"id":17507,"href":"https:\/\/aliancaevangelica.pt\/site\/wp-json\/wp\/v2\/posts\/17473\/revisions\/17507"}],"wp:featuredmedia":[{"embeddable":true,"href":"https:\/\/aliancaevangelica.pt\/site\/wp-json\/wp\/v2\/media\/17476"}],"wp:attachment":[{"href":"https:\/\/aliancaevangelica.pt\/site\/wp-json\/wp\/v2\/media?parent=17473"}],"wp:term":[{"taxonomy":"category","embeddable":true,"href":"https:\/\/aliancaevangelica.pt\/site\/wp-json\/wp\/v2\/categories?post=17473"},{"taxonomy":"post_tag","embeddable":true,"href":"https:\/\/aliancaevangelica.pt\/site\/wp-json\/wp\/v2\/tags?post=17473"}],"curies":[{"name":"wp","href":"https:\/\/api.w.org\/{rel}","templated":true}]}}