{"id":17327,"date":"2019-06-28T11:13:42","date_gmt":"2019-06-28T11:13:42","guid":{"rendered":"https:\/\/aliancaevangelica.pt\/site\/?p=17327"},"modified":"2019-07-01T08:22:23","modified_gmt":"2019-07-01T08:22:23","slug":"portas-que-se-abrem-carmina-coias","status":"publish","type":"post","link":"https:\/\/aliancaevangelica.pt\/site\/portas-que-se-abrem-carmina-coias\/","title":{"rendered":"Portas Que Se Abrem &#8211; Carmina Coias"},"content":{"rendered":"<p>Ch\u00e1 de lim\u00e3o e torradas ou um bolinho, num lanche agrad\u00e1vel. Ou comida quente, numa refei\u00e7\u00e3o mais substancial. Em volta da mesa, muitos foram os momentos em que recebemos pessoas em nossa casa e partilh\u00e1mos o nosso tempo com elas. Ou apenas encontros para aconselhamento e ora\u00e7\u00e3o. De facto, a porta de nossa casa sempre fez parte do nosso minist\u00e9rio, onde quer que vivemos. Por ela entraram amigos, alguns carentes de ajuda, por quem or\u00e1mos e vimos a vit\u00f3ria acontecer nas suas vidas. Foram situa\u00e7\u00f5es em que Deus nos deu a oportunidade de O servir sem sair de casa.<\/p>\n<p>Lembro-me de uma jovem que chegou t\u00e3o abatida \u00e0 nossa porta, com uma situa\u00e7\u00e3o que s\u00f3 mesmo o Senhor poderia resolver. Hoje ela \u00e9 uma mulher muito feliz. O milagre de que precisava aconteceu.<\/p>\n<p>Em Timor, onde fomos mission\u00e1rios, a nossa porta abriu-se v\u00e1rias vezes para deixar entrar pessoas que vinham entregar-se a Jesus. Diziam elas: &#8220;Queremos a mesma alegria que vemos nos nossos vizinhos que s\u00e3o crentes.\u201d<\/p>\n<p>Por vezes, h\u00e1 pessoas que dizem: &#8220;Estive em sua casa uns dias\u201d e eu tenho que confessar que n\u00e3o me lembro. Contudo, fico feliz, pois foram muitos os que nos aben\u00e7oaram com a sua estadia ou visita.<\/p>\n<p>Nem sempre vimos possibilidades de ajudar todos os que nos procuravam, mas aprendemos que somos apenas servos, e podemos confortar com ora\u00e7\u00e3o, guardando a certeza e a esperan\u00e7a na da resposta com Deus.<\/p>\n<p>Pela nossa porta tamb\u00e9m entraram &#8220;anjos&#8221; que Deus enviou quando deles precis\u00e1mos. Lembro-me, em particular, de um casal de mission\u00e1rios australianos, reformados, que nos visitaram em Timor, numa altura de luto pelo falecimento do nosso filho. Rostos desconhecidos mas impregnados de amor, que nos trouxeram a esperan\u00e7a de voltar a ser pais, quando era uma impossibilidade m\u00e9dica em Portugal. Uns meses depois, abriram as portas de sua casa, em Melbourne, onde eu seria operada e veria assim recuperada a possibilidade de engravidar de novo. Tivemos mais dois filhos!<\/p>\n<p>Em 1999, quando visitei Portugal, o pastor Jos\u00e9 Neves levou-me \u00e0 rua onde viveu a minha m\u00e3e. Essa \u00e9 outra porta de que sinto muitas saudades. Quando par\u00e1mos em frente, por um momento desejei o imposs\u00edvel: que o seu rosto querido surgisse abrindo a porta, como aconteceu tantas vezes. Contudo, na aus\u00eancia dessas portas, Deus continua a dar-me outras &#8220;portas de oportunidades&#8221; para dar e receber conforto e ajuda.<\/p>\n<p>Houve muito que se perdeu como o correr da vida, mas a fidelidade do Senhor permanece imut\u00e1vel, continuando a abrir &#8220;portas que ningu\u00e9m pode fechar.&#8221;<\/p>\n<p>&nbsp;<\/p>\n<p>[movedo_single_image image=&#8221;17117&#8243; animation=&#8221;grve-zoom-in&#8221;]<strong>Carmina Coias<\/strong><br \/>\nMission\u00e1ria Aposentada<\/p>\n","protected":false},"excerpt":{"rendered":"<p>Ch\u00e1 de lim\u00e3o e torradas ou um bolinho, num lanche agrad\u00e1vel. Ou comida quente, numa refei\u00e7\u00e3o mais substancial. Em volta da mesa, muitos foram os momentos em que recebemos pessoas em nossa casa e partilh\u00e1mos o nosso tempo com elas. Ou apenas encontros para aconselhamento e ora\u00e7\u00e3o. De facto, a porta de nossa casa sempre<\/p>\n","protected":false},"author":2,"featured_media":17328,"comment_status":"open","ping_status":"open","sticky":false,"template":"","format":"standard","meta":{"_uag_custom_page_level_css":"","_themeisle_gutenberg_block_has_review":false,"_vp_format_video_url":"","_vp_image_focal_point":[],"footnotes":""},"categories":[45,47],"tags":[],"class_list":["post-17327","post","type-post","status-publish","format-standard","has-post-thumbnail","hentry","category-geral","category-mulheres-casais-e-familia"],"yoast_head":"<!-- This site is optimized with the Yoast SEO plugin v27.5 - https:\/\/yoast.com\/product\/yoast-seo-wordpress\/ -->\n<title>Portas Que Se Abrem - Carmina Coias - AEP<\/title>\n<meta name=\"robots\" content=\"index, follow, max-snippet:-1, max-image-preview:large, max-video-preview:-1\" \/>\n<link rel=\"canonical\" href=\"https:\/\/aliancaevangelica.pt\/site\/portas-que-se-abrem-carmina-coias\/\" \/>\n<meta property=\"og:locale\" content=\"pt_PT\" \/>\n<meta property=\"og:type\" content=\"article\" \/>\n<meta property=\"og:title\" content=\"Portas Que Se Abrem - Carmina Coias - AEP\" \/>\n<meta property=\"og:description\" content=\"Ch\u00e1 de lim\u00e3o e torradas ou um bolinho, num lanche agrad\u00e1vel. Ou comida quente, numa refei\u00e7\u00e3o mais substancial. Em volta da mesa, muitos foram os momentos em que recebemos pessoas em nossa casa e partilh\u00e1mos o nosso tempo com elas. Ou apenas encontros para aconselhamento e ora\u00e7\u00e3o. De facto, a porta de nossa casa sempre\" \/>\n<meta property=\"og:url\" content=\"https:\/\/aliancaevangelica.pt\/site\/portas-que-se-abrem-carmina-coias\/\" \/>\n<meta property=\"og:site_name\" content=\"AEP\" \/>\n<meta property=\"article:publisher\" content=\"http:\/\/facebook.com\/aeportuguesa\" \/>\n<meta property=\"article:author\" content=\"aeportugal\" \/>\n<meta property=\"article:published_time\" content=\"2019-06-28T11:13:42+00:00\" \/>\n<meta property=\"article:modified_time\" content=\"2019-07-01T08:22:23+00:00\" \/>\n<meta property=\"og:image\" content=\"https:\/\/aliancaevangelica.pt\/site\/wp-content\/uploads\/2019\/06\/Ch\u00e1.jpg\" \/>\n\t<meta property=\"og:image:width\" content=\"1280\" \/>\n\t<meta property=\"og:image:height\" content=\"784\" \/>\n\t<meta property=\"og:image:type\" content=\"image\/jpeg\" \/>\n<meta name=\"author\" content=\"AEP\" \/>\n<meta name=\"twitter:card\" content=\"summary_large_image\" \/>\n<meta name=\"twitter:label1\" content=\"Escrito por\" \/>\n\t<meta name=\"twitter:data1\" content=\"AEP\" \/>\n\t<meta name=\"twitter:label2\" content=\"Tempo estimado de leitura\" \/>\n\t<meta name=\"twitter:data2\" content=\"2 minutos\" \/>\n<script type=\"application\/ld+json\" class=\"yoast-schema-graph\">{\"@context\":\"https:\\\/\\\/schema.org\",\"@graph\":[{\"@type\":\"Article\",\"@id\":\"https:\\\/\\\/aliancaevangelica.pt\\\/site\\\/portas-que-se-abrem-carmina-coias\\\/#article\",\"isPartOf\":{\"@id\":\"https:\\\/\\\/aliancaevangelica.pt\\\/site\\\/portas-que-se-abrem-carmina-coias\\\/\"},\"author\":{\"name\":\"AEP\",\"@id\":\"https:\\\/\\\/aliancaevangelica.pt\\\/site\\\/#\\\/schema\\\/person\\\/3b47cfc7535eff1e820f31c2d67eafcf\"},\"headline\":\"Portas Que Se Abrem &#8211; Carmina Coias\",\"datePublished\":\"2019-06-28T11:13:42+00:00\",\"dateModified\":\"2019-07-01T08:22:23+00:00\",\"mainEntityOfPage\":{\"@id\":\"https:\\\/\\\/aliancaevangelica.pt\\\/site\\\/portas-que-se-abrem-carmina-coias\\\/\"},\"wordCount\":462,\"commentCount\":0,\"publisher\":{\"@id\":\"https:\\\/\\\/aliancaevangelica.pt\\\/site\\\/#organization\"},\"image\":{\"@id\":\"https:\\\/\\\/aliancaevangelica.pt\\\/site\\\/portas-que-se-abrem-carmina-coias\\\/#primaryimage\"},\"thumbnailUrl\":\"https:\\\/\\\/aliancaevangelica.pt\\\/site\\\/wp-content\\\/uploads\\\/2019\\\/06\\\/Ch\u00e1.jpg\",\"articleSection\":[\"1-Geral\",\"MULHERES, CASAIS E FAM\u00cdLIA\"],\"inLanguage\":\"pt-PT\",\"potentialAction\":[{\"@type\":\"CommentAction\",\"name\":\"Comment\",\"target\":[\"https:\\\/\\\/aliancaevangelica.pt\\\/site\\\/portas-que-se-abrem-carmina-coias\\\/#respond\"]}]},{\"@type\":\"WebPage\",\"@id\":\"https:\\\/\\\/aliancaevangelica.pt\\\/site\\\/portas-que-se-abrem-carmina-coias\\\/\",\"url\":\"https:\\\/\\\/aliancaevangelica.pt\\\/site\\\/portas-que-se-abrem-carmina-coias\\\/\",\"name\":\"Portas Que Se Abrem - Carmina Coias - AEP\",\"isPartOf\":{\"@id\":\"https:\\\/\\\/aliancaevangelica.pt\\\/site\\\/#website\"},\"primaryImageOfPage\":{\"@id\":\"https:\\\/\\\/aliancaevangelica.pt\\\/site\\\/portas-que-se-abrem-carmina-coias\\\/#primaryimage\"},\"image\":{\"@id\":\"https:\\\/\\\/aliancaevangelica.pt\\\/site\\\/portas-que-se-abrem-carmina-coias\\\/#primaryimage\"},\"thumbnailUrl\":\"https:\\\/\\\/aliancaevangelica.pt\\\/site\\\/wp-content\\\/uploads\\\/2019\\\/06\\\/Ch\u00e1.jpg\",\"datePublished\":\"2019-06-28T11:13:42+00:00\",\"dateModified\":\"2019-07-01T08:22:23+00:00\",\"breadcrumb\":{\"@id\":\"https:\\\/\\\/aliancaevangelica.pt\\\/site\\\/portas-que-se-abrem-carmina-coias\\\/#breadcrumb\"},\"inLanguage\":\"pt-PT\",\"potentialAction\":[{\"@type\":\"ReadAction\",\"target\":[\"https:\\\/\\\/aliancaevangelica.pt\\\/site\\\/portas-que-se-abrem-carmina-coias\\\/\"]}]},{\"@type\":\"ImageObject\",\"inLanguage\":\"pt-PT\",\"@id\":\"https:\\\/\\\/aliancaevangelica.pt\\\/site\\\/portas-que-se-abrem-carmina-coias\\\/#primaryimage\",\"url\":\"https:\\\/\\\/aliancaevangelica.pt\\\/site\\\/wp-content\\\/uploads\\\/2019\\\/06\\\/Ch\u00e1.jpg\",\"contentUrl\":\"https:\\\/\\\/aliancaevangelica.pt\\\/site\\\/wp-content\\\/uploads\\\/2019\\\/06\\\/Ch\u00e1.jpg\",\"width\":1280,\"height\":784},{\"@type\":\"BreadcrumbList\",\"@id\":\"https:\\\/\\\/aliancaevangelica.pt\\\/site\\\/portas-que-se-abrem-carmina-coias\\\/#breadcrumb\",\"itemListElement\":[{\"@type\":\"ListItem\",\"position\":1,\"name\":\"In\u00edcio\",\"item\":\"https:\\\/\\\/aliancaevangelica.pt\\\/site\\\/\"},{\"@type\":\"ListItem\",\"position\":2,\"name\":\"Portas Que Se Abrem &#8211; Carmina Coias\"}]},{\"@type\":\"WebSite\",\"@id\":\"https:\\\/\\\/aliancaevangelica.pt\\\/site\\\/#website\",\"url\":\"https:\\\/\\\/aliancaevangelica.pt\\\/site\\\/\",\"name\":\"Alian\u00e7a Evang\u00e9lica Portuguesa\",\"description\":\"Alian\u00e7a Evang\u00e9lica Portuguesa\",\"publisher\":{\"@id\":\"https:\\\/\\\/aliancaevangelica.pt\\\/site\\\/#organization\"},\"potentialAction\":[{\"@type\":\"SearchAction\",\"target\":{\"@type\":\"EntryPoint\",\"urlTemplate\":\"https:\\\/\\\/aliancaevangelica.pt\\\/site\\\/?s={search_term_string}\"},\"query-input\":{\"@type\":\"PropertyValueSpecification\",\"valueRequired\":true,\"valueName\":\"search_term_string\"}}],\"inLanguage\":\"pt-PT\"},{\"@type\":\"Organization\",\"@id\":\"https:\\\/\\\/aliancaevangelica.pt\\\/site\\\/#organization\",\"name\":\"Alian\u00e7a Evang\u00e9lica Portuguesa\",\"url\":\"https:\\\/\\\/aliancaevangelica.pt\\\/site\\\/\",\"logo\":{\"@type\":\"ImageObject\",\"inLanguage\":\"pt-PT\",\"@id\":\"https:\\\/\\\/aliancaevangelica.pt\\\/site\\\/#\\\/schema\\\/logo\\\/image\\\/\",\"url\":\"https:\\\/\\\/aliancaevangelica.pt\\\/site\\\/wp-content\\\/uploads\\\/2017\\\/11\\\/logo-AEP-cor.png\",\"contentUrl\":\"https:\\\/\\\/aliancaevangelica.pt\\\/site\\\/wp-content\\\/uploads\\\/2017\\\/11\\\/logo-AEP-cor.png\",\"width\":1156,\"height\":672,\"caption\":\"Alian\u00e7a Evang\u00e9lica Portuguesa\"},\"image\":{\"@id\":\"https:\\\/\\\/aliancaevangelica.pt\\\/site\\\/#\\\/schema\\\/logo\\\/image\\\/\"},\"sameAs\":[\"http:\\\/\\\/facebook.com\\\/aeportuguesa\",\"http:\\\/\\\/instagram.com\\\/aliancaep\",\"http:\\\/\\\/youtube.com\\\/aeportuguesa\"]},{\"@type\":\"Person\",\"@id\":\"https:\\\/\\\/aliancaevangelica.pt\\\/site\\\/#\\\/schema\\\/person\\\/3b47cfc7535eff1e820f31c2d67eafcf\",\"name\":\"AEP\",\"sameAs\":[\"aeportugal\"],\"url\":\"https:\\\/\\\/aliancaevangelica.pt\\\/site\\\/author\\\/aeportugal\\\/\"}]}<\/script>\n<!-- \/ Yoast SEO plugin. -->","yoast_head_json":{"title":"Portas Que Se Abrem - Carmina Coias - AEP","robots":{"index":"index","follow":"follow","max-snippet":"max-snippet:-1","max-image-preview":"max-image-preview:large","max-video-preview":"max-video-preview:-1"},"canonical":"https:\/\/aliancaevangelica.pt\/site\/portas-que-se-abrem-carmina-coias\/","og_locale":"pt_PT","og_type":"article","og_title":"Portas Que Se Abrem - Carmina Coias - AEP","og_description":"Ch\u00e1 de lim\u00e3o e torradas ou um bolinho, num lanche agrad\u00e1vel. Ou comida quente, numa refei\u00e7\u00e3o mais substancial. Em volta da mesa, muitos foram os momentos em que recebemos pessoas em nossa casa e partilh\u00e1mos o nosso tempo com elas. Ou apenas encontros para aconselhamento e ora\u00e7\u00e3o. De facto, a porta de nossa casa sempre","og_url":"https:\/\/aliancaevangelica.pt\/site\/portas-que-se-abrem-carmina-coias\/","og_site_name":"AEP","article_publisher":"http:\/\/facebook.com\/aeportuguesa","article_author":"aeportugal","article_published_time":"2019-06-28T11:13:42+00:00","article_modified_time":"2019-07-01T08:22:23+00:00","og_image":[{"width":1280,"height":784,"url":"https:\/\/aliancaevangelica.pt\/site\/wp-content\/uploads\/2019\/06\/Ch\u00e1.jpg","type":"image\/jpeg"}],"author":"AEP","twitter_card":"summary_large_image","twitter_misc":{"Escrito por":"AEP","Tempo estimado de leitura":"2 minutos"},"schema":{"@context":"https:\/\/schema.org","@graph":[{"@type":"Article","@id":"https:\/\/aliancaevangelica.pt\/site\/portas-que-se-abrem-carmina-coias\/#article","isPartOf":{"@id":"https:\/\/aliancaevangelica.pt\/site\/portas-que-se-abrem-carmina-coias\/"},"author":{"name":"AEP","@id":"https:\/\/aliancaevangelica.pt\/site\/#\/schema\/person\/3b47cfc7535eff1e820f31c2d67eafcf"},"headline":"Portas Que Se Abrem &#8211; Carmina Coias","datePublished":"2019-06-28T11:13:42+00:00","dateModified":"2019-07-01T08:22:23+00:00","mainEntityOfPage":{"@id":"https:\/\/aliancaevangelica.pt\/site\/portas-que-se-abrem-carmina-coias\/"},"wordCount":462,"commentCount":0,"publisher":{"@id":"https:\/\/aliancaevangelica.pt\/site\/#organization"},"image":{"@id":"https:\/\/aliancaevangelica.pt\/site\/portas-que-se-abrem-carmina-coias\/#primaryimage"},"thumbnailUrl":"https:\/\/aliancaevangelica.pt\/site\/wp-content\/uploads\/2019\/06\/Ch\u00e1.jpg","articleSection":["1-Geral","MULHERES, CASAIS E FAM\u00cdLIA"],"inLanguage":"pt-PT","potentialAction":[{"@type":"CommentAction","name":"Comment","target":["https:\/\/aliancaevangelica.pt\/site\/portas-que-se-abrem-carmina-coias\/#respond"]}]},{"@type":"WebPage","@id":"https:\/\/aliancaevangelica.pt\/site\/portas-que-se-abrem-carmina-coias\/","url":"https:\/\/aliancaevangelica.pt\/site\/portas-que-se-abrem-carmina-coias\/","name":"Portas Que Se Abrem - Carmina Coias - AEP","isPartOf":{"@id":"https:\/\/aliancaevangelica.pt\/site\/#website"},"primaryImageOfPage":{"@id":"https:\/\/aliancaevangelica.pt\/site\/portas-que-se-abrem-carmina-coias\/#primaryimage"},"image":{"@id":"https:\/\/aliancaevangelica.pt\/site\/portas-que-se-abrem-carmina-coias\/#primaryimage"},"thumbnailUrl":"https:\/\/aliancaevangelica.pt\/site\/wp-content\/uploads\/2019\/06\/Ch\u00e1.jpg","datePublished":"2019-06-28T11:13:42+00:00","dateModified":"2019-07-01T08:22:23+00:00","breadcrumb":{"@id":"https:\/\/aliancaevangelica.pt\/site\/portas-que-se-abrem-carmina-coias\/#breadcrumb"},"inLanguage":"pt-PT","potentialAction":[{"@type":"ReadAction","target":["https:\/\/aliancaevangelica.pt\/site\/portas-que-se-abrem-carmina-coias\/"]}]},{"@type":"ImageObject","inLanguage":"pt-PT","@id":"https:\/\/aliancaevangelica.pt\/site\/portas-que-se-abrem-carmina-coias\/#primaryimage","url":"https:\/\/aliancaevangelica.pt\/site\/wp-content\/uploads\/2019\/06\/Ch\u00e1.jpg","contentUrl":"https:\/\/aliancaevangelica.pt\/site\/wp-content\/uploads\/2019\/06\/Ch\u00e1.jpg","width":1280,"height":784},{"@type":"BreadcrumbList","@id":"https:\/\/aliancaevangelica.pt\/site\/portas-que-se-abrem-carmina-coias\/#breadcrumb","itemListElement":[{"@type":"ListItem","position":1,"name":"In\u00edcio","item":"https:\/\/aliancaevangelica.pt\/site\/"},{"@type":"ListItem","position":2,"name":"Portas Que Se Abrem &#8211; Carmina Coias"}]},{"@type":"WebSite","@id":"https:\/\/aliancaevangelica.pt\/site\/#website","url":"https:\/\/aliancaevangelica.pt\/site\/","name":"Alian\u00e7a Evang\u00e9lica Portuguesa","description":"Alian\u00e7a Evang\u00e9lica Portuguesa","publisher":{"@id":"https:\/\/aliancaevangelica.pt\/site\/#organization"},"potentialAction":[{"@type":"SearchAction","target":{"@type":"EntryPoint","urlTemplate":"https:\/\/aliancaevangelica.pt\/site\/?s={search_term_string}"},"query-input":{"@type":"PropertyValueSpecification","valueRequired":true,"valueName":"search_term_string"}}],"inLanguage":"pt-PT"},{"@type":"Organization","@id":"https:\/\/aliancaevangelica.pt\/site\/#organization","name":"Alian\u00e7a Evang\u00e9lica Portuguesa","url":"https:\/\/aliancaevangelica.pt\/site\/","logo":{"@type":"ImageObject","inLanguage":"pt-PT","@id":"https:\/\/aliancaevangelica.pt\/site\/#\/schema\/logo\/image\/","url":"https:\/\/aliancaevangelica.pt\/site\/wp-content\/uploads\/2017\/11\/logo-AEP-cor.png","contentUrl":"https:\/\/aliancaevangelica.pt\/site\/wp-content\/uploads\/2017\/11\/logo-AEP-cor.png","width":1156,"height":672,"caption":"Alian\u00e7a Evang\u00e9lica Portuguesa"},"image":{"@id":"https:\/\/aliancaevangelica.pt\/site\/#\/schema\/logo\/image\/"},"sameAs":["http:\/\/facebook.com\/aeportuguesa","http:\/\/instagram.com\/aliancaep","http:\/\/youtube.com\/aeportuguesa"]},{"@type":"Person","@id":"https:\/\/aliancaevangelica.pt\/site\/#\/schema\/person\/3b47cfc7535eff1e820f31c2d67eafcf","name":"AEP","sameAs":["aeportugal"],"url":"https:\/\/aliancaevangelica.pt\/site\/author\/aeportugal\/"}]}},"uagb_featured_image_src":{"full":["https:\/\/aliancaevangelica.pt\/site\/wp-content\/uploads\/2019\/06\/Ch\u00e1.jpg",1280,784,false],"thumbnail":["https:\/\/aliancaevangelica.pt\/site\/wp-content\/uploads\/2019\/06\/Ch\u00e1-150x150.jpg",150,150,true],"medium":["https:\/\/aliancaevangelica.pt\/site\/wp-content\/uploads\/2019\/06\/Ch\u00e1-300x184.jpg",300,184,true],"medium_large":["https:\/\/aliancaevangelica.pt\/site\/wp-content\/uploads\/2019\/06\/Ch\u00e1-768x470.jpg",768,470,true],"large":["https:\/\/aliancaevangelica.pt\/site\/wp-content\/uploads\/2019\/06\/Ch\u00e1-1024x627.jpg",960,588,true],"1536x1536":["https:\/\/aliancaevangelica.pt\/site\/wp-content\/uploads\/2019\/06\/Ch\u00e1.jpg",1280,784,false],"2048x2048":["https:\/\/aliancaevangelica.pt\/site\/wp-content\/uploads\/2019\/06\/Ch\u00e1.jpg",1280,784,false],"vp_sm":["https:\/\/aliancaevangelica.pt\/site\/wp-content\/uploads\/2019\/06\/Ch\u00e1.jpg",500,306,false],"vp_md":["https:\/\/aliancaevangelica.pt\/site\/wp-content\/uploads\/2019\/06\/Ch\u00e1.jpg",800,490,false],"vp_lg":["https:\/\/aliancaevangelica.pt\/site\/wp-content\/uploads\/2019\/06\/Ch\u00e1.jpg",1280,784,false],"vp_xl":["https:\/\/aliancaevangelica.pt\/site\/wp-content\/uploads\/2019\/06\/Ch\u00e1.jpg",1280,784,false],"vp_sm_popup":["https:\/\/aliancaevangelica.pt\/site\/wp-content\/uploads\/2019\/06\/Ch\u00e1.jpg",500,306,false],"vp_md_popup":["https:\/\/aliancaevangelica.pt\/site\/wp-content\/uploads\/2019\/06\/Ch\u00e1.jpg",800,490,false],"vp_xl_popup":["https:\/\/aliancaevangelica.pt\/site\/wp-content\/uploads\/2019\/06\/Ch\u00e1.jpg",1280,784,false],"newsx-150x100":["https:\/\/aliancaevangelica.pt\/site\/wp-content\/uploads\/2019\/06\/Ch\u00e1.jpg",150,92,false],"newsx-330x220":["https:\/\/aliancaevangelica.pt\/site\/wp-content\/uploads\/2019\/06\/Ch\u00e1.jpg",330,202,false],"newsx-420x280":["https:\/\/aliancaevangelica.pt\/site\/wp-content\/uploads\/2019\/06\/Ch\u00e1.jpg",420,257,false],"newsx-510x340":["https:\/\/aliancaevangelica.pt\/site\/wp-content\/uploads\/2019\/06\/Ch\u00e1.jpg",510,312,false],"newsx-640x480":["https:\/\/aliancaevangelica.pt\/site\/wp-content\/uploads\/2019\/06\/Ch\u00e1.jpg",640,392,false],"newsx-670x370":["https:\/\/aliancaevangelica.pt\/site\/wp-content\/uploads\/2019\/06\/Ch\u00e1.jpg",604,370,false],"newsx-860x570":["https:\/\/aliancaevangelica.pt\/site\/wp-content\/uploads\/2019\/06\/Ch\u00e1.jpg",860,527,false],"newsx-1000x750":["https:\/\/aliancaevangelica.pt\/site\/wp-content\/uploads\/2019\/06\/Ch\u00e1.jpg",1000,613,false],"newsx-1200x600":["https:\/\/aliancaevangelica.pt\/site\/wp-content\/uploads\/2019\/06\/Ch\u00e1.jpg",980,600,false]},"uagb_author_info":{"display_name":"AEP","author_link":"https:\/\/aliancaevangelica.pt\/site\/author\/aeportugal\/"},"uagb_comment_info":0,"uagb_excerpt":"Ch\u00e1 de lim\u00e3o e torradas ou um bolinho, num lanche agrad\u00e1vel. Ou comida quente, numa refei\u00e7\u00e3o mais substancial. Em volta da mesa, muitos foram os momentos em que recebemos pessoas em nossa casa e partilh\u00e1mos o nosso tempo com elas. Ou apenas encontros para aconselhamento e ora\u00e7\u00e3o. De facto, a porta de nossa casa sempre","_links":{"self":[{"href":"https:\/\/aliancaevangelica.pt\/site\/wp-json\/wp\/v2\/posts\/17327","targetHints":{"allow":["GET"]}}],"collection":[{"href":"https:\/\/aliancaevangelica.pt\/site\/wp-json\/wp\/v2\/posts"}],"about":[{"href":"https:\/\/aliancaevangelica.pt\/site\/wp-json\/wp\/v2\/types\/post"}],"author":[{"embeddable":true,"href":"https:\/\/aliancaevangelica.pt\/site\/wp-json\/wp\/v2\/users\/2"}],"replies":[{"embeddable":true,"href":"https:\/\/aliancaevangelica.pt\/site\/wp-json\/wp\/v2\/comments?post=17327"}],"version-history":[{"count":2,"href":"https:\/\/aliancaevangelica.pt\/site\/wp-json\/wp\/v2\/posts\/17327\/revisions"}],"predecessor-version":[{"id":19463,"href":"https:\/\/aliancaevangelica.pt\/site\/wp-json\/wp\/v2\/posts\/17327\/revisions\/19463"}],"wp:featuredmedia":[{"embeddable":true,"href":"https:\/\/aliancaevangelica.pt\/site\/wp-json\/wp\/v2\/media\/17328"}],"wp:attachment":[{"href":"https:\/\/aliancaevangelica.pt\/site\/wp-json\/wp\/v2\/media?parent=17327"}],"wp:term":[{"taxonomy":"category","embeddable":true,"href":"https:\/\/aliancaevangelica.pt\/site\/wp-json\/wp\/v2\/categories?post=17327"},{"taxonomy":"post_tag","embeddable":true,"href":"https:\/\/aliancaevangelica.pt\/site\/wp-json\/wp\/v2\/tags?post=17327"}],"curies":[{"name":"wp","href":"https:\/\/api.w.org\/{rel}","templated":true}]}}