{"id":17305,"date":"2019-06-25T14:23:36","date_gmt":"2019-06-25T14:23:36","guid":{"rendered":"https:\/\/aliancaevangelica.pt\/site\/?p=17305"},"modified":"2019-06-25T14:23:36","modified_gmt":"2019-06-25T14:23:36","slug":"ar-aprova-dia-nacional-da-liberdade-religiosa-e-do-dialogo-inter-religioso","status":"publish","type":"post","link":"https:\/\/aliancaevangelica.pt\/site\/ar-aprova-dia-nacional-da-liberdade-religiosa-e-do-dialogo-inter-religioso\/","title":{"rendered":"AR aprova Dia Nacional da Liberdade Religiosa e do Di\u00e1logo Inter-religioso"},"content":{"rendered":"<div class=\"artigoStd\">A Assembleia da Rep\u00fablica aprovou, nesta sexta-feira, dia 21 de junho, por unanimidade um projeto de resolu\u00e7\u00e3o no sentido de instituir 22 de junho como Dia Nacional da Liberdade Religiosa e do Di\u00e1logo Inter-religioso.<\/div>\n<div class=\"artigoStd\">O projeto agora aprovado resultou de uma proposta conjunta do ACM, Grupo de Trabalho para o Di\u00e1logo Inter-religioso (GT DIR) e da Comiss\u00e3o da Liberdade Religiosa, elaborada na sequ\u00eancia do Congresso \u201cCuidar do Outro\u201d, promovido pelo ACM e GT DIR em 03 de outubro de 2018, na Universidade Cat\u00f3lica Portuguesa, em Lisboa.<\/div>\n<div class=\"artigoStd\">O Dia Nacional da Liberdade Religiosa e do Di\u00e1logo Inter-religioso ser\u00e1 celebrado simbolicamente na data de publica\u00e7\u00e3o da Lei da Liberdade Religiosa (Lei n.\u00ba 16\/2001, de 22 de junho), reconhecida como um dos diplomas mais inovadores a n\u00edvel europeu.<\/div>\n<div><\/div>\n<div style=\"text-align: right;\">Fonte:\u00a0<a href=\"https:\/\/www.acm.gov.pt\/-\/ar-aprova-dia-nacional-da-liberdade-religiosa-e-do-dialogo-inter-religioso\" target=\"_blank\" rel=\"noopener\">www.acm.gov.pt<\/a><\/div>\n","protected":false},"excerpt":{"rendered":"<p>A Assembleia da Rep\u00fablica aprovou, nesta sexta-feira, dia 21 de junho, por unanimidade um projeto de resolu\u00e7\u00e3o no sentido de instituir 22 de junho como Dia Nacional da Liberdade Religiosa e do Di\u00e1logo Inter-religioso. O projeto agora aprovado resultou de uma proposta conjunta do ACM, Grupo de Trabalho para o Di\u00e1logo Inter-religioso (GT DIR) e<\/p>\n","protected":false},"author":2,"featured_media":17306,"comment_status":"open","ping_status":"open","sticky":false,"template":"","format":"standard","meta":{"_uag_custom_page_level_css":"","_themeisle_gutenberg_block_has_review":false,"_vp_format_video_url":"","_vp_image_focal_point":[],"footnotes":""},"categories":[45],"tags":[181,143],"class_list":["post-17305","post","type-post","status-publish","format-standard","has-post-thumbnail","hentry","category-geral","tag-1-geral","tag-noticias"],"yoast_head":"<!-- This site is optimized with the Yoast SEO plugin v27.5 - https:\/\/yoast.com\/product\/yoast-seo-wordpress\/ -->\n<title>AR aprova Dia Nacional da Liberdade Religiosa e do Di\u00e1logo Inter-religioso - AEP<\/title>\n<meta name=\"robots\" content=\"index, follow, max-snippet:-1, max-image-preview:large, max-video-preview:-1\" \/>\n<link rel=\"canonical\" href=\"https:\/\/aliancaevangelica.pt\/site\/ar-aprova-dia-nacional-da-liberdade-religiosa-e-do-dialogo-inter-religioso\/\" \/>\n<meta property=\"og:locale\" content=\"pt_PT\" \/>\n<meta property=\"og:type\" content=\"article\" \/>\n<meta property=\"og:title\" content=\"AR aprova Dia Nacional da Liberdade Religiosa e do Di\u00e1logo Inter-religioso - AEP\" \/>\n<meta property=\"og:description\" content=\"A Assembleia da Rep\u00fablica aprovou, nesta sexta-feira, dia 21 de junho, por unanimidade um projeto de resolu\u00e7\u00e3o no sentido de instituir 22 de junho como Dia Nacional da Liberdade Religiosa e do Di\u00e1logo Inter-religioso. O projeto agora aprovado resultou de uma proposta conjunta do ACM, Grupo de Trabalho para o Di\u00e1logo Inter-religioso (GT DIR) e\" \/>\n<meta property=\"og:url\" content=\"https:\/\/aliancaevangelica.pt\/site\/ar-aprova-dia-nacional-da-liberdade-religiosa-e-do-dialogo-inter-religioso\/\" \/>\n<meta property=\"og:site_name\" content=\"AEP\" \/>\n<meta property=\"article:publisher\" content=\"http:\/\/facebook.com\/aeportuguesa\" \/>\n<meta property=\"article:author\" content=\"aeportugal\" \/>\n<meta property=\"article:published_time\" content=\"2019-06-25T14:23:36+00:00\" \/>\n<meta property=\"og:image\" content=\"https:\/\/aliancaevangelica.pt\/site\/wp-content\/uploads\/2019\/06\/liberdade-religiosa.jpg\" \/>\n\t<meta property=\"og:image:width\" content=\"1280\" \/>\n\t<meta property=\"og:image:height\" content=\"720\" \/>\n\t<meta property=\"og:image:type\" content=\"image\/jpeg\" \/>\n<meta name=\"author\" content=\"AEP\" \/>\n<meta name=\"twitter:card\" content=\"summary_large_image\" \/>\n<meta name=\"twitter:label1\" content=\"Escrito por\" \/>\n\t<meta name=\"twitter:data1\" content=\"AEP\" \/>\n\t<meta name=\"twitter:label2\" content=\"Tempo estimado de leitura\" \/>\n\t<meta name=\"twitter:data2\" content=\"1 minuto\" \/>\n<script type=\"application\/ld+json\" class=\"yoast-schema-graph\">{\"@context\":\"https:\\\/\\\/schema.org\",\"@graph\":[{\"@type\":\"Article\",\"@id\":\"https:\\\/\\\/aliancaevangelica.pt\\\/site\\\/ar-aprova-dia-nacional-da-liberdade-religiosa-e-do-dialogo-inter-religioso\\\/#article\",\"isPartOf\":{\"@id\":\"https:\\\/\\\/aliancaevangelica.pt\\\/site\\\/ar-aprova-dia-nacional-da-liberdade-religiosa-e-do-dialogo-inter-religioso\\\/\"},\"author\":{\"name\":\"AEP\",\"@id\":\"https:\\\/\\\/aliancaevangelica.pt\\\/site\\\/#\\\/schema\\\/person\\\/3b47cfc7535eff1e820f31c2d67eafcf\"},\"headline\":\"AR aprova Dia Nacional da Liberdade Religiosa e do Di\u00e1logo Inter-religioso\",\"datePublished\":\"2019-06-25T14:23:36+00:00\",\"mainEntityOfPage\":{\"@id\":\"https:\\\/\\\/aliancaevangelica.pt\\\/site\\\/ar-aprova-dia-nacional-da-liberdade-religiosa-e-do-dialogo-inter-religioso\\\/\"},\"wordCount\":146,\"commentCount\":0,\"publisher\":{\"@id\":\"https:\\\/\\\/aliancaevangelica.pt\\\/site\\\/#organization\"},\"image\":{\"@id\":\"https:\\\/\\\/aliancaevangelica.pt\\\/site\\\/ar-aprova-dia-nacional-da-liberdade-religiosa-e-do-dialogo-inter-religioso\\\/#primaryimage\"},\"thumbnailUrl\":\"https:\\\/\\\/aliancaevangelica.pt\\\/site\\\/wp-content\\\/uploads\\\/2019\\\/06\\\/liberdade-religiosa.jpg\",\"keywords\":[\"1-Geral\",\"Not\u00edcias\"],\"articleSection\":[\"GERAL\"],\"inLanguage\":\"pt-PT\",\"potentialAction\":[{\"@type\":\"CommentAction\",\"name\":\"Comment\",\"target\":[\"https:\\\/\\\/aliancaevangelica.pt\\\/site\\\/ar-aprova-dia-nacional-da-liberdade-religiosa-e-do-dialogo-inter-religioso\\\/#respond\"]}]},{\"@type\":\"WebPage\",\"@id\":\"https:\\\/\\\/aliancaevangelica.pt\\\/site\\\/ar-aprova-dia-nacional-da-liberdade-religiosa-e-do-dialogo-inter-religioso\\\/\",\"url\":\"https:\\\/\\\/aliancaevangelica.pt\\\/site\\\/ar-aprova-dia-nacional-da-liberdade-religiosa-e-do-dialogo-inter-religioso\\\/\",\"name\":\"AR aprova Dia Nacional da Liberdade Religiosa e do Di\u00e1logo Inter-religioso - AEP\",\"isPartOf\":{\"@id\":\"https:\\\/\\\/aliancaevangelica.pt\\\/site\\\/#website\"},\"primaryImageOfPage\":{\"@id\":\"https:\\\/\\\/aliancaevangelica.pt\\\/site\\\/ar-aprova-dia-nacional-da-liberdade-religiosa-e-do-dialogo-inter-religioso\\\/#primaryimage\"},\"image\":{\"@id\":\"https:\\\/\\\/aliancaevangelica.pt\\\/site\\\/ar-aprova-dia-nacional-da-liberdade-religiosa-e-do-dialogo-inter-religioso\\\/#primaryimage\"},\"thumbnailUrl\":\"https:\\\/\\\/aliancaevangelica.pt\\\/site\\\/wp-content\\\/uploads\\\/2019\\\/06\\\/liberdade-religiosa.jpg\",\"datePublished\":\"2019-06-25T14:23:36+00:00\",\"breadcrumb\":{\"@id\":\"https:\\\/\\\/aliancaevangelica.pt\\\/site\\\/ar-aprova-dia-nacional-da-liberdade-religiosa-e-do-dialogo-inter-religioso\\\/#breadcrumb\"},\"inLanguage\":\"pt-PT\",\"potentialAction\":[{\"@type\":\"ReadAction\",\"target\":[\"https:\\\/\\\/aliancaevangelica.pt\\\/site\\\/ar-aprova-dia-nacional-da-liberdade-religiosa-e-do-dialogo-inter-religioso\\\/\"]}]},{\"@type\":\"ImageObject\",\"inLanguage\":\"pt-PT\",\"@id\":\"https:\\\/\\\/aliancaevangelica.pt\\\/site\\\/ar-aprova-dia-nacional-da-liberdade-religiosa-e-do-dialogo-inter-religioso\\\/#primaryimage\",\"url\":\"https:\\\/\\\/aliancaevangelica.pt\\\/site\\\/wp-content\\\/uploads\\\/2019\\\/06\\\/liberdade-religiosa.jpg\",\"contentUrl\":\"https:\\\/\\\/aliancaevangelica.pt\\\/site\\\/wp-content\\\/uploads\\\/2019\\\/06\\\/liberdade-religiosa.jpg\",\"width\":1280,\"height\":720},{\"@type\":\"BreadcrumbList\",\"@id\":\"https:\\\/\\\/aliancaevangelica.pt\\\/site\\\/ar-aprova-dia-nacional-da-liberdade-religiosa-e-do-dialogo-inter-religioso\\\/#breadcrumb\",\"itemListElement\":[{\"@type\":\"ListItem\",\"position\":1,\"name\":\"In\u00edcio\",\"item\":\"https:\\\/\\\/aliancaevangelica.pt\\\/site\\\/\"},{\"@type\":\"ListItem\",\"position\":2,\"name\":\"AR aprova Dia Nacional da Liberdade Religiosa e do Di\u00e1logo Inter-religioso\"}]},{\"@type\":\"WebSite\",\"@id\":\"https:\\\/\\\/aliancaevangelica.pt\\\/site\\\/#website\",\"url\":\"https:\\\/\\\/aliancaevangelica.pt\\\/site\\\/\",\"name\":\"Alian\u00e7a Evang\u00e9lica Portuguesa\",\"description\":\"Alian\u00e7a Evang\u00e9lica Portuguesa\",\"publisher\":{\"@id\":\"https:\\\/\\\/aliancaevangelica.pt\\\/site\\\/#organization\"},\"potentialAction\":[{\"@type\":\"SearchAction\",\"target\":{\"@type\":\"EntryPoint\",\"urlTemplate\":\"https:\\\/\\\/aliancaevangelica.pt\\\/site\\\/?s={search_term_string}\"},\"query-input\":{\"@type\":\"PropertyValueSpecification\",\"valueRequired\":true,\"valueName\":\"search_term_string\"}}],\"inLanguage\":\"pt-PT\"},{\"@type\":\"Organization\",\"@id\":\"https:\\\/\\\/aliancaevangelica.pt\\\/site\\\/#organization\",\"name\":\"Alian\u00e7a Evang\u00e9lica Portuguesa\",\"url\":\"https:\\\/\\\/aliancaevangelica.pt\\\/site\\\/\",\"logo\":{\"@type\":\"ImageObject\",\"inLanguage\":\"pt-PT\",\"@id\":\"https:\\\/\\\/aliancaevangelica.pt\\\/site\\\/#\\\/schema\\\/logo\\\/image\\\/\",\"url\":\"https:\\\/\\\/aliancaevangelica.pt\\\/site\\\/wp-content\\\/uploads\\\/2017\\\/11\\\/logo-AEP-cor.png\",\"contentUrl\":\"https:\\\/\\\/aliancaevangelica.pt\\\/site\\\/wp-content\\\/uploads\\\/2017\\\/11\\\/logo-AEP-cor.png\",\"width\":1156,\"height\":672,\"caption\":\"Alian\u00e7a Evang\u00e9lica Portuguesa\"},\"image\":{\"@id\":\"https:\\\/\\\/aliancaevangelica.pt\\\/site\\\/#\\\/schema\\\/logo\\\/image\\\/\"},\"sameAs\":[\"http:\\\/\\\/facebook.com\\\/aeportuguesa\",\"http:\\\/\\\/instagram.com\\\/aliancaep\",\"http:\\\/\\\/youtube.com\\\/aeportuguesa\"]},{\"@type\":\"Person\",\"@id\":\"https:\\\/\\\/aliancaevangelica.pt\\\/site\\\/#\\\/schema\\\/person\\\/3b47cfc7535eff1e820f31c2d67eafcf\",\"name\":\"AEP\",\"sameAs\":[\"aeportugal\"],\"url\":\"https:\\\/\\\/aliancaevangelica.pt\\\/site\\\/author\\\/aeportugal\\\/\"}]}<\/script>\n<!-- \/ Yoast SEO plugin. -->","yoast_head_json":{"title":"AR aprova Dia Nacional da Liberdade Religiosa e do Di\u00e1logo Inter-religioso - AEP","robots":{"index":"index","follow":"follow","max-snippet":"max-snippet:-1","max-image-preview":"max-image-preview:large","max-video-preview":"max-video-preview:-1"},"canonical":"https:\/\/aliancaevangelica.pt\/site\/ar-aprova-dia-nacional-da-liberdade-religiosa-e-do-dialogo-inter-religioso\/","og_locale":"pt_PT","og_type":"article","og_title":"AR aprova Dia Nacional da Liberdade Religiosa e do Di\u00e1logo Inter-religioso - AEP","og_description":"A Assembleia da Rep\u00fablica aprovou, nesta sexta-feira, dia 21 de junho, por unanimidade um projeto de resolu\u00e7\u00e3o no sentido de instituir 22 de junho como Dia Nacional da Liberdade Religiosa e do Di\u00e1logo Inter-religioso. O projeto agora aprovado resultou de uma proposta conjunta do ACM, Grupo de Trabalho para o Di\u00e1logo Inter-religioso (GT DIR) e","og_url":"https:\/\/aliancaevangelica.pt\/site\/ar-aprova-dia-nacional-da-liberdade-religiosa-e-do-dialogo-inter-religioso\/","og_site_name":"AEP","article_publisher":"http:\/\/facebook.com\/aeportuguesa","article_author":"aeportugal","article_published_time":"2019-06-25T14:23:36+00:00","og_image":[{"width":1280,"height":720,"url":"https:\/\/aliancaevangelica.pt\/site\/wp-content\/uploads\/2019\/06\/liberdade-religiosa.jpg","type":"image\/jpeg"}],"author":"AEP","twitter_card":"summary_large_image","twitter_misc":{"Escrito por":"AEP","Tempo estimado de leitura":"1 minuto"},"schema":{"@context":"https:\/\/schema.org","@graph":[{"@type":"Article","@id":"https:\/\/aliancaevangelica.pt\/site\/ar-aprova-dia-nacional-da-liberdade-religiosa-e-do-dialogo-inter-religioso\/#article","isPartOf":{"@id":"https:\/\/aliancaevangelica.pt\/site\/ar-aprova-dia-nacional-da-liberdade-religiosa-e-do-dialogo-inter-religioso\/"},"author":{"name":"AEP","@id":"https:\/\/aliancaevangelica.pt\/site\/#\/schema\/person\/3b47cfc7535eff1e820f31c2d67eafcf"},"headline":"AR aprova Dia Nacional da Liberdade Religiosa e do Di\u00e1logo Inter-religioso","datePublished":"2019-06-25T14:23:36+00:00","mainEntityOfPage":{"@id":"https:\/\/aliancaevangelica.pt\/site\/ar-aprova-dia-nacional-da-liberdade-religiosa-e-do-dialogo-inter-religioso\/"},"wordCount":146,"commentCount":0,"publisher":{"@id":"https:\/\/aliancaevangelica.pt\/site\/#organization"},"image":{"@id":"https:\/\/aliancaevangelica.pt\/site\/ar-aprova-dia-nacional-da-liberdade-religiosa-e-do-dialogo-inter-religioso\/#primaryimage"},"thumbnailUrl":"https:\/\/aliancaevangelica.pt\/site\/wp-content\/uploads\/2019\/06\/liberdade-religiosa.jpg","keywords":["1-Geral","Not\u00edcias"],"articleSection":["GERAL"],"inLanguage":"pt-PT","potentialAction":[{"@type":"CommentAction","name":"Comment","target":["https:\/\/aliancaevangelica.pt\/site\/ar-aprova-dia-nacional-da-liberdade-religiosa-e-do-dialogo-inter-religioso\/#respond"]}]},{"@type":"WebPage","@id":"https:\/\/aliancaevangelica.pt\/site\/ar-aprova-dia-nacional-da-liberdade-religiosa-e-do-dialogo-inter-religioso\/","url":"https:\/\/aliancaevangelica.pt\/site\/ar-aprova-dia-nacional-da-liberdade-religiosa-e-do-dialogo-inter-religioso\/","name":"AR aprova Dia Nacional da Liberdade Religiosa e do Di\u00e1logo Inter-religioso - AEP","isPartOf":{"@id":"https:\/\/aliancaevangelica.pt\/site\/#website"},"primaryImageOfPage":{"@id":"https:\/\/aliancaevangelica.pt\/site\/ar-aprova-dia-nacional-da-liberdade-religiosa-e-do-dialogo-inter-religioso\/#primaryimage"},"image":{"@id":"https:\/\/aliancaevangelica.pt\/site\/ar-aprova-dia-nacional-da-liberdade-religiosa-e-do-dialogo-inter-religioso\/#primaryimage"},"thumbnailUrl":"https:\/\/aliancaevangelica.pt\/site\/wp-content\/uploads\/2019\/06\/liberdade-religiosa.jpg","datePublished":"2019-06-25T14:23:36+00:00","breadcrumb":{"@id":"https:\/\/aliancaevangelica.pt\/site\/ar-aprova-dia-nacional-da-liberdade-religiosa-e-do-dialogo-inter-religioso\/#breadcrumb"},"inLanguage":"pt-PT","potentialAction":[{"@type":"ReadAction","target":["https:\/\/aliancaevangelica.pt\/site\/ar-aprova-dia-nacional-da-liberdade-religiosa-e-do-dialogo-inter-religioso\/"]}]},{"@type":"ImageObject","inLanguage":"pt-PT","@id":"https:\/\/aliancaevangelica.pt\/site\/ar-aprova-dia-nacional-da-liberdade-religiosa-e-do-dialogo-inter-religioso\/#primaryimage","url":"https:\/\/aliancaevangelica.pt\/site\/wp-content\/uploads\/2019\/06\/liberdade-religiosa.jpg","contentUrl":"https:\/\/aliancaevangelica.pt\/site\/wp-content\/uploads\/2019\/06\/liberdade-religiosa.jpg","width":1280,"height":720},{"@type":"BreadcrumbList","@id":"https:\/\/aliancaevangelica.pt\/site\/ar-aprova-dia-nacional-da-liberdade-religiosa-e-do-dialogo-inter-religioso\/#breadcrumb","itemListElement":[{"@type":"ListItem","position":1,"name":"In\u00edcio","item":"https:\/\/aliancaevangelica.pt\/site\/"},{"@type":"ListItem","position":2,"name":"AR aprova Dia Nacional da Liberdade Religiosa e do Di\u00e1logo Inter-religioso"}]},{"@type":"WebSite","@id":"https:\/\/aliancaevangelica.pt\/site\/#website","url":"https:\/\/aliancaevangelica.pt\/site\/","name":"Alian\u00e7a Evang\u00e9lica Portuguesa","description":"Alian\u00e7a Evang\u00e9lica Portuguesa","publisher":{"@id":"https:\/\/aliancaevangelica.pt\/site\/#organization"},"potentialAction":[{"@type":"SearchAction","target":{"@type":"EntryPoint","urlTemplate":"https:\/\/aliancaevangelica.pt\/site\/?s={search_term_string}"},"query-input":{"@type":"PropertyValueSpecification","valueRequired":true,"valueName":"search_term_string"}}],"inLanguage":"pt-PT"},{"@type":"Organization","@id":"https:\/\/aliancaevangelica.pt\/site\/#organization","name":"Alian\u00e7a Evang\u00e9lica Portuguesa","url":"https:\/\/aliancaevangelica.pt\/site\/","logo":{"@type":"ImageObject","inLanguage":"pt-PT","@id":"https:\/\/aliancaevangelica.pt\/site\/#\/schema\/logo\/image\/","url":"https:\/\/aliancaevangelica.pt\/site\/wp-content\/uploads\/2017\/11\/logo-AEP-cor.png","contentUrl":"https:\/\/aliancaevangelica.pt\/site\/wp-content\/uploads\/2017\/11\/logo-AEP-cor.png","width":1156,"height":672,"caption":"Alian\u00e7a Evang\u00e9lica Portuguesa"},"image":{"@id":"https:\/\/aliancaevangelica.pt\/site\/#\/schema\/logo\/image\/"},"sameAs":["http:\/\/facebook.com\/aeportuguesa","http:\/\/instagram.com\/aliancaep","http:\/\/youtube.com\/aeportuguesa"]},{"@type":"Person","@id":"https:\/\/aliancaevangelica.pt\/site\/#\/schema\/person\/3b47cfc7535eff1e820f31c2d67eafcf","name":"AEP","sameAs":["aeportugal"],"url":"https:\/\/aliancaevangelica.pt\/site\/author\/aeportugal\/"}]}},"uagb_featured_image_src":{"full":["https:\/\/aliancaevangelica.pt\/site\/wp-content\/uploads\/2019\/06\/liberdade-religiosa.jpg",1280,720,false],"thumbnail":["https:\/\/aliancaevangelica.pt\/site\/wp-content\/uploads\/2019\/06\/liberdade-religiosa-150x150.jpg",150,150,true],"medium":["https:\/\/aliancaevangelica.pt\/site\/wp-content\/uploads\/2019\/06\/liberdade-religiosa-300x169.jpg",300,169,true],"medium_large":["https:\/\/aliancaevangelica.pt\/site\/wp-content\/uploads\/2019\/06\/liberdade-religiosa-768x432.jpg",768,432,true],"large":["https:\/\/aliancaevangelica.pt\/site\/wp-content\/uploads\/2019\/06\/liberdade-religiosa-1024x576.jpg",960,540,true],"1536x1536":["https:\/\/aliancaevangelica.pt\/site\/wp-content\/uploads\/2019\/06\/liberdade-religiosa.jpg",1280,720,false],"2048x2048":["https:\/\/aliancaevangelica.pt\/site\/wp-content\/uploads\/2019\/06\/liberdade-religiosa.jpg",1280,720,false],"vp_sm":["https:\/\/aliancaevangelica.pt\/site\/wp-content\/uploads\/2019\/06\/liberdade-religiosa.jpg",500,281,false],"vp_md":["https:\/\/aliancaevangelica.pt\/site\/wp-content\/uploads\/2019\/06\/liberdade-religiosa.jpg",800,450,false],"vp_lg":["https:\/\/aliancaevangelica.pt\/site\/wp-content\/uploads\/2019\/06\/liberdade-religiosa.jpg",1280,720,false],"vp_xl":["https:\/\/aliancaevangelica.pt\/site\/wp-content\/uploads\/2019\/06\/liberdade-religiosa.jpg",1280,720,false],"vp_sm_popup":["https:\/\/aliancaevangelica.pt\/site\/wp-content\/uploads\/2019\/06\/liberdade-religiosa.jpg",500,281,false],"vp_md_popup":["https:\/\/aliancaevangelica.pt\/site\/wp-content\/uploads\/2019\/06\/liberdade-religiosa.jpg",800,450,false],"vp_xl_popup":["https:\/\/aliancaevangelica.pt\/site\/wp-content\/uploads\/2019\/06\/liberdade-religiosa.jpg",1280,720,false],"newsx-150x100":["https:\/\/aliancaevangelica.pt\/site\/wp-content\/uploads\/2019\/06\/liberdade-religiosa.jpg",150,84,false],"newsx-330x220":["https:\/\/aliancaevangelica.pt\/site\/wp-content\/uploads\/2019\/06\/liberdade-religiosa.jpg",330,186,false],"newsx-420x280":["https:\/\/aliancaevangelica.pt\/site\/wp-content\/uploads\/2019\/06\/liberdade-religiosa.jpg",420,236,false],"newsx-510x340":["https:\/\/aliancaevangelica.pt\/site\/wp-content\/uploads\/2019\/06\/liberdade-religiosa.jpg",510,287,false],"newsx-640x480":["https:\/\/aliancaevangelica.pt\/site\/wp-content\/uploads\/2019\/06\/liberdade-religiosa.jpg",640,360,false],"newsx-670x370":["https:\/\/aliancaevangelica.pt\/site\/wp-content\/uploads\/2019\/06\/liberdade-religiosa.jpg",658,370,false],"newsx-860x570":["https:\/\/aliancaevangelica.pt\/site\/wp-content\/uploads\/2019\/06\/liberdade-religiosa.jpg",860,484,false],"newsx-1000x750":["https:\/\/aliancaevangelica.pt\/site\/wp-content\/uploads\/2019\/06\/liberdade-religiosa.jpg",1000,563,false],"newsx-1200x600":["https:\/\/aliancaevangelica.pt\/site\/wp-content\/uploads\/2019\/06\/liberdade-religiosa.jpg",1067,600,false]},"uagb_author_info":{"display_name":"AEP","author_link":"https:\/\/aliancaevangelica.pt\/site\/author\/aeportugal\/"},"uagb_comment_info":0,"uagb_excerpt":"A Assembleia da Rep\u00fablica aprovou, nesta sexta-feira, dia 21 de junho, por unanimidade um projeto de resolu\u00e7\u00e3o no sentido de instituir 22 de junho como Dia Nacional da Liberdade Religiosa e do Di\u00e1logo Inter-religioso. O projeto agora aprovado resultou de uma proposta conjunta do ACM, Grupo de Trabalho para o Di\u00e1logo Inter-religioso (GT DIR) e","_links":{"self":[{"href":"https:\/\/aliancaevangelica.pt\/site\/wp-json\/wp\/v2\/posts\/17305","targetHints":{"allow":["GET"]}}],"collection":[{"href":"https:\/\/aliancaevangelica.pt\/site\/wp-json\/wp\/v2\/posts"}],"about":[{"href":"https:\/\/aliancaevangelica.pt\/site\/wp-json\/wp\/v2\/types\/post"}],"author":[{"embeddable":true,"href":"https:\/\/aliancaevangelica.pt\/site\/wp-json\/wp\/v2\/users\/2"}],"replies":[{"embeddable":true,"href":"https:\/\/aliancaevangelica.pt\/site\/wp-json\/wp\/v2\/comments?post=17305"}],"version-history":[{"count":1,"href":"https:\/\/aliancaevangelica.pt\/site\/wp-json\/wp\/v2\/posts\/17305\/revisions"}],"predecessor-version":[{"id":17307,"href":"https:\/\/aliancaevangelica.pt\/site\/wp-json\/wp\/v2\/posts\/17305\/revisions\/17307"}],"wp:featuredmedia":[{"embeddable":true,"href":"https:\/\/aliancaevangelica.pt\/site\/wp-json\/wp\/v2\/media\/17306"}],"wp:attachment":[{"href":"https:\/\/aliancaevangelica.pt\/site\/wp-json\/wp\/v2\/media?parent=17305"}],"wp:term":[{"taxonomy":"category","embeddable":true,"href":"https:\/\/aliancaevangelica.pt\/site\/wp-json\/wp\/v2\/categories?post=17305"},{"taxonomy":"post_tag","embeddable":true,"href":"https:\/\/aliancaevangelica.pt\/site\/wp-json\/wp\/v2\/tags?post=17305"}],"curies":[{"name":"wp","href":"https:\/\/api.w.org\/{rel}","templated":true}]}}