{"id":17291,"date":"2019-05-24T17:05:47","date_gmt":"2019-05-24T17:05:47","guid":{"rendered":"https:\/\/aliancaevangelica.pt\/site\/?p=17291"},"modified":"2019-05-24T17:07:31","modified_gmt":"2019-05-24T17:07:31","slug":"nova-direcao-para-o-trienio-2019-2021","status":"publish","type":"post","link":"https:\/\/aliancaevangelica.pt\/site\/nova-direcao-para-o-trienio-2019-2021\/","title":{"rendered":"Nova Dire\u00e7\u00e3o para o Tri\u00e9nio 2019\u20132021"},"content":{"rendered":"<p>No passado dia 11 de Maio, teve lugar em Assembleia Geral da Alian\u00e7a Evang\u00e9lica Portuguesa, na Casa da Cidade, em Lisboa, a tomada de posse dos novos elementos dos respectivos \u00d3rg\u00e3os Sociais, para o tri\u00e9nio 2019 \u2013 2021.<\/p>\n<p>Este \u00e9 o segundo mandato consecutivo de <strong>Ant\u00f3nio Calaim<\/strong>, como o 11\u00ba presidente da AEP, desta vez com uma equipa mais alargada. Como vice-presidentes, mant\u00eam-se os pastores <strong>Ant\u00f3nio Palma<\/strong> e <strong>Rodrigues Pereira<\/strong>, a quem se junta <strong>Samuel Antunes<\/strong>. O novo tesoureiro passa a ser <strong>Carlos Cunha<\/strong>. Fazem tamb\u00e9m parte da Dire\u00e7\u00e3o <strong>Bertina Tom\u00e9<\/strong>, <strong>Salom\u00e3o Oliveira<\/strong>, <strong>Carlos Xavier<\/strong>, <strong>Ana Paula Santos<\/strong>, <strong>Tiago Alves<\/strong>, e ainda, como suplentes, <strong>Tiago Arag\u00e3o<\/strong> e <strong>Fernando Freire<\/strong>. Na Assembleia Geral mant\u00e9m-se como presidente <strong>Fernando Loja<\/strong> e no Conselho Fiscal <strong>Samuel Cerqueira<\/strong>, com as respetivas equipas.<\/p>\n<p>Neste tri\u00e9nio a AEP passa tamb\u00e9m a contar com o novo cargo de Secret\u00e1rio Executivo, assumido pelo pastor <strong>Josu\u00e9 da Ponte<\/strong>.<\/p>\n<p>Fundada em 1921 e com estatuto legal desde 1935, a AEP \u00e9 a associa\u00e7\u00e3o representativa e mobilizadora dos crist\u00e3os evang\u00e9licos em Portugal. Actualmente, conta com mais de 700 igrejas filiadas, mais de 400 membros individuais e de 60 organiza\u00e7\u00f5es nacionais ligadas a minist\u00e9rios juvenis, miss\u00f5es, artes, ac\u00e7\u00e3o social, comunica\u00e7\u00e3o, fam\u00edlia, sa\u00fade, m\u00fasica, entre outras val\u00eancias.<\/p>\n<p>Dando seguimento aos lemas do mandato anterior \u201cUnir para Agir\u201d e \u201cMobilizar para Transformar\u201d, Ant\u00f3nio Calaim pretende agora com a sua equipa remodelada \u201cConectar igrejas e minist\u00e9rios\u201d e, acima de tudo, representar cada vez, com mais excel\u00eancia, os evang\u00e9licos em Portugal.<\/p>\n<p>&nbsp;<\/p>\n<p style=\"text-align: right;\">Sara Narciso \u2013 AEP Comunica\u00e7\u00f5es<\/p>\n","protected":false},"excerpt":{"rendered":"<p>No passado dia 11 de Maio, teve lugar em Assembleia Geral da Alian\u00e7a Evang\u00e9lica Portuguesa, na Casa da Cidade, em Lisboa, a tomada de posse dos novos elementos dos respectivos \u00d3rg\u00e3os Sociais, para o tri\u00e9nio 2019 \u2013 2021. Este \u00e9 o segundo mandato consecutivo de Ant\u00f3nio Calaim, como o 11\u00ba presidente da AEP, desta vez<\/p>\n","protected":false},"author":2,"featured_media":17292,"comment_status":"open","ping_status":"open","sticky":false,"template":"","format":"standard","meta":{"_uag_custom_page_level_css":"","_themeisle_gutenberg_block_has_review":false,"_vp_format_video_url":"","_vp_image_focal_point":[],"footnotes":""},"categories":[45],"tags":[181,143],"class_list":["post-17291","post","type-post","status-publish","format-standard","has-post-thumbnail","hentry","category-geral","tag-1-geral","tag-noticias"],"yoast_head":"<!-- This site is optimized with the Yoast SEO plugin v27.5 - https:\/\/yoast.com\/product\/yoast-seo-wordpress\/ -->\n<title>Nova Dire\u00e7\u00e3o para o Tri\u00e9nio 2019\u20132021 - AEP<\/title>\n<meta name=\"robots\" content=\"index, follow, max-snippet:-1, max-image-preview:large, max-video-preview:-1\" \/>\n<link rel=\"canonical\" href=\"https:\/\/aliancaevangelica.pt\/site\/nova-direcao-para-o-trienio-2019-2021\/\" \/>\n<meta property=\"og:locale\" content=\"pt_PT\" \/>\n<meta property=\"og:type\" content=\"article\" \/>\n<meta property=\"og:title\" content=\"Nova Dire\u00e7\u00e3o para o Tri\u00e9nio 2019\u20132021 - AEP\" \/>\n<meta property=\"og:description\" content=\"No passado dia 11 de Maio, teve lugar em Assembleia Geral da Alian\u00e7a Evang\u00e9lica Portuguesa, na Casa da Cidade, em Lisboa, a tomada de posse dos novos elementos dos respectivos \u00d3rg\u00e3os Sociais, para o tri\u00e9nio 2019 \u2013 2021. Este \u00e9 o segundo mandato consecutivo de Ant\u00f3nio Calaim, como o 11\u00ba presidente da AEP, desta vez\" \/>\n<meta property=\"og:url\" content=\"https:\/\/aliancaevangelica.pt\/site\/nova-direcao-para-o-trienio-2019-2021\/\" \/>\n<meta property=\"og:site_name\" content=\"AEP\" \/>\n<meta property=\"article:publisher\" content=\"http:\/\/facebook.com\/aeportuguesa\" \/>\n<meta property=\"article:author\" content=\"aeportugal\" \/>\n<meta property=\"article:published_time\" content=\"2019-05-24T17:05:47+00:00\" \/>\n<meta property=\"article:modified_time\" content=\"2019-05-24T17:07:31+00:00\" \/>\n<meta property=\"og:image\" content=\"https:\/\/aliancaevangelica.pt\/site\/wp-content\/uploads\/2019\/05\/nova-direcao-trienio.jpg\" \/>\n\t<meta property=\"og:image:width\" content=\"1280\" \/>\n\t<meta property=\"og:image:height\" content=\"720\" \/>\n\t<meta property=\"og:image:type\" content=\"image\/jpeg\" \/>\n<meta name=\"author\" content=\"AEP\" \/>\n<meta name=\"twitter:card\" content=\"summary_large_image\" \/>\n<meta name=\"twitter:label1\" content=\"Escrito por\" \/>\n\t<meta name=\"twitter:data1\" content=\"AEP\" \/>\n\t<meta name=\"twitter:label2\" content=\"Tempo estimado de leitura\" \/>\n\t<meta name=\"twitter:data2\" content=\"1 minuto\" \/>\n<script type=\"application\/ld+json\" class=\"yoast-schema-graph\">{\"@context\":\"https:\\\/\\\/schema.org\",\"@graph\":[{\"@type\":\"Article\",\"@id\":\"https:\\\/\\\/aliancaevangelica.pt\\\/site\\\/nova-direcao-para-o-trienio-2019-2021\\\/#article\",\"isPartOf\":{\"@id\":\"https:\\\/\\\/aliancaevangelica.pt\\\/site\\\/nova-direcao-para-o-trienio-2019-2021\\\/\"},\"author\":{\"name\":\"AEP\",\"@id\":\"https:\\\/\\\/aliancaevangelica.pt\\\/site\\\/#\\\/schema\\\/person\\\/3b47cfc7535eff1e820f31c2d67eafcf\"},\"headline\":\"Nova Dire\u00e7\u00e3o para o Tri\u00e9nio 2019\u20132021\",\"datePublished\":\"2019-05-24T17:05:47+00:00\",\"dateModified\":\"2019-05-24T17:07:31+00:00\",\"mainEntityOfPage\":{\"@id\":\"https:\\\/\\\/aliancaevangelica.pt\\\/site\\\/nova-direcao-para-o-trienio-2019-2021\\\/\"},\"wordCount\":276,\"commentCount\":0,\"publisher\":{\"@id\":\"https:\\\/\\\/aliancaevangelica.pt\\\/site\\\/#organization\"},\"image\":{\"@id\":\"https:\\\/\\\/aliancaevangelica.pt\\\/site\\\/nova-direcao-para-o-trienio-2019-2021\\\/#primaryimage\"},\"thumbnailUrl\":\"https:\\\/\\\/aliancaevangelica.pt\\\/site\\\/wp-content\\\/uploads\\\/2019\\\/05\\\/nova-direcao-trienio.jpg\",\"keywords\":[\"1-Geral\",\"Not\u00edcias\"],\"articleSection\":[\"GERAL\"],\"inLanguage\":\"pt-PT\",\"potentialAction\":[{\"@type\":\"CommentAction\",\"name\":\"Comment\",\"target\":[\"https:\\\/\\\/aliancaevangelica.pt\\\/site\\\/nova-direcao-para-o-trienio-2019-2021\\\/#respond\"]}]},{\"@type\":\"WebPage\",\"@id\":\"https:\\\/\\\/aliancaevangelica.pt\\\/site\\\/nova-direcao-para-o-trienio-2019-2021\\\/\",\"url\":\"https:\\\/\\\/aliancaevangelica.pt\\\/site\\\/nova-direcao-para-o-trienio-2019-2021\\\/\",\"name\":\"Nova Dire\u00e7\u00e3o para o Tri\u00e9nio 2019\u20132021 - AEP\",\"isPartOf\":{\"@id\":\"https:\\\/\\\/aliancaevangelica.pt\\\/site\\\/#website\"},\"primaryImageOfPage\":{\"@id\":\"https:\\\/\\\/aliancaevangelica.pt\\\/site\\\/nova-direcao-para-o-trienio-2019-2021\\\/#primaryimage\"},\"image\":{\"@id\":\"https:\\\/\\\/aliancaevangelica.pt\\\/site\\\/nova-direcao-para-o-trienio-2019-2021\\\/#primaryimage\"},\"thumbnailUrl\":\"https:\\\/\\\/aliancaevangelica.pt\\\/site\\\/wp-content\\\/uploads\\\/2019\\\/05\\\/nova-direcao-trienio.jpg\",\"datePublished\":\"2019-05-24T17:05:47+00:00\",\"dateModified\":\"2019-05-24T17:07:31+00:00\",\"breadcrumb\":{\"@id\":\"https:\\\/\\\/aliancaevangelica.pt\\\/site\\\/nova-direcao-para-o-trienio-2019-2021\\\/#breadcrumb\"},\"inLanguage\":\"pt-PT\",\"potentialAction\":[{\"@type\":\"ReadAction\",\"target\":[\"https:\\\/\\\/aliancaevangelica.pt\\\/site\\\/nova-direcao-para-o-trienio-2019-2021\\\/\"]}]},{\"@type\":\"ImageObject\",\"inLanguage\":\"pt-PT\",\"@id\":\"https:\\\/\\\/aliancaevangelica.pt\\\/site\\\/nova-direcao-para-o-trienio-2019-2021\\\/#primaryimage\",\"url\":\"https:\\\/\\\/aliancaevangelica.pt\\\/site\\\/wp-content\\\/uploads\\\/2019\\\/05\\\/nova-direcao-trienio.jpg\",\"contentUrl\":\"https:\\\/\\\/aliancaevangelica.pt\\\/site\\\/wp-content\\\/uploads\\\/2019\\\/05\\\/nova-direcao-trienio.jpg\",\"width\":1280,\"height\":720},{\"@type\":\"BreadcrumbList\",\"@id\":\"https:\\\/\\\/aliancaevangelica.pt\\\/site\\\/nova-direcao-para-o-trienio-2019-2021\\\/#breadcrumb\",\"itemListElement\":[{\"@type\":\"ListItem\",\"position\":1,\"name\":\"In\u00edcio\",\"item\":\"https:\\\/\\\/aliancaevangelica.pt\\\/site\\\/\"},{\"@type\":\"ListItem\",\"position\":2,\"name\":\"Nova Dire\u00e7\u00e3o para o Tri\u00e9nio 2019\u20132021\"}]},{\"@type\":\"WebSite\",\"@id\":\"https:\\\/\\\/aliancaevangelica.pt\\\/site\\\/#website\",\"url\":\"https:\\\/\\\/aliancaevangelica.pt\\\/site\\\/\",\"name\":\"Alian\u00e7a Evang\u00e9lica Portuguesa\",\"description\":\"Alian\u00e7a Evang\u00e9lica Portuguesa\",\"publisher\":{\"@id\":\"https:\\\/\\\/aliancaevangelica.pt\\\/site\\\/#organization\"},\"potentialAction\":[{\"@type\":\"SearchAction\",\"target\":{\"@type\":\"EntryPoint\",\"urlTemplate\":\"https:\\\/\\\/aliancaevangelica.pt\\\/site\\\/?s={search_term_string}\"},\"query-input\":{\"@type\":\"PropertyValueSpecification\",\"valueRequired\":true,\"valueName\":\"search_term_string\"}}],\"inLanguage\":\"pt-PT\"},{\"@type\":\"Organization\",\"@id\":\"https:\\\/\\\/aliancaevangelica.pt\\\/site\\\/#organization\",\"name\":\"Alian\u00e7a Evang\u00e9lica Portuguesa\",\"url\":\"https:\\\/\\\/aliancaevangelica.pt\\\/site\\\/\",\"logo\":{\"@type\":\"ImageObject\",\"inLanguage\":\"pt-PT\",\"@id\":\"https:\\\/\\\/aliancaevangelica.pt\\\/site\\\/#\\\/schema\\\/logo\\\/image\\\/\",\"url\":\"https:\\\/\\\/aliancaevangelica.pt\\\/site\\\/wp-content\\\/uploads\\\/2017\\\/11\\\/logo-AEP-cor.png\",\"contentUrl\":\"https:\\\/\\\/aliancaevangelica.pt\\\/site\\\/wp-content\\\/uploads\\\/2017\\\/11\\\/logo-AEP-cor.png\",\"width\":1156,\"height\":672,\"caption\":\"Alian\u00e7a Evang\u00e9lica Portuguesa\"},\"image\":{\"@id\":\"https:\\\/\\\/aliancaevangelica.pt\\\/site\\\/#\\\/schema\\\/logo\\\/image\\\/\"},\"sameAs\":[\"http:\\\/\\\/facebook.com\\\/aeportuguesa\",\"http:\\\/\\\/instagram.com\\\/aliancaep\",\"http:\\\/\\\/youtube.com\\\/aeportuguesa\"]},{\"@type\":\"Person\",\"@id\":\"https:\\\/\\\/aliancaevangelica.pt\\\/site\\\/#\\\/schema\\\/person\\\/3b47cfc7535eff1e820f31c2d67eafcf\",\"name\":\"AEP\",\"sameAs\":[\"aeportugal\"],\"url\":\"https:\\\/\\\/aliancaevangelica.pt\\\/site\\\/author\\\/aeportugal\\\/\"}]}<\/script>\n<!-- \/ Yoast SEO plugin. -->","yoast_head_json":{"title":"Nova Dire\u00e7\u00e3o para o Tri\u00e9nio 2019\u20132021 - AEP","robots":{"index":"index","follow":"follow","max-snippet":"max-snippet:-1","max-image-preview":"max-image-preview:large","max-video-preview":"max-video-preview:-1"},"canonical":"https:\/\/aliancaevangelica.pt\/site\/nova-direcao-para-o-trienio-2019-2021\/","og_locale":"pt_PT","og_type":"article","og_title":"Nova Dire\u00e7\u00e3o para o Tri\u00e9nio 2019\u20132021 - AEP","og_description":"No passado dia 11 de Maio, teve lugar em Assembleia Geral da Alian\u00e7a Evang\u00e9lica Portuguesa, na Casa da Cidade, em Lisboa, a tomada de posse dos novos elementos dos respectivos \u00d3rg\u00e3os Sociais, para o tri\u00e9nio 2019 \u2013 2021. Este \u00e9 o segundo mandato consecutivo de Ant\u00f3nio Calaim, como o 11\u00ba presidente da AEP, desta vez","og_url":"https:\/\/aliancaevangelica.pt\/site\/nova-direcao-para-o-trienio-2019-2021\/","og_site_name":"AEP","article_publisher":"http:\/\/facebook.com\/aeportuguesa","article_author":"aeportugal","article_published_time":"2019-05-24T17:05:47+00:00","article_modified_time":"2019-05-24T17:07:31+00:00","og_image":[{"width":1280,"height":720,"url":"https:\/\/aliancaevangelica.pt\/site\/wp-content\/uploads\/2019\/05\/nova-direcao-trienio.jpg","type":"image\/jpeg"}],"author":"AEP","twitter_card":"summary_large_image","twitter_misc":{"Escrito por":"AEP","Tempo estimado de leitura":"1 minuto"},"schema":{"@context":"https:\/\/schema.org","@graph":[{"@type":"Article","@id":"https:\/\/aliancaevangelica.pt\/site\/nova-direcao-para-o-trienio-2019-2021\/#article","isPartOf":{"@id":"https:\/\/aliancaevangelica.pt\/site\/nova-direcao-para-o-trienio-2019-2021\/"},"author":{"name":"AEP","@id":"https:\/\/aliancaevangelica.pt\/site\/#\/schema\/person\/3b47cfc7535eff1e820f31c2d67eafcf"},"headline":"Nova Dire\u00e7\u00e3o para o Tri\u00e9nio 2019\u20132021","datePublished":"2019-05-24T17:05:47+00:00","dateModified":"2019-05-24T17:07:31+00:00","mainEntityOfPage":{"@id":"https:\/\/aliancaevangelica.pt\/site\/nova-direcao-para-o-trienio-2019-2021\/"},"wordCount":276,"commentCount":0,"publisher":{"@id":"https:\/\/aliancaevangelica.pt\/site\/#organization"},"image":{"@id":"https:\/\/aliancaevangelica.pt\/site\/nova-direcao-para-o-trienio-2019-2021\/#primaryimage"},"thumbnailUrl":"https:\/\/aliancaevangelica.pt\/site\/wp-content\/uploads\/2019\/05\/nova-direcao-trienio.jpg","keywords":["1-Geral","Not\u00edcias"],"articleSection":["GERAL"],"inLanguage":"pt-PT","potentialAction":[{"@type":"CommentAction","name":"Comment","target":["https:\/\/aliancaevangelica.pt\/site\/nova-direcao-para-o-trienio-2019-2021\/#respond"]}]},{"@type":"WebPage","@id":"https:\/\/aliancaevangelica.pt\/site\/nova-direcao-para-o-trienio-2019-2021\/","url":"https:\/\/aliancaevangelica.pt\/site\/nova-direcao-para-o-trienio-2019-2021\/","name":"Nova Dire\u00e7\u00e3o para o Tri\u00e9nio 2019\u20132021 - AEP","isPartOf":{"@id":"https:\/\/aliancaevangelica.pt\/site\/#website"},"primaryImageOfPage":{"@id":"https:\/\/aliancaevangelica.pt\/site\/nova-direcao-para-o-trienio-2019-2021\/#primaryimage"},"image":{"@id":"https:\/\/aliancaevangelica.pt\/site\/nova-direcao-para-o-trienio-2019-2021\/#primaryimage"},"thumbnailUrl":"https:\/\/aliancaevangelica.pt\/site\/wp-content\/uploads\/2019\/05\/nova-direcao-trienio.jpg","datePublished":"2019-05-24T17:05:47+00:00","dateModified":"2019-05-24T17:07:31+00:00","breadcrumb":{"@id":"https:\/\/aliancaevangelica.pt\/site\/nova-direcao-para-o-trienio-2019-2021\/#breadcrumb"},"inLanguage":"pt-PT","potentialAction":[{"@type":"ReadAction","target":["https:\/\/aliancaevangelica.pt\/site\/nova-direcao-para-o-trienio-2019-2021\/"]}]},{"@type":"ImageObject","inLanguage":"pt-PT","@id":"https:\/\/aliancaevangelica.pt\/site\/nova-direcao-para-o-trienio-2019-2021\/#primaryimage","url":"https:\/\/aliancaevangelica.pt\/site\/wp-content\/uploads\/2019\/05\/nova-direcao-trienio.jpg","contentUrl":"https:\/\/aliancaevangelica.pt\/site\/wp-content\/uploads\/2019\/05\/nova-direcao-trienio.jpg","width":1280,"height":720},{"@type":"BreadcrumbList","@id":"https:\/\/aliancaevangelica.pt\/site\/nova-direcao-para-o-trienio-2019-2021\/#breadcrumb","itemListElement":[{"@type":"ListItem","position":1,"name":"In\u00edcio","item":"https:\/\/aliancaevangelica.pt\/site\/"},{"@type":"ListItem","position":2,"name":"Nova Dire\u00e7\u00e3o para o Tri\u00e9nio 2019\u20132021"}]},{"@type":"WebSite","@id":"https:\/\/aliancaevangelica.pt\/site\/#website","url":"https:\/\/aliancaevangelica.pt\/site\/","name":"Alian\u00e7a Evang\u00e9lica Portuguesa","description":"Alian\u00e7a Evang\u00e9lica Portuguesa","publisher":{"@id":"https:\/\/aliancaevangelica.pt\/site\/#organization"},"potentialAction":[{"@type":"SearchAction","target":{"@type":"EntryPoint","urlTemplate":"https:\/\/aliancaevangelica.pt\/site\/?s={search_term_string}"},"query-input":{"@type":"PropertyValueSpecification","valueRequired":true,"valueName":"search_term_string"}}],"inLanguage":"pt-PT"},{"@type":"Organization","@id":"https:\/\/aliancaevangelica.pt\/site\/#organization","name":"Alian\u00e7a Evang\u00e9lica Portuguesa","url":"https:\/\/aliancaevangelica.pt\/site\/","logo":{"@type":"ImageObject","inLanguage":"pt-PT","@id":"https:\/\/aliancaevangelica.pt\/site\/#\/schema\/logo\/image\/","url":"https:\/\/aliancaevangelica.pt\/site\/wp-content\/uploads\/2017\/11\/logo-AEP-cor.png","contentUrl":"https:\/\/aliancaevangelica.pt\/site\/wp-content\/uploads\/2017\/11\/logo-AEP-cor.png","width":1156,"height":672,"caption":"Alian\u00e7a Evang\u00e9lica Portuguesa"},"image":{"@id":"https:\/\/aliancaevangelica.pt\/site\/#\/schema\/logo\/image\/"},"sameAs":["http:\/\/facebook.com\/aeportuguesa","http:\/\/instagram.com\/aliancaep","http:\/\/youtube.com\/aeportuguesa"]},{"@type":"Person","@id":"https:\/\/aliancaevangelica.pt\/site\/#\/schema\/person\/3b47cfc7535eff1e820f31c2d67eafcf","name":"AEP","sameAs":["aeportugal"],"url":"https:\/\/aliancaevangelica.pt\/site\/author\/aeportugal\/"}]}},"uagb_featured_image_src":{"full":["https:\/\/aliancaevangelica.pt\/site\/wp-content\/uploads\/2019\/05\/nova-direcao-trienio.jpg",1280,720,false],"thumbnail":["https:\/\/aliancaevangelica.pt\/site\/wp-content\/uploads\/2019\/05\/nova-direcao-trienio-150x150.jpg",150,150,true],"medium":["https:\/\/aliancaevangelica.pt\/site\/wp-content\/uploads\/2019\/05\/nova-direcao-trienio-300x169.jpg",300,169,true],"medium_large":["https:\/\/aliancaevangelica.pt\/site\/wp-content\/uploads\/2019\/05\/nova-direcao-trienio-768x432.jpg",768,432,true],"large":["https:\/\/aliancaevangelica.pt\/site\/wp-content\/uploads\/2019\/05\/nova-direcao-trienio-1024x576.jpg",960,540,true],"1536x1536":["https:\/\/aliancaevangelica.pt\/site\/wp-content\/uploads\/2019\/05\/nova-direcao-trienio.jpg",1280,720,false],"2048x2048":["https:\/\/aliancaevangelica.pt\/site\/wp-content\/uploads\/2019\/05\/nova-direcao-trienio.jpg",1280,720,false],"vp_sm":["https:\/\/aliancaevangelica.pt\/site\/wp-content\/uploads\/2019\/05\/nova-direcao-trienio.jpg",500,281,false],"vp_md":["https:\/\/aliancaevangelica.pt\/site\/wp-content\/uploads\/2019\/05\/nova-direcao-trienio.jpg",800,450,false],"vp_lg":["https:\/\/aliancaevangelica.pt\/site\/wp-content\/uploads\/2019\/05\/nova-direcao-trienio.jpg",1280,720,false],"vp_xl":["https:\/\/aliancaevangelica.pt\/site\/wp-content\/uploads\/2019\/05\/nova-direcao-trienio.jpg",1280,720,false],"vp_sm_popup":["https:\/\/aliancaevangelica.pt\/site\/wp-content\/uploads\/2019\/05\/nova-direcao-trienio.jpg",500,281,false],"vp_md_popup":["https:\/\/aliancaevangelica.pt\/site\/wp-content\/uploads\/2019\/05\/nova-direcao-trienio.jpg",800,450,false],"vp_xl_popup":["https:\/\/aliancaevangelica.pt\/site\/wp-content\/uploads\/2019\/05\/nova-direcao-trienio.jpg",1280,720,false],"newsx-150x100":["https:\/\/aliancaevangelica.pt\/site\/wp-content\/uploads\/2019\/05\/nova-direcao-trienio.jpg",150,84,false],"newsx-330x220":["https:\/\/aliancaevangelica.pt\/site\/wp-content\/uploads\/2019\/05\/nova-direcao-trienio.jpg",330,186,false],"newsx-420x280":["https:\/\/aliancaevangelica.pt\/site\/wp-content\/uploads\/2019\/05\/nova-direcao-trienio.jpg",420,236,false],"newsx-510x340":["https:\/\/aliancaevangelica.pt\/site\/wp-content\/uploads\/2019\/05\/nova-direcao-trienio.jpg",510,287,false],"newsx-640x480":["https:\/\/aliancaevangelica.pt\/site\/wp-content\/uploads\/2019\/05\/nova-direcao-trienio.jpg",640,360,false],"newsx-670x370":["https:\/\/aliancaevangelica.pt\/site\/wp-content\/uploads\/2019\/05\/nova-direcao-trienio.jpg",658,370,false],"newsx-860x570":["https:\/\/aliancaevangelica.pt\/site\/wp-content\/uploads\/2019\/05\/nova-direcao-trienio.jpg",860,484,false],"newsx-1000x750":["https:\/\/aliancaevangelica.pt\/site\/wp-content\/uploads\/2019\/05\/nova-direcao-trienio.jpg",1000,563,false],"newsx-1200x600":["https:\/\/aliancaevangelica.pt\/site\/wp-content\/uploads\/2019\/05\/nova-direcao-trienio.jpg",1067,600,false]},"uagb_author_info":{"display_name":"AEP","author_link":"https:\/\/aliancaevangelica.pt\/site\/author\/aeportugal\/"},"uagb_comment_info":0,"uagb_excerpt":"No passado dia 11 de Maio, teve lugar em Assembleia Geral da Alian\u00e7a Evang\u00e9lica Portuguesa, na Casa da Cidade, em Lisboa, a tomada de posse dos novos elementos dos respectivos \u00d3rg\u00e3os Sociais, para o tri\u00e9nio 2019 \u2013 2021. Este \u00e9 o segundo mandato consecutivo de Ant\u00f3nio Calaim, como o 11\u00ba presidente da AEP, desta vez","_links":{"self":[{"href":"https:\/\/aliancaevangelica.pt\/site\/wp-json\/wp\/v2\/posts\/17291","targetHints":{"allow":["GET"]}}],"collection":[{"href":"https:\/\/aliancaevangelica.pt\/site\/wp-json\/wp\/v2\/posts"}],"about":[{"href":"https:\/\/aliancaevangelica.pt\/site\/wp-json\/wp\/v2\/types\/post"}],"author":[{"embeddable":true,"href":"https:\/\/aliancaevangelica.pt\/site\/wp-json\/wp\/v2\/users\/2"}],"replies":[{"embeddable":true,"href":"https:\/\/aliancaevangelica.pt\/site\/wp-json\/wp\/v2\/comments?post=17291"}],"version-history":[{"count":2,"href":"https:\/\/aliancaevangelica.pt\/site\/wp-json\/wp\/v2\/posts\/17291\/revisions"}],"predecessor-version":[{"id":17294,"href":"https:\/\/aliancaevangelica.pt\/site\/wp-json\/wp\/v2\/posts\/17291\/revisions\/17294"}],"wp:featuredmedia":[{"embeddable":true,"href":"https:\/\/aliancaevangelica.pt\/site\/wp-json\/wp\/v2\/media\/17292"}],"wp:attachment":[{"href":"https:\/\/aliancaevangelica.pt\/site\/wp-json\/wp\/v2\/media?parent=17291"}],"wp:term":[{"taxonomy":"category","embeddable":true,"href":"https:\/\/aliancaevangelica.pt\/site\/wp-json\/wp\/v2\/categories?post=17291"},{"taxonomy":"post_tag","embeddable":true,"href":"https:\/\/aliancaevangelica.pt\/site\/wp-json\/wp\/v2\/tags?post=17291"}],"curies":[{"name":"wp","href":"https:\/\/api.w.org\/{rel}","templated":true}]}}