{"id":17207,"date":"2019-05-15T15:23:19","date_gmt":"2019-05-15T15:23:19","guid":{"rendered":"https:\/\/aliancaevangelica.pt\/site\/?p=17207"},"modified":"2026-04-07T09:56:38","modified_gmt":"2026-04-07T09:56:38","slug":"politica-europeia-julia-doxat-purser","status":"publish","type":"post","link":"https:\/\/aliancaevangelica.pt\/site\/politica-europeia-julia-doxat-purser\/","title":{"rendered":"Pol\u00edtica Europeia &#8211; Julia Doxat-Purser"},"content":{"rendered":"<p>Representante s\u00f3cio-pol\u00edtica e Coordenadora da Liberdade Religiosa da <strong>EEA<\/strong> (Alian\u00e7a Evang\u00e9lica Europeia).<\/p>\n<p>Por toda a Europa, os partidos pol\u00edticos est\u00e3o a tornar-se mais extremos nos seus programas e na sua ret\u00f3rica. Porqu\u00ea? ser\u00e1 que conseguem escapar \u00e0 rejei\u00e7\u00e3o do eleitorado? Porque \u00e9 que a Europa e as pr\u00f3prias na\u00e7\u00f5es est\u00e3o t\u00e3o divididas?<\/p>\n<p>Ao longo dos anos, o comunismo dominou a maior parte do centro e do leste do continente Europeu. Com a queda do muro de Berlim, muitas dessas na\u00e7\u00f5es tiveram como objetivo tornarem-se mais semelhantes ao \u201cOcidente\u201d, aderindo \u00e0 Uni\u00e3o Europeia<a href=\"#_ftn1\" name=\"_ftnref1\"><sup>[1]<\/sup><\/a>. Entretanto, o Ocidente aproxima-se cada vez mais de um liberalismo secular, com o capitalismo globalizado, confiante de que todos iriam entender que esta ideologia era inquestionavelmente superior e, por isso, iria permanecer na maioria dos pa\u00edses do continente europeu.<\/p>\n<p><strong>Esta suposi\u00e7\u00e3o estava errada.<\/strong><\/p>\n<p>Estamos a testemunhar novas ondas de pol\u00edtica de esquerda e direita que questionam o que tem sido assumido anteriormente. Culpam &#8220;a elite&#8221; por esta mudan\u00e7a social e \/ ou econ\u00f3mica que deixa as pessoas ressentidas. Tanto os novos movimentos pol\u00edticos, como os antigos, competem por votos, identificando-se contra o &#8220;outro&#8221;. Normalmente fomentam a raiva, a queixa e o medo, e oferecem solu\u00e7\u00f5es simples. As pessoas escolhem o seu lado, onde se posicionam. Os crist\u00e3os fazem o mesmo<\/p>\n<p><strong>Deveriam os crist\u00e3os proceder de outra forma?<\/strong><\/p>\n<p>A Alian\u00e7a Evang\u00e9lica Europeia (EEA) desenvolveu o Projeto Issachar para pesquisar junto de outros parceiros, para entender os tempos e saber o que fazer (1 Cr\u00f3nicas 12:32). Como parte disso, a EEA elaborou uma s\u00e9rie de documentos, sendo cada um deles\u00a0 a perspectiva do autor sobre quatro ideologias diferentes que est\u00e3o a dividir a Europa, as na\u00e7\u00f5es, as comunidades e at\u00e9 algumas igrejas &#8211; Seculariza\u00e7\u00e3o, Populismo da Esquerda, Nacionalismo e Dogmatismo dos Valores Liberais. A EEA manifesta um agradecimento a Rosemary Caudwell, Manuel Suarez e David Landrum pelas suas contribui\u00e7\u00f5es.<\/p>\n<p>A EEA espera que estes documentos permitam que os l\u00edderes crist\u00e3os reflitam sobre os nossos tempos dif\u00edceis e consigam discernir como eles mesmos podem capacitar outros a resistir \u00e0s muitas tenta\u00e7\u00f5es dessas ideologias, expor e desafiar os \u00eddolos e perigos das mesmas, para sinceramente intercederem pela sua na\u00e7\u00e3o e pelo seu continente e para serem cidad\u00e3os envolvidos e cheios de esperan\u00e7a, oferecendo a Boa Nova de Jesus Cristo.<\/p>\n<p>H\u00e1 coisas boas nas quatro ideologias e os crist\u00e3os podem apoiar diferentes perspectivas, embora, \u00e0s vezes, umas mais que outras: a paix\u00e3o pela liberdade e os direitos humanos ou a justi\u00e7a social ou amor pela cultura ou a preserva\u00e7\u00e3o e promo\u00e7\u00e3o do casamento heterossexual ou ainda proteger os membros do ataque da comunidade LGBTI<a href=\"#_ftn2\" name=\"_ftnref2\"><sup>[2]<\/sup><\/a>.<\/p>\n<p>Os documentos mostram que cada uma das quatro ideologias pode tornar-se intolerante e at\u00e9 um perigoso \u00eddolo. Manuel Suarez menciona exemplos de l\u00edderes de esquerda que chegam a acreditar que eles j\u00e1 n\u00e3o s\u00e3o meros seres humanos. A hist\u00f3ria adverte-nos sobre o iminente desastre quando o poder e a adula\u00e7\u00e3o est\u00e3o centrados num qualquer l\u00edder pol\u00edtico.<\/p>\n<p><strong>Como \u00e9 que, em democracia, se podem desenvolver a intoler\u00e2ncia e o potencial desastre pol\u00edtico ?<\/strong><\/p>\n<p>O artigo de David Landrum explica-nos; estamos a testemunhar uma &#8220;Mudan\u00e7a Clim\u00e1tica Cultural&#8221;, uma mudan\u00e7a generalizada dos valores judaico-crist\u00e3os. &#8220;A democracia s\u00f3 funciona onde esses valores permanecem centrais, quando nos lembramos que todos os seres humanos s\u00e3o criados \u00e0 imagem de Deus, onde o perd\u00e3o, a miseric\u00f3rdia, o auto-sacrif\u00edcio e a veracidade permitem o florescimento de todos e onde h\u00e1 autodisciplina para temperar a liberdade. Sem estes, a democracia \u00e9 simplesmente a regra da maioria, e isso pode-se tornar a regra da m\u00e1fia\u201d.<\/p>\n<p><strong>Estas ideologias s\u00e3o express\u00f5es de populismo?<\/strong><\/p>\n<p>Depende de como se define populismo. Rosemary Caudwell cita a defini\u00e7\u00e3o do Oxford English Dictionary: \u201capoia as preocupa\u00e7\u00f5es das pessoas comuns\u201d. As suas preocupa\u00e7\u00f5es foram ignoradas, sejam elas austeridade ou imigra\u00e7\u00e3o, globaliza\u00e7\u00e3o ou perda de soberania nacional. Manuel Suarez observa que \u201cpopulista\u201d \u00e9 muitas vezes um r\u00f3tulo que as pessoas d\u00e3o aos outros, mas raramente escolhem para si mesmos. David Landrum d\u00e1 a defini\u00e7\u00e3o dos m\u00e9dia mais liberais: &#8220;populismo \u00e9 o c\u00f3digo liberal educado para xenofobia e fanatismo&#8221;.<\/p>\n<p>alguns defensores do liberalismo secular, do aborto ou dos direitos LGBTI n\u00e3o se consideram populistas. Muitos populistas chamar-lhes-iam a elite que precisa de ser desafiada. E, no entanto, o liberalismo secular e o dogmatismo dos valores liberais exibem algumas caracter\u00edsticas comuns do populismo que todos os documentos revelam. Estas s\u00e3o as tend\u00eancias:<\/p>\n<ul>\n<li>dividir o mundo em dois campos, &#8220;n\u00f3s e eles&#8221;,<\/li>\n<li>ser intolerante com todos os que n\u00e3o se conformam com a sua linguagem e agenda politicamente corretas,<\/li>\n<li>tentar suprimir a dissid\u00eancia,<\/li>\n<li>manipular a verdade e a linguagem para fins pol\u00edticos, em assuntos como identidade de um homem ou uma mulher, ou o impacto real sobre uma na\u00e7\u00e3o de imigra\u00e7\u00e3o mu\u00e7ulmana ou a hist\u00f3ria de Manuel Suarez de um partido de esquerda que se convenceu de que estava a ajudar em vez de manipular, ajudando os idosos a irem votar.<\/li>\n<\/ul>\n<p><strong>As quatro ideologias est\u00e3o sempre em oposi\u00e7\u00e3o umas \u00e0s outras?<\/strong><\/p>\n<p>N\u00e3o. H\u00e1 sobreposi\u00e7\u00e3o. O liberalismo secular pode ser encontrado em partidos pol\u00edticos de todo o espectro, especialmente na Europa Ocidental. No entanto, a esquerda radical nunca concordar\u00e1 em apoiar o capitalismo tecnologizado. Os direitos LGBT+ s\u00e3o frequentemente apoiados pelos liberais seculares e pela esquerda, mas os populistas de direita tamb\u00e9m os apoiam \u00e0s vezes como, por exemplo, Geert Wilders, na Holanda. Proteger a na\u00e7\u00e3o \u00e9 uma prioridade para a direita, mas o SYRIZA, partido de esquerda na Gr\u00e9cia, virou a sua guerra para o combate \u00e0 d\u00edvida nacional, em defesa de uma na\u00e7\u00e3o versus a Uni\u00e3o Europeia.<\/p>\n<p><strong>A situa\u00e7\u00e3o \u00e9 sombria. \u00c9 ilus\u00f3rio acreditar que os crist\u00e3os podem fazer a diferen\u00e7a?<\/strong><\/p>\n<p>A intercess\u00e3o tem sempre impacto e, antes de podermos interceder, precisamos de aumentar a nossa compreens\u00e3o do que est\u00e1 a acontecer, mantedo-nos informandos. David Landrum lembra-nos que a pol\u00edtica e a democracia t\u00eam os seus limites; n\u00e3o devemos transform\u00e1-los em \u00eddolos, esperando que eles resolvam tudo. No entanto, tamb\u00e9m nos lembra do imperativo b\u00edblico de nos envolvermos com as autoridades, entender o seu papel aos olhos de Deus, agir como cidad\u00e3os-modelo, respeitando, mas tamb\u00e9m desafiando, porque a nossa primeira lealdade \u00e9 para com o Senhor Jesus Cristo. David Landrum prossegue explicando a import\u00e2ncia de os crist\u00e3os apresentarem uma vis\u00e3o alternativa positiva e cheia de esperan\u00e7a para a sociedade. Se nos pedem para orar e nos envolvermos, ent\u00e3o certamente podemos confiar que o Senhor ir\u00e1 agir e far\u00e1 a diferen\u00e7a.<\/p>\n<p>Pode ser tentador apenas ler sobre a ideologia a que nos opomos. Ou talvez queiramos ler sobre a teoria pol\u00edtica que tendemos a favorecer porque estamos curiosos para ver que cr\u00edticas recebe. No entanto, a leitura de todos os documentos revela como cada ideologia influencia e se alimenta de outra. Como David Landrum referiu: \u201cA esquerda precisa do direito de justificar as suas queixas. A direita precisa da esquerda para justificar os seus medos. Ambos s\u00e3o id\u00f3latras.\u201d Cada movimento pol\u00edtico conquista seguidores inquestion\u00e1veis procurando, em grande parte,\u00a0 manipul\u00e1-los para acreditarem que o outro lado \u00e9 totalmente errado e desprez\u00edvel. &#8220;P\u00f3s-verdade&#8221;, &#8220;not\u00edcias falsas&#8221; e reclama\u00e7\u00f5es dos m\u00e9dia surgem, \u00e0 medida que a imagina\u00e7\u00e3o das pessoas permite que elas acreditem que nada \u00e9 de muito baixo n\u00edvel para o outro lado fazer ou dizer.<\/p>\n<p><strong>O que os crist\u00e3os devem fazer?<\/strong><\/p>\n<p>Comecemos por tentar entender cada ideologia e orar. E ent\u00e3o devemos come\u00e7ar por n\u00f3s mesmos, examinando honestamente as nossas suposi\u00e7\u00f5es, atitudes e prioridades, incluindo como encaramos aqueles de quem discordamos. Rosemary Caudwell lembra-nos que, assim como muitos europeus est\u00e3o a envolver-se com pol\u00edticas de ideologia de g\u00e9nero, os crist\u00e3os precisam ser diferentes, entendendo que nossa ideologia est\u00e1 em Cristo.<\/p>\n<p>Tendo examinado a n\u00f3s mesmos, devemos ent\u00e3o, atrav\u00e9s de uma lente b\u00edblica,\u00a0 considerar aqueles em quem colocamos a nossa confian\u00e7a pol\u00edtica.<\/p>\n<p><strong>Os crist\u00e3os t\u00eam de abandonar a maioria dos partidos pol\u00edticos?<\/strong><\/p>\n<p>Sal e luz s\u00e3o necess\u00e1rios tanto em festas como em movimentos, para preservar o que est\u00e1 errado, para mostrar o caminho quando a escurid\u00e3o se confunde. \u00c9 vital que os crist\u00e3os desempenhem esse papel. Como Manuel Suarez explica, nenhum partido pol\u00edtico pode ser perfeito numa perspectiva crist\u00e3. Como poderia ser, se s\u00e3o compostos de seres humanos fal\u00edveis? Mas h\u00e1 tamb\u00e9m o perigo de sermos seduzidos pela ret\u00f3rica, de nossa f\u00e9 ser envolvida numa causa que n\u00e3o \u00e9 b\u00edblica ou de nos permitirmos ser c\u00famplices do que \u00e9 profundamente n\u00e3o-b\u00edblico. Chega uma hora em que devemos e temos de estar alerta, para saber quando nos devemos afastar, n\u00e3o mais apoiando ou permanecendo como membros de certos partidos.<\/p>\n<p>Rosemary Caudwell lista algumas quest\u00f5es \u00fateis que devem ser consideradas. Estas quest\u00f5es s\u00e3o repetidas aqui, mas com algumas palavras ou express\u00f5es adicionais e adapta\u00e7\u00f5es inspiradas por outros trabalhos.<\/p>\n<ol>\n<li>Como ponto de partida, temos uma compreens\u00e3o adequada da nossa identidade em Cristo, que essa \u00e9 a nossa lealdade prim\u00e1ria? \u00c9 nessa base que nos aproximamos da nossa cultura, nossa na\u00e7\u00e3o e nossa &#8220;filia\u00e7\u00e3o&#8221; pol\u00edtica?<\/li>\n<li>Estamos certos de que o movimento ou partido que apoiamos n\u00e3o exige lealdade absoluta? A ideologia do partido \u00e9 compat\u00edvel com nossa principal lealdade a Cristo?<\/li>\n<li>Se um movimento pol\u00edtico surgiu em resposta a um sentimento de injusti\u00e7a ou opress\u00e3o, ele identifica com precis\u00e3o essas mesmas quest\u00f5es? Prop\u00f5e uma solu\u00e7\u00e3o vi\u00e1vel e que contribua para o bem-estar de toda a comunidade? Ou cria uma sensa\u00e7\u00e3o de vitimiza\u00e7\u00e3o, queixa e culpa contra outros grupos da sociedade ou contra certas institui\u00e7\u00f5es ou na\u00e7\u00f5es?<\/li>\n<li>Como \u00e9 que o partido considera a verdade? Trabalha consistentemente para evitar falsidade ou exagero?<\/li>\n<li>Contribuir\u00e1 para o florescimento humano, um respeito pela cultura e um senso de identidade e sentimento de perten\u00e7a para todos nas nossas sociedades plurais?<\/li>\n<li>Respeita a democracia, a independ\u00eancia dos meios de comunica\u00e7\u00e3o social, os direitos de representa\u00e7\u00e3o e o acesso \u00e0 justi\u00e7a para todos, incluindo aqueles que podemos desaprovar ou temer?<\/li>\n<li>A lideran\u00e7a do partido ou movimento est\u00e1 a tornar-se muito admirada ou muito poderosa, na medida em que \u00e9 cada vez mais dif\u00edcil desafi\u00e1-los?<\/li>\n<li>Compreende a import\u00e2ncia da liberdade de religi\u00e3o ou cren\u00e7a para todos, incluindo a express\u00e3o privada, p\u00fablica e individual e comunit\u00e1ria deste direito humano fundamental?<\/li>\n<li>Respeita os direitos e necessidades das minorias e permite que elas participem da sociedade?<\/li>\n<li>Defende o desenvolvimento econ\u00f3mico sustent\u00e1vel e a prote\u00e7\u00e3o dos vulner\u00e1veis \u200b\u200be pobres? Est\u00e1 a negligenciar certas pessoas ou regi\u00f5es?<\/li>\n<li>Respeita os direitos e a dignidade das comunidades de minoria e migrantes, ou procura explorar diferen\u00e7as e tens\u00f5es entre elas?<\/li>\n<li>Respeitar\u00e1 os direitos dos requerentes de asilo e incentivar\u00e1 a integra\u00e7\u00e3o dos imigrantes?<\/li>\n<li>Tenciona construir boas rela\u00e7\u00f5es com os pa\u00edses vizinhos e respeitar outras culturas?<\/li>\n<li>A oposi\u00e7\u00e3o pode ser expressa? A centralidade da ideologia do partido est\u00e1 sobre as pol\u00edticas que parecem problem\u00e1ticas do ponto de vista crist\u00e3o?<\/li>\n<\/ol>\n<p>&nbsp;<\/p>\n<p><strong>Que respostas tem o cristianismo para dar?<\/strong><\/p>\n<p>A cr\u00edtica, por si s\u00f3, e o desinteresse pela pol\u00edtica n\u00e3o v\u00e3o levar \u00e0 mudan\u00e7a. A Europa est\u00e1 a sofrer e est\u00e1 confusa, \u00e0 busca de identidade, estabilidade, valores s\u00f3lidos e com significado. O Evangelho fornece respostas poderosas. Aqui est\u00e3o apenas algumas das ideias de artigos de opini\u00e3o ou de alguns jornais.<\/p>\n<p>Manuel Suarez afirma com ousadia que os evang\u00e9licos s\u00e3o a \u201cpedra no sapato\u201d do populismo. Como somos herdeiros da Reforma e acreditamos no sacerd\u00f3cio de todos os crentes, sabemos da import\u00e2ncia da livre investiga\u00e7\u00e3o da verdade, da separa\u00e7\u00e3o da Igreja e do Estado e da resist\u00eancia excessiva ao poder centrado nos indiv\u00edduos. Entendemos a import\u00e2ncia da responsabilidade e coragem que s\u00e3o necess\u00e1rias para falar da verdade com poder.<\/p>\n<p>Temos de nos lembrar que todos s\u00e3o feitos \u00e0 imagem de Deus, com valor infinito. Mas tamb\u00e9m todos pecamos. A salva\u00e7\u00e3o \u00e9 apenas por causa da gra\u00e7a e f\u00e9. Portanto, podemo- nos opor \u00e0s ideias de \u201celes e n\u00f3s\u201d e agir como construtores de pontes e como reconciliadores. Podemos procurar tirar a amargura do debate p\u00fablico. Temos um minist\u00e9rio para ajudar indiv\u00edduos e comunidades a lidar com seus medos e m\u00e1goas de maneira saud\u00e1vel. E somos chamados a defender e cuidar dos mais vulner\u00e1veis, mesmo aqueles que a sociedade despreza.<\/p>\n<p><strong>Que vis\u00e3o os crist\u00e3os podem oferecer?<\/strong><\/p>\n<p>David Landrum responde a essa pergunta: a Europa precisa de uma vis\u00e3o b\u00edblica e cheia de esperan\u00e7a sobre como pode melhorar o dia a dia. H\u00e1 e haver\u00e1 outras contribui\u00e7\u00f5es que os evang\u00e9licos podem dar. Por exemplo, Manuel Suarez lembra-nos da import\u00e2ncia de basear a sociedade numa sociedade civil desenvolvida, e n\u00e3o na burocracia. David Landrum escreve sobre uma pra\u00e7a p\u00fablica civil, uma vis\u00e3o que a Alian\u00e7a Evang\u00e9lica Europeia defende h\u00e1 v\u00e1rios anos. Um local onde os direitos, responsabilidades e respeito permitem que as pessoas vivam juntas com suas diferen\u00e7as mais profundas. \u00c9 onde \u201ch\u00e1 liberdade m\u00e1xima para o Evangelho ser proclamado e vivido, e no qual h\u00e1 o m\u00e1ximo respeito por todos que aceitam ou rejeitam as reivindica\u00e7\u00f5es da cruz\u201d. Numa pra\u00e7a p\u00fablica, as pessoas s\u00e3o livres para serem elas mesmas. mas entendem a necessidade de serem bons vizinhos daqueles que vivem ou acreditam de forma diferente. As nossas na\u00e7\u00f5es e continente est\u00e3o a separar-se porque n\u00e3o sabemos como reconciliar as diferen\u00e7as que existem e existir\u00e3o no futuro. Uma pra\u00e7a p\u00fablica \u00e9 essencial para que as nossas sociedades se unam.<\/p>\n<p>A forma como a vis\u00e3o pode funcionar\u00a0 \u00e9 explicada na Carta Global de Consci\u00eancia, escrita pelo soci\u00f3logo evang\u00e9lico Os Guinness, com contribui\u00e7\u00f5es de outros, incluindo EEA e Heiner Bielefeldt, ex-relator especial da ONU sobre Liberdade de Religi\u00e3o. N\u00e3o se trata de comprometer os distintivos de cada um. Como afirma o Artigo 14, \u201c&#8230; h\u00e1 sempre a responsabilidade de encontrar um terreno comum entre as diferen\u00e7as sem comprometer as diferen\u00e7as que realmente importam.\u201d Em vez disso, ele inclui valores judaico-crist\u00e3os na sociedade, esperando que todos respeitem os outros e sejam guardi\u00f5es dos seus pr\u00f3prios direitos, bem como os nossos pr\u00f3prios.<\/p>\n<p>O desafio final de David Landrum para n\u00f3s \u00e9 que os evang\u00e9licos priorizem a lideran\u00e7a p\u00fablica que nos est\u00e1 a inspirar, equipando e alimentando os evang\u00e9licos em pap\u00e9is de lideran\u00e7a em todas as esferas, onde eles podem servir, mas tamb\u00e9m podem desafiar e falar em esperan\u00e7a.<\/p>\n<p><strong>Depress\u00e3o ou esperan\u00e7a?<\/strong><\/p>\n<p>Este conjunto de documentos t\u00eam como alvo informar-nos, mas poderemos ficar deprimidos se n\u00e3o nos lembrarmos de quem \u00e9 o Senhor da hist\u00f3ria. Nosso Deus ri daqueles que conspiram contra Ele (Salmos 2: 4) e reduz a nada os governantes deste mundo (Isa\u00edas 40:23). Nada pode impedir que o Seu Reino cres\u00e7a at\u00e9 que seja plenamente cumprido no final dos tempos. Ele chama a Sua Igreja para desempenhar o seu papel em demonstrar sinais deste Reino, para interceder e ser cheio de esperan\u00e7a. A EEA acredita que esses documentos podem apoiar e apontar os crist\u00e3os para uma vida envolvida na pol\u00edtica com esperan\u00e7a.<\/p>\n<p>Alian\u00e7a Evang\u00e9lica Europeia.<\/p>\n<p><a href=\"#_ftnref1\" name=\"_ftn1\"><sup>[1]<\/sup><\/a> Antes de Dezembro 2009, Comunidade Econ\u00f3mica Europeia<\/p>\n<p><a href=\"#_ftnref2\" name=\"_ftn2\"><sup>[2]<\/sup><\/a> L\u00e9sbicos, Gays, Bi sexuais ou Trans ou inter-sexuais<\/p>\n<p>&nbsp;<\/p>\n<p style=\"text-align: right;\"><strong>Autoria: Julia Doxat-Purser<br \/>\n<\/strong>Representante s\u00f3cio-pol\u00edtica e Coordenadora da Liberdade Religiosa da <strong>EEA<\/strong> (Alian\u00e7a Evang\u00e9lica Europeia)<\/p>\n<p>&nbsp;<\/p>\n<p>&nbsp;<\/p>\n","protected":false},"excerpt":{"rendered":"<p>Representante s\u00f3cio-pol\u00edtica e Coordenadora da Liberdade Religiosa da EEA (Alian\u00e7a Evang\u00e9lica Europeia). Por toda a Europa, os partidos pol\u00edticos est\u00e3o a tornar-se mais extremos nos seus programas e na sua ret\u00f3rica. Porqu\u00ea? ser\u00e1 que conseguem escapar \u00e0 rejei\u00e7\u00e3o do eleitorado? Porque \u00e9 que a Europa e as pr\u00f3prias na\u00e7\u00f5es est\u00e3o t\u00e3o divididas? Ao longo dos<\/p>\n","protected":false},"author":2,"featured_media":17208,"comment_status":"closed","ping_status":"open","sticky":false,"template":"","format":"standard","meta":{"_uag_custom_page_level_css":"","_themeisle_gutenberg_block_has_review":false,"_vp_format_video_url":"","_vp_image_focal_point":[],"footnotes":""},"categories":[52],"tags":[],"class_list":["post-17207","post","type-post","status-publish","format-standard","has-post-thumbnail","hentry","category-tomadas-de-posicao"],"yoast_head":"<!-- This site is optimized with the Yoast SEO plugin v27.5 - https:\/\/yoast.com\/product\/yoast-seo-wordpress\/ -->\n<title>Pol\u00edtica Europeia - Julia Doxat-Purser - AEP<\/title>\n<meta name=\"robots\" content=\"index, follow, max-snippet:-1, max-image-preview:large, max-video-preview:-1\" \/>\n<link rel=\"canonical\" href=\"https:\/\/aliancaevangelica.pt\/site\/politica-europeia-julia-doxat-purser\/\" \/>\n<meta property=\"og:locale\" content=\"pt_PT\" \/>\n<meta property=\"og:type\" content=\"article\" \/>\n<meta property=\"og:title\" content=\"Pol\u00edtica Europeia - Julia Doxat-Purser - AEP\" \/>\n<meta property=\"og:description\" content=\"Representante s\u00f3cio-pol\u00edtica e Coordenadora da Liberdade Religiosa da EEA (Alian\u00e7a Evang\u00e9lica Europeia). Por toda a Europa, os partidos pol\u00edticos est\u00e3o a tornar-se mais extremos nos seus programas e na sua ret\u00f3rica. Porqu\u00ea? ser\u00e1 que conseguem escapar \u00e0 rejei\u00e7\u00e3o do eleitorado? Porque \u00e9 que a Europa e as pr\u00f3prias na\u00e7\u00f5es est\u00e3o t\u00e3o divididas? Ao longo dos\" \/>\n<meta property=\"og:url\" content=\"https:\/\/aliancaevangelica.pt\/site\/politica-europeia-julia-doxat-purser\/\" \/>\n<meta property=\"og:site_name\" content=\"AEP\" \/>\n<meta property=\"article:publisher\" content=\"http:\/\/facebook.com\/aeportuguesa\" \/>\n<meta property=\"article:author\" content=\"aeportugal\" \/>\n<meta property=\"article:published_time\" content=\"2019-05-15T15:23:19+00:00\" \/>\n<meta property=\"article:modified_time\" content=\"2026-04-07T09:56:38+00:00\" \/>\n<meta property=\"og:image\" content=\"https:\/\/aliancaevangelica.pt\/site\/wp-content\/uploads\/2019\/05\/eleicoes-europeiais.jpg\" \/>\n\t<meta property=\"og:image:width\" content=\"1280\" \/>\n\t<meta property=\"og:image:height\" content=\"800\" \/>\n\t<meta property=\"og:image:type\" content=\"image\/jpeg\" \/>\n<meta name=\"author\" content=\"AEP\" \/>\n<meta name=\"twitter:card\" content=\"summary_large_image\" \/>\n<meta name=\"twitter:label1\" content=\"Escrito por\" \/>\n\t<meta name=\"twitter:data1\" content=\"AEP\" \/>\n\t<meta name=\"twitter:label2\" content=\"Tempo estimado de leitura\" \/>\n\t<meta name=\"twitter:data2\" content=\"14 minutos\" \/>\n<script type=\"application\/ld+json\" class=\"yoast-schema-graph\">{\"@context\":\"https:\\\/\\\/schema.org\",\"@graph\":[{\"@type\":\"Article\",\"@id\":\"https:\\\/\\\/aliancaevangelica.pt\\\/site\\\/politica-europeia-julia-doxat-purser\\\/#article\",\"isPartOf\":{\"@id\":\"https:\\\/\\\/aliancaevangelica.pt\\\/site\\\/politica-europeia-julia-doxat-purser\\\/\"},\"author\":{\"name\":\"AEP\",\"@id\":\"https:\\\/\\\/aliancaevangelica.pt\\\/site\\\/#\\\/schema\\\/person\\\/3b47cfc7535eff1e820f31c2d67eafcf\"},\"headline\":\"Pol\u00edtica Europeia &#8211; Julia Doxat-Purser\",\"datePublished\":\"2019-05-15T15:23:19+00:00\",\"dateModified\":\"2026-04-07T09:56:38+00:00\",\"mainEntityOfPage\":{\"@id\":\"https:\\\/\\\/aliancaevangelica.pt\\\/site\\\/politica-europeia-julia-doxat-purser\\\/\"},\"wordCount\":2735,\"publisher\":{\"@id\":\"https:\\\/\\\/aliancaevangelica.pt\\\/site\\\/#organization\"},\"image\":{\"@id\":\"https:\\\/\\\/aliancaevangelica.pt\\\/site\\\/politica-europeia-julia-doxat-purser\\\/#primaryimage\"},\"thumbnailUrl\":\"https:\\\/\\\/aliancaevangelica.pt\\\/site\\\/wp-content\\\/uploads\\\/2019\\\/05\\\/eleicoes-europeiais.jpg\",\"articleSection\":[\"Tomadas de Posi\u00e7\u00e3o\"],\"inLanguage\":\"pt-PT\"},{\"@type\":\"WebPage\",\"@id\":\"https:\\\/\\\/aliancaevangelica.pt\\\/site\\\/politica-europeia-julia-doxat-purser\\\/\",\"url\":\"https:\\\/\\\/aliancaevangelica.pt\\\/site\\\/politica-europeia-julia-doxat-purser\\\/\",\"name\":\"Pol\u00edtica Europeia - Julia Doxat-Purser - AEP\",\"isPartOf\":{\"@id\":\"https:\\\/\\\/aliancaevangelica.pt\\\/site\\\/#website\"},\"primaryImageOfPage\":{\"@id\":\"https:\\\/\\\/aliancaevangelica.pt\\\/site\\\/politica-europeia-julia-doxat-purser\\\/#primaryimage\"},\"image\":{\"@id\":\"https:\\\/\\\/aliancaevangelica.pt\\\/site\\\/politica-europeia-julia-doxat-purser\\\/#primaryimage\"},\"thumbnailUrl\":\"https:\\\/\\\/aliancaevangelica.pt\\\/site\\\/wp-content\\\/uploads\\\/2019\\\/05\\\/eleicoes-europeiais.jpg\",\"datePublished\":\"2019-05-15T15:23:19+00:00\",\"dateModified\":\"2026-04-07T09:56:38+00:00\",\"breadcrumb\":{\"@id\":\"https:\\\/\\\/aliancaevangelica.pt\\\/site\\\/politica-europeia-julia-doxat-purser\\\/#breadcrumb\"},\"inLanguage\":\"pt-PT\",\"potentialAction\":[{\"@type\":\"ReadAction\",\"target\":[\"https:\\\/\\\/aliancaevangelica.pt\\\/site\\\/politica-europeia-julia-doxat-purser\\\/\"]}]},{\"@type\":\"ImageObject\",\"inLanguage\":\"pt-PT\",\"@id\":\"https:\\\/\\\/aliancaevangelica.pt\\\/site\\\/politica-europeia-julia-doxat-purser\\\/#primaryimage\",\"url\":\"https:\\\/\\\/aliancaevangelica.pt\\\/site\\\/wp-content\\\/uploads\\\/2019\\\/05\\\/eleicoes-europeiais.jpg\",\"contentUrl\":\"https:\\\/\\\/aliancaevangelica.pt\\\/site\\\/wp-content\\\/uploads\\\/2019\\\/05\\\/eleicoes-europeiais.jpg\",\"width\":1280,\"height\":800},{\"@type\":\"BreadcrumbList\",\"@id\":\"https:\\\/\\\/aliancaevangelica.pt\\\/site\\\/politica-europeia-julia-doxat-purser\\\/#breadcrumb\",\"itemListElement\":[{\"@type\":\"ListItem\",\"position\":1,\"name\":\"In\u00edcio\",\"item\":\"https:\\\/\\\/aliancaevangelica.pt\\\/site\\\/\"},{\"@type\":\"ListItem\",\"position\":2,\"name\":\"Pol\u00edtica Europeia &#8211; Julia Doxat-Purser\"}]},{\"@type\":\"WebSite\",\"@id\":\"https:\\\/\\\/aliancaevangelica.pt\\\/site\\\/#website\",\"url\":\"https:\\\/\\\/aliancaevangelica.pt\\\/site\\\/\",\"name\":\"Alian\u00e7a Evang\u00e9lica Portuguesa\",\"description\":\"Alian\u00e7a Evang\u00e9lica Portuguesa\",\"publisher\":{\"@id\":\"https:\\\/\\\/aliancaevangelica.pt\\\/site\\\/#organization\"},\"potentialAction\":[{\"@type\":\"SearchAction\",\"target\":{\"@type\":\"EntryPoint\",\"urlTemplate\":\"https:\\\/\\\/aliancaevangelica.pt\\\/site\\\/?s={search_term_string}\"},\"query-input\":{\"@type\":\"PropertyValueSpecification\",\"valueRequired\":true,\"valueName\":\"search_term_string\"}}],\"inLanguage\":\"pt-PT\"},{\"@type\":\"Organization\",\"@id\":\"https:\\\/\\\/aliancaevangelica.pt\\\/site\\\/#organization\",\"name\":\"Alian\u00e7a Evang\u00e9lica Portuguesa\",\"url\":\"https:\\\/\\\/aliancaevangelica.pt\\\/site\\\/\",\"logo\":{\"@type\":\"ImageObject\",\"inLanguage\":\"pt-PT\",\"@id\":\"https:\\\/\\\/aliancaevangelica.pt\\\/site\\\/#\\\/schema\\\/logo\\\/image\\\/\",\"url\":\"https:\\\/\\\/aliancaevangelica.pt\\\/site\\\/wp-content\\\/uploads\\\/2017\\\/11\\\/logo-AEP-cor.png\",\"contentUrl\":\"https:\\\/\\\/aliancaevangelica.pt\\\/site\\\/wp-content\\\/uploads\\\/2017\\\/11\\\/logo-AEP-cor.png\",\"width\":1156,\"height\":672,\"caption\":\"Alian\u00e7a Evang\u00e9lica Portuguesa\"},\"image\":{\"@id\":\"https:\\\/\\\/aliancaevangelica.pt\\\/site\\\/#\\\/schema\\\/logo\\\/image\\\/\"},\"sameAs\":[\"http:\\\/\\\/facebook.com\\\/aeportuguesa\",\"http:\\\/\\\/instagram.com\\\/aliancaep\",\"http:\\\/\\\/youtube.com\\\/aeportuguesa\"]},{\"@type\":\"Person\",\"@id\":\"https:\\\/\\\/aliancaevangelica.pt\\\/site\\\/#\\\/schema\\\/person\\\/3b47cfc7535eff1e820f31c2d67eafcf\",\"name\":\"AEP\",\"sameAs\":[\"aeportugal\"],\"url\":\"https:\\\/\\\/aliancaevangelica.pt\\\/site\\\/author\\\/aeportugal\\\/\"}]}<\/script>\n<!-- \/ Yoast SEO plugin. -->","yoast_head_json":{"title":"Pol\u00edtica Europeia - Julia Doxat-Purser - AEP","robots":{"index":"index","follow":"follow","max-snippet":"max-snippet:-1","max-image-preview":"max-image-preview:large","max-video-preview":"max-video-preview:-1"},"canonical":"https:\/\/aliancaevangelica.pt\/site\/politica-europeia-julia-doxat-purser\/","og_locale":"pt_PT","og_type":"article","og_title":"Pol\u00edtica Europeia - Julia Doxat-Purser - AEP","og_description":"Representante s\u00f3cio-pol\u00edtica e Coordenadora da Liberdade Religiosa da EEA (Alian\u00e7a Evang\u00e9lica Europeia). Por toda a Europa, os partidos pol\u00edticos est\u00e3o a tornar-se mais extremos nos seus programas e na sua ret\u00f3rica. Porqu\u00ea? ser\u00e1 que conseguem escapar \u00e0 rejei\u00e7\u00e3o do eleitorado? Porque \u00e9 que a Europa e as pr\u00f3prias na\u00e7\u00f5es est\u00e3o t\u00e3o divididas? Ao longo dos","og_url":"https:\/\/aliancaevangelica.pt\/site\/politica-europeia-julia-doxat-purser\/","og_site_name":"AEP","article_publisher":"http:\/\/facebook.com\/aeportuguesa","article_author":"aeportugal","article_published_time":"2019-05-15T15:23:19+00:00","article_modified_time":"2026-04-07T09:56:38+00:00","og_image":[{"width":1280,"height":800,"url":"https:\/\/aliancaevangelica.pt\/site\/wp-content\/uploads\/2019\/05\/eleicoes-europeiais.jpg","type":"image\/jpeg"}],"author":"AEP","twitter_card":"summary_large_image","twitter_misc":{"Escrito por":"AEP","Tempo estimado de leitura":"14 minutos"},"schema":{"@context":"https:\/\/schema.org","@graph":[{"@type":"Article","@id":"https:\/\/aliancaevangelica.pt\/site\/politica-europeia-julia-doxat-purser\/#article","isPartOf":{"@id":"https:\/\/aliancaevangelica.pt\/site\/politica-europeia-julia-doxat-purser\/"},"author":{"name":"AEP","@id":"https:\/\/aliancaevangelica.pt\/site\/#\/schema\/person\/3b47cfc7535eff1e820f31c2d67eafcf"},"headline":"Pol\u00edtica Europeia &#8211; Julia Doxat-Purser","datePublished":"2019-05-15T15:23:19+00:00","dateModified":"2026-04-07T09:56:38+00:00","mainEntityOfPage":{"@id":"https:\/\/aliancaevangelica.pt\/site\/politica-europeia-julia-doxat-purser\/"},"wordCount":2735,"publisher":{"@id":"https:\/\/aliancaevangelica.pt\/site\/#organization"},"image":{"@id":"https:\/\/aliancaevangelica.pt\/site\/politica-europeia-julia-doxat-purser\/#primaryimage"},"thumbnailUrl":"https:\/\/aliancaevangelica.pt\/site\/wp-content\/uploads\/2019\/05\/eleicoes-europeiais.jpg","articleSection":["Tomadas de Posi\u00e7\u00e3o"],"inLanguage":"pt-PT"},{"@type":"WebPage","@id":"https:\/\/aliancaevangelica.pt\/site\/politica-europeia-julia-doxat-purser\/","url":"https:\/\/aliancaevangelica.pt\/site\/politica-europeia-julia-doxat-purser\/","name":"Pol\u00edtica Europeia - Julia Doxat-Purser - AEP","isPartOf":{"@id":"https:\/\/aliancaevangelica.pt\/site\/#website"},"primaryImageOfPage":{"@id":"https:\/\/aliancaevangelica.pt\/site\/politica-europeia-julia-doxat-purser\/#primaryimage"},"image":{"@id":"https:\/\/aliancaevangelica.pt\/site\/politica-europeia-julia-doxat-purser\/#primaryimage"},"thumbnailUrl":"https:\/\/aliancaevangelica.pt\/site\/wp-content\/uploads\/2019\/05\/eleicoes-europeiais.jpg","datePublished":"2019-05-15T15:23:19+00:00","dateModified":"2026-04-07T09:56:38+00:00","breadcrumb":{"@id":"https:\/\/aliancaevangelica.pt\/site\/politica-europeia-julia-doxat-purser\/#breadcrumb"},"inLanguage":"pt-PT","potentialAction":[{"@type":"ReadAction","target":["https:\/\/aliancaevangelica.pt\/site\/politica-europeia-julia-doxat-purser\/"]}]},{"@type":"ImageObject","inLanguage":"pt-PT","@id":"https:\/\/aliancaevangelica.pt\/site\/politica-europeia-julia-doxat-purser\/#primaryimage","url":"https:\/\/aliancaevangelica.pt\/site\/wp-content\/uploads\/2019\/05\/eleicoes-europeiais.jpg","contentUrl":"https:\/\/aliancaevangelica.pt\/site\/wp-content\/uploads\/2019\/05\/eleicoes-europeiais.jpg","width":1280,"height":800},{"@type":"BreadcrumbList","@id":"https:\/\/aliancaevangelica.pt\/site\/politica-europeia-julia-doxat-purser\/#breadcrumb","itemListElement":[{"@type":"ListItem","position":1,"name":"In\u00edcio","item":"https:\/\/aliancaevangelica.pt\/site\/"},{"@type":"ListItem","position":2,"name":"Pol\u00edtica Europeia &#8211; Julia Doxat-Purser"}]},{"@type":"WebSite","@id":"https:\/\/aliancaevangelica.pt\/site\/#website","url":"https:\/\/aliancaevangelica.pt\/site\/","name":"Alian\u00e7a Evang\u00e9lica Portuguesa","description":"Alian\u00e7a Evang\u00e9lica Portuguesa","publisher":{"@id":"https:\/\/aliancaevangelica.pt\/site\/#organization"},"potentialAction":[{"@type":"SearchAction","target":{"@type":"EntryPoint","urlTemplate":"https:\/\/aliancaevangelica.pt\/site\/?s={search_term_string}"},"query-input":{"@type":"PropertyValueSpecification","valueRequired":true,"valueName":"search_term_string"}}],"inLanguage":"pt-PT"},{"@type":"Organization","@id":"https:\/\/aliancaevangelica.pt\/site\/#organization","name":"Alian\u00e7a Evang\u00e9lica Portuguesa","url":"https:\/\/aliancaevangelica.pt\/site\/","logo":{"@type":"ImageObject","inLanguage":"pt-PT","@id":"https:\/\/aliancaevangelica.pt\/site\/#\/schema\/logo\/image\/","url":"https:\/\/aliancaevangelica.pt\/site\/wp-content\/uploads\/2017\/11\/logo-AEP-cor.png","contentUrl":"https:\/\/aliancaevangelica.pt\/site\/wp-content\/uploads\/2017\/11\/logo-AEP-cor.png","width":1156,"height":672,"caption":"Alian\u00e7a Evang\u00e9lica Portuguesa"},"image":{"@id":"https:\/\/aliancaevangelica.pt\/site\/#\/schema\/logo\/image\/"},"sameAs":["http:\/\/facebook.com\/aeportuguesa","http:\/\/instagram.com\/aliancaep","http:\/\/youtube.com\/aeportuguesa"]},{"@type":"Person","@id":"https:\/\/aliancaevangelica.pt\/site\/#\/schema\/person\/3b47cfc7535eff1e820f31c2d67eafcf","name":"AEP","sameAs":["aeportugal"],"url":"https:\/\/aliancaevangelica.pt\/site\/author\/aeportugal\/"}]}},"uagb_featured_image_src":{"full":["https:\/\/aliancaevangelica.pt\/site\/wp-content\/uploads\/2019\/05\/eleicoes-europeiais.jpg",1280,800,false],"thumbnail":["https:\/\/aliancaevangelica.pt\/site\/wp-content\/uploads\/2019\/05\/eleicoes-europeiais-150x150.jpg",150,150,true],"medium":["https:\/\/aliancaevangelica.pt\/site\/wp-content\/uploads\/2019\/05\/eleicoes-europeiais-300x188.jpg",300,188,true],"medium_large":["https:\/\/aliancaevangelica.pt\/site\/wp-content\/uploads\/2019\/05\/eleicoes-europeiais-768x480.jpg",768,480,true],"large":["https:\/\/aliancaevangelica.pt\/site\/wp-content\/uploads\/2019\/05\/eleicoes-europeiais-1024x640.jpg",960,600,true],"1536x1536":["https:\/\/aliancaevangelica.pt\/site\/wp-content\/uploads\/2019\/05\/eleicoes-europeiais.jpg",1280,800,false],"2048x2048":["https:\/\/aliancaevangelica.pt\/site\/wp-content\/uploads\/2019\/05\/eleicoes-europeiais.jpg",1280,800,false],"vp_sm":["https:\/\/aliancaevangelica.pt\/site\/wp-content\/uploads\/2019\/05\/eleicoes-europeiais.jpg",500,313,false],"vp_md":["https:\/\/aliancaevangelica.pt\/site\/wp-content\/uploads\/2019\/05\/eleicoes-europeiais.jpg",800,500,false],"vp_lg":["https:\/\/aliancaevangelica.pt\/site\/wp-content\/uploads\/2019\/05\/eleicoes-europeiais.jpg",1280,800,false],"vp_xl":["https:\/\/aliancaevangelica.pt\/site\/wp-content\/uploads\/2019\/05\/eleicoes-europeiais.jpg",1280,800,false],"vp_sm_popup":["https:\/\/aliancaevangelica.pt\/site\/wp-content\/uploads\/2019\/05\/eleicoes-europeiais.jpg",500,313,false],"vp_md_popup":["https:\/\/aliancaevangelica.pt\/site\/wp-content\/uploads\/2019\/05\/eleicoes-europeiais.jpg",800,500,false],"vp_xl_popup":["https:\/\/aliancaevangelica.pt\/site\/wp-content\/uploads\/2019\/05\/eleicoes-europeiais.jpg",1280,800,false],"newsx-150x100":["https:\/\/aliancaevangelica.pt\/site\/wp-content\/uploads\/2019\/05\/eleicoes-europeiais.jpg",150,94,false],"newsx-330x220":["https:\/\/aliancaevangelica.pt\/site\/wp-content\/uploads\/2019\/05\/eleicoes-europeiais.jpg",330,206,false],"newsx-420x280":["https:\/\/aliancaevangelica.pt\/site\/wp-content\/uploads\/2019\/05\/eleicoes-europeiais.jpg",420,263,false],"newsx-510x340":["https:\/\/aliancaevangelica.pt\/site\/wp-content\/uploads\/2019\/05\/eleicoes-europeiais.jpg",510,319,false],"newsx-640x480":["https:\/\/aliancaevangelica.pt\/site\/wp-content\/uploads\/2019\/05\/eleicoes-europeiais.jpg",640,400,false],"newsx-670x370":["https:\/\/aliancaevangelica.pt\/site\/wp-content\/uploads\/2019\/05\/eleicoes-europeiais.jpg",592,370,false],"newsx-860x570":["https:\/\/aliancaevangelica.pt\/site\/wp-content\/uploads\/2019\/05\/eleicoes-europeiais.jpg",860,538,false],"newsx-1000x750":["https:\/\/aliancaevangelica.pt\/site\/wp-content\/uploads\/2019\/05\/eleicoes-europeiais.jpg",1000,625,false],"newsx-1200x600":["https:\/\/aliancaevangelica.pt\/site\/wp-content\/uploads\/2019\/05\/eleicoes-europeiais.jpg",960,600,false]},"uagb_author_info":{"display_name":"AEP","author_link":"https:\/\/aliancaevangelica.pt\/site\/author\/aeportugal\/"},"uagb_comment_info":0,"uagb_excerpt":"Representante s\u00f3cio-pol\u00edtica e Coordenadora da Liberdade Religiosa da EEA (Alian\u00e7a Evang\u00e9lica Europeia). Por toda a Europa, os partidos pol\u00edticos est\u00e3o a tornar-se mais extremos nos seus programas e na sua ret\u00f3rica. Porqu\u00ea? ser\u00e1 que conseguem escapar \u00e0 rejei\u00e7\u00e3o do eleitorado? Porque \u00e9 que a Europa e as pr\u00f3prias na\u00e7\u00f5es est\u00e3o t\u00e3o divididas? Ao longo dos","_links":{"self":[{"href":"https:\/\/aliancaevangelica.pt\/site\/wp-json\/wp\/v2\/posts\/17207","targetHints":{"allow":["GET"]}}],"collection":[{"href":"https:\/\/aliancaevangelica.pt\/site\/wp-json\/wp\/v2\/posts"}],"about":[{"href":"https:\/\/aliancaevangelica.pt\/site\/wp-json\/wp\/v2\/types\/post"}],"author":[{"embeddable":true,"href":"https:\/\/aliancaevangelica.pt\/site\/wp-json\/wp\/v2\/users\/2"}],"replies":[{"embeddable":true,"href":"https:\/\/aliancaevangelica.pt\/site\/wp-json\/wp\/v2\/comments?post=17207"}],"version-history":[{"count":6,"href":"https:\/\/aliancaevangelica.pt\/site\/wp-json\/wp\/v2\/posts\/17207\/revisions"}],"predecessor-version":[{"id":17235,"href":"https:\/\/aliancaevangelica.pt\/site\/wp-json\/wp\/v2\/posts\/17207\/revisions\/17235"}],"wp:featuredmedia":[{"embeddable":true,"href":"https:\/\/aliancaevangelica.pt\/site\/wp-json\/wp\/v2\/media\/17208"}],"wp:attachment":[{"href":"https:\/\/aliancaevangelica.pt\/site\/wp-json\/wp\/v2\/media?parent=17207"}],"wp:term":[{"taxonomy":"category","embeddable":true,"href":"https:\/\/aliancaevangelica.pt\/site\/wp-json\/wp\/v2\/categories?post=17207"},{"taxonomy":"post_tag","embeddable":true,"href":"https:\/\/aliancaevangelica.pt\/site\/wp-json\/wp\/v2\/tags?post=17207"}],"curies":[{"name":"wp","href":"https:\/\/api.w.org\/{rel}","templated":true}]}}