{"id":17203,"date":"2019-05-13T21:03:39","date_gmt":"2019-05-13T21:03:39","guid":{"rendered":"https:\/\/aliancaevangelica.pt\/site\/?p=17203"},"modified":"2019-05-23T09:25:49","modified_gmt":"2019-05-23T09:25:49","slug":"marcha-por-jesus-2019","status":"publish","type":"post","link":"https:\/\/aliancaevangelica.pt\/site\/marcha-por-jesus-2019\/","title":{"rendered":"Marcha Por Jesus 2019"},"content":{"rendered":"<p>\u00c9 j\u00e1 no pr\u00f3ximo dia <strong>1 de Junho<\/strong> que se realiza a grande Marcha por Jesus 2019, este ano com forte \u00eanfase tamb\u00e9m no Dia Mundial da Crian\u00e7a!<\/p>\n<p>A Marcha vai partir da Pra\u00e7a do Marqu\u00eas do Pombal (em frente ao Di\u00e1rio de Not\u00edcias) a partir das 14h30, seguindo o mesmo percurso das \u00faltimas marchas: Av\u00aa da Liberdade, Restauradores, Rossio, Rua \u00c1urea at\u00e9 \u00e0 Pra\u00e7a do Com\u00e9rcio. Por volta das 16h30 espera-se uma concentra\u00e7\u00e3o final no Terreiro do Pa\u00e7o, concluindo com um concerto musical, com proclama\u00e7\u00f5es a favor da Educa\u00e7\u00e3o, Artes e Media, Economia, Fam\u00edlia, Autoridades e Igreja.<\/p>\n<p>Promovendo uma mensagem de paz e amor, os crist\u00e3os evang\u00e9licos descer\u00e3o a Avenida da Liberdade empunhando bandeiras alusivas a Jesus e num ambiente de festa mostrar\u00e3o o seu amor e adora\u00e7\u00e3o ao Deus vivo. Todos os participante s\u00e3o tamb\u00e9m desafiados a vestirem as t-shirts da pr\u00f3pria marcha e\/ou levarem as cores da bandeira nacional: verde, vermelho e amarelo.<\/p>\n<p>Ser\u00e1 uma oportunidade de testemunho e de partilhar a mensagem de esperan\u00e7a, paz e de vida que Jesus nos oferece.<\/p>\n<p>Promovida pela Alian\u00e7a Evang\u00e9lica Portuguesa, a Marcha contar\u00e1 com a presen\u00e7a de milhares de evang\u00e9licos provenientes de todo o pa\u00eds. O ano passado contou com a presen\u00e7a de cerca de 5000 pessoas e este ano esperamos ainda mais marchantes, expressando a unidade da Igreja Evang\u00e9lica em Portugal e que Jesus \u00e9 a Resposta para a nossa na\u00e7\u00e3o!<\/p>\n<p>Fica o convite para todas as igrejas e comunidades evang\u00e9licas se envolverem!<\/p>\n<p>Mais informa\u00e7\u00f5es: <a href=\"http:\/\/www.marchaporjesus.com\" target=\"_blank\" rel=\"noopener\">www.marchaporjesus.com<\/a> \/ 917343941 \/ 910009975<\/p>\n<p style=\"text-align: right;\">Sara Narciso (AEP Comunica\u00e7\u00f5es)<\/p>\n","protected":false},"excerpt":{"rendered":"<p>\u00c9 j\u00e1 no pr\u00f3ximo dia 1 de Junho que se realiza a grande Marcha por Jesus 2019, este ano com forte \u00eanfase tamb\u00e9m no Dia Mundial da Crian\u00e7a! A Marcha vai partir da Pra\u00e7a do Marqu\u00eas do Pombal (em frente ao Di\u00e1rio de Not\u00edcias) a partir das 14h30, seguindo o mesmo percurso das \u00faltimas marchas:<\/p>\n","protected":false},"author":2,"featured_media":17204,"comment_status":"open","ping_status":"open","sticky":false,"template":"","format":"standard","meta":{"_uag_custom_page_level_css":"","_themeisle_gutenberg_block_has_review":false,"_vp_format_video_url":"","_vp_image_focal_point":[],"footnotes":""},"categories":[45],"tags":[144,143],"class_list":["post-17203","post","type-post","status-publish","format-standard","has-post-thumbnail","hentry","category-geral","tag-eventos","tag-noticias"],"yoast_head":"<!-- This site is optimized with the Yoast SEO plugin v27.5 - https:\/\/yoast.com\/product\/yoast-seo-wordpress\/ -->\n<title>Marcha Por Jesus 2019 - AEP<\/title>\n<meta name=\"robots\" content=\"index, follow, max-snippet:-1, max-image-preview:large, max-video-preview:-1\" \/>\n<link rel=\"canonical\" href=\"https:\/\/aliancaevangelica.pt\/site\/marcha-por-jesus-2019\/\" \/>\n<meta property=\"og:locale\" content=\"pt_PT\" \/>\n<meta property=\"og:type\" content=\"article\" \/>\n<meta property=\"og:title\" content=\"Marcha Por Jesus 2019 - AEP\" \/>\n<meta property=\"og:description\" content=\"\u00c9 j\u00e1 no pr\u00f3ximo dia 1 de Junho que se realiza a grande Marcha por Jesus 2019, este ano com forte \u00eanfase tamb\u00e9m no Dia Mundial da Crian\u00e7a! A Marcha vai partir da Pra\u00e7a do Marqu\u00eas do Pombal (em frente ao Di\u00e1rio de Not\u00edcias) a partir das 14h30, seguindo o mesmo percurso das \u00faltimas marchas:\" \/>\n<meta property=\"og:url\" content=\"https:\/\/aliancaevangelica.pt\/site\/marcha-por-jesus-2019\/\" \/>\n<meta property=\"og:site_name\" content=\"AEP\" \/>\n<meta property=\"article:publisher\" content=\"http:\/\/facebook.com\/aeportuguesa\" \/>\n<meta property=\"article:author\" content=\"aeportugal\" \/>\n<meta property=\"article:published_time\" content=\"2019-05-13T21:03:39+00:00\" \/>\n<meta property=\"article:modified_time\" content=\"2019-05-23T09:25:49+00:00\" \/>\n<meta property=\"og:image\" content=\"https:\/\/aliancaevangelica.pt\/site\/wp-content\/uploads\/2019\/05\/tb_noticia_MARCHA_2019.jpg\" \/>\n\t<meta property=\"og:image:width\" content=\"988\" \/>\n\t<meta property=\"og:image:height\" content=\"556\" \/>\n\t<meta property=\"og:image:type\" content=\"image\/jpeg\" \/>\n<meta name=\"author\" content=\"AEP\" \/>\n<meta name=\"twitter:card\" content=\"summary_large_image\" \/>\n<meta name=\"twitter:label1\" content=\"Escrito por\" \/>\n\t<meta name=\"twitter:data1\" content=\"AEP\" \/>\n\t<meta name=\"twitter:label2\" content=\"Tempo estimado de leitura\" \/>\n\t<meta name=\"twitter:data2\" content=\"1 minuto\" \/>\n<script type=\"application\/ld+json\" class=\"yoast-schema-graph\">{\"@context\":\"https:\\\/\\\/schema.org\",\"@graph\":[{\"@type\":\"Article\",\"@id\":\"https:\\\/\\\/aliancaevangelica.pt\\\/site\\\/marcha-por-jesus-2019\\\/#article\",\"isPartOf\":{\"@id\":\"https:\\\/\\\/aliancaevangelica.pt\\\/site\\\/marcha-por-jesus-2019\\\/\"},\"author\":{\"name\":\"AEP\",\"@id\":\"https:\\\/\\\/aliancaevangelica.pt\\\/site\\\/#\\\/schema\\\/person\\\/3b47cfc7535eff1e820f31c2d67eafcf\"},\"headline\":\"Marcha Por Jesus 2019\",\"datePublished\":\"2019-05-13T21:03:39+00:00\",\"dateModified\":\"2019-05-23T09:25:49+00:00\",\"mainEntityOfPage\":{\"@id\":\"https:\\\/\\\/aliancaevangelica.pt\\\/site\\\/marcha-por-jesus-2019\\\/\"},\"wordCount\":286,\"commentCount\":0,\"publisher\":{\"@id\":\"https:\\\/\\\/aliancaevangelica.pt\\\/site\\\/#organization\"},\"image\":{\"@id\":\"https:\\\/\\\/aliancaevangelica.pt\\\/site\\\/marcha-por-jesus-2019\\\/#primaryimage\"},\"thumbnailUrl\":\"https:\\\/\\\/aliancaevangelica.pt\\\/site\\\/wp-content\\\/uploads\\\/2019\\\/05\\\/tb_noticia_MARCHA_2019.jpg\",\"keywords\":[\"Eventos\",\"Not\u00edcias\"],\"articleSection\":[\"1-Geral\"],\"inLanguage\":\"pt-PT\",\"potentialAction\":[{\"@type\":\"CommentAction\",\"name\":\"Comment\",\"target\":[\"https:\\\/\\\/aliancaevangelica.pt\\\/site\\\/marcha-por-jesus-2019\\\/#respond\"]}]},{\"@type\":\"WebPage\",\"@id\":\"https:\\\/\\\/aliancaevangelica.pt\\\/site\\\/marcha-por-jesus-2019\\\/\",\"url\":\"https:\\\/\\\/aliancaevangelica.pt\\\/site\\\/marcha-por-jesus-2019\\\/\",\"name\":\"Marcha Por Jesus 2019 - AEP\",\"isPartOf\":{\"@id\":\"https:\\\/\\\/aliancaevangelica.pt\\\/site\\\/#website\"},\"primaryImageOfPage\":{\"@id\":\"https:\\\/\\\/aliancaevangelica.pt\\\/site\\\/marcha-por-jesus-2019\\\/#primaryimage\"},\"image\":{\"@id\":\"https:\\\/\\\/aliancaevangelica.pt\\\/site\\\/marcha-por-jesus-2019\\\/#primaryimage\"},\"thumbnailUrl\":\"https:\\\/\\\/aliancaevangelica.pt\\\/site\\\/wp-content\\\/uploads\\\/2019\\\/05\\\/tb_noticia_MARCHA_2019.jpg\",\"datePublished\":\"2019-05-13T21:03:39+00:00\",\"dateModified\":\"2019-05-23T09:25:49+00:00\",\"breadcrumb\":{\"@id\":\"https:\\\/\\\/aliancaevangelica.pt\\\/site\\\/marcha-por-jesus-2019\\\/#breadcrumb\"},\"inLanguage\":\"pt-PT\",\"potentialAction\":[{\"@type\":\"ReadAction\",\"target\":[\"https:\\\/\\\/aliancaevangelica.pt\\\/site\\\/marcha-por-jesus-2019\\\/\"]}]},{\"@type\":\"ImageObject\",\"inLanguage\":\"pt-PT\",\"@id\":\"https:\\\/\\\/aliancaevangelica.pt\\\/site\\\/marcha-por-jesus-2019\\\/#primaryimage\",\"url\":\"https:\\\/\\\/aliancaevangelica.pt\\\/site\\\/wp-content\\\/uploads\\\/2019\\\/05\\\/tb_noticia_MARCHA_2019.jpg\",\"contentUrl\":\"https:\\\/\\\/aliancaevangelica.pt\\\/site\\\/wp-content\\\/uploads\\\/2019\\\/05\\\/tb_noticia_MARCHA_2019.jpg\",\"width\":988,\"height\":556},{\"@type\":\"BreadcrumbList\",\"@id\":\"https:\\\/\\\/aliancaevangelica.pt\\\/site\\\/marcha-por-jesus-2019\\\/#breadcrumb\",\"itemListElement\":[{\"@type\":\"ListItem\",\"position\":1,\"name\":\"In\u00edcio\",\"item\":\"https:\\\/\\\/aliancaevangelica.pt\\\/site\\\/\"},{\"@type\":\"ListItem\",\"position\":2,\"name\":\"Marcha Por Jesus 2019\"}]},{\"@type\":\"WebSite\",\"@id\":\"https:\\\/\\\/aliancaevangelica.pt\\\/site\\\/#website\",\"url\":\"https:\\\/\\\/aliancaevangelica.pt\\\/site\\\/\",\"name\":\"Alian\u00e7a Evang\u00e9lica Portuguesa\",\"description\":\"Alian\u00e7a Evang\u00e9lica Portuguesa\",\"publisher\":{\"@id\":\"https:\\\/\\\/aliancaevangelica.pt\\\/site\\\/#organization\"},\"potentialAction\":[{\"@type\":\"SearchAction\",\"target\":{\"@type\":\"EntryPoint\",\"urlTemplate\":\"https:\\\/\\\/aliancaevangelica.pt\\\/site\\\/?s={search_term_string}\"},\"query-input\":{\"@type\":\"PropertyValueSpecification\",\"valueRequired\":true,\"valueName\":\"search_term_string\"}}],\"inLanguage\":\"pt-PT\"},{\"@type\":\"Organization\",\"@id\":\"https:\\\/\\\/aliancaevangelica.pt\\\/site\\\/#organization\",\"name\":\"Alian\u00e7a Evang\u00e9lica Portuguesa\",\"url\":\"https:\\\/\\\/aliancaevangelica.pt\\\/site\\\/\",\"logo\":{\"@type\":\"ImageObject\",\"inLanguage\":\"pt-PT\",\"@id\":\"https:\\\/\\\/aliancaevangelica.pt\\\/site\\\/#\\\/schema\\\/logo\\\/image\\\/\",\"url\":\"https:\\\/\\\/aliancaevangelica.pt\\\/site\\\/wp-content\\\/uploads\\\/2017\\\/11\\\/logo-AEP-cor.png\",\"contentUrl\":\"https:\\\/\\\/aliancaevangelica.pt\\\/site\\\/wp-content\\\/uploads\\\/2017\\\/11\\\/logo-AEP-cor.png\",\"width\":1156,\"height\":672,\"caption\":\"Alian\u00e7a Evang\u00e9lica Portuguesa\"},\"image\":{\"@id\":\"https:\\\/\\\/aliancaevangelica.pt\\\/site\\\/#\\\/schema\\\/logo\\\/image\\\/\"},\"sameAs\":[\"http:\\\/\\\/facebook.com\\\/aeportuguesa\",\"http:\\\/\\\/instagram.com\\\/aliancaep\",\"http:\\\/\\\/youtube.com\\\/aeportuguesa\"]},{\"@type\":\"Person\",\"@id\":\"https:\\\/\\\/aliancaevangelica.pt\\\/site\\\/#\\\/schema\\\/person\\\/3b47cfc7535eff1e820f31c2d67eafcf\",\"name\":\"AEP\",\"sameAs\":[\"aeportugal\"],\"url\":\"https:\\\/\\\/aliancaevangelica.pt\\\/site\\\/author\\\/aeportugal\\\/\"}]}<\/script>\n<!-- \/ Yoast SEO plugin. -->","yoast_head_json":{"title":"Marcha Por Jesus 2019 - AEP","robots":{"index":"index","follow":"follow","max-snippet":"max-snippet:-1","max-image-preview":"max-image-preview:large","max-video-preview":"max-video-preview:-1"},"canonical":"https:\/\/aliancaevangelica.pt\/site\/marcha-por-jesus-2019\/","og_locale":"pt_PT","og_type":"article","og_title":"Marcha Por Jesus 2019 - AEP","og_description":"\u00c9 j\u00e1 no pr\u00f3ximo dia 1 de Junho que se realiza a grande Marcha por Jesus 2019, este ano com forte \u00eanfase tamb\u00e9m no Dia Mundial da Crian\u00e7a! A Marcha vai partir da Pra\u00e7a do Marqu\u00eas do Pombal (em frente ao Di\u00e1rio de Not\u00edcias) a partir das 14h30, seguindo o mesmo percurso das \u00faltimas marchas:","og_url":"https:\/\/aliancaevangelica.pt\/site\/marcha-por-jesus-2019\/","og_site_name":"AEP","article_publisher":"http:\/\/facebook.com\/aeportuguesa","article_author":"aeportugal","article_published_time":"2019-05-13T21:03:39+00:00","article_modified_time":"2019-05-23T09:25:49+00:00","og_image":[{"width":988,"height":556,"url":"https:\/\/aliancaevangelica.pt\/site\/wp-content\/uploads\/2019\/05\/tb_noticia_MARCHA_2019.jpg","type":"image\/jpeg"}],"author":"AEP","twitter_card":"summary_large_image","twitter_misc":{"Escrito por":"AEP","Tempo estimado de leitura":"1 minuto"},"schema":{"@context":"https:\/\/schema.org","@graph":[{"@type":"Article","@id":"https:\/\/aliancaevangelica.pt\/site\/marcha-por-jesus-2019\/#article","isPartOf":{"@id":"https:\/\/aliancaevangelica.pt\/site\/marcha-por-jesus-2019\/"},"author":{"name":"AEP","@id":"https:\/\/aliancaevangelica.pt\/site\/#\/schema\/person\/3b47cfc7535eff1e820f31c2d67eafcf"},"headline":"Marcha Por Jesus 2019","datePublished":"2019-05-13T21:03:39+00:00","dateModified":"2019-05-23T09:25:49+00:00","mainEntityOfPage":{"@id":"https:\/\/aliancaevangelica.pt\/site\/marcha-por-jesus-2019\/"},"wordCount":286,"commentCount":0,"publisher":{"@id":"https:\/\/aliancaevangelica.pt\/site\/#organization"},"image":{"@id":"https:\/\/aliancaevangelica.pt\/site\/marcha-por-jesus-2019\/#primaryimage"},"thumbnailUrl":"https:\/\/aliancaevangelica.pt\/site\/wp-content\/uploads\/2019\/05\/tb_noticia_MARCHA_2019.jpg","keywords":["Eventos","Not\u00edcias"],"articleSection":["1-Geral"],"inLanguage":"pt-PT","potentialAction":[{"@type":"CommentAction","name":"Comment","target":["https:\/\/aliancaevangelica.pt\/site\/marcha-por-jesus-2019\/#respond"]}]},{"@type":"WebPage","@id":"https:\/\/aliancaevangelica.pt\/site\/marcha-por-jesus-2019\/","url":"https:\/\/aliancaevangelica.pt\/site\/marcha-por-jesus-2019\/","name":"Marcha Por Jesus 2019 - AEP","isPartOf":{"@id":"https:\/\/aliancaevangelica.pt\/site\/#website"},"primaryImageOfPage":{"@id":"https:\/\/aliancaevangelica.pt\/site\/marcha-por-jesus-2019\/#primaryimage"},"image":{"@id":"https:\/\/aliancaevangelica.pt\/site\/marcha-por-jesus-2019\/#primaryimage"},"thumbnailUrl":"https:\/\/aliancaevangelica.pt\/site\/wp-content\/uploads\/2019\/05\/tb_noticia_MARCHA_2019.jpg","datePublished":"2019-05-13T21:03:39+00:00","dateModified":"2019-05-23T09:25:49+00:00","breadcrumb":{"@id":"https:\/\/aliancaevangelica.pt\/site\/marcha-por-jesus-2019\/#breadcrumb"},"inLanguage":"pt-PT","potentialAction":[{"@type":"ReadAction","target":["https:\/\/aliancaevangelica.pt\/site\/marcha-por-jesus-2019\/"]}]},{"@type":"ImageObject","inLanguage":"pt-PT","@id":"https:\/\/aliancaevangelica.pt\/site\/marcha-por-jesus-2019\/#primaryimage","url":"https:\/\/aliancaevangelica.pt\/site\/wp-content\/uploads\/2019\/05\/tb_noticia_MARCHA_2019.jpg","contentUrl":"https:\/\/aliancaevangelica.pt\/site\/wp-content\/uploads\/2019\/05\/tb_noticia_MARCHA_2019.jpg","width":988,"height":556},{"@type":"BreadcrumbList","@id":"https:\/\/aliancaevangelica.pt\/site\/marcha-por-jesus-2019\/#breadcrumb","itemListElement":[{"@type":"ListItem","position":1,"name":"In\u00edcio","item":"https:\/\/aliancaevangelica.pt\/site\/"},{"@type":"ListItem","position":2,"name":"Marcha Por Jesus 2019"}]},{"@type":"WebSite","@id":"https:\/\/aliancaevangelica.pt\/site\/#website","url":"https:\/\/aliancaevangelica.pt\/site\/","name":"Alian\u00e7a Evang\u00e9lica Portuguesa","description":"Alian\u00e7a Evang\u00e9lica Portuguesa","publisher":{"@id":"https:\/\/aliancaevangelica.pt\/site\/#organization"},"potentialAction":[{"@type":"SearchAction","target":{"@type":"EntryPoint","urlTemplate":"https:\/\/aliancaevangelica.pt\/site\/?s={search_term_string}"},"query-input":{"@type":"PropertyValueSpecification","valueRequired":true,"valueName":"search_term_string"}}],"inLanguage":"pt-PT"},{"@type":"Organization","@id":"https:\/\/aliancaevangelica.pt\/site\/#organization","name":"Alian\u00e7a Evang\u00e9lica Portuguesa","url":"https:\/\/aliancaevangelica.pt\/site\/","logo":{"@type":"ImageObject","inLanguage":"pt-PT","@id":"https:\/\/aliancaevangelica.pt\/site\/#\/schema\/logo\/image\/","url":"https:\/\/aliancaevangelica.pt\/site\/wp-content\/uploads\/2017\/11\/logo-AEP-cor.png","contentUrl":"https:\/\/aliancaevangelica.pt\/site\/wp-content\/uploads\/2017\/11\/logo-AEP-cor.png","width":1156,"height":672,"caption":"Alian\u00e7a Evang\u00e9lica Portuguesa"},"image":{"@id":"https:\/\/aliancaevangelica.pt\/site\/#\/schema\/logo\/image\/"},"sameAs":["http:\/\/facebook.com\/aeportuguesa","http:\/\/instagram.com\/aliancaep","http:\/\/youtube.com\/aeportuguesa"]},{"@type":"Person","@id":"https:\/\/aliancaevangelica.pt\/site\/#\/schema\/person\/3b47cfc7535eff1e820f31c2d67eafcf","name":"AEP","sameAs":["aeportugal"],"url":"https:\/\/aliancaevangelica.pt\/site\/author\/aeportugal\/"}]}},"uagb_featured_image_src":{"full":["https:\/\/aliancaevangelica.pt\/site\/wp-content\/uploads\/2019\/05\/tb_noticia_MARCHA_2019.jpg",988,556,false],"thumbnail":["https:\/\/aliancaevangelica.pt\/site\/wp-content\/uploads\/2019\/05\/tb_noticia_MARCHA_2019-150x150.jpg",150,150,true],"medium":["https:\/\/aliancaevangelica.pt\/site\/wp-content\/uploads\/2019\/05\/tb_noticia_MARCHA_2019-300x169.jpg",300,169,true],"medium_large":["https:\/\/aliancaevangelica.pt\/site\/wp-content\/uploads\/2019\/05\/tb_noticia_MARCHA_2019-768x432.jpg",768,432,true],"large":["https:\/\/aliancaevangelica.pt\/site\/wp-content\/uploads\/2019\/05\/tb_noticia_MARCHA_2019.jpg",960,540,false],"1536x1536":["https:\/\/aliancaevangelica.pt\/site\/wp-content\/uploads\/2019\/05\/tb_noticia_MARCHA_2019.jpg",988,556,false],"2048x2048":["https:\/\/aliancaevangelica.pt\/site\/wp-content\/uploads\/2019\/05\/tb_noticia_MARCHA_2019.jpg",988,556,false],"vp_sm":["https:\/\/aliancaevangelica.pt\/site\/wp-content\/uploads\/2019\/05\/tb_noticia_MARCHA_2019.jpg",500,281,false],"vp_md":["https:\/\/aliancaevangelica.pt\/site\/wp-content\/uploads\/2019\/05\/tb_noticia_MARCHA_2019.jpg",800,450,false],"vp_lg":["https:\/\/aliancaevangelica.pt\/site\/wp-content\/uploads\/2019\/05\/tb_noticia_MARCHA_2019.jpg",988,556,false],"vp_xl":["https:\/\/aliancaevangelica.pt\/site\/wp-content\/uploads\/2019\/05\/tb_noticia_MARCHA_2019.jpg",988,556,false],"vp_sm_popup":["https:\/\/aliancaevangelica.pt\/site\/wp-content\/uploads\/2019\/05\/tb_noticia_MARCHA_2019.jpg",500,281,false],"vp_md_popup":["https:\/\/aliancaevangelica.pt\/site\/wp-content\/uploads\/2019\/05\/tb_noticia_MARCHA_2019.jpg",800,450,false],"vp_xl_popup":["https:\/\/aliancaevangelica.pt\/site\/wp-content\/uploads\/2019\/05\/tb_noticia_MARCHA_2019.jpg",988,556,false],"newsx-150x100":["https:\/\/aliancaevangelica.pt\/site\/wp-content\/uploads\/2019\/05\/tb_noticia_MARCHA_2019.jpg",150,84,false],"newsx-330x220":["https:\/\/aliancaevangelica.pt\/site\/wp-content\/uploads\/2019\/05\/tb_noticia_MARCHA_2019.jpg",330,186,false],"newsx-420x280":["https:\/\/aliancaevangelica.pt\/site\/wp-content\/uploads\/2019\/05\/tb_noticia_MARCHA_2019.jpg",420,236,false],"newsx-510x340":["https:\/\/aliancaevangelica.pt\/site\/wp-content\/uploads\/2019\/05\/tb_noticia_MARCHA_2019.jpg",510,287,false],"newsx-640x480":["https:\/\/aliancaevangelica.pt\/site\/wp-content\/uploads\/2019\/05\/tb_noticia_MARCHA_2019.jpg",640,360,false],"newsx-670x370":["https:\/\/aliancaevangelica.pt\/site\/wp-content\/uploads\/2019\/05\/tb_noticia_MARCHA_2019.jpg",657,370,false],"newsx-860x570":["https:\/\/aliancaevangelica.pt\/site\/wp-content\/uploads\/2019\/05\/tb_noticia_MARCHA_2019.jpg",860,484,false],"newsx-1000x750":["https:\/\/aliancaevangelica.pt\/site\/wp-content\/uploads\/2019\/05\/tb_noticia_MARCHA_2019.jpg",988,556,false],"newsx-1200x600":["https:\/\/aliancaevangelica.pt\/site\/wp-content\/uploads\/2019\/05\/tb_noticia_MARCHA_2019.jpg",988,556,false]},"uagb_author_info":{"display_name":"AEP","author_link":"https:\/\/aliancaevangelica.pt\/site\/author\/aeportugal\/"},"uagb_comment_info":0,"uagb_excerpt":"\u00c9 j\u00e1 no pr\u00f3ximo dia 1 de Junho que se realiza a grande Marcha por Jesus 2019, este ano com forte \u00eanfase tamb\u00e9m no Dia Mundial da Crian\u00e7a! A Marcha vai partir da Pra\u00e7a do Marqu\u00eas do Pombal (em frente ao Di\u00e1rio de Not\u00edcias) a partir das 14h30, seguindo o mesmo percurso das \u00faltimas marchas:","_links":{"self":[{"href":"https:\/\/aliancaevangelica.pt\/site\/wp-json\/wp\/v2\/posts\/17203","targetHints":{"allow":["GET"]}}],"collection":[{"href":"https:\/\/aliancaevangelica.pt\/site\/wp-json\/wp\/v2\/posts"}],"about":[{"href":"https:\/\/aliancaevangelica.pt\/site\/wp-json\/wp\/v2\/types\/post"}],"author":[{"embeddable":true,"href":"https:\/\/aliancaevangelica.pt\/site\/wp-json\/wp\/v2\/users\/2"}],"replies":[{"embeddable":true,"href":"https:\/\/aliancaevangelica.pt\/site\/wp-json\/wp\/v2\/comments?post=17203"}],"version-history":[{"count":2,"href":"https:\/\/aliancaevangelica.pt\/site\/wp-json\/wp\/v2\/posts\/17203\/revisions"}],"predecessor-version":[{"id":17206,"href":"https:\/\/aliancaevangelica.pt\/site\/wp-json\/wp\/v2\/posts\/17203\/revisions\/17206"}],"wp:featuredmedia":[{"embeddable":true,"href":"https:\/\/aliancaevangelica.pt\/site\/wp-json\/wp\/v2\/media\/17204"}],"wp:attachment":[{"href":"https:\/\/aliancaevangelica.pt\/site\/wp-json\/wp\/v2\/media?parent=17203"}],"wp:term":[{"taxonomy":"category","embeddable":true,"href":"https:\/\/aliancaevangelica.pt\/site\/wp-json\/wp\/v2\/categories?post=17203"},{"taxonomy":"post_tag","embeddable":true,"href":"https:\/\/aliancaevangelica.pt\/site\/wp-json\/wp\/v2\/tags?post=17203"}],"curies":[{"name":"wp","href":"https:\/\/api.w.org\/{rel}","templated":true}]}}