{"id":17198,"date":"2019-05-13T17:07:23","date_gmt":"2019-05-13T17:07:23","guid":{"rendered":"https:\/\/aliancaevangelica.pt\/site\/?p=17198"},"modified":"2019-05-18T01:55:09","modified_gmt":"2019-05-18T01:55:09","slug":"noticias-da-m-do-carmo-project-mozambique-plus","status":"publish","type":"post","link":"https:\/\/aliancaevangelica.pt\/site\/noticias-da-m-do-carmo-project-mozambique-plus\/","title":{"rendered":"Not\u00edcias da M. do Carmo &#8211; Project Mozambique \u2013 Plus"},"content":{"rendered":"<p>Queridos irm\u00e3os<br \/>\nSauda\u00e7\u00f5es da Beira \u2013 Mo\u00e7ambique<\/p>\n<p>Foi uma semana muito preenchida, onde me tenho apercebido cada vez mais do drama que muitas pessoas ainda est\u00e3o a viver. Vejo como \u00e9 importante para as pessoas aqui poderem compartilhar uns com os outros as situa\u00e7\u00f5es que t\u00eam vivido.\u00a0 S\u00f3 agora muitas pessoas da Beira podem ver v\u00eddeos da devasta\u00e7\u00e3o deixada pelo Ciclone Idai. Muitos nem sonham apercebido da grande area afectada \u2013 sem televis\u00e3o, r\u00e1dio ou comunica\u00e7\u00f5es n\u00e3o era poss\u00edvel terem toda a informa\u00e7\u00e3o que n\u00f3s, estando de fora, pod\u00edamos ter. H\u00e1 muita solidariedade para com as pessoas do norte, que foram afectadas pelo ciclone Kenneth. E uma grande vontade de recome\u00e7ar.<\/p>\n<p>J\u00e1 visitei 4 das casas dos membros da nossa equipa. Indo para os bairros onde vivem, as pessoas tentam retomar \u00e0s suas vidas, de uma maneira mais ou menos normal. As crian\u00e7as brincam, enquanto as m\u00e3es cuidam da fam\u00edlia. Muitas casas \ufb01caram sem telhado, outras \ufb01caram completamente destru\u00eddas \u2013 agora juntam o entulho que ainda pode vir a ser \u00fa,l para a reconstru\u00e7\u00e3o. Algumas pessoas conseguiram lonas ou pl\u00e1stico para servir de cobertura. Outros ainda conseguiram aproveitar algumas das chapas de zinco, que mesmo dani\ufb01cadas, \u00e9 melhor do que dormir ao relento. Muitas \u00e1rvores foram arrancadas pelas ra\u00edzes, e estas agora servem para lenha, ou at\u00e9 barrotes. As \u00e1rvores que n\u00e3o foram arrancadas, depois de devidamente podadas. j\u00e1 est\u00e3o a \ufb01car cobertas de folhas verdes.<\/p>\n<p>Agora que j\u00e1 temos algumas cota\u00e7\u00f5es, esperamos que nos pr\u00f3ximos dias podemos come\u00e7ar as obras de reconstru\u00e7\u00e3o das casas.<\/p>\n<p>Para terminar a semana, viajei com a Maria e o Joaquim, para Lamego.\u00a0 Numa viagem de 2 horas, no caminho deu para ver muito do que os outros sofreram, fora da cidade da Beira \u2013 a parte da estrada que \ufb01cou completamente destru\u00edda, vista de perto ainda \u00e9 mais impressionante &#8211; imaginar a for\u00e7a da \u00e1gua que consegui parar tudo aquilo!<\/p>\n<p>Em Lamego, o Ir. Alfredo, com quem temos trabalhado h\u00e1 mais de 20 anos, tem sido um grande impulsionador para o desenvolvimento do trabalho com crian\u00e7as naquela zona. Ele tem motivado muitas igrejas a criarem escolas dominicais e a treinarem os professores para trabalharem com crian\u00e7as. Estavam representadas 19 igrejas com cerca de 25 professores a participarem do semin\u00e1rio. A Maria apresentou o nosso curso pr\u00e1tico para os professores da escola dominical, diretamente na l\u00edngua de Sena. De seguida, vemos uma sess\u00e3o, que eu apresentei e a Maria interpretou. Desta vez eu quis concentrar-me no facto de que a igreja \u00e9 formada por todos os crentes \u2013 n\u00e3o \u00e9 o edif\u00edcio. Mesmo que o edif\u00edcio tenha ca\u00eddo, a igreja do Senhor permanece. Tamb\u00e9m falei da responsabilidade como igreja, e do impacto que devemos ter nas comunidades, tanto na nossa maneira de viver como em levarmos o Evangelho aos perdidos.<\/p>\n<p>Tivemos um intervalo onde oferecemos sumo e bolachas ao enorme grupo de crian\u00e7as que se juntou ali. Distribu\u00edmos os manuais e mais de 600 livros de atividades.\u00a0 Depois do almo\u00e7o, que j\u00e1, tinha sido organizado pelo Ir. Alfredo, vemos uma segunda sess\u00e3o. Desta vez, o Joaquim interpretou para Sena. Apresentei uma das li\u00e7\u00f5es da escola dominical sobre como Deus escolheu David para ser o rei de Israel. Tudo isso ajudar\u00e1 as crian\u00e7as, e suas comunidades, enquanto se recuperam do choque que o Ciclone Idai causou.<\/p>\n<p>Mais uma vez pude ver naqueles irm\u00e3os e irm\u00e3s, na sua maioria jovens, o desejo de levarem a Palavra de Deus \u00e0queles que ainda n\u00e3o O conhecem.<\/p>\n<p>Por favor, continuem a orar por Mo\u00e7ambique. Que o povo de Deus aqui, possa reconstruir as suas vidas, \ufb01rmes na Rocha que \u00e9 Jesus.<\/p>\n<p>Veja mais detalhes e fotos pelo link:<br \/>\n<a href=\"https:\/\/drive.google.com\/open?id=1ewIww9HkXcxbjUucWNl8J2z2DKr5Ll8M\" target=\"_blank\" rel=\"noopener\">Not\u00edcia Completa + Fotos do Projeto<\/a><\/p>\n<p>Juntos na obra do Mestre.<\/p>\n<p style=\"text-align: right;\">M. do Carmo Hemborough<br \/>\n08-05-2019<\/p>\n","protected":false},"excerpt":{"rendered":"<p>Queridos irm\u00e3os Sauda\u00e7\u00f5es da Beira \u2013 Mo\u00e7ambique Foi uma semana muito preenchida, onde me tenho apercebido cada vez mais do drama que muitas pessoas ainda est\u00e3o a viver. Vejo como \u00e9 importante para as pessoas aqui poderem compartilhar uns com os outros as situa\u00e7\u00f5es que t\u00eam vivido.\u00a0 S\u00f3 agora muitas pessoas da Beira podem ver<\/p>\n","protected":false},"author":2,"featured_media":17199,"comment_status":"closed","ping_status":"closed","sticky":false,"template":"","format":"standard","meta":{"_uag_custom_page_level_css":"","_themeisle_gutenberg_block_has_review":false,"_vp_format_video_url":"","_vp_image_focal_point":[],"footnotes":""},"categories":[],"tags":[143],"class_list":["post-17198","post","type-post","status-publish","format-standard","has-post-thumbnail","hentry","tag-noticias"],"yoast_head":"<!-- This site is optimized with the Yoast SEO plugin v27.5 - https:\/\/yoast.com\/product\/yoast-seo-wordpress\/ -->\n<title>Not\u00edcias da M. do Carmo - Project Mozambique \u2013 Plus - AEP<\/title>\n<meta name=\"robots\" content=\"index, follow, max-snippet:-1, max-image-preview:large, max-video-preview:-1\" \/>\n<link rel=\"canonical\" href=\"https:\/\/aliancaevangelica.pt\/site\/noticias-da-m-do-carmo-project-mozambique-plus\/\" \/>\n<meta property=\"og:locale\" content=\"pt_PT\" \/>\n<meta property=\"og:type\" content=\"article\" \/>\n<meta property=\"og:title\" content=\"Not\u00edcias da M. do Carmo - Project Mozambique \u2013 Plus - AEP\" \/>\n<meta property=\"og:description\" content=\"Queridos irm\u00e3os Sauda\u00e7\u00f5es da Beira \u2013 Mo\u00e7ambique Foi uma semana muito preenchida, onde me tenho apercebido cada vez mais do drama que muitas pessoas ainda est\u00e3o a viver. Vejo como \u00e9 importante para as pessoas aqui poderem compartilhar uns com os outros as situa\u00e7\u00f5es que t\u00eam vivido.\u00a0 S\u00f3 agora muitas pessoas da Beira podem ver\" \/>\n<meta property=\"og:url\" content=\"https:\/\/aliancaevangelica.pt\/site\/noticias-da-m-do-carmo-project-mozambique-plus\/\" \/>\n<meta property=\"og:site_name\" content=\"AEP\" \/>\n<meta property=\"article:publisher\" content=\"http:\/\/facebook.com\/aeportuguesa\" \/>\n<meta property=\"article:author\" content=\"aeportugal\" \/>\n<meta property=\"article:published_time\" content=\"2019-05-13T17:07:23+00:00\" \/>\n<meta property=\"article:modified_time\" content=\"2019-05-18T01:55:09+00:00\" \/>\n<meta property=\"og:image\" content=\"https:\/\/aliancaevangelica.pt\/site\/wp-content\/uploads\/2019\/05\/mocambique.jpg\" \/>\n\t<meta property=\"og:image:width\" content=\"1280\" \/>\n\t<meta property=\"og:image:height\" content=\"720\" \/>\n\t<meta property=\"og:image:type\" content=\"image\/jpeg\" \/>\n<meta name=\"author\" content=\"AEP\" \/>\n<meta name=\"twitter:card\" content=\"summary_large_image\" \/>\n<meta name=\"twitter:label1\" content=\"Escrito por\" \/>\n\t<meta name=\"twitter:data1\" content=\"AEP\" \/>\n\t<meta name=\"twitter:label2\" content=\"Tempo estimado de leitura\" \/>\n\t<meta name=\"twitter:data2\" content=\"3 minutos\" \/>\n<script type=\"application\/ld+json\" class=\"yoast-schema-graph\">{\"@context\":\"https:\\\/\\\/schema.org\",\"@graph\":[{\"@type\":\"Article\",\"@id\":\"https:\\\/\\\/aliancaevangelica.pt\\\/site\\\/noticias-da-m-do-carmo-project-mozambique-plus\\\/#article\",\"isPartOf\":{\"@id\":\"https:\\\/\\\/aliancaevangelica.pt\\\/site\\\/noticias-da-m-do-carmo-project-mozambique-plus\\\/\"},\"author\":{\"name\":\"AEP\",\"@id\":\"https:\\\/\\\/aliancaevangelica.pt\\\/site\\\/#\\\/schema\\\/person\\\/3b47cfc7535eff1e820f31c2d67eafcf\"},\"headline\":\"Not\u00edcias da M. do Carmo &#8211; Project Mozambique \u2013 Plus\",\"datePublished\":\"2019-05-13T17:07:23+00:00\",\"dateModified\":\"2019-05-18T01:55:09+00:00\",\"mainEntityOfPage\":{\"@id\":\"https:\\\/\\\/aliancaevangelica.pt\\\/site\\\/noticias-da-m-do-carmo-project-mozambique-plus\\\/\"},\"wordCount\":672,\"publisher\":{\"@id\":\"https:\\\/\\\/aliancaevangelica.pt\\\/site\\\/#organization\"},\"image\":{\"@id\":\"https:\\\/\\\/aliancaevangelica.pt\\\/site\\\/noticias-da-m-do-carmo-project-mozambique-plus\\\/#primaryimage\"},\"thumbnailUrl\":\"https:\\\/\\\/aliancaevangelica.pt\\\/site\\\/wp-content\\\/uploads\\\/2019\\\/05\\\/mocambique.jpg\",\"keywords\":[\"Not\u00edcias\"],\"inLanguage\":\"pt-PT\"},{\"@type\":\"WebPage\",\"@id\":\"https:\\\/\\\/aliancaevangelica.pt\\\/site\\\/noticias-da-m-do-carmo-project-mozambique-plus\\\/\",\"url\":\"https:\\\/\\\/aliancaevangelica.pt\\\/site\\\/noticias-da-m-do-carmo-project-mozambique-plus\\\/\",\"name\":\"Not\u00edcias da M. do Carmo - Project Mozambique \u2013 Plus - AEP\",\"isPartOf\":{\"@id\":\"https:\\\/\\\/aliancaevangelica.pt\\\/site\\\/#website\"},\"primaryImageOfPage\":{\"@id\":\"https:\\\/\\\/aliancaevangelica.pt\\\/site\\\/noticias-da-m-do-carmo-project-mozambique-plus\\\/#primaryimage\"},\"image\":{\"@id\":\"https:\\\/\\\/aliancaevangelica.pt\\\/site\\\/noticias-da-m-do-carmo-project-mozambique-plus\\\/#primaryimage\"},\"thumbnailUrl\":\"https:\\\/\\\/aliancaevangelica.pt\\\/site\\\/wp-content\\\/uploads\\\/2019\\\/05\\\/mocambique.jpg\",\"datePublished\":\"2019-05-13T17:07:23+00:00\",\"dateModified\":\"2019-05-18T01:55:09+00:00\",\"breadcrumb\":{\"@id\":\"https:\\\/\\\/aliancaevangelica.pt\\\/site\\\/noticias-da-m-do-carmo-project-mozambique-plus\\\/#breadcrumb\"},\"inLanguage\":\"pt-PT\",\"potentialAction\":[{\"@type\":\"ReadAction\",\"target\":[\"https:\\\/\\\/aliancaevangelica.pt\\\/site\\\/noticias-da-m-do-carmo-project-mozambique-plus\\\/\"]}]},{\"@type\":\"ImageObject\",\"inLanguage\":\"pt-PT\",\"@id\":\"https:\\\/\\\/aliancaevangelica.pt\\\/site\\\/noticias-da-m-do-carmo-project-mozambique-plus\\\/#primaryimage\",\"url\":\"https:\\\/\\\/aliancaevangelica.pt\\\/site\\\/wp-content\\\/uploads\\\/2019\\\/05\\\/mocambique.jpg\",\"contentUrl\":\"https:\\\/\\\/aliancaevangelica.pt\\\/site\\\/wp-content\\\/uploads\\\/2019\\\/05\\\/mocambique.jpg\",\"width\":1280,\"height\":720},{\"@type\":\"BreadcrumbList\",\"@id\":\"https:\\\/\\\/aliancaevangelica.pt\\\/site\\\/noticias-da-m-do-carmo-project-mozambique-plus\\\/#breadcrumb\",\"itemListElement\":[{\"@type\":\"ListItem\",\"position\":1,\"name\":\"In\u00edcio\",\"item\":\"https:\\\/\\\/aliancaevangelica.pt\\\/site\\\/\"},{\"@type\":\"ListItem\",\"position\":2,\"name\":\"Not\u00edcias da M. do Carmo &#8211; Project Mozambique \u2013 Plus\"}]},{\"@type\":\"WebSite\",\"@id\":\"https:\\\/\\\/aliancaevangelica.pt\\\/site\\\/#website\",\"url\":\"https:\\\/\\\/aliancaevangelica.pt\\\/site\\\/\",\"name\":\"Alian\u00e7a Evang\u00e9lica Portuguesa\",\"description\":\"Alian\u00e7a Evang\u00e9lica Portuguesa\",\"publisher\":{\"@id\":\"https:\\\/\\\/aliancaevangelica.pt\\\/site\\\/#organization\"},\"potentialAction\":[{\"@type\":\"SearchAction\",\"target\":{\"@type\":\"EntryPoint\",\"urlTemplate\":\"https:\\\/\\\/aliancaevangelica.pt\\\/site\\\/?s={search_term_string}\"},\"query-input\":{\"@type\":\"PropertyValueSpecification\",\"valueRequired\":true,\"valueName\":\"search_term_string\"}}],\"inLanguage\":\"pt-PT\"},{\"@type\":\"Organization\",\"@id\":\"https:\\\/\\\/aliancaevangelica.pt\\\/site\\\/#organization\",\"name\":\"Alian\u00e7a Evang\u00e9lica Portuguesa\",\"url\":\"https:\\\/\\\/aliancaevangelica.pt\\\/site\\\/\",\"logo\":{\"@type\":\"ImageObject\",\"inLanguage\":\"pt-PT\",\"@id\":\"https:\\\/\\\/aliancaevangelica.pt\\\/site\\\/#\\\/schema\\\/logo\\\/image\\\/\",\"url\":\"https:\\\/\\\/aliancaevangelica.pt\\\/site\\\/wp-content\\\/uploads\\\/2017\\\/11\\\/logo-AEP-cor.png\",\"contentUrl\":\"https:\\\/\\\/aliancaevangelica.pt\\\/site\\\/wp-content\\\/uploads\\\/2017\\\/11\\\/logo-AEP-cor.png\",\"width\":1156,\"height\":672,\"caption\":\"Alian\u00e7a Evang\u00e9lica Portuguesa\"},\"image\":{\"@id\":\"https:\\\/\\\/aliancaevangelica.pt\\\/site\\\/#\\\/schema\\\/logo\\\/image\\\/\"},\"sameAs\":[\"http:\\\/\\\/facebook.com\\\/aeportuguesa\",\"http:\\\/\\\/instagram.com\\\/aliancaep\",\"http:\\\/\\\/youtube.com\\\/aeportuguesa\"]},{\"@type\":\"Person\",\"@id\":\"https:\\\/\\\/aliancaevangelica.pt\\\/site\\\/#\\\/schema\\\/person\\\/3b47cfc7535eff1e820f31c2d67eafcf\",\"name\":\"AEP\",\"sameAs\":[\"aeportugal\"],\"url\":\"https:\\\/\\\/aliancaevangelica.pt\\\/site\\\/author\\\/aeportugal\\\/\"}]}<\/script>\n<!-- \/ Yoast SEO plugin. -->","yoast_head_json":{"title":"Not\u00edcias da M. do Carmo - Project Mozambique \u2013 Plus - AEP","robots":{"index":"index","follow":"follow","max-snippet":"max-snippet:-1","max-image-preview":"max-image-preview:large","max-video-preview":"max-video-preview:-1"},"canonical":"https:\/\/aliancaevangelica.pt\/site\/noticias-da-m-do-carmo-project-mozambique-plus\/","og_locale":"pt_PT","og_type":"article","og_title":"Not\u00edcias da M. do Carmo - Project Mozambique \u2013 Plus - AEP","og_description":"Queridos irm\u00e3os Sauda\u00e7\u00f5es da Beira \u2013 Mo\u00e7ambique Foi uma semana muito preenchida, onde me tenho apercebido cada vez mais do drama que muitas pessoas ainda est\u00e3o a viver. Vejo como \u00e9 importante para as pessoas aqui poderem compartilhar uns com os outros as situa\u00e7\u00f5es que t\u00eam vivido.\u00a0 S\u00f3 agora muitas pessoas da Beira podem ver","og_url":"https:\/\/aliancaevangelica.pt\/site\/noticias-da-m-do-carmo-project-mozambique-plus\/","og_site_name":"AEP","article_publisher":"http:\/\/facebook.com\/aeportuguesa","article_author":"aeportugal","article_published_time":"2019-05-13T17:07:23+00:00","article_modified_time":"2019-05-18T01:55:09+00:00","og_image":[{"width":1280,"height":720,"url":"https:\/\/aliancaevangelica.pt\/site\/wp-content\/uploads\/2019\/05\/mocambique.jpg","type":"image\/jpeg"}],"author":"AEP","twitter_card":"summary_large_image","twitter_misc":{"Escrito por":"AEP","Tempo estimado de leitura":"3 minutos"},"schema":{"@context":"https:\/\/schema.org","@graph":[{"@type":"Article","@id":"https:\/\/aliancaevangelica.pt\/site\/noticias-da-m-do-carmo-project-mozambique-plus\/#article","isPartOf":{"@id":"https:\/\/aliancaevangelica.pt\/site\/noticias-da-m-do-carmo-project-mozambique-plus\/"},"author":{"name":"AEP","@id":"https:\/\/aliancaevangelica.pt\/site\/#\/schema\/person\/3b47cfc7535eff1e820f31c2d67eafcf"},"headline":"Not\u00edcias da M. do Carmo &#8211; Project Mozambique \u2013 Plus","datePublished":"2019-05-13T17:07:23+00:00","dateModified":"2019-05-18T01:55:09+00:00","mainEntityOfPage":{"@id":"https:\/\/aliancaevangelica.pt\/site\/noticias-da-m-do-carmo-project-mozambique-plus\/"},"wordCount":672,"publisher":{"@id":"https:\/\/aliancaevangelica.pt\/site\/#organization"},"image":{"@id":"https:\/\/aliancaevangelica.pt\/site\/noticias-da-m-do-carmo-project-mozambique-plus\/#primaryimage"},"thumbnailUrl":"https:\/\/aliancaevangelica.pt\/site\/wp-content\/uploads\/2019\/05\/mocambique.jpg","keywords":["Not\u00edcias"],"inLanguage":"pt-PT"},{"@type":"WebPage","@id":"https:\/\/aliancaevangelica.pt\/site\/noticias-da-m-do-carmo-project-mozambique-plus\/","url":"https:\/\/aliancaevangelica.pt\/site\/noticias-da-m-do-carmo-project-mozambique-plus\/","name":"Not\u00edcias da M. do Carmo - Project Mozambique \u2013 Plus - AEP","isPartOf":{"@id":"https:\/\/aliancaevangelica.pt\/site\/#website"},"primaryImageOfPage":{"@id":"https:\/\/aliancaevangelica.pt\/site\/noticias-da-m-do-carmo-project-mozambique-plus\/#primaryimage"},"image":{"@id":"https:\/\/aliancaevangelica.pt\/site\/noticias-da-m-do-carmo-project-mozambique-plus\/#primaryimage"},"thumbnailUrl":"https:\/\/aliancaevangelica.pt\/site\/wp-content\/uploads\/2019\/05\/mocambique.jpg","datePublished":"2019-05-13T17:07:23+00:00","dateModified":"2019-05-18T01:55:09+00:00","breadcrumb":{"@id":"https:\/\/aliancaevangelica.pt\/site\/noticias-da-m-do-carmo-project-mozambique-plus\/#breadcrumb"},"inLanguage":"pt-PT","potentialAction":[{"@type":"ReadAction","target":["https:\/\/aliancaevangelica.pt\/site\/noticias-da-m-do-carmo-project-mozambique-plus\/"]}]},{"@type":"ImageObject","inLanguage":"pt-PT","@id":"https:\/\/aliancaevangelica.pt\/site\/noticias-da-m-do-carmo-project-mozambique-plus\/#primaryimage","url":"https:\/\/aliancaevangelica.pt\/site\/wp-content\/uploads\/2019\/05\/mocambique.jpg","contentUrl":"https:\/\/aliancaevangelica.pt\/site\/wp-content\/uploads\/2019\/05\/mocambique.jpg","width":1280,"height":720},{"@type":"BreadcrumbList","@id":"https:\/\/aliancaevangelica.pt\/site\/noticias-da-m-do-carmo-project-mozambique-plus\/#breadcrumb","itemListElement":[{"@type":"ListItem","position":1,"name":"In\u00edcio","item":"https:\/\/aliancaevangelica.pt\/site\/"},{"@type":"ListItem","position":2,"name":"Not\u00edcias da M. do Carmo &#8211; Project Mozambique \u2013 Plus"}]},{"@type":"WebSite","@id":"https:\/\/aliancaevangelica.pt\/site\/#website","url":"https:\/\/aliancaevangelica.pt\/site\/","name":"Alian\u00e7a Evang\u00e9lica Portuguesa","description":"Alian\u00e7a Evang\u00e9lica Portuguesa","publisher":{"@id":"https:\/\/aliancaevangelica.pt\/site\/#organization"},"potentialAction":[{"@type":"SearchAction","target":{"@type":"EntryPoint","urlTemplate":"https:\/\/aliancaevangelica.pt\/site\/?s={search_term_string}"},"query-input":{"@type":"PropertyValueSpecification","valueRequired":true,"valueName":"search_term_string"}}],"inLanguage":"pt-PT"},{"@type":"Organization","@id":"https:\/\/aliancaevangelica.pt\/site\/#organization","name":"Alian\u00e7a Evang\u00e9lica Portuguesa","url":"https:\/\/aliancaevangelica.pt\/site\/","logo":{"@type":"ImageObject","inLanguage":"pt-PT","@id":"https:\/\/aliancaevangelica.pt\/site\/#\/schema\/logo\/image\/","url":"https:\/\/aliancaevangelica.pt\/site\/wp-content\/uploads\/2017\/11\/logo-AEP-cor.png","contentUrl":"https:\/\/aliancaevangelica.pt\/site\/wp-content\/uploads\/2017\/11\/logo-AEP-cor.png","width":1156,"height":672,"caption":"Alian\u00e7a Evang\u00e9lica Portuguesa"},"image":{"@id":"https:\/\/aliancaevangelica.pt\/site\/#\/schema\/logo\/image\/"},"sameAs":["http:\/\/facebook.com\/aeportuguesa","http:\/\/instagram.com\/aliancaep","http:\/\/youtube.com\/aeportuguesa"]},{"@type":"Person","@id":"https:\/\/aliancaevangelica.pt\/site\/#\/schema\/person\/3b47cfc7535eff1e820f31c2d67eafcf","name":"AEP","sameAs":["aeportugal"],"url":"https:\/\/aliancaevangelica.pt\/site\/author\/aeportugal\/"}]}},"uagb_featured_image_src":{"full":["https:\/\/aliancaevangelica.pt\/site\/wp-content\/uploads\/2019\/05\/mocambique.jpg",1280,720,false],"thumbnail":["https:\/\/aliancaevangelica.pt\/site\/wp-content\/uploads\/2019\/05\/mocambique-150x150.jpg",150,150,true],"medium":["https:\/\/aliancaevangelica.pt\/site\/wp-content\/uploads\/2019\/05\/mocambique-300x169.jpg",300,169,true],"medium_large":["https:\/\/aliancaevangelica.pt\/site\/wp-content\/uploads\/2019\/05\/mocambique-768x432.jpg",768,432,true],"large":["https:\/\/aliancaevangelica.pt\/site\/wp-content\/uploads\/2019\/05\/mocambique-1024x576.jpg",960,540,true],"1536x1536":["https:\/\/aliancaevangelica.pt\/site\/wp-content\/uploads\/2019\/05\/mocambique.jpg",1280,720,false],"2048x2048":["https:\/\/aliancaevangelica.pt\/site\/wp-content\/uploads\/2019\/05\/mocambique.jpg",1280,720,false],"vp_sm":["https:\/\/aliancaevangelica.pt\/site\/wp-content\/uploads\/2019\/05\/mocambique.jpg",500,281,false],"vp_md":["https:\/\/aliancaevangelica.pt\/site\/wp-content\/uploads\/2019\/05\/mocambique.jpg",800,450,false],"vp_lg":["https:\/\/aliancaevangelica.pt\/site\/wp-content\/uploads\/2019\/05\/mocambique.jpg",1280,720,false],"vp_xl":["https:\/\/aliancaevangelica.pt\/site\/wp-content\/uploads\/2019\/05\/mocambique.jpg",1280,720,false],"vp_sm_popup":["https:\/\/aliancaevangelica.pt\/site\/wp-content\/uploads\/2019\/05\/mocambique.jpg",500,281,false],"vp_md_popup":["https:\/\/aliancaevangelica.pt\/site\/wp-content\/uploads\/2019\/05\/mocambique.jpg",800,450,false],"vp_xl_popup":["https:\/\/aliancaevangelica.pt\/site\/wp-content\/uploads\/2019\/05\/mocambique.jpg",1280,720,false],"newsx-150x100":["https:\/\/aliancaevangelica.pt\/site\/wp-content\/uploads\/2019\/05\/mocambique.jpg",150,84,false],"newsx-330x220":["https:\/\/aliancaevangelica.pt\/site\/wp-content\/uploads\/2019\/05\/mocambique.jpg",330,186,false],"newsx-420x280":["https:\/\/aliancaevangelica.pt\/site\/wp-content\/uploads\/2019\/05\/mocambique.jpg",420,236,false],"newsx-510x340":["https:\/\/aliancaevangelica.pt\/site\/wp-content\/uploads\/2019\/05\/mocambique.jpg",510,287,false],"newsx-640x480":["https:\/\/aliancaevangelica.pt\/site\/wp-content\/uploads\/2019\/05\/mocambique.jpg",640,360,false],"newsx-670x370":["https:\/\/aliancaevangelica.pt\/site\/wp-content\/uploads\/2019\/05\/mocambique.jpg",658,370,false],"newsx-860x570":["https:\/\/aliancaevangelica.pt\/site\/wp-content\/uploads\/2019\/05\/mocambique.jpg",860,484,false],"newsx-1000x750":["https:\/\/aliancaevangelica.pt\/site\/wp-content\/uploads\/2019\/05\/mocambique.jpg",1000,563,false],"newsx-1200x600":["https:\/\/aliancaevangelica.pt\/site\/wp-content\/uploads\/2019\/05\/mocambique.jpg",1067,600,false]},"uagb_author_info":{"display_name":"AEP","author_link":"https:\/\/aliancaevangelica.pt\/site\/author\/aeportugal\/"},"uagb_comment_info":0,"uagb_excerpt":"Queridos irm\u00e3os Sauda\u00e7\u00f5es da Beira \u2013 Mo\u00e7ambique Foi uma semana muito preenchida, onde me tenho apercebido cada vez mais do drama que muitas pessoas ainda est\u00e3o a viver. Vejo como \u00e9 importante para as pessoas aqui poderem compartilhar uns com os outros as situa\u00e7\u00f5es que t\u00eam vivido.\u00a0 S\u00f3 agora muitas pessoas da Beira podem ver","_links":{"self":[{"href":"https:\/\/aliancaevangelica.pt\/site\/wp-json\/wp\/v2\/posts\/17198","targetHints":{"allow":["GET"]}}],"collection":[{"href":"https:\/\/aliancaevangelica.pt\/site\/wp-json\/wp\/v2\/posts"}],"about":[{"href":"https:\/\/aliancaevangelica.pt\/site\/wp-json\/wp\/v2\/types\/post"}],"author":[{"embeddable":true,"href":"https:\/\/aliancaevangelica.pt\/site\/wp-json\/wp\/v2\/users\/2"}],"replies":[{"embeddable":true,"href":"https:\/\/aliancaevangelica.pt\/site\/wp-json\/wp\/v2\/comments?post=17198"}],"version-history":[{"count":3,"href":"https:\/\/aliancaevangelica.pt\/site\/wp-json\/wp\/v2\/posts\/17198\/revisions"}],"predecessor-version":[{"id":17202,"href":"https:\/\/aliancaevangelica.pt\/site\/wp-json\/wp\/v2\/posts\/17198\/revisions\/17202"}],"wp:featuredmedia":[{"embeddable":true,"href":"https:\/\/aliancaevangelica.pt\/site\/wp-json\/wp\/v2\/media\/17199"}],"wp:attachment":[{"href":"https:\/\/aliancaevangelica.pt\/site\/wp-json\/wp\/v2\/media?parent=17198"}],"wp:term":[{"taxonomy":"category","embeddable":true,"href":"https:\/\/aliancaevangelica.pt\/site\/wp-json\/wp\/v2\/categories?post=17198"},{"taxonomy":"post_tag","embeddable":true,"href":"https:\/\/aliancaevangelica.pt\/site\/wp-json\/wp\/v2\/tags?post=17198"}],"curies":[{"name":"wp","href":"https:\/\/api.w.org\/{rel}","templated":true}]}}