{"id":17031,"date":"2019-03-17T09:56:22","date_gmt":"2019-03-17T09:56:22","guid":{"rendered":"https:\/\/aliancaevangelica.pt\/site\/?p=17031"},"modified":"2026-04-07T09:56:21","modified_gmt":"2026-04-07T09:56:21","slug":"tomada-de-posicao-sobre-o-ataque-em-christchurch-nova-zelandia","status":"publish","type":"post","link":"https:\/\/aliancaevangelica.pt\/site\/tomada-de-posicao-sobre-o-ataque-em-christchurch-nova-zelandia\/","title":{"rendered":"Tomada de Posi\u00e7\u00e3o Sobre o Ataque em Christchurch &#8211; Nova Zel\u00e2ndia"},"content":{"rendered":"<p>A Alian\u00e7a Evang\u00e9lica Portuguesa (AEP) manifesta a sua tristeza e indigna\u00e7\u00e3o face ao ataque terrorista levado a cabo em Christchurch na Nova Zel\u00e2ndia, por indiv\u00edduo que assim pretendia, em nome de uma pseudo \u201csupremacia branca\u201d, matar mu\u00e7ulmanos em duas mesquitas.<\/p>\n<p>Apelamos aos crist\u00e3os evang\u00e9licos que orem:<\/p>\n<ul>\n<li>Pelas fam\u00edlias para que possam sentir a paz de Deus;<\/li>\n<li>Pelos l\u00edderes religiosos que cuidam dos que est\u00e3o em sofrimento;<\/li>\n<li>Pela uni\u00e3o do Corpo de Cristo contra o \u00f3dio e a viol\u00eancia :<\/li>\n<li>. Que Deus possa derramar a Sua miseric\u00f3rdia sobre todos.<\/li>\n<\/ul>\n<p>Continuamos preocupados com o crescimento de uma cultura de \u00f3dio, que n\u00e3o s\u00f3 marginaliza minorias como encoraja viol\u00eancia contra os diferentes de si pr\u00f3prios. Apesar de muitas vezes discordarmos no que respeita \u00e0 f\u00e9, opini\u00f5es e tradi\u00e7\u00f5es, cada pessoa \u00e9 criada por Deus e tem uma dignidade que merece ser respeitada.<\/p>\n<p>Jesus Cristo chamou-nos para sermos pacificadores pelo que n\u00e3o podemos ficar em sil\u00eancio sempre que e onde o \u00f3dio ou a viol\u00eancia sejam promovidos.<\/p>\n","protected":false},"excerpt":{"rendered":"<p>A Alian\u00e7a Evang\u00e9lica Portuguesa (AEP) manifesta a sua tristeza e indigna\u00e7\u00e3o face ao ataque terrorista levado a cabo em Christchurch na Nova Zel\u00e2ndia, por indiv\u00edduo que assim pretendia, em nome de uma pseudo \u201csupremacia branca\u201d, matar mu\u00e7ulmanos em duas mesquitas. Apelamos aos crist\u00e3os evang\u00e9licos que orem: Pelas fam\u00edlias para que possam sentir a paz de<\/p>\n","protected":false},"author":2,"featured_media":16260,"comment_status":"closed","ping_status":"open","sticky":false,"template":"","format":"standard","meta":{"_uag_custom_page_level_css":"","_themeisle_gutenberg_block_has_review":false,"_vp_format_video_url":"","_vp_image_focal_point":[],"footnotes":""},"categories":[52],"tags":[],"class_list":["post-17031","post","type-post","status-publish","format-standard","has-post-thumbnail","hentry","category-tomadas-de-posicao"],"yoast_head":"<!-- This site is optimized with the Yoast SEO plugin v27.5 - https:\/\/yoast.com\/product\/yoast-seo-wordpress\/ -->\n<title>Tomada de Posi\u00e7\u00e3o Sobre o Ataque em Christchurch - Nova Zel\u00e2ndia - AEP<\/title>\n<meta name=\"robots\" content=\"index, follow, max-snippet:-1, max-image-preview:large, max-video-preview:-1\" \/>\n<link rel=\"canonical\" href=\"https:\/\/aliancaevangelica.pt\/site\/tomada-de-posicao-sobre-o-ataque-em-christchurch-nova-zelandia\/\" \/>\n<meta property=\"og:locale\" content=\"pt_PT\" \/>\n<meta property=\"og:type\" content=\"article\" \/>\n<meta property=\"og:title\" content=\"Tomada de Posi\u00e7\u00e3o Sobre o Ataque em Christchurch - Nova Zel\u00e2ndia - AEP\" \/>\n<meta property=\"og:description\" content=\"A Alian\u00e7a Evang\u00e9lica Portuguesa (AEP) manifesta a sua tristeza e indigna\u00e7\u00e3o face ao ataque terrorista levado a cabo em Christchurch na Nova Zel\u00e2ndia, por indiv\u00edduo que assim pretendia, em nome de uma pseudo \u201csupremacia branca\u201d, matar mu\u00e7ulmanos em duas mesquitas. Apelamos aos crist\u00e3os evang\u00e9licos que orem: Pelas fam\u00edlias para que possam sentir a paz de\" \/>\n<meta property=\"og:url\" content=\"https:\/\/aliancaevangelica.pt\/site\/tomada-de-posicao-sobre-o-ataque-em-christchurch-nova-zelandia\/\" \/>\n<meta property=\"og:site_name\" content=\"AEP\" \/>\n<meta property=\"article:publisher\" content=\"http:\/\/facebook.com\/aeportuguesa\" \/>\n<meta property=\"article:author\" content=\"aeportugal\" \/>\n<meta property=\"article:published_time\" content=\"2019-03-17T09:56:22+00:00\" \/>\n<meta property=\"article:modified_time\" content=\"2026-04-07T09:56:21+00:00\" \/>\n<meta property=\"og:image\" content=\"https:\/\/aliancaevangelica.pt\/site\/wp-content\/uploads\/2018\/07\/img-padrao-artigo.jpg\" \/>\n\t<meta property=\"og:image:width\" content=\"1280\" \/>\n\t<meta property=\"og:image:height\" content=\"800\" \/>\n\t<meta property=\"og:image:type\" content=\"image\/jpeg\" \/>\n<meta name=\"author\" content=\"AEP\" \/>\n<meta name=\"twitter:card\" content=\"summary_large_image\" \/>\n<meta name=\"twitter:label1\" content=\"Escrito por\" \/>\n\t<meta name=\"twitter:data1\" content=\"AEP\" \/>\n\t<meta name=\"twitter:label2\" content=\"Tempo estimado de leitura\" \/>\n\t<meta name=\"twitter:data2\" content=\"1 minuto\" \/>\n<script type=\"application\/ld+json\" class=\"yoast-schema-graph\">{\"@context\":\"https:\\\/\\\/schema.org\",\"@graph\":[{\"@type\":\"Article\",\"@id\":\"https:\\\/\\\/aliancaevangelica.pt\\\/site\\\/tomada-de-posicao-sobre-o-ataque-em-christchurch-nova-zelandia\\\/#article\",\"isPartOf\":{\"@id\":\"https:\\\/\\\/aliancaevangelica.pt\\\/site\\\/tomada-de-posicao-sobre-o-ataque-em-christchurch-nova-zelandia\\\/\"},\"author\":{\"name\":\"AEP\",\"@id\":\"https:\\\/\\\/aliancaevangelica.pt\\\/site\\\/#\\\/schema\\\/person\\\/3b47cfc7535eff1e820f31c2d67eafcf\"},\"headline\":\"Tomada de Posi\u00e7\u00e3o Sobre o Ataque em Christchurch &#8211; Nova Zel\u00e2ndia\",\"datePublished\":\"2019-03-17T09:56:22+00:00\",\"dateModified\":\"2026-04-07T09:56:21+00:00\",\"mainEntityOfPage\":{\"@id\":\"https:\\\/\\\/aliancaevangelica.pt\\\/site\\\/tomada-de-posicao-sobre-o-ataque-em-christchurch-nova-zelandia\\\/\"},\"wordCount\":195,\"publisher\":{\"@id\":\"https:\\\/\\\/aliancaevangelica.pt\\\/site\\\/#organization\"},\"image\":{\"@id\":\"https:\\\/\\\/aliancaevangelica.pt\\\/site\\\/tomada-de-posicao-sobre-o-ataque-em-christchurch-nova-zelandia\\\/#primaryimage\"},\"thumbnailUrl\":\"https:\\\/\\\/aliancaevangelica.pt\\\/site\\\/wp-content\\\/uploads\\\/2018\\\/07\\\/img-padrao-artigo.jpg\",\"articleSection\":[\"Tomadas de Posi\u00e7\u00e3o\"],\"inLanguage\":\"pt-PT\"},{\"@type\":\"WebPage\",\"@id\":\"https:\\\/\\\/aliancaevangelica.pt\\\/site\\\/tomada-de-posicao-sobre-o-ataque-em-christchurch-nova-zelandia\\\/\",\"url\":\"https:\\\/\\\/aliancaevangelica.pt\\\/site\\\/tomada-de-posicao-sobre-o-ataque-em-christchurch-nova-zelandia\\\/\",\"name\":\"Tomada de Posi\u00e7\u00e3o Sobre o Ataque em Christchurch - Nova Zel\u00e2ndia - AEP\",\"isPartOf\":{\"@id\":\"https:\\\/\\\/aliancaevangelica.pt\\\/site\\\/#website\"},\"primaryImageOfPage\":{\"@id\":\"https:\\\/\\\/aliancaevangelica.pt\\\/site\\\/tomada-de-posicao-sobre-o-ataque-em-christchurch-nova-zelandia\\\/#primaryimage\"},\"image\":{\"@id\":\"https:\\\/\\\/aliancaevangelica.pt\\\/site\\\/tomada-de-posicao-sobre-o-ataque-em-christchurch-nova-zelandia\\\/#primaryimage\"},\"thumbnailUrl\":\"https:\\\/\\\/aliancaevangelica.pt\\\/site\\\/wp-content\\\/uploads\\\/2018\\\/07\\\/img-padrao-artigo.jpg\",\"datePublished\":\"2019-03-17T09:56:22+00:00\",\"dateModified\":\"2026-04-07T09:56:21+00:00\",\"breadcrumb\":{\"@id\":\"https:\\\/\\\/aliancaevangelica.pt\\\/site\\\/tomada-de-posicao-sobre-o-ataque-em-christchurch-nova-zelandia\\\/#breadcrumb\"},\"inLanguage\":\"pt-PT\",\"potentialAction\":[{\"@type\":\"ReadAction\",\"target\":[\"https:\\\/\\\/aliancaevangelica.pt\\\/site\\\/tomada-de-posicao-sobre-o-ataque-em-christchurch-nova-zelandia\\\/\"]}]},{\"@type\":\"ImageObject\",\"inLanguage\":\"pt-PT\",\"@id\":\"https:\\\/\\\/aliancaevangelica.pt\\\/site\\\/tomada-de-posicao-sobre-o-ataque-em-christchurch-nova-zelandia\\\/#primaryimage\",\"url\":\"https:\\\/\\\/aliancaevangelica.pt\\\/site\\\/wp-content\\\/uploads\\\/2018\\\/07\\\/img-padrao-artigo.jpg\",\"contentUrl\":\"https:\\\/\\\/aliancaevangelica.pt\\\/site\\\/wp-content\\\/uploads\\\/2018\\\/07\\\/img-padrao-artigo.jpg\",\"width\":1280,\"height\":800},{\"@type\":\"BreadcrumbList\",\"@id\":\"https:\\\/\\\/aliancaevangelica.pt\\\/site\\\/tomada-de-posicao-sobre-o-ataque-em-christchurch-nova-zelandia\\\/#breadcrumb\",\"itemListElement\":[{\"@type\":\"ListItem\",\"position\":1,\"name\":\"In\u00edcio\",\"item\":\"https:\\\/\\\/aliancaevangelica.pt\\\/site\\\/\"},{\"@type\":\"ListItem\",\"position\":2,\"name\":\"Tomada de Posi\u00e7\u00e3o Sobre o Ataque em Christchurch &#8211; Nova Zel\u00e2ndia\"}]},{\"@type\":\"WebSite\",\"@id\":\"https:\\\/\\\/aliancaevangelica.pt\\\/site\\\/#website\",\"url\":\"https:\\\/\\\/aliancaevangelica.pt\\\/site\\\/\",\"name\":\"Alian\u00e7a Evang\u00e9lica Portuguesa\",\"description\":\"Alian\u00e7a Evang\u00e9lica Portuguesa\",\"publisher\":{\"@id\":\"https:\\\/\\\/aliancaevangelica.pt\\\/site\\\/#organization\"},\"potentialAction\":[{\"@type\":\"SearchAction\",\"target\":{\"@type\":\"EntryPoint\",\"urlTemplate\":\"https:\\\/\\\/aliancaevangelica.pt\\\/site\\\/?s={search_term_string}\"},\"query-input\":{\"@type\":\"PropertyValueSpecification\",\"valueRequired\":true,\"valueName\":\"search_term_string\"}}],\"inLanguage\":\"pt-PT\"},{\"@type\":\"Organization\",\"@id\":\"https:\\\/\\\/aliancaevangelica.pt\\\/site\\\/#organization\",\"name\":\"Alian\u00e7a Evang\u00e9lica Portuguesa\",\"url\":\"https:\\\/\\\/aliancaevangelica.pt\\\/site\\\/\",\"logo\":{\"@type\":\"ImageObject\",\"inLanguage\":\"pt-PT\",\"@id\":\"https:\\\/\\\/aliancaevangelica.pt\\\/site\\\/#\\\/schema\\\/logo\\\/image\\\/\",\"url\":\"https:\\\/\\\/aliancaevangelica.pt\\\/site\\\/wp-content\\\/uploads\\\/2017\\\/11\\\/logo-AEP-cor.png\",\"contentUrl\":\"https:\\\/\\\/aliancaevangelica.pt\\\/site\\\/wp-content\\\/uploads\\\/2017\\\/11\\\/logo-AEP-cor.png\",\"width\":1156,\"height\":672,\"caption\":\"Alian\u00e7a Evang\u00e9lica Portuguesa\"},\"image\":{\"@id\":\"https:\\\/\\\/aliancaevangelica.pt\\\/site\\\/#\\\/schema\\\/logo\\\/image\\\/\"},\"sameAs\":[\"http:\\\/\\\/facebook.com\\\/aeportuguesa\",\"http:\\\/\\\/instagram.com\\\/aliancaep\",\"http:\\\/\\\/youtube.com\\\/aeportuguesa\"]},{\"@type\":\"Person\",\"@id\":\"https:\\\/\\\/aliancaevangelica.pt\\\/site\\\/#\\\/schema\\\/person\\\/3b47cfc7535eff1e820f31c2d67eafcf\",\"name\":\"AEP\",\"sameAs\":[\"aeportugal\"],\"url\":\"https:\\\/\\\/aliancaevangelica.pt\\\/site\\\/author\\\/aeportugal\\\/\"}]}<\/script>\n<!-- \/ Yoast SEO plugin. -->","yoast_head_json":{"title":"Tomada de Posi\u00e7\u00e3o Sobre o Ataque em Christchurch - Nova Zel\u00e2ndia - AEP","robots":{"index":"index","follow":"follow","max-snippet":"max-snippet:-1","max-image-preview":"max-image-preview:large","max-video-preview":"max-video-preview:-1"},"canonical":"https:\/\/aliancaevangelica.pt\/site\/tomada-de-posicao-sobre-o-ataque-em-christchurch-nova-zelandia\/","og_locale":"pt_PT","og_type":"article","og_title":"Tomada de Posi\u00e7\u00e3o Sobre o Ataque em Christchurch - Nova Zel\u00e2ndia - AEP","og_description":"A Alian\u00e7a Evang\u00e9lica Portuguesa (AEP) manifesta a sua tristeza e indigna\u00e7\u00e3o face ao ataque terrorista levado a cabo em Christchurch na Nova Zel\u00e2ndia, por indiv\u00edduo que assim pretendia, em nome de uma pseudo \u201csupremacia branca\u201d, matar mu\u00e7ulmanos em duas mesquitas. Apelamos aos crist\u00e3os evang\u00e9licos que orem: Pelas fam\u00edlias para que possam sentir a paz de","og_url":"https:\/\/aliancaevangelica.pt\/site\/tomada-de-posicao-sobre-o-ataque-em-christchurch-nova-zelandia\/","og_site_name":"AEP","article_publisher":"http:\/\/facebook.com\/aeportuguesa","article_author":"aeportugal","article_published_time":"2019-03-17T09:56:22+00:00","article_modified_time":"2026-04-07T09:56:21+00:00","og_image":[{"width":1280,"height":800,"url":"https:\/\/aliancaevangelica.pt\/site\/wp-content\/uploads\/2018\/07\/img-padrao-artigo.jpg","type":"image\/jpeg"}],"author":"AEP","twitter_card":"summary_large_image","twitter_misc":{"Escrito por":"AEP","Tempo estimado de leitura":"1 minuto"},"schema":{"@context":"https:\/\/schema.org","@graph":[{"@type":"Article","@id":"https:\/\/aliancaevangelica.pt\/site\/tomada-de-posicao-sobre-o-ataque-em-christchurch-nova-zelandia\/#article","isPartOf":{"@id":"https:\/\/aliancaevangelica.pt\/site\/tomada-de-posicao-sobre-o-ataque-em-christchurch-nova-zelandia\/"},"author":{"name":"AEP","@id":"https:\/\/aliancaevangelica.pt\/site\/#\/schema\/person\/3b47cfc7535eff1e820f31c2d67eafcf"},"headline":"Tomada de Posi\u00e7\u00e3o Sobre o Ataque em Christchurch &#8211; Nova Zel\u00e2ndia","datePublished":"2019-03-17T09:56:22+00:00","dateModified":"2026-04-07T09:56:21+00:00","mainEntityOfPage":{"@id":"https:\/\/aliancaevangelica.pt\/site\/tomada-de-posicao-sobre-o-ataque-em-christchurch-nova-zelandia\/"},"wordCount":195,"publisher":{"@id":"https:\/\/aliancaevangelica.pt\/site\/#organization"},"image":{"@id":"https:\/\/aliancaevangelica.pt\/site\/tomada-de-posicao-sobre-o-ataque-em-christchurch-nova-zelandia\/#primaryimage"},"thumbnailUrl":"https:\/\/aliancaevangelica.pt\/site\/wp-content\/uploads\/2018\/07\/img-padrao-artigo.jpg","articleSection":["Tomadas de Posi\u00e7\u00e3o"],"inLanguage":"pt-PT"},{"@type":"WebPage","@id":"https:\/\/aliancaevangelica.pt\/site\/tomada-de-posicao-sobre-o-ataque-em-christchurch-nova-zelandia\/","url":"https:\/\/aliancaevangelica.pt\/site\/tomada-de-posicao-sobre-o-ataque-em-christchurch-nova-zelandia\/","name":"Tomada de Posi\u00e7\u00e3o Sobre o Ataque em Christchurch - Nova Zel\u00e2ndia - AEP","isPartOf":{"@id":"https:\/\/aliancaevangelica.pt\/site\/#website"},"primaryImageOfPage":{"@id":"https:\/\/aliancaevangelica.pt\/site\/tomada-de-posicao-sobre-o-ataque-em-christchurch-nova-zelandia\/#primaryimage"},"image":{"@id":"https:\/\/aliancaevangelica.pt\/site\/tomada-de-posicao-sobre-o-ataque-em-christchurch-nova-zelandia\/#primaryimage"},"thumbnailUrl":"https:\/\/aliancaevangelica.pt\/site\/wp-content\/uploads\/2018\/07\/img-padrao-artigo.jpg","datePublished":"2019-03-17T09:56:22+00:00","dateModified":"2026-04-07T09:56:21+00:00","breadcrumb":{"@id":"https:\/\/aliancaevangelica.pt\/site\/tomada-de-posicao-sobre-o-ataque-em-christchurch-nova-zelandia\/#breadcrumb"},"inLanguage":"pt-PT","potentialAction":[{"@type":"ReadAction","target":["https:\/\/aliancaevangelica.pt\/site\/tomada-de-posicao-sobre-o-ataque-em-christchurch-nova-zelandia\/"]}]},{"@type":"ImageObject","inLanguage":"pt-PT","@id":"https:\/\/aliancaevangelica.pt\/site\/tomada-de-posicao-sobre-o-ataque-em-christchurch-nova-zelandia\/#primaryimage","url":"https:\/\/aliancaevangelica.pt\/site\/wp-content\/uploads\/2018\/07\/img-padrao-artigo.jpg","contentUrl":"https:\/\/aliancaevangelica.pt\/site\/wp-content\/uploads\/2018\/07\/img-padrao-artigo.jpg","width":1280,"height":800},{"@type":"BreadcrumbList","@id":"https:\/\/aliancaevangelica.pt\/site\/tomada-de-posicao-sobre-o-ataque-em-christchurch-nova-zelandia\/#breadcrumb","itemListElement":[{"@type":"ListItem","position":1,"name":"In\u00edcio","item":"https:\/\/aliancaevangelica.pt\/site\/"},{"@type":"ListItem","position":2,"name":"Tomada de Posi\u00e7\u00e3o Sobre o Ataque em Christchurch &#8211; Nova Zel\u00e2ndia"}]},{"@type":"WebSite","@id":"https:\/\/aliancaevangelica.pt\/site\/#website","url":"https:\/\/aliancaevangelica.pt\/site\/","name":"Alian\u00e7a Evang\u00e9lica Portuguesa","description":"Alian\u00e7a Evang\u00e9lica Portuguesa","publisher":{"@id":"https:\/\/aliancaevangelica.pt\/site\/#organization"},"potentialAction":[{"@type":"SearchAction","target":{"@type":"EntryPoint","urlTemplate":"https:\/\/aliancaevangelica.pt\/site\/?s={search_term_string}"},"query-input":{"@type":"PropertyValueSpecification","valueRequired":true,"valueName":"search_term_string"}}],"inLanguage":"pt-PT"},{"@type":"Organization","@id":"https:\/\/aliancaevangelica.pt\/site\/#organization","name":"Alian\u00e7a Evang\u00e9lica Portuguesa","url":"https:\/\/aliancaevangelica.pt\/site\/","logo":{"@type":"ImageObject","inLanguage":"pt-PT","@id":"https:\/\/aliancaevangelica.pt\/site\/#\/schema\/logo\/image\/","url":"https:\/\/aliancaevangelica.pt\/site\/wp-content\/uploads\/2017\/11\/logo-AEP-cor.png","contentUrl":"https:\/\/aliancaevangelica.pt\/site\/wp-content\/uploads\/2017\/11\/logo-AEP-cor.png","width":1156,"height":672,"caption":"Alian\u00e7a Evang\u00e9lica Portuguesa"},"image":{"@id":"https:\/\/aliancaevangelica.pt\/site\/#\/schema\/logo\/image\/"},"sameAs":["http:\/\/facebook.com\/aeportuguesa","http:\/\/instagram.com\/aliancaep","http:\/\/youtube.com\/aeportuguesa"]},{"@type":"Person","@id":"https:\/\/aliancaevangelica.pt\/site\/#\/schema\/person\/3b47cfc7535eff1e820f31c2d67eafcf","name":"AEP","sameAs":["aeportugal"],"url":"https:\/\/aliancaevangelica.pt\/site\/author\/aeportugal\/"}]}},"uagb_featured_image_src":{"full":["https:\/\/aliancaevangelica.pt\/site\/wp-content\/uploads\/2018\/07\/img-padrao-artigo.jpg",1280,800,false],"thumbnail":["https:\/\/aliancaevangelica.pt\/site\/wp-content\/uploads\/2018\/07\/img-padrao-artigo-150x150.jpg",150,150,true],"medium":["https:\/\/aliancaevangelica.pt\/site\/wp-content\/uploads\/2018\/07\/img-padrao-artigo-300x188.jpg",300,188,true],"medium_large":["https:\/\/aliancaevangelica.pt\/site\/wp-content\/uploads\/2018\/07\/img-padrao-artigo-768x480.jpg",768,480,true],"large":["https:\/\/aliancaevangelica.pt\/site\/wp-content\/uploads\/2018\/07\/img-padrao-artigo-1024x640.jpg",960,600,true],"1536x1536":["https:\/\/aliancaevangelica.pt\/site\/wp-content\/uploads\/2018\/07\/img-padrao-artigo.jpg",1280,800,false],"2048x2048":["https:\/\/aliancaevangelica.pt\/site\/wp-content\/uploads\/2018\/07\/img-padrao-artigo.jpg",1280,800,false],"vp_sm":["https:\/\/aliancaevangelica.pt\/site\/wp-content\/uploads\/2018\/07\/img-padrao-artigo.jpg",500,313,false],"vp_md":["https:\/\/aliancaevangelica.pt\/site\/wp-content\/uploads\/2018\/07\/img-padrao-artigo.jpg",800,500,false],"vp_lg":["https:\/\/aliancaevangelica.pt\/site\/wp-content\/uploads\/2018\/07\/img-padrao-artigo.jpg",1280,800,false],"vp_xl":["https:\/\/aliancaevangelica.pt\/site\/wp-content\/uploads\/2018\/07\/img-padrao-artigo.jpg",1280,800,false],"vp_sm_popup":["https:\/\/aliancaevangelica.pt\/site\/wp-content\/uploads\/2018\/07\/img-padrao-artigo.jpg",500,313,false],"vp_md_popup":["https:\/\/aliancaevangelica.pt\/site\/wp-content\/uploads\/2018\/07\/img-padrao-artigo.jpg",800,500,false],"vp_xl_popup":["https:\/\/aliancaevangelica.pt\/site\/wp-content\/uploads\/2018\/07\/img-padrao-artigo.jpg",1280,800,false],"newsx-150x100":["https:\/\/aliancaevangelica.pt\/site\/wp-content\/uploads\/2018\/07\/img-padrao-artigo.jpg",150,94,false],"newsx-330x220":["https:\/\/aliancaevangelica.pt\/site\/wp-content\/uploads\/2018\/07\/img-padrao-artigo.jpg",330,206,false],"newsx-420x280":["https:\/\/aliancaevangelica.pt\/site\/wp-content\/uploads\/2018\/07\/img-padrao-artigo.jpg",420,263,false],"newsx-510x340":["https:\/\/aliancaevangelica.pt\/site\/wp-content\/uploads\/2018\/07\/img-padrao-artigo.jpg",510,319,false],"newsx-640x480":["https:\/\/aliancaevangelica.pt\/site\/wp-content\/uploads\/2018\/07\/img-padrao-artigo.jpg",640,400,false],"newsx-670x370":["https:\/\/aliancaevangelica.pt\/site\/wp-content\/uploads\/2018\/07\/img-padrao-artigo.jpg",592,370,false],"newsx-860x570":["https:\/\/aliancaevangelica.pt\/site\/wp-content\/uploads\/2018\/07\/img-padrao-artigo.jpg",860,538,false],"newsx-1000x750":["https:\/\/aliancaevangelica.pt\/site\/wp-content\/uploads\/2018\/07\/img-padrao-artigo.jpg",1000,625,false],"newsx-1200x600":["https:\/\/aliancaevangelica.pt\/site\/wp-content\/uploads\/2018\/07\/img-padrao-artigo.jpg",960,600,false]},"uagb_author_info":{"display_name":"AEP","author_link":"https:\/\/aliancaevangelica.pt\/site\/author\/aeportugal\/"},"uagb_comment_info":0,"uagb_excerpt":"A Alian\u00e7a Evang\u00e9lica Portuguesa (AEP) manifesta a sua tristeza e indigna\u00e7\u00e3o face ao ataque terrorista levado a cabo em Christchurch na Nova Zel\u00e2ndia, por indiv\u00edduo que assim pretendia, em nome de uma pseudo \u201csupremacia branca\u201d, matar mu\u00e7ulmanos em duas mesquitas. Apelamos aos crist\u00e3os evang\u00e9licos que orem: Pelas fam\u00edlias para que possam sentir a paz de","_links":{"self":[{"href":"https:\/\/aliancaevangelica.pt\/site\/wp-json\/wp\/v2\/posts\/17031","targetHints":{"allow":["GET"]}}],"collection":[{"href":"https:\/\/aliancaevangelica.pt\/site\/wp-json\/wp\/v2\/posts"}],"about":[{"href":"https:\/\/aliancaevangelica.pt\/site\/wp-json\/wp\/v2\/types\/post"}],"author":[{"embeddable":true,"href":"https:\/\/aliancaevangelica.pt\/site\/wp-json\/wp\/v2\/users\/2"}],"replies":[{"embeddable":true,"href":"https:\/\/aliancaevangelica.pt\/site\/wp-json\/wp\/v2\/comments?post=17031"}],"version-history":[{"count":1,"href":"https:\/\/aliancaevangelica.pt\/site\/wp-json\/wp\/v2\/posts\/17031\/revisions"}],"predecessor-version":[{"id":17032,"href":"https:\/\/aliancaevangelica.pt\/site\/wp-json\/wp\/v2\/posts\/17031\/revisions\/17032"}],"wp:featuredmedia":[{"embeddable":true,"href":"https:\/\/aliancaevangelica.pt\/site\/wp-json\/wp\/v2\/media\/16260"}],"wp:attachment":[{"href":"https:\/\/aliancaevangelica.pt\/site\/wp-json\/wp\/v2\/media?parent=17031"}],"wp:term":[{"taxonomy":"category","embeddable":true,"href":"https:\/\/aliancaevangelica.pt\/site\/wp-json\/wp\/v2\/categories?post=17031"},{"taxonomy":"post_tag","embeddable":true,"href":"https:\/\/aliancaevangelica.pt\/site\/wp-json\/wp\/v2\/tags?post=17031"}],"curies":[{"name":"wp","href":"https:\/\/api.w.org\/{rel}","templated":true}]}}