{"id":16938,"date":"2019-02-25T19:13:55","date_gmt":"2019-02-25T19:13:55","guid":{"rendered":"https:\/\/aliancaevangelica.pt\/site\/?p=16938"},"modified":"2026-04-07T09:56:02","modified_gmt":"2026-04-07T09:56:02","slug":"vamos-orar-e-apoiar-o-povo-venezuelano","status":"publish","type":"post","link":"https:\/\/aliancaevangelica.pt\/site\/vamos-orar-e-apoiar-o-povo-venezuelano\/","title":{"rendered":"Vamos Orar e Apoiar o Povo Venezuelano!"},"content":{"rendered":"<p>Ainda h\u00e1 pessoas a morrer de fome e de qualquer doen\u00e7a por falta de alimentos e medicamentos.<\/p>\n<p>Eventos tristes em toda a fronteira Col\u00f4mbia\/Venezuela. Dois cami\u00f5es, que transportavam ajuda humanit\u00e1ria muito necess\u00e1ria, foram queimados e outro roubado.<\/p>\n<p><img loading=\"lazy\" decoding=\"async\" class=\"aligncenter wp-image-16939 size-full\" src=\"https:\/\/aliancaevangelica.pt\/site\/wp-content\/uploads\/2019\/02\/venezuela_foto1.jpg\" alt=\"\" width=\"770\" height=\"512\" srcset=\"https:\/\/aliancaevangelica.pt\/site\/wp-content\/uploads\/2019\/02\/venezuela_foto1.jpg 770w, https:\/\/aliancaevangelica.pt\/site\/wp-content\/uploads\/2019\/02\/venezuela_foto1-300x199.jpg 300w, https:\/\/aliancaevangelica.pt\/site\/wp-content\/uploads\/2019\/02\/venezuela_foto1-768x511.jpg 768w\" sizes=\"auto, (max-width: 770px) 100vw, 770px\" \/><\/p>\n<p>Um casal de mission\u00e1rios norte-americanos que moram em Cucuta, Col\u00f4mbia deram informa\u00e7\u00f5es reais, do que eles viram ao vivo:<\/p>\n<p>\u201cAlgumas das caixas foram resgatadas por pessoas, passando-as de m\u00e3o em m\u00e3o de volta aos armaz\u00e9ns. Aqueles que tentaram implorar por miseric\u00f3rdia, aos guardas que, em linhas, bloqueavam a estrada, foram atacados com g\u00e1s lacrimog\u00e9neo e, noutros casos, com balas de borracha (uma pessoa perdeu o olho e 285 ficaram feridas). As pessoas respondiam atirando pedras do rio seco. As 4 pontes naquela \u00e1rea foram palco de batalha.<\/p>\n<p>O presidente interino conseguiu chegar na tarde do concerto de sexta-feira, juntamente com os presidentes da Col\u00f4mbia, Chile e Paraguai, bem como \u00a0o chefe da OEA (Organiza\u00e7\u00e3o dos Estados Americanos). Eles expressaram grandes esperan\u00e7as de conseguir passar a ajuda para um pa\u00eds de fam\u00edlias famintas, moribundas e desesperadas. At\u00e9 agora isso n\u00e3o foi poss\u00edvel. No confronto, 63 militares venezuelanos conseguiram entrar na Col\u00f4mbia e afirmaram a sua lealdade ao presidente interino.<\/p>\n<p><img loading=\"lazy\" decoding=\"async\" class=\"aligncenter wp-image-16940 size-large\" src=\"https:\/\/aliancaevangelica.pt\/site\/wp-content\/uploads\/2019\/02\/venezuela_foto2-1024x505.jpg\" alt=\"\" width=\"1024\" height=\"505\" srcset=\"https:\/\/aliancaevangelica.pt\/site\/wp-content\/uploads\/2019\/02\/venezuela_foto2-1024x505.jpg 1024w, https:\/\/aliancaevangelica.pt\/site\/wp-content\/uploads\/2019\/02\/venezuela_foto2-300x148.jpg 300w, https:\/\/aliancaevangelica.pt\/site\/wp-content\/uploads\/2019\/02\/venezuela_foto2-768x379.jpg 768w, https:\/\/aliancaevangelica.pt\/site\/wp-content\/uploads\/2019\/02\/venezuela_foto2.jpg 1256w\" sizes=\"auto, (max-width: 1024px) 100vw, 1024px\" \/><\/p>\n<p>O ditador declarou vit\u00f3ria, fez um discurso incendi\u00e1rio, dizendo que ele \u00e9 mais duro que a madeira e que os diplomatas colombianos devem partir imediatamente. Dan\u00e7ou na frente do seu s\u00e9quito. As fronteiras est\u00e3o fechadas, mesmo a fronteira com o Brasil, onde 2 ind\u00edgenas foram mortos.<\/p>\n<p>Existe uma grande tens\u00e3o. Muitas igrejas em muitos pa\u00edses estar\u00e3o orando muito. Obrigado por se juntar a n\u00f3s em ora\u00e7\u00e3o.<\/p>\n<p>Na confian\u00e7a e Paz do Senhor, o nosso Salvador,<\/p>\n<p>Gilberto e Aurora<\/p>\n<p>Mission\u00e1rios da MEVIC e Global Children&#8217;s Network<\/p>\n","protected":false},"excerpt":{"rendered":"<p>Ainda h\u00e1 pessoas a morrer de fome e de qualquer doen\u00e7a por falta de alimentos e medicamentos. Eventos tristes em toda a fronteira Col\u00f4mbia\/Venezuela. Dois cami\u00f5es, que transportavam ajuda humanit\u00e1ria muito necess\u00e1ria, foram queimados e outro roubado. Um casal de mission\u00e1rios norte-americanos que moram em Cucuta, Col\u00f4mbia deram informa\u00e7\u00f5es reais, do que eles viram ao<\/p>\n","protected":false},"author":2,"featured_media":16940,"comment_status":"closed","ping_status":"open","sticky":false,"template":"","format":"standard","meta":{"_uag_custom_page_level_css":"","_themeisle_gutenberg_block_has_review":false,"_vp_format_video_url":"","_vp_image_focal_point":[],"footnotes":""},"categories":[52],"tags":[],"class_list":["post-16938","post","type-post","status-publish","format-standard","has-post-thumbnail","hentry","category-tomadas-de-posicao"],"yoast_head":"<!-- This site is optimized with the Yoast SEO plugin v27.5 - https:\/\/yoast.com\/product\/yoast-seo-wordpress\/ -->\n<title>Vamos Orar e Apoiar o Povo Venezuelano! - AEP<\/title>\n<meta name=\"robots\" content=\"index, follow, max-snippet:-1, max-image-preview:large, max-video-preview:-1\" \/>\n<link rel=\"canonical\" href=\"https:\/\/aliancaevangelica.pt\/site\/vamos-orar-e-apoiar-o-povo-venezuelano\/\" \/>\n<meta property=\"og:locale\" content=\"pt_PT\" \/>\n<meta property=\"og:type\" content=\"article\" \/>\n<meta property=\"og:title\" content=\"Vamos Orar e Apoiar o Povo Venezuelano! - AEP\" \/>\n<meta property=\"og:description\" content=\"Ainda h\u00e1 pessoas a morrer de fome e de qualquer doen\u00e7a por falta de alimentos e medicamentos. Eventos tristes em toda a fronteira Col\u00f4mbia\/Venezuela. Dois cami\u00f5es, que transportavam ajuda humanit\u00e1ria muito necess\u00e1ria, foram queimados e outro roubado. Um casal de mission\u00e1rios norte-americanos que moram em Cucuta, Col\u00f4mbia deram informa\u00e7\u00f5es reais, do que eles viram ao\" \/>\n<meta property=\"og:url\" content=\"https:\/\/aliancaevangelica.pt\/site\/vamos-orar-e-apoiar-o-povo-venezuelano\/\" \/>\n<meta property=\"og:site_name\" content=\"AEP\" \/>\n<meta property=\"article:publisher\" content=\"http:\/\/facebook.com\/aeportuguesa\" \/>\n<meta property=\"article:author\" content=\"aeportugal\" \/>\n<meta property=\"article:published_time\" content=\"2019-02-25T19:13:55+00:00\" \/>\n<meta property=\"article:modified_time\" content=\"2026-04-07T09:56:02+00:00\" \/>\n<meta property=\"og:image\" content=\"https:\/\/aliancaevangelica.pt\/site\/wp-content\/uploads\/2019\/02\/venezuela_foto2.jpg\" \/>\n\t<meta property=\"og:image:width\" content=\"1256\" \/>\n\t<meta property=\"og:image:height\" content=\"620\" \/>\n\t<meta property=\"og:image:type\" content=\"image\/jpeg\" \/>\n<meta name=\"author\" content=\"AEP\" \/>\n<meta name=\"twitter:card\" content=\"summary_large_image\" \/>\n<meta name=\"twitter:label1\" content=\"Escrito por\" \/>\n\t<meta name=\"twitter:data1\" content=\"AEP\" \/>\n\t<meta name=\"twitter:label2\" content=\"Tempo estimado de leitura\" \/>\n\t<meta name=\"twitter:data2\" content=\"2 minutos\" \/>\n<script type=\"application\/ld+json\" class=\"yoast-schema-graph\">{\"@context\":\"https:\\\/\\\/schema.org\",\"@graph\":[{\"@type\":\"Article\",\"@id\":\"https:\\\/\\\/aliancaevangelica.pt\\\/site\\\/vamos-orar-e-apoiar-o-povo-venezuelano\\\/#article\",\"isPartOf\":{\"@id\":\"https:\\\/\\\/aliancaevangelica.pt\\\/site\\\/vamos-orar-e-apoiar-o-povo-venezuelano\\\/\"},\"author\":{\"name\":\"AEP\",\"@id\":\"https:\\\/\\\/aliancaevangelica.pt\\\/site\\\/#\\\/schema\\\/person\\\/3b47cfc7535eff1e820f31c2d67eafcf\"},\"headline\":\"Vamos Orar e Apoiar o Povo Venezuelano!\",\"datePublished\":\"2019-02-25T19:13:55+00:00\",\"dateModified\":\"2026-04-07T09:56:02+00:00\",\"mainEntityOfPage\":{\"@id\":\"https:\\\/\\\/aliancaevangelica.pt\\\/site\\\/vamos-orar-e-apoiar-o-povo-venezuelano\\\/\"},\"wordCount\":319,\"publisher\":{\"@id\":\"https:\\\/\\\/aliancaevangelica.pt\\\/site\\\/#organization\"},\"image\":{\"@id\":\"https:\\\/\\\/aliancaevangelica.pt\\\/site\\\/vamos-orar-e-apoiar-o-povo-venezuelano\\\/#primaryimage\"},\"thumbnailUrl\":\"https:\\\/\\\/aliancaevangelica.pt\\\/site\\\/wp-content\\\/uploads\\\/2019\\\/02\\\/venezuela_foto2.jpg\",\"articleSection\":[\"Tomadas de Posi\u00e7\u00e3o\"],\"inLanguage\":\"pt-PT\"},{\"@type\":\"WebPage\",\"@id\":\"https:\\\/\\\/aliancaevangelica.pt\\\/site\\\/vamos-orar-e-apoiar-o-povo-venezuelano\\\/\",\"url\":\"https:\\\/\\\/aliancaevangelica.pt\\\/site\\\/vamos-orar-e-apoiar-o-povo-venezuelano\\\/\",\"name\":\"Vamos Orar e Apoiar o Povo Venezuelano! - AEP\",\"isPartOf\":{\"@id\":\"https:\\\/\\\/aliancaevangelica.pt\\\/site\\\/#website\"},\"primaryImageOfPage\":{\"@id\":\"https:\\\/\\\/aliancaevangelica.pt\\\/site\\\/vamos-orar-e-apoiar-o-povo-venezuelano\\\/#primaryimage\"},\"image\":{\"@id\":\"https:\\\/\\\/aliancaevangelica.pt\\\/site\\\/vamos-orar-e-apoiar-o-povo-venezuelano\\\/#primaryimage\"},\"thumbnailUrl\":\"https:\\\/\\\/aliancaevangelica.pt\\\/site\\\/wp-content\\\/uploads\\\/2019\\\/02\\\/venezuela_foto2.jpg\",\"datePublished\":\"2019-02-25T19:13:55+00:00\",\"dateModified\":\"2026-04-07T09:56:02+00:00\",\"breadcrumb\":{\"@id\":\"https:\\\/\\\/aliancaevangelica.pt\\\/site\\\/vamos-orar-e-apoiar-o-povo-venezuelano\\\/#breadcrumb\"},\"inLanguage\":\"pt-PT\",\"potentialAction\":[{\"@type\":\"ReadAction\",\"target\":[\"https:\\\/\\\/aliancaevangelica.pt\\\/site\\\/vamos-orar-e-apoiar-o-povo-venezuelano\\\/\"]}]},{\"@type\":\"ImageObject\",\"inLanguage\":\"pt-PT\",\"@id\":\"https:\\\/\\\/aliancaevangelica.pt\\\/site\\\/vamos-orar-e-apoiar-o-povo-venezuelano\\\/#primaryimage\",\"url\":\"https:\\\/\\\/aliancaevangelica.pt\\\/site\\\/wp-content\\\/uploads\\\/2019\\\/02\\\/venezuela_foto2.jpg\",\"contentUrl\":\"https:\\\/\\\/aliancaevangelica.pt\\\/site\\\/wp-content\\\/uploads\\\/2019\\\/02\\\/venezuela_foto2.jpg\",\"width\":1256,\"height\":620},{\"@type\":\"BreadcrumbList\",\"@id\":\"https:\\\/\\\/aliancaevangelica.pt\\\/site\\\/vamos-orar-e-apoiar-o-povo-venezuelano\\\/#breadcrumb\",\"itemListElement\":[{\"@type\":\"ListItem\",\"position\":1,\"name\":\"In\u00edcio\",\"item\":\"https:\\\/\\\/aliancaevangelica.pt\\\/site\\\/\"},{\"@type\":\"ListItem\",\"position\":2,\"name\":\"Vamos Orar e Apoiar o Povo Venezuelano!\"}]},{\"@type\":\"WebSite\",\"@id\":\"https:\\\/\\\/aliancaevangelica.pt\\\/site\\\/#website\",\"url\":\"https:\\\/\\\/aliancaevangelica.pt\\\/site\\\/\",\"name\":\"Alian\u00e7a Evang\u00e9lica Portuguesa\",\"description\":\"Alian\u00e7a Evang\u00e9lica Portuguesa\",\"publisher\":{\"@id\":\"https:\\\/\\\/aliancaevangelica.pt\\\/site\\\/#organization\"},\"potentialAction\":[{\"@type\":\"SearchAction\",\"target\":{\"@type\":\"EntryPoint\",\"urlTemplate\":\"https:\\\/\\\/aliancaevangelica.pt\\\/site\\\/?s={search_term_string}\"},\"query-input\":{\"@type\":\"PropertyValueSpecification\",\"valueRequired\":true,\"valueName\":\"search_term_string\"}}],\"inLanguage\":\"pt-PT\"},{\"@type\":\"Organization\",\"@id\":\"https:\\\/\\\/aliancaevangelica.pt\\\/site\\\/#organization\",\"name\":\"Alian\u00e7a Evang\u00e9lica Portuguesa\",\"url\":\"https:\\\/\\\/aliancaevangelica.pt\\\/site\\\/\",\"logo\":{\"@type\":\"ImageObject\",\"inLanguage\":\"pt-PT\",\"@id\":\"https:\\\/\\\/aliancaevangelica.pt\\\/site\\\/#\\\/schema\\\/logo\\\/image\\\/\",\"url\":\"https:\\\/\\\/aliancaevangelica.pt\\\/site\\\/wp-content\\\/uploads\\\/2017\\\/11\\\/logo-AEP-cor.png\",\"contentUrl\":\"https:\\\/\\\/aliancaevangelica.pt\\\/site\\\/wp-content\\\/uploads\\\/2017\\\/11\\\/logo-AEP-cor.png\",\"width\":1156,\"height\":672,\"caption\":\"Alian\u00e7a Evang\u00e9lica Portuguesa\"},\"image\":{\"@id\":\"https:\\\/\\\/aliancaevangelica.pt\\\/site\\\/#\\\/schema\\\/logo\\\/image\\\/\"},\"sameAs\":[\"http:\\\/\\\/facebook.com\\\/aeportuguesa\",\"http:\\\/\\\/instagram.com\\\/aliancaep\",\"http:\\\/\\\/youtube.com\\\/aeportuguesa\"]},{\"@type\":\"Person\",\"@id\":\"https:\\\/\\\/aliancaevangelica.pt\\\/site\\\/#\\\/schema\\\/person\\\/3b47cfc7535eff1e820f31c2d67eafcf\",\"name\":\"AEP\",\"sameAs\":[\"aeportugal\"],\"url\":\"https:\\\/\\\/aliancaevangelica.pt\\\/site\\\/author\\\/aeportugal\\\/\"}]}<\/script>\n<!-- \/ Yoast SEO plugin. -->","yoast_head_json":{"title":"Vamos Orar e Apoiar o Povo Venezuelano! - AEP","robots":{"index":"index","follow":"follow","max-snippet":"max-snippet:-1","max-image-preview":"max-image-preview:large","max-video-preview":"max-video-preview:-1"},"canonical":"https:\/\/aliancaevangelica.pt\/site\/vamos-orar-e-apoiar-o-povo-venezuelano\/","og_locale":"pt_PT","og_type":"article","og_title":"Vamos Orar e Apoiar o Povo Venezuelano! - AEP","og_description":"Ainda h\u00e1 pessoas a morrer de fome e de qualquer doen\u00e7a por falta de alimentos e medicamentos. Eventos tristes em toda a fronteira Col\u00f4mbia\/Venezuela. Dois cami\u00f5es, que transportavam ajuda humanit\u00e1ria muito necess\u00e1ria, foram queimados e outro roubado. Um casal de mission\u00e1rios norte-americanos que moram em Cucuta, Col\u00f4mbia deram informa\u00e7\u00f5es reais, do que eles viram ao","og_url":"https:\/\/aliancaevangelica.pt\/site\/vamos-orar-e-apoiar-o-povo-venezuelano\/","og_site_name":"AEP","article_publisher":"http:\/\/facebook.com\/aeportuguesa","article_author":"aeportugal","article_published_time":"2019-02-25T19:13:55+00:00","article_modified_time":"2026-04-07T09:56:02+00:00","og_image":[{"width":1256,"height":620,"url":"https:\/\/aliancaevangelica.pt\/site\/wp-content\/uploads\/2019\/02\/venezuela_foto2.jpg","type":"image\/jpeg"}],"author":"AEP","twitter_card":"summary_large_image","twitter_misc":{"Escrito por":"AEP","Tempo estimado de leitura":"2 minutos"},"schema":{"@context":"https:\/\/schema.org","@graph":[{"@type":"Article","@id":"https:\/\/aliancaevangelica.pt\/site\/vamos-orar-e-apoiar-o-povo-venezuelano\/#article","isPartOf":{"@id":"https:\/\/aliancaevangelica.pt\/site\/vamos-orar-e-apoiar-o-povo-venezuelano\/"},"author":{"name":"AEP","@id":"https:\/\/aliancaevangelica.pt\/site\/#\/schema\/person\/3b47cfc7535eff1e820f31c2d67eafcf"},"headline":"Vamos Orar e Apoiar o Povo Venezuelano!","datePublished":"2019-02-25T19:13:55+00:00","dateModified":"2026-04-07T09:56:02+00:00","mainEntityOfPage":{"@id":"https:\/\/aliancaevangelica.pt\/site\/vamos-orar-e-apoiar-o-povo-venezuelano\/"},"wordCount":319,"publisher":{"@id":"https:\/\/aliancaevangelica.pt\/site\/#organization"},"image":{"@id":"https:\/\/aliancaevangelica.pt\/site\/vamos-orar-e-apoiar-o-povo-venezuelano\/#primaryimage"},"thumbnailUrl":"https:\/\/aliancaevangelica.pt\/site\/wp-content\/uploads\/2019\/02\/venezuela_foto2.jpg","articleSection":["Tomadas de Posi\u00e7\u00e3o"],"inLanguage":"pt-PT"},{"@type":"WebPage","@id":"https:\/\/aliancaevangelica.pt\/site\/vamos-orar-e-apoiar-o-povo-venezuelano\/","url":"https:\/\/aliancaevangelica.pt\/site\/vamos-orar-e-apoiar-o-povo-venezuelano\/","name":"Vamos Orar e Apoiar o Povo Venezuelano! - AEP","isPartOf":{"@id":"https:\/\/aliancaevangelica.pt\/site\/#website"},"primaryImageOfPage":{"@id":"https:\/\/aliancaevangelica.pt\/site\/vamos-orar-e-apoiar-o-povo-venezuelano\/#primaryimage"},"image":{"@id":"https:\/\/aliancaevangelica.pt\/site\/vamos-orar-e-apoiar-o-povo-venezuelano\/#primaryimage"},"thumbnailUrl":"https:\/\/aliancaevangelica.pt\/site\/wp-content\/uploads\/2019\/02\/venezuela_foto2.jpg","datePublished":"2019-02-25T19:13:55+00:00","dateModified":"2026-04-07T09:56:02+00:00","breadcrumb":{"@id":"https:\/\/aliancaevangelica.pt\/site\/vamos-orar-e-apoiar-o-povo-venezuelano\/#breadcrumb"},"inLanguage":"pt-PT","potentialAction":[{"@type":"ReadAction","target":["https:\/\/aliancaevangelica.pt\/site\/vamos-orar-e-apoiar-o-povo-venezuelano\/"]}]},{"@type":"ImageObject","inLanguage":"pt-PT","@id":"https:\/\/aliancaevangelica.pt\/site\/vamos-orar-e-apoiar-o-povo-venezuelano\/#primaryimage","url":"https:\/\/aliancaevangelica.pt\/site\/wp-content\/uploads\/2019\/02\/venezuela_foto2.jpg","contentUrl":"https:\/\/aliancaevangelica.pt\/site\/wp-content\/uploads\/2019\/02\/venezuela_foto2.jpg","width":1256,"height":620},{"@type":"BreadcrumbList","@id":"https:\/\/aliancaevangelica.pt\/site\/vamos-orar-e-apoiar-o-povo-venezuelano\/#breadcrumb","itemListElement":[{"@type":"ListItem","position":1,"name":"In\u00edcio","item":"https:\/\/aliancaevangelica.pt\/site\/"},{"@type":"ListItem","position":2,"name":"Vamos Orar e Apoiar o Povo Venezuelano!"}]},{"@type":"WebSite","@id":"https:\/\/aliancaevangelica.pt\/site\/#website","url":"https:\/\/aliancaevangelica.pt\/site\/","name":"Alian\u00e7a Evang\u00e9lica Portuguesa","description":"Alian\u00e7a Evang\u00e9lica Portuguesa","publisher":{"@id":"https:\/\/aliancaevangelica.pt\/site\/#organization"},"potentialAction":[{"@type":"SearchAction","target":{"@type":"EntryPoint","urlTemplate":"https:\/\/aliancaevangelica.pt\/site\/?s={search_term_string}"},"query-input":{"@type":"PropertyValueSpecification","valueRequired":true,"valueName":"search_term_string"}}],"inLanguage":"pt-PT"},{"@type":"Organization","@id":"https:\/\/aliancaevangelica.pt\/site\/#organization","name":"Alian\u00e7a Evang\u00e9lica Portuguesa","url":"https:\/\/aliancaevangelica.pt\/site\/","logo":{"@type":"ImageObject","inLanguage":"pt-PT","@id":"https:\/\/aliancaevangelica.pt\/site\/#\/schema\/logo\/image\/","url":"https:\/\/aliancaevangelica.pt\/site\/wp-content\/uploads\/2017\/11\/logo-AEP-cor.png","contentUrl":"https:\/\/aliancaevangelica.pt\/site\/wp-content\/uploads\/2017\/11\/logo-AEP-cor.png","width":1156,"height":672,"caption":"Alian\u00e7a Evang\u00e9lica Portuguesa"},"image":{"@id":"https:\/\/aliancaevangelica.pt\/site\/#\/schema\/logo\/image\/"},"sameAs":["http:\/\/facebook.com\/aeportuguesa","http:\/\/instagram.com\/aliancaep","http:\/\/youtube.com\/aeportuguesa"]},{"@type":"Person","@id":"https:\/\/aliancaevangelica.pt\/site\/#\/schema\/person\/3b47cfc7535eff1e820f31c2d67eafcf","name":"AEP","sameAs":["aeportugal"],"url":"https:\/\/aliancaevangelica.pt\/site\/author\/aeportugal\/"}]}},"uagb_featured_image_src":{"full":["https:\/\/aliancaevangelica.pt\/site\/wp-content\/uploads\/2019\/02\/venezuela_foto2.jpg",1256,620,false],"thumbnail":["https:\/\/aliancaevangelica.pt\/site\/wp-content\/uploads\/2019\/02\/venezuela_foto2-150x150.jpg",150,150,true],"medium":["https:\/\/aliancaevangelica.pt\/site\/wp-content\/uploads\/2019\/02\/venezuela_foto2-300x148.jpg",300,148,true],"medium_large":["https:\/\/aliancaevangelica.pt\/site\/wp-content\/uploads\/2019\/02\/venezuela_foto2-768x379.jpg",768,379,true],"large":["https:\/\/aliancaevangelica.pt\/site\/wp-content\/uploads\/2019\/02\/venezuela_foto2-1024x505.jpg",960,473,true],"1536x1536":["https:\/\/aliancaevangelica.pt\/site\/wp-content\/uploads\/2019\/02\/venezuela_foto2.jpg",1256,620,false],"2048x2048":["https:\/\/aliancaevangelica.pt\/site\/wp-content\/uploads\/2019\/02\/venezuela_foto2.jpg",1256,620,false],"vp_sm":["https:\/\/aliancaevangelica.pt\/site\/wp-content\/uploads\/2019\/02\/venezuela_foto2.jpg",500,247,false],"vp_md":["https:\/\/aliancaevangelica.pt\/site\/wp-content\/uploads\/2019\/02\/venezuela_foto2.jpg",800,395,false],"vp_lg":["https:\/\/aliancaevangelica.pt\/site\/wp-content\/uploads\/2019\/02\/venezuela_foto2.jpg",1256,620,false],"vp_xl":["https:\/\/aliancaevangelica.pt\/site\/wp-content\/uploads\/2019\/02\/venezuela_foto2.jpg",1256,620,false],"vp_sm_popup":["https:\/\/aliancaevangelica.pt\/site\/wp-content\/uploads\/2019\/02\/venezuela_foto2.jpg",500,247,false],"vp_md_popup":["https:\/\/aliancaevangelica.pt\/site\/wp-content\/uploads\/2019\/02\/venezuela_foto2.jpg",800,395,false],"vp_xl_popup":["https:\/\/aliancaevangelica.pt\/site\/wp-content\/uploads\/2019\/02\/venezuela_foto2.jpg",1256,620,false],"newsx-150x100":["https:\/\/aliancaevangelica.pt\/site\/wp-content\/uploads\/2019\/02\/venezuela_foto2.jpg",150,74,false],"newsx-330x220":["https:\/\/aliancaevangelica.pt\/site\/wp-content\/uploads\/2019\/02\/venezuela_foto2.jpg",330,163,false],"newsx-420x280":["https:\/\/aliancaevangelica.pt\/site\/wp-content\/uploads\/2019\/02\/venezuela_foto2.jpg",420,207,false],"newsx-510x340":["https:\/\/aliancaevangelica.pt\/site\/wp-content\/uploads\/2019\/02\/venezuela_foto2.jpg",510,252,false],"newsx-640x480":["https:\/\/aliancaevangelica.pt\/site\/wp-content\/uploads\/2019\/02\/venezuela_foto2.jpg",640,316,false],"newsx-670x370":["https:\/\/aliancaevangelica.pt\/site\/wp-content\/uploads\/2019\/02\/venezuela_foto2.jpg",670,331,false],"newsx-860x570":["https:\/\/aliancaevangelica.pt\/site\/wp-content\/uploads\/2019\/02\/venezuela_foto2.jpg",860,425,false],"newsx-1000x750":["https:\/\/aliancaevangelica.pt\/site\/wp-content\/uploads\/2019\/02\/venezuela_foto2.jpg",1000,494,false],"newsx-1200x600":["https:\/\/aliancaevangelica.pt\/site\/wp-content\/uploads\/2019\/02\/venezuela_foto2.jpg",1200,592,false]},"uagb_author_info":{"display_name":"AEP","author_link":"https:\/\/aliancaevangelica.pt\/site\/author\/aeportugal\/"},"uagb_comment_info":0,"uagb_excerpt":"Ainda h\u00e1 pessoas a morrer de fome e de qualquer doen\u00e7a por falta de alimentos e medicamentos. Eventos tristes em toda a fronteira Col\u00f4mbia\/Venezuela. Dois cami\u00f5es, que transportavam ajuda humanit\u00e1ria muito necess\u00e1ria, foram queimados e outro roubado. Um casal de mission\u00e1rios norte-americanos que moram em Cucuta, Col\u00f4mbia deram informa\u00e7\u00f5es reais, do que eles viram ao","_links":{"self":[{"href":"https:\/\/aliancaevangelica.pt\/site\/wp-json\/wp\/v2\/posts\/16938","targetHints":{"allow":["GET"]}}],"collection":[{"href":"https:\/\/aliancaevangelica.pt\/site\/wp-json\/wp\/v2\/posts"}],"about":[{"href":"https:\/\/aliancaevangelica.pt\/site\/wp-json\/wp\/v2\/types\/post"}],"author":[{"embeddable":true,"href":"https:\/\/aliancaevangelica.pt\/site\/wp-json\/wp\/v2\/users\/2"}],"replies":[{"embeddable":true,"href":"https:\/\/aliancaevangelica.pt\/site\/wp-json\/wp\/v2\/comments?post=16938"}],"version-history":[{"count":2,"href":"https:\/\/aliancaevangelica.pt\/site\/wp-json\/wp\/v2\/posts\/16938\/revisions"}],"predecessor-version":[{"id":16962,"href":"https:\/\/aliancaevangelica.pt\/site\/wp-json\/wp\/v2\/posts\/16938\/revisions\/16962"}],"wp:featuredmedia":[{"embeddable":true,"href":"https:\/\/aliancaevangelica.pt\/site\/wp-json\/wp\/v2\/media\/16940"}],"wp:attachment":[{"href":"https:\/\/aliancaevangelica.pt\/site\/wp-json\/wp\/v2\/media?parent=16938"}],"wp:term":[{"taxonomy":"category","embeddable":true,"href":"https:\/\/aliancaevangelica.pt\/site\/wp-json\/wp\/v2\/categories?post=16938"},{"taxonomy":"post_tag","embeddable":true,"href":"https:\/\/aliancaevangelica.pt\/site\/wp-json\/wp\/v2\/tags?post=16938"}],"curies":[{"name":"wp","href":"https:\/\/api.w.org\/{rel}","templated":true}]}}