{"id":16686,"date":"2018-11-30T13:13:13","date_gmt":"2018-11-30T13:13:13","guid":{"rendered":"https:\/\/aliancaevangelica.pt\/site\/?p=16686"},"modified":"2026-04-07T09:55:52","modified_gmt":"2026-04-07T09:55:52","slug":"meninos-meninas-e-as-novas-leis-de-ideologia-de-genero-iolanda-melo","status":"publish","type":"post","link":"https:\/\/aliancaevangelica.pt\/site\/meninos-meninas-e-as-novas-leis-de-ideologia-de-genero-iolanda-melo\/","title":{"rendered":"Meninos, Meninas e as novas Leis de Ideologia de G\u00e9nero &#8211; Iolanda Melo"},"content":{"rendered":"<p>\u201cN\u00e3o tendes lido que o Criador, desde o princ\u00edpio, os fez homem e mulher (\u2026)?\u201d (Mateus 19:4)<br \/>\n(Artigo Retirado do Boletim Ecos, da APECP, N\u00ba 124 (Abril\/Maio\/Junho 2018)<\/p>\n<p><strong>Download do ficheiro completo:<\/strong><br \/>\n<a href=\"https:\/\/drive.google.com\/open?id=1HiK7RoQ5qCdyU-40wL6Yl4ByAsPF_J6o\" target=\"_blank\" rel=\"noopener\">Documento em PDF<\/a><\/p>\n<p>&nbsp;<\/p>\n<p>No passado dia 13 de Abril, o Parlamento Portugu\u00eas aprovou a nova lei que permite a mudan\u00e7a de g\u00e9nero no registo civil aos 16 anos, mediante um requerimento, sem necessidade de apresentar qualquer relat\u00f3rio m\u00e9dico, tendo apenas que apresentar a autoriza\u00e7\u00e3o dos pais. Cabe agora ao nosso Presidente da Rep\u00fablica apreciar o diploma, podendo assim vetar ou promulgar. Neste compasso de espera pela reposta do Chefe do Estado, como pais e educadores crist\u00e3os que somos, n\u00e3o podemos deixar de sentir a nossa consterna\u00e7\u00e3o com esta lei.<br \/>\nA Lei de Deus ensina-nos que no princ\u00edpio de todas as coisas, Deus criou o mundo e tudo o que nele h\u00e1, criando assim os seres humanos e estabelecendo os dois sexos biol\u00f3gicos e\/ou g\u00e9neros: macho e f\u00eamea (G\u00e9nesis 1:27; 5:2).<\/p>\n<p>Sendo a lei promulgada, esperam-se tempos ainda mais complicados para os nosso filhos e alunos que crescem de acordo com os valores b\u00edblicos: partilhar\u00e3o as casas de banho com alunos do sexo oposto, ver\u00e3o meninos vestidos de meninas e vice versa, a Educa\u00e7\u00e3o Sexual n\u00e3o ter\u00e1 bases cient\u00edficas, pois ser\u00e1 feita com base numa ideologia, Ideologia de G\u00e9nero, que defende que ningu\u00e9m nasce homem ou mulher, e que tais conceitos seriam apenas constru\u00e7\u00f5es sociais que nos foram impostos (independentemente do sexo com que se nasce, a pessoa pode construir o g\u00e9nero que desejar: homem, mulher ou outro g\u00e9nero, negando assim a sua identidade corporal).<\/p>\n<p>Porque deve o adolescente de 16 anos poder decidir a sua identidade sexual, quando biologicamente j\u00e1 est\u00e1 determinada? Porque decidir numa etapa do seu desenvolvimento em que ainda n\u00e3o atingiu a maturidade neurol\u00f3gica que lhe garanta a maturidade psicol\u00f3gica para tomar decis\u00f5es importantes?<\/p>\n<p>&nbsp;<\/p>\n<p>Se aos 16 anos muitos ainda n\u00e3o conseguem escolher a \u00e1rea de estudo ou a profiss\u00e3o que ter\u00e3o no futuro; \u00e9 proibido beber bebidas alco\u00f3licas, conduzir um carro ou votar, como pode ser poss\u00edvel tomar uma decis\u00e3o destas e ainda sem o devido acompanhamento dos profissionais de sa\u00fade?<\/p>\n<p>Somos os primeiros e principais educadores dos nossos filhos e n\u00e3o podemos permitir que as institui\u00e7\u00f5es e o Estado retire-nos o direito que temos sobre a educa\u00e7\u00e3o que desejamos dar aos nossos filhos, direito esse que a nossa constitui\u00e7\u00e3o nos confere (artigo 36, n\u00ba5 \u201cos pais t\u00eam o direito e o dever de educa\u00e7\u00e3o e manuten\u00e7\u00e3o dos filhos.\u201d) e que est\u00e1 tamb\u00e9m expressamente referido na Declara\u00e7\u00e3o Universal dos Direitos do Homem (artigo 26\u00ba, par\u00e1grafo 3 \u201cos pais t\u00eam um direito priorit\u00e1rio de escolher a esp\u00e9cie de educa\u00e7\u00e3o que ser\u00e1 dada aos seus filhos\u201d). A constitui\u00e7\u00e3o refere o papel do Estado nesta mat\u00e9ria: \u201ccooperar com os pais na educa\u00e7\u00e3o dos filhos\u201d (artigo 67\u00ba).<\/p>\n<p>O Estado deve cooperar e n\u00e3o substituir! \u00c9 direito dos pais decidir a educa\u00e7\u00e3o religiosa que pretendem que os filhos assistam na escola, bem como escolher a educa\u00e7\u00e3o sexual que ser\u00e1 feita aos filhos e em que moldes esta acontecer\u00e1 no plano da educa\u00e7\u00e3o escolar.<\/p>\n<p>&nbsp;<\/p>\n<p>Esta vis\u00e3o ideol\u00f3gica contrasta com a vis\u00e3o b\u00edblica:<br \/>\n<em><strong>\u201cE criou Deus o homem \u00e0 sua imagem e semelhan\u00e7a: \u00e0 imagem de Deus o criou; macho e f\u00eamea os criou.\u201d<\/strong><\/em> (G\u00e9nesis 1:27).<\/p>\n<p>&nbsp;<\/p>\n<p>Foi Deus que estabeleceu os dois g\u00e9neros para a humanidade, masculino ou feminino e n\u00e3o contemplou \u201coutros g\u00e9neros\u201d poss\u00edveis. A partir destas duas dimens\u00f5es estabeleceu a c\u00e9lula b\u00e1sica da sociedade: a fam\u00edlia, criada a partir de um homem e de uma mulher. A Identidade Sexual ou a consci\u00eancia de que somos seres sexuais, \u00e9 uma parte importante na forma\u00e7\u00e3o da Identidade e influencia profundamente a imagem e a perce\u00e7\u00e3o que temos de n\u00f3s pr\u00f3prios e os relacionamentos que estabelecemos com os outros, englobando 4 aspetos:<\/p>\n<p><strong>1\u00ba Sexo Biol\u00f3gico \u2013<\/strong> \u00e9 determinado pela informa\u00e7\u00e3o gen\u00e9tica, no momento da conce\u00e7\u00e3o, pela combina\u00e7\u00e3o cromossom\u00e1tica, classificando as pessoas como homens ou mulheres, machos ou f\u00eameas. Seis semanas depois, desenvolvem-se os \u00f3rg\u00e3os genitais, marcando a diferen\u00e7a na anatomia reprodutora e que permitir\u00e1 a diferencia\u00e7\u00e3o do corpo masculino do feminino, bem como do Sistema Nervoso Central &#8211; c\u00e9rebro do menino ter\u00e1 diferen\u00e7as do c\u00e9rebro da menina, influenciando o seu comportamento na inf\u00e2ncia \u2013 os meninos ter\u00e3o interesses de meninos e meninas buscar\u00e3o interesses mais femininos.<\/p>\n<p><strong>2\u00ba Identidade de G\u00e9nero \u2013<\/strong> Convic\u00e7\u00e3o que o indiv\u00edduo tem de ser um homem ou uma mulher e que corresponde ao sentimento individual de masculinidade\/feminilidade do ponto de vista biol\u00f3gico, social e psicol\u00f3gico. Esta consci\u00eancia que se tem do pr\u00f3prio g\u00e9nero aparece entre os 3, 4 anos, com a identifica\u00e7\u00e3o da crian\u00e7a com o progenitor do mesmo sexo. A aus\u00eancia do progenitor (ou de um modelo de refer\u00eancia) no quotidiano da crian\u00e7a pode gerar perturba\u00e7\u00f5es neste processo.<\/p>\n<p><strong>3\u00ba Papel Sexual Social \u2013<\/strong> Express\u00e3o do papel feminino ou masculino em fun\u00e7\u00e3o do comportamento que a sociedade espera de cada sexo: comportamentos, atitudes e tra\u00e7os de personalidade designados socioculturalmente como masculinos\/femininos. As brincadeiras, as roupas, os modelos de atitudes e comportamentos de refer\u00eancia ter\u00e3o um papel importante no desenvolvimento da Identidade de G\u00e9nero e do Papel Sexual.<\/p>\n<p><strong>4\u00ba Orienta\u00e7\u00e3o Sexual \u2013<\/strong> \u00c9 o que indica para onde se dirige o desejo sexual da pessoa (heterossexual ou homossexual). Surge ap\u00f3s a puberdade e no processo de defini\u00e7\u00e3o da orienta\u00e7\u00e3o Sexual e os valores, os princ\u00edpios, a educa\u00e7\u00e3o, a exposi\u00e7\u00e3o a modelos de refer\u00eancia e a religi\u00e3o t\u00eam uma poderosa influ\u00eancia.<\/p>\n<p>A melhor forma de vencermos a Ideologia de G\u00e9nero, e os seus avan\u00e7os na nossa sociedade, \u00e9 criarmos filhos com uma Identidade saud\u00e1vel, bem alicer\u00e7ada nos valores e princ\u00edpios b\u00edblicos; sermos modelos positivos e estarmos bem envolvidos na vida dos nossos filhos para podermos ajud\u00e1-los a lidar com as mudan\u00e7as dos tempos.<\/p>\n<p>&nbsp;<\/p>\n<p style=\"text-align: right;\">\nLisboa, 1 de Maio de 2018.<br \/>\nIolanda Melo, APECP<\/p>\n","protected":false},"excerpt":{"rendered":"<p>\u201cN\u00e3o tendes lido que o Criador, desde o princ\u00edpio, os fez homem e mulher (\u2026)?\u201d (Mateus 19:4) (Artigo Retirado do Boletim Ecos, da APECP, N\u00ba 124 (Abril\/Maio\/Junho 2018) Download do ficheiro completo: Documento em PDF &nbsp; No passado dia 13 de Abril, o Parlamento Portugu\u00eas aprovou a nova lei que permite a mudan\u00e7a de g\u00e9nero<\/p>\n","protected":false},"author":2,"featured_media":16687,"comment_status":"closed","ping_status":"open","sticky":false,"template":"","format":"standard","meta":{"_uag_custom_page_level_css":"","_themeisle_gutenberg_block_has_review":false,"_vp_format_video_url":"","_vp_image_focal_point":[],"footnotes":""},"categories":[52],"tags":[],"class_list":["post-16686","post","type-post","status-publish","format-standard","has-post-thumbnail","hentry","category-tomadas-de-posicao"],"yoast_head":"<!-- This site is optimized with the Yoast SEO plugin v27.5 - https:\/\/yoast.com\/product\/yoast-seo-wordpress\/ -->\n<title>Meninos, Meninas e as novas Leis de Ideologia de G\u00e9nero - Iolanda Melo - AEP<\/title>\n<meta name=\"robots\" content=\"index, follow, max-snippet:-1, max-image-preview:large, max-video-preview:-1\" \/>\n<link rel=\"canonical\" href=\"https:\/\/aliancaevangelica.pt\/site\/meninos-meninas-e-as-novas-leis-de-ideologia-de-genero-iolanda-melo\/\" \/>\n<meta property=\"og:locale\" content=\"pt_PT\" \/>\n<meta property=\"og:type\" content=\"article\" \/>\n<meta property=\"og:title\" content=\"Meninos, Meninas e as novas Leis de Ideologia de G\u00e9nero - Iolanda Melo - AEP\" \/>\n<meta property=\"og:description\" content=\"\u201cN\u00e3o tendes lido que o Criador, desde o princ\u00edpio, os fez homem e mulher (\u2026)?\u201d (Mateus 19:4) (Artigo Retirado do Boletim Ecos, da APECP, N\u00ba 124 (Abril\/Maio\/Junho 2018) Download do ficheiro completo: Documento em PDF &nbsp; No passado dia 13 de Abril, o Parlamento Portugu\u00eas aprovou a nova lei que permite a mudan\u00e7a de g\u00e9nero\" \/>\n<meta property=\"og:url\" content=\"https:\/\/aliancaevangelica.pt\/site\/meninos-meninas-e-as-novas-leis-de-ideologia-de-genero-iolanda-melo\/\" \/>\n<meta property=\"og:site_name\" content=\"AEP\" \/>\n<meta property=\"article:publisher\" content=\"http:\/\/facebook.com\/aeportuguesa\" \/>\n<meta property=\"article:author\" content=\"aeportugal\" \/>\n<meta property=\"article:published_time\" content=\"2018-11-30T13:13:13+00:00\" \/>\n<meta property=\"article:modified_time\" content=\"2026-04-07T09:55:52+00:00\" \/>\n<meta property=\"og:image\" content=\"https:\/\/aliancaevangelica.pt\/site\/wp-content\/uploads\/2018\/11\/ideologia-de-genero.jpg\" \/>\n\t<meta property=\"og:image:width\" content=\"900\" \/>\n\t<meta property=\"og:image:height\" content=\"675\" \/>\n\t<meta property=\"og:image:type\" content=\"image\/jpeg\" \/>\n<meta name=\"author\" content=\"AEP\" \/>\n<meta name=\"twitter:card\" content=\"summary_large_image\" \/>\n<meta name=\"twitter:label1\" content=\"Escrito por\" \/>\n\t<meta name=\"twitter:data1\" content=\"AEP\" \/>\n\t<meta name=\"twitter:label2\" content=\"Tempo estimado de leitura\" \/>\n\t<meta name=\"twitter:data2\" content=\"5 minutos\" \/>\n<script type=\"application\/ld+json\" class=\"yoast-schema-graph\">{\"@context\":\"https:\\\/\\\/schema.org\",\"@graph\":[{\"@type\":\"Article\",\"@id\":\"https:\\\/\\\/aliancaevangelica.pt\\\/site\\\/meninos-meninas-e-as-novas-leis-de-ideologia-de-genero-iolanda-melo\\\/#article\",\"isPartOf\":{\"@id\":\"https:\\\/\\\/aliancaevangelica.pt\\\/site\\\/meninos-meninas-e-as-novas-leis-de-ideologia-de-genero-iolanda-melo\\\/\"},\"author\":{\"name\":\"AEP\",\"@id\":\"https:\\\/\\\/aliancaevangelica.pt\\\/site\\\/#\\\/schema\\\/person\\\/3b47cfc7535eff1e820f31c2d67eafcf\"},\"headline\":\"Meninos, Meninas e as novas Leis de Ideologia de G\u00e9nero &#8211; Iolanda Melo\",\"datePublished\":\"2018-11-30T13:13:13+00:00\",\"dateModified\":\"2026-04-07T09:55:52+00:00\",\"mainEntityOfPage\":{\"@id\":\"https:\\\/\\\/aliancaevangelica.pt\\\/site\\\/meninos-meninas-e-as-novas-leis-de-ideologia-de-genero-iolanda-melo\\\/\"},\"wordCount\":1084,\"publisher\":{\"@id\":\"https:\\\/\\\/aliancaevangelica.pt\\\/site\\\/#organization\"},\"image\":{\"@id\":\"https:\\\/\\\/aliancaevangelica.pt\\\/site\\\/meninos-meninas-e-as-novas-leis-de-ideologia-de-genero-iolanda-melo\\\/#primaryimage\"},\"thumbnailUrl\":\"https:\\\/\\\/aliancaevangelica.pt\\\/site\\\/wp-content\\\/uploads\\\/2018\\\/11\\\/ideologia-de-genero.jpg\",\"articleSection\":[\"Tomadas de Posi\u00e7\u00e3o\"],\"inLanguage\":\"pt-PT\"},{\"@type\":\"WebPage\",\"@id\":\"https:\\\/\\\/aliancaevangelica.pt\\\/site\\\/meninos-meninas-e-as-novas-leis-de-ideologia-de-genero-iolanda-melo\\\/\",\"url\":\"https:\\\/\\\/aliancaevangelica.pt\\\/site\\\/meninos-meninas-e-as-novas-leis-de-ideologia-de-genero-iolanda-melo\\\/\",\"name\":\"Meninos, Meninas e as novas Leis de Ideologia de G\u00e9nero - Iolanda Melo - AEP\",\"isPartOf\":{\"@id\":\"https:\\\/\\\/aliancaevangelica.pt\\\/site\\\/#website\"},\"primaryImageOfPage\":{\"@id\":\"https:\\\/\\\/aliancaevangelica.pt\\\/site\\\/meninos-meninas-e-as-novas-leis-de-ideologia-de-genero-iolanda-melo\\\/#primaryimage\"},\"image\":{\"@id\":\"https:\\\/\\\/aliancaevangelica.pt\\\/site\\\/meninos-meninas-e-as-novas-leis-de-ideologia-de-genero-iolanda-melo\\\/#primaryimage\"},\"thumbnailUrl\":\"https:\\\/\\\/aliancaevangelica.pt\\\/site\\\/wp-content\\\/uploads\\\/2018\\\/11\\\/ideologia-de-genero.jpg\",\"datePublished\":\"2018-11-30T13:13:13+00:00\",\"dateModified\":\"2026-04-07T09:55:52+00:00\",\"breadcrumb\":{\"@id\":\"https:\\\/\\\/aliancaevangelica.pt\\\/site\\\/meninos-meninas-e-as-novas-leis-de-ideologia-de-genero-iolanda-melo\\\/#breadcrumb\"},\"inLanguage\":\"pt-PT\",\"potentialAction\":[{\"@type\":\"ReadAction\",\"target\":[\"https:\\\/\\\/aliancaevangelica.pt\\\/site\\\/meninos-meninas-e-as-novas-leis-de-ideologia-de-genero-iolanda-melo\\\/\"]}]},{\"@type\":\"ImageObject\",\"inLanguage\":\"pt-PT\",\"@id\":\"https:\\\/\\\/aliancaevangelica.pt\\\/site\\\/meninos-meninas-e-as-novas-leis-de-ideologia-de-genero-iolanda-melo\\\/#primaryimage\",\"url\":\"https:\\\/\\\/aliancaevangelica.pt\\\/site\\\/wp-content\\\/uploads\\\/2018\\\/11\\\/ideologia-de-genero.jpg\",\"contentUrl\":\"https:\\\/\\\/aliancaevangelica.pt\\\/site\\\/wp-content\\\/uploads\\\/2018\\\/11\\\/ideologia-de-genero.jpg\",\"width\":900,\"height\":675},{\"@type\":\"BreadcrumbList\",\"@id\":\"https:\\\/\\\/aliancaevangelica.pt\\\/site\\\/meninos-meninas-e-as-novas-leis-de-ideologia-de-genero-iolanda-melo\\\/#breadcrumb\",\"itemListElement\":[{\"@type\":\"ListItem\",\"position\":1,\"name\":\"In\u00edcio\",\"item\":\"https:\\\/\\\/aliancaevangelica.pt\\\/site\\\/\"},{\"@type\":\"ListItem\",\"position\":2,\"name\":\"Meninos, Meninas e as novas Leis de Ideologia de G\u00e9nero &#8211; Iolanda Melo\"}]},{\"@type\":\"WebSite\",\"@id\":\"https:\\\/\\\/aliancaevangelica.pt\\\/site\\\/#website\",\"url\":\"https:\\\/\\\/aliancaevangelica.pt\\\/site\\\/\",\"name\":\"Alian\u00e7a Evang\u00e9lica Portuguesa\",\"description\":\"Alian\u00e7a Evang\u00e9lica Portuguesa\",\"publisher\":{\"@id\":\"https:\\\/\\\/aliancaevangelica.pt\\\/site\\\/#organization\"},\"potentialAction\":[{\"@type\":\"SearchAction\",\"target\":{\"@type\":\"EntryPoint\",\"urlTemplate\":\"https:\\\/\\\/aliancaevangelica.pt\\\/site\\\/?s={search_term_string}\"},\"query-input\":{\"@type\":\"PropertyValueSpecification\",\"valueRequired\":true,\"valueName\":\"search_term_string\"}}],\"inLanguage\":\"pt-PT\"},{\"@type\":\"Organization\",\"@id\":\"https:\\\/\\\/aliancaevangelica.pt\\\/site\\\/#organization\",\"name\":\"Alian\u00e7a Evang\u00e9lica Portuguesa\",\"url\":\"https:\\\/\\\/aliancaevangelica.pt\\\/site\\\/\",\"logo\":{\"@type\":\"ImageObject\",\"inLanguage\":\"pt-PT\",\"@id\":\"https:\\\/\\\/aliancaevangelica.pt\\\/site\\\/#\\\/schema\\\/logo\\\/image\\\/\",\"url\":\"https:\\\/\\\/aliancaevangelica.pt\\\/site\\\/wp-content\\\/uploads\\\/2017\\\/11\\\/logo-AEP-cor.png\",\"contentUrl\":\"https:\\\/\\\/aliancaevangelica.pt\\\/site\\\/wp-content\\\/uploads\\\/2017\\\/11\\\/logo-AEP-cor.png\",\"width\":1156,\"height\":672,\"caption\":\"Alian\u00e7a Evang\u00e9lica Portuguesa\"},\"image\":{\"@id\":\"https:\\\/\\\/aliancaevangelica.pt\\\/site\\\/#\\\/schema\\\/logo\\\/image\\\/\"},\"sameAs\":[\"http:\\\/\\\/facebook.com\\\/aeportuguesa\",\"http:\\\/\\\/instagram.com\\\/aliancaep\",\"http:\\\/\\\/youtube.com\\\/aeportuguesa\"]},{\"@type\":\"Person\",\"@id\":\"https:\\\/\\\/aliancaevangelica.pt\\\/site\\\/#\\\/schema\\\/person\\\/3b47cfc7535eff1e820f31c2d67eafcf\",\"name\":\"AEP\",\"sameAs\":[\"aeportugal\"],\"url\":\"https:\\\/\\\/aliancaevangelica.pt\\\/site\\\/author\\\/aeportugal\\\/\"}]}<\/script>\n<!-- \/ Yoast SEO plugin. -->","yoast_head_json":{"title":"Meninos, Meninas e as novas Leis de Ideologia de G\u00e9nero - Iolanda Melo - AEP","robots":{"index":"index","follow":"follow","max-snippet":"max-snippet:-1","max-image-preview":"max-image-preview:large","max-video-preview":"max-video-preview:-1"},"canonical":"https:\/\/aliancaevangelica.pt\/site\/meninos-meninas-e-as-novas-leis-de-ideologia-de-genero-iolanda-melo\/","og_locale":"pt_PT","og_type":"article","og_title":"Meninos, Meninas e as novas Leis de Ideologia de G\u00e9nero - Iolanda Melo - AEP","og_description":"\u201cN\u00e3o tendes lido que o Criador, desde o princ\u00edpio, os fez homem e mulher (\u2026)?\u201d (Mateus 19:4) (Artigo Retirado do Boletim Ecos, da APECP, N\u00ba 124 (Abril\/Maio\/Junho 2018) Download do ficheiro completo: Documento em PDF &nbsp; No passado dia 13 de Abril, o Parlamento Portugu\u00eas aprovou a nova lei que permite a mudan\u00e7a de g\u00e9nero","og_url":"https:\/\/aliancaevangelica.pt\/site\/meninos-meninas-e-as-novas-leis-de-ideologia-de-genero-iolanda-melo\/","og_site_name":"AEP","article_publisher":"http:\/\/facebook.com\/aeportuguesa","article_author":"aeportugal","article_published_time":"2018-11-30T13:13:13+00:00","article_modified_time":"2026-04-07T09:55:52+00:00","og_image":[{"width":900,"height":675,"url":"https:\/\/aliancaevangelica.pt\/site\/wp-content\/uploads\/2018\/11\/ideologia-de-genero.jpg","type":"image\/jpeg"}],"author":"AEP","twitter_card":"summary_large_image","twitter_misc":{"Escrito por":"AEP","Tempo estimado de leitura":"5 minutos"},"schema":{"@context":"https:\/\/schema.org","@graph":[{"@type":"Article","@id":"https:\/\/aliancaevangelica.pt\/site\/meninos-meninas-e-as-novas-leis-de-ideologia-de-genero-iolanda-melo\/#article","isPartOf":{"@id":"https:\/\/aliancaevangelica.pt\/site\/meninos-meninas-e-as-novas-leis-de-ideologia-de-genero-iolanda-melo\/"},"author":{"name":"AEP","@id":"https:\/\/aliancaevangelica.pt\/site\/#\/schema\/person\/3b47cfc7535eff1e820f31c2d67eafcf"},"headline":"Meninos, Meninas e as novas Leis de Ideologia de G\u00e9nero &#8211; Iolanda Melo","datePublished":"2018-11-30T13:13:13+00:00","dateModified":"2026-04-07T09:55:52+00:00","mainEntityOfPage":{"@id":"https:\/\/aliancaevangelica.pt\/site\/meninos-meninas-e-as-novas-leis-de-ideologia-de-genero-iolanda-melo\/"},"wordCount":1084,"publisher":{"@id":"https:\/\/aliancaevangelica.pt\/site\/#organization"},"image":{"@id":"https:\/\/aliancaevangelica.pt\/site\/meninos-meninas-e-as-novas-leis-de-ideologia-de-genero-iolanda-melo\/#primaryimage"},"thumbnailUrl":"https:\/\/aliancaevangelica.pt\/site\/wp-content\/uploads\/2018\/11\/ideologia-de-genero.jpg","articleSection":["Tomadas de Posi\u00e7\u00e3o"],"inLanguage":"pt-PT"},{"@type":"WebPage","@id":"https:\/\/aliancaevangelica.pt\/site\/meninos-meninas-e-as-novas-leis-de-ideologia-de-genero-iolanda-melo\/","url":"https:\/\/aliancaevangelica.pt\/site\/meninos-meninas-e-as-novas-leis-de-ideologia-de-genero-iolanda-melo\/","name":"Meninos, Meninas e as novas Leis de Ideologia de G\u00e9nero - Iolanda Melo - AEP","isPartOf":{"@id":"https:\/\/aliancaevangelica.pt\/site\/#website"},"primaryImageOfPage":{"@id":"https:\/\/aliancaevangelica.pt\/site\/meninos-meninas-e-as-novas-leis-de-ideologia-de-genero-iolanda-melo\/#primaryimage"},"image":{"@id":"https:\/\/aliancaevangelica.pt\/site\/meninos-meninas-e-as-novas-leis-de-ideologia-de-genero-iolanda-melo\/#primaryimage"},"thumbnailUrl":"https:\/\/aliancaevangelica.pt\/site\/wp-content\/uploads\/2018\/11\/ideologia-de-genero.jpg","datePublished":"2018-11-30T13:13:13+00:00","dateModified":"2026-04-07T09:55:52+00:00","breadcrumb":{"@id":"https:\/\/aliancaevangelica.pt\/site\/meninos-meninas-e-as-novas-leis-de-ideologia-de-genero-iolanda-melo\/#breadcrumb"},"inLanguage":"pt-PT","potentialAction":[{"@type":"ReadAction","target":["https:\/\/aliancaevangelica.pt\/site\/meninos-meninas-e-as-novas-leis-de-ideologia-de-genero-iolanda-melo\/"]}]},{"@type":"ImageObject","inLanguage":"pt-PT","@id":"https:\/\/aliancaevangelica.pt\/site\/meninos-meninas-e-as-novas-leis-de-ideologia-de-genero-iolanda-melo\/#primaryimage","url":"https:\/\/aliancaevangelica.pt\/site\/wp-content\/uploads\/2018\/11\/ideologia-de-genero.jpg","contentUrl":"https:\/\/aliancaevangelica.pt\/site\/wp-content\/uploads\/2018\/11\/ideologia-de-genero.jpg","width":900,"height":675},{"@type":"BreadcrumbList","@id":"https:\/\/aliancaevangelica.pt\/site\/meninos-meninas-e-as-novas-leis-de-ideologia-de-genero-iolanda-melo\/#breadcrumb","itemListElement":[{"@type":"ListItem","position":1,"name":"In\u00edcio","item":"https:\/\/aliancaevangelica.pt\/site\/"},{"@type":"ListItem","position":2,"name":"Meninos, Meninas e as novas Leis de Ideologia de G\u00e9nero &#8211; Iolanda Melo"}]},{"@type":"WebSite","@id":"https:\/\/aliancaevangelica.pt\/site\/#website","url":"https:\/\/aliancaevangelica.pt\/site\/","name":"Alian\u00e7a Evang\u00e9lica Portuguesa","description":"Alian\u00e7a Evang\u00e9lica Portuguesa","publisher":{"@id":"https:\/\/aliancaevangelica.pt\/site\/#organization"},"potentialAction":[{"@type":"SearchAction","target":{"@type":"EntryPoint","urlTemplate":"https:\/\/aliancaevangelica.pt\/site\/?s={search_term_string}"},"query-input":{"@type":"PropertyValueSpecification","valueRequired":true,"valueName":"search_term_string"}}],"inLanguage":"pt-PT"},{"@type":"Organization","@id":"https:\/\/aliancaevangelica.pt\/site\/#organization","name":"Alian\u00e7a Evang\u00e9lica Portuguesa","url":"https:\/\/aliancaevangelica.pt\/site\/","logo":{"@type":"ImageObject","inLanguage":"pt-PT","@id":"https:\/\/aliancaevangelica.pt\/site\/#\/schema\/logo\/image\/","url":"https:\/\/aliancaevangelica.pt\/site\/wp-content\/uploads\/2017\/11\/logo-AEP-cor.png","contentUrl":"https:\/\/aliancaevangelica.pt\/site\/wp-content\/uploads\/2017\/11\/logo-AEP-cor.png","width":1156,"height":672,"caption":"Alian\u00e7a Evang\u00e9lica Portuguesa"},"image":{"@id":"https:\/\/aliancaevangelica.pt\/site\/#\/schema\/logo\/image\/"},"sameAs":["http:\/\/facebook.com\/aeportuguesa","http:\/\/instagram.com\/aliancaep","http:\/\/youtube.com\/aeportuguesa"]},{"@type":"Person","@id":"https:\/\/aliancaevangelica.pt\/site\/#\/schema\/person\/3b47cfc7535eff1e820f31c2d67eafcf","name":"AEP","sameAs":["aeportugal"],"url":"https:\/\/aliancaevangelica.pt\/site\/author\/aeportugal\/"}]}},"uagb_featured_image_src":{"full":["https:\/\/aliancaevangelica.pt\/site\/wp-content\/uploads\/2018\/11\/ideologia-de-genero.jpg",900,675,false],"thumbnail":["https:\/\/aliancaevangelica.pt\/site\/wp-content\/uploads\/2018\/11\/ideologia-de-genero-150x150.jpg",150,150,true],"medium":["https:\/\/aliancaevangelica.pt\/site\/wp-content\/uploads\/2018\/11\/ideologia-de-genero-300x225.jpg",300,225,true],"medium_large":["https:\/\/aliancaevangelica.pt\/site\/wp-content\/uploads\/2018\/11\/ideologia-de-genero-768x576.jpg",768,576,true],"large":["https:\/\/aliancaevangelica.pt\/site\/wp-content\/uploads\/2018\/11\/ideologia-de-genero.jpg",900,675,false],"1536x1536":["https:\/\/aliancaevangelica.pt\/site\/wp-content\/uploads\/2018\/11\/ideologia-de-genero.jpg",900,675,false],"2048x2048":["https:\/\/aliancaevangelica.pt\/site\/wp-content\/uploads\/2018\/11\/ideologia-de-genero.jpg",900,675,false],"vp_sm":["https:\/\/aliancaevangelica.pt\/site\/wp-content\/uploads\/2018\/11\/ideologia-de-genero.jpg",500,375,false],"vp_md":["https:\/\/aliancaevangelica.pt\/site\/wp-content\/uploads\/2018\/11\/ideologia-de-genero.jpg",800,600,false],"vp_lg":["https:\/\/aliancaevangelica.pt\/site\/wp-content\/uploads\/2018\/11\/ideologia-de-genero.jpg",900,675,false],"vp_xl":["https:\/\/aliancaevangelica.pt\/site\/wp-content\/uploads\/2018\/11\/ideologia-de-genero.jpg",900,675,false],"vp_sm_popup":["https:\/\/aliancaevangelica.pt\/site\/wp-content\/uploads\/2018\/11\/ideologia-de-genero.jpg",500,375,false],"vp_md_popup":["https:\/\/aliancaevangelica.pt\/site\/wp-content\/uploads\/2018\/11\/ideologia-de-genero.jpg",800,600,false],"vp_xl_popup":["https:\/\/aliancaevangelica.pt\/site\/wp-content\/uploads\/2018\/11\/ideologia-de-genero.jpg",900,675,false],"newsx-150x100":["https:\/\/aliancaevangelica.pt\/site\/wp-content\/uploads\/2018\/11\/ideologia-de-genero.jpg",133,100,false],"newsx-330x220":["https:\/\/aliancaevangelica.pt\/site\/wp-content\/uploads\/2018\/11\/ideologia-de-genero.jpg",293,220,false],"newsx-420x280":["https:\/\/aliancaevangelica.pt\/site\/wp-content\/uploads\/2018\/11\/ideologia-de-genero.jpg",373,280,false],"newsx-510x340":["https:\/\/aliancaevangelica.pt\/site\/wp-content\/uploads\/2018\/11\/ideologia-de-genero.jpg",453,340,false],"newsx-640x480":["https:\/\/aliancaevangelica.pt\/site\/wp-content\/uploads\/2018\/11\/ideologia-de-genero.jpg",640,480,false],"newsx-670x370":["https:\/\/aliancaevangelica.pt\/site\/wp-content\/uploads\/2018\/11\/ideologia-de-genero.jpg",493,370,false],"newsx-860x570":["https:\/\/aliancaevangelica.pt\/site\/wp-content\/uploads\/2018\/11\/ideologia-de-genero.jpg",760,570,false],"newsx-1000x750":["https:\/\/aliancaevangelica.pt\/site\/wp-content\/uploads\/2018\/11\/ideologia-de-genero.jpg",900,675,false],"newsx-1200x600":["https:\/\/aliancaevangelica.pt\/site\/wp-content\/uploads\/2018\/11\/ideologia-de-genero.jpg",800,600,false]},"uagb_author_info":{"display_name":"AEP","author_link":"https:\/\/aliancaevangelica.pt\/site\/author\/aeportugal\/"},"uagb_comment_info":0,"uagb_excerpt":"\u201cN\u00e3o tendes lido que o Criador, desde o princ\u00edpio, os fez homem e mulher (\u2026)?\u201d (Mateus 19:4) (Artigo Retirado do Boletim Ecos, da APECP, N\u00ba 124 (Abril\/Maio\/Junho 2018) Download do ficheiro completo: Documento em PDF &nbsp; No passado dia 13 de Abril, o Parlamento Portugu\u00eas aprovou a nova lei que permite a mudan\u00e7a de g\u00e9nero","_links":{"self":[{"href":"https:\/\/aliancaevangelica.pt\/site\/wp-json\/wp\/v2\/posts\/16686","targetHints":{"allow":["GET"]}}],"collection":[{"href":"https:\/\/aliancaevangelica.pt\/site\/wp-json\/wp\/v2\/posts"}],"about":[{"href":"https:\/\/aliancaevangelica.pt\/site\/wp-json\/wp\/v2\/types\/post"}],"author":[{"embeddable":true,"href":"https:\/\/aliancaevangelica.pt\/site\/wp-json\/wp\/v2\/users\/2"}],"replies":[{"embeddable":true,"href":"https:\/\/aliancaevangelica.pt\/site\/wp-json\/wp\/v2\/comments?post=16686"}],"version-history":[{"count":2,"href":"https:\/\/aliancaevangelica.pt\/site\/wp-json\/wp\/v2\/posts\/16686\/revisions"}],"predecessor-version":[{"id":18001,"href":"https:\/\/aliancaevangelica.pt\/site\/wp-json\/wp\/v2\/posts\/16686\/revisions\/18001"}],"wp:featuredmedia":[{"embeddable":true,"href":"https:\/\/aliancaevangelica.pt\/site\/wp-json\/wp\/v2\/media\/16687"}],"wp:attachment":[{"href":"https:\/\/aliancaevangelica.pt\/site\/wp-json\/wp\/v2\/media?parent=16686"}],"wp:term":[{"taxonomy":"category","embeddable":true,"href":"https:\/\/aliancaevangelica.pt\/site\/wp-json\/wp\/v2\/categories?post=16686"},{"taxonomy":"post_tag","embeddable":true,"href":"https:\/\/aliancaevangelica.pt\/site\/wp-json\/wp\/v2\/tags?post=16686"}],"curies":[{"name":"wp","href":"https:\/\/api.w.org\/{rel}","templated":true}]}}