{"id":16578,"date":"2018-10-29T20:31:28","date_gmt":"2018-10-29T20:31:28","guid":{"rendered":"https:\/\/aliancaevangelica.pt\/site\/?p=16578"},"modified":"2026-04-07T09:55:36","modified_gmt":"2026-04-07T09:55:36","slug":"alianca-evangelica-mundial-wea-expressa-tristeza-por-ataque-a-sinagoga-em-pittsburgh-e-pede-oracoes-para-as-familias-afetadas","status":"publish","type":"post","link":"https:\/\/aliancaevangelica.pt\/site\/alianca-evangelica-mundial-wea-expressa-tristeza-por-ataque-a-sinagoga-em-pittsburgh-e-pede-oracoes-para-as-familias-afetadas\/","title":{"rendered":"Alian\u00e7a Evang\u00e9lica Mundial (WEA) expressa tristeza por ataque \u00e0 sinagoga em Pittsburgh e pede ora\u00e7\u00f5es para as fam\u00edlias afetadas"},"content":{"rendered":"<p>Nova York, NY &#8211; 28 de outubro de 2018<\/p>\n<p>A Alian\u00e7a Evang\u00e9lica Mundial (WEA) expressa a sua tristeza pelo tr\u00e1gico evento em Pittsburgh, Pensilv\u00e2nia, onde um atirador matou onze fi\u00e9is numa sinagoga. Bp Efraim Tendero, Secret\u00e1rio Geral e CEO da WEA, emitiu a seguinte declara\u00e7\u00e3o:<\/p>\n<p>Estamos muito preocupados com o que aconteceu na Sinagoga da \u00c1rvore da Vida neste fim de semana e oferecemos as nossas sinceras ora\u00e7\u00f5es de compaix\u00e3o e apoio \u00e0s fam\u00edlias dos mortos, \u00e0 congrega\u00e7\u00e3o local e \u00e0 comunidade judaica como um todo.<\/p>\n<p>Pedimos que todos os crentes ao redor do mundo orem especificamente:<\/p>\n<ul>\n<li>Pelas fam\u00edlias, aqueles que perderam entes queridos experimentem a paz de Deus;<\/li>\n<li>Pelos l\u00edderes da \u00c1rvore da Vida e da comunidade judaica, que t\u00eam de cuidar o sofrimento existente;<\/li>\n<li>Para que o corpo de Cristo seja unido a todas as pessoas de boa vontade contra o \u00f3dio e a viol\u00eancia;<\/li>\n<li>Que Deus possa mostrar miseric\u00f3rdia para com todos.<\/li>\n<\/ul>\n<p>Estamos preocupados com a cultura cada vez mais polarizada e cheia de \u00f3dio em muitas na\u00e7\u00f5es e regi\u00f5es do mundo que n\u00e3o apenas marginaliza as minorias, mas chega a encorajar a viol\u00eancia contra aqueles diferentes de si mesmos. Acreditamos que, embora \u00e0s vezes possamos discordar das pessoas em quest\u00f5es de f\u00e9, opini\u00e3o ou tradi\u00e7\u00e3o, todas as pessoas s\u00e3o criadas por Deus e t\u00eam dignidade inerente que merece respeito. Jesus chamou-nos para sermos pacificadores e, nesse esp\u00edrito, chamamos as pessoas de f\u00e9 e qualquer pessoa de boa vontade a n\u00e3o permanecer em sil\u00eancio, mas a falar onde o \u00f3dio ou a viol\u00eancia s\u00e3o encorajados.<\/p>\n<p>&nbsp;<\/p>\n<p>&nbsp;<\/p>\n<h5>Fonte: <a href=\"https:\/\/www.worldea.org\/news\/4902\/wea-expresses-sorrow-over-attack-on-synagogue-in-pittsburgh-calls-for-prayer-for-affected-families\" target=\"_blank\" rel=\"noopener\">www.worldea.org<\/a><\/h5>\n<h5>Tradu\u00e7\u00e3o: Lu\u00eds Calaim<\/h5>\n","protected":false},"excerpt":{"rendered":"<p>Nova York, NY &#8211; 28 de outubro de 2018 A Alian\u00e7a Evang\u00e9lica Mundial (WEA) expressa a sua tristeza pelo tr\u00e1gico evento em Pittsburgh, Pensilv\u00e2nia, onde um atirador matou onze fi\u00e9is numa sinagoga. Bp Efraim Tendero, Secret\u00e1rio Geral e CEO da WEA, emitiu a seguinte declara\u00e7\u00e3o: Estamos muito preocupados com o que aconteceu na Sinagoga da<\/p>\n","protected":false},"author":2,"featured_media":16584,"comment_status":"open","ping_status":"open","sticky":false,"template":"","format":"standard","meta":{"_uag_custom_page_level_css":"","_themeisle_gutenberg_block_has_review":false,"_vp_format_video_url":"","_vp_image_focal_point":[],"footnotes":""},"categories":[52],"tags":[],"class_list":["post-16578","post","type-post","status-publish","format-standard","has-post-thumbnail","hentry","category-tomadas-de-posicao"],"yoast_head":"<!-- This site is optimized with the Yoast SEO plugin v27.5 - https:\/\/yoast.com\/product\/yoast-seo-wordpress\/ -->\n<title>Alian\u00e7a Evang\u00e9lica Mundial (WEA) expressa tristeza por ataque \u00e0 sinagoga em Pittsburgh e pede ora\u00e7\u00f5es para as fam\u00edlias afetadas - AEP<\/title>\n<meta name=\"robots\" content=\"index, follow, max-snippet:-1, max-image-preview:large, max-video-preview:-1\" \/>\n<link rel=\"canonical\" href=\"https:\/\/aliancaevangelica.pt\/site\/alianca-evangelica-mundial-wea-expressa-tristeza-por-ataque-a-sinagoga-em-pittsburgh-e-pede-oracoes-para-as-familias-afetadas\/\" \/>\n<meta property=\"og:locale\" content=\"pt_PT\" \/>\n<meta property=\"og:type\" content=\"article\" \/>\n<meta property=\"og:title\" content=\"Alian\u00e7a Evang\u00e9lica Mundial (WEA) expressa tristeza por ataque \u00e0 sinagoga em Pittsburgh e pede ora\u00e7\u00f5es para as fam\u00edlias afetadas - AEP\" \/>\n<meta property=\"og:description\" content=\"Nova York, NY &#8211; 28 de outubro de 2018 A Alian\u00e7a Evang\u00e9lica Mundial (WEA) expressa a sua tristeza pelo tr\u00e1gico evento em Pittsburgh, Pensilv\u00e2nia, onde um atirador matou onze fi\u00e9is numa sinagoga. Bp Efraim Tendero, Secret\u00e1rio Geral e CEO da WEA, emitiu a seguinte declara\u00e7\u00e3o: Estamos muito preocupados com o que aconteceu na Sinagoga da\" \/>\n<meta property=\"og:url\" content=\"https:\/\/aliancaevangelica.pt\/site\/alianca-evangelica-mundial-wea-expressa-tristeza-por-ataque-a-sinagoga-em-pittsburgh-e-pede-oracoes-para-as-familias-afetadas\/\" \/>\n<meta property=\"og:site_name\" content=\"AEP\" \/>\n<meta property=\"article:publisher\" content=\"http:\/\/facebook.com\/aeportuguesa\" \/>\n<meta property=\"article:author\" content=\"aeportugal\" \/>\n<meta property=\"article:published_time\" content=\"2018-10-29T20:31:28+00:00\" \/>\n<meta property=\"article:modified_time\" content=\"2026-04-07T09:55:36+00:00\" \/>\n<meta property=\"og:image\" content=\"https:\/\/aliancaevangelica.pt\/site\/wp-content\/uploads\/2018\/10\/wea-logo.jpg\" \/>\n\t<meta property=\"og:image:width\" content=\"1280\" \/>\n\t<meta property=\"og:image:height\" content=\"720\" \/>\n\t<meta property=\"og:image:type\" content=\"image\/jpeg\" \/>\n<meta name=\"author\" content=\"AEP\" \/>\n<meta name=\"twitter:card\" content=\"summary_large_image\" \/>\n<meta name=\"twitter:label1\" content=\"Escrito por\" \/>\n\t<meta name=\"twitter:data1\" content=\"AEP\" \/>\n\t<meta name=\"twitter:label2\" content=\"Tempo estimado de leitura\" \/>\n\t<meta name=\"twitter:data2\" content=\"1 minuto\" \/>\n<script type=\"application\/ld+json\" class=\"yoast-schema-graph\">{\"@context\":\"https:\\\/\\\/schema.org\",\"@graph\":[{\"@type\":\"Article\",\"@id\":\"https:\\\/\\\/aliancaevangelica.pt\\\/site\\\/alianca-evangelica-mundial-wea-expressa-tristeza-por-ataque-a-sinagoga-em-pittsburgh-e-pede-oracoes-para-as-familias-afetadas\\\/#article\",\"isPartOf\":{\"@id\":\"https:\\\/\\\/aliancaevangelica.pt\\\/site\\\/alianca-evangelica-mundial-wea-expressa-tristeza-por-ataque-a-sinagoga-em-pittsburgh-e-pede-oracoes-para-as-familias-afetadas\\\/\"},\"author\":{\"name\":\"AEP\",\"@id\":\"https:\\\/\\\/aliancaevangelica.pt\\\/site\\\/#\\\/schema\\\/person\\\/3b47cfc7535eff1e820f31c2d67eafcf\"},\"headline\":\"Alian\u00e7a Evang\u00e9lica Mundial (WEA) expressa tristeza por ataque \u00e0 sinagoga em Pittsburgh e pede ora\u00e7\u00f5es para as fam\u00edlias afetadas\",\"datePublished\":\"2018-10-29T20:31:28+00:00\",\"dateModified\":\"2026-04-07T09:55:36+00:00\",\"mainEntityOfPage\":{\"@id\":\"https:\\\/\\\/aliancaevangelica.pt\\\/site\\\/alianca-evangelica-mundial-wea-expressa-tristeza-por-ataque-a-sinagoga-em-pittsburgh-e-pede-oracoes-para-as-familias-afetadas\\\/\"},\"wordCount\":317,\"commentCount\":0,\"publisher\":{\"@id\":\"https:\\\/\\\/aliancaevangelica.pt\\\/site\\\/#organization\"},\"image\":{\"@id\":\"https:\\\/\\\/aliancaevangelica.pt\\\/site\\\/alianca-evangelica-mundial-wea-expressa-tristeza-por-ataque-a-sinagoga-em-pittsburgh-e-pede-oracoes-para-as-familias-afetadas\\\/#primaryimage\"},\"thumbnailUrl\":\"https:\\\/\\\/aliancaevangelica.pt\\\/site\\\/wp-content\\\/uploads\\\/2018\\\/10\\\/wea-logo.jpg\",\"articleSection\":[\"Tomadas de Posi\u00e7\u00e3o\"],\"inLanguage\":\"pt-PT\",\"potentialAction\":[{\"@type\":\"CommentAction\",\"name\":\"Comment\",\"target\":[\"https:\\\/\\\/aliancaevangelica.pt\\\/site\\\/alianca-evangelica-mundial-wea-expressa-tristeza-por-ataque-a-sinagoga-em-pittsburgh-e-pede-oracoes-para-as-familias-afetadas\\\/#respond\"]}]},{\"@type\":\"WebPage\",\"@id\":\"https:\\\/\\\/aliancaevangelica.pt\\\/site\\\/alianca-evangelica-mundial-wea-expressa-tristeza-por-ataque-a-sinagoga-em-pittsburgh-e-pede-oracoes-para-as-familias-afetadas\\\/\",\"url\":\"https:\\\/\\\/aliancaevangelica.pt\\\/site\\\/alianca-evangelica-mundial-wea-expressa-tristeza-por-ataque-a-sinagoga-em-pittsburgh-e-pede-oracoes-para-as-familias-afetadas\\\/\",\"name\":\"Alian\u00e7a Evang\u00e9lica Mundial (WEA) expressa tristeza por ataque \u00e0 sinagoga em Pittsburgh e pede ora\u00e7\u00f5es para as fam\u00edlias afetadas - AEP\",\"isPartOf\":{\"@id\":\"https:\\\/\\\/aliancaevangelica.pt\\\/site\\\/#website\"},\"primaryImageOfPage\":{\"@id\":\"https:\\\/\\\/aliancaevangelica.pt\\\/site\\\/alianca-evangelica-mundial-wea-expressa-tristeza-por-ataque-a-sinagoga-em-pittsburgh-e-pede-oracoes-para-as-familias-afetadas\\\/#primaryimage\"},\"image\":{\"@id\":\"https:\\\/\\\/aliancaevangelica.pt\\\/site\\\/alianca-evangelica-mundial-wea-expressa-tristeza-por-ataque-a-sinagoga-em-pittsburgh-e-pede-oracoes-para-as-familias-afetadas\\\/#primaryimage\"},\"thumbnailUrl\":\"https:\\\/\\\/aliancaevangelica.pt\\\/site\\\/wp-content\\\/uploads\\\/2018\\\/10\\\/wea-logo.jpg\",\"datePublished\":\"2018-10-29T20:31:28+00:00\",\"dateModified\":\"2026-04-07T09:55:36+00:00\",\"breadcrumb\":{\"@id\":\"https:\\\/\\\/aliancaevangelica.pt\\\/site\\\/alianca-evangelica-mundial-wea-expressa-tristeza-por-ataque-a-sinagoga-em-pittsburgh-e-pede-oracoes-para-as-familias-afetadas\\\/#breadcrumb\"},\"inLanguage\":\"pt-PT\",\"potentialAction\":[{\"@type\":\"ReadAction\",\"target\":[\"https:\\\/\\\/aliancaevangelica.pt\\\/site\\\/alianca-evangelica-mundial-wea-expressa-tristeza-por-ataque-a-sinagoga-em-pittsburgh-e-pede-oracoes-para-as-familias-afetadas\\\/\"]}]},{\"@type\":\"ImageObject\",\"inLanguage\":\"pt-PT\",\"@id\":\"https:\\\/\\\/aliancaevangelica.pt\\\/site\\\/alianca-evangelica-mundial-wea-expressa-tristeza-por-ataque-a-sinagoga-em-pittsburgh-e-pede-oracoes-para-as-familias-afetadas\\\/#primaryimage\",\"url\":\"https:\\\/\\\/aliancaevangelica.pt\\\/site\\\/wp-content\\\/uploads\\\/2018\\\/10\\\/wea-logo.jpg\",\"contentUrl\":\"https:\\\/\\\/aliancaevangelica.pt\\\/site\\\/wp-content\\\/uploads\\\/2018\\\/10\\\/wea-logo.jpg\",\"width\":1280,\"height\":720},{\"@type\":\"BreadcrumbList\",\"@id\":\"https:\\\/\\\/aliancaevangelica.pt\\\/site\\\/alianca-evangelica-mundial-wea-expressa-tristeza-por-ataque-a-sinagoga-em-pittsburgh-e-pede-oracoes-para-as-familias-afetadas\\\/#breadcrumb\",\"itemListElement\":[{\"@type\":\"ListItem\",\"position\":1,\"name\":\"In\u00edcio\",\"item\":\"https:\\\/\\\/aliancaevangelica.pt\\\/site\\\/\"},{\"@type\":\"ListItem\",\"position\":2,\"name\":\"Alian\u00e7a Evang\u00e9lica Mundial (WEA) expressa tristeza por ataque \u00e0 sinagoga em Pittsburgh e pede ora\u00e7\u00f5es para as fam\u00edlias afetadas\"}]},{\"@type\":\"WebSite\",\"@id\":\"https:\\\/\\\/aliancaevangelica.pt\\\/site\\\/#website\",\"url\":\"https:\\\/\\\/aliancaevangelica.pt\\\/site\\\/\",\"name\":\"Alian\u00e7a Evang\u00e9lica Portuguesa\",\"description\":\"Alian\u00e7a Evang\u00e9lica Portuguesa\",\"publisher\":{\"@id\":\"https:\\\/\\\/aliancaevangelica.pt\\\/site\\\/#organization\"},\"potentialAction\":[{\"@type\":\"SearchAction\",\"target\":{\"@type\":\"EntryPoint\",\"urlTemplate\":\"https:\\\/\\\/aliancaevangelica.pt\\\/site\\\/?s={search_term_string}\"},\"query-input\":{\"@type\":\"PropertyValueSpecification\",\"valueRequired\":true,\"valueName\":\"search_term_string\"}}],\"inLanguage\":\"pt-PT\"},{\"@type\":\"Organization\",\"@id\":\"https:\\\/\\\/aliancaevangelica.pt\\\/site\\\/#organization\",\"name\":\"Alian\u00e7a Evang\u00e9lica Portuguesa\",\"url\":\"https:\\\/\\\/aliancaevangelica.pt\\\/site\\\/\",\"logo\":{\"@type\":\"ImageObject\",\"inLanguage\":\"pt-PT\",\"@id\":\"https:\\\/\\\/aliancaevangelica.pt\\\/site\\\/#\\\/schema\\\/logo\\\/image\\\/\",\"url\":\"https:\\\/\\\/aliancaevangelica.pt\\\/site\\\/wp-content\\\/uploads\\\/2017\\\/11\\\/logo-AEP-cor.png\",\"contentUrl\":\"https:\\\/\\\/aliancaevangelica.pt\\\/site\\\/wp-content\\\/uploads\\\/2017\\\/11\\\/logo-AEP-cor.png\",\"width\":1156,\"height\":672,\"caption\":\"Alian\u00e7a Evang\u00e9lica Portuguesa\"},\"image\":{\"@id\":\"https:\\\/\\\/aliancaevangelica.pt\\\/site\\\/#\\\/schema\\\/logo\\\/image\\\/\"},\"sameAs\":[\"http:\\\/\\\/facebook.com\\\/aeportuguesa\",\"http:\\\/\\\/instagram.com\\\/aliancaep\",\"http:\\\/\\\/youtube.com\\\/aeportuguesa\"]},{\"@type\":\"Person\",\"@id\":\"https:\\\/\\\/aliancaevangelica.pt\\\/site\\\/#\\\/schema\\\/person\\\/3b47cfc7535eff1e820f31c2d67eafcf\",\"name\":\"AEP\",\"sameAs\":[\"aeportugal\"],\"url\":\"https:\\\/\\\/aliancaevangelica.pt\\\/site\\\/author\\\/aeportugal\\\/\"}]}<\/script>\n<!-- \/ Yoast SEO plugin. -->","yoast_head_json":{"title":"Alian\u00e7a Evang\u00e9lica Mundial (WEA) expressa tristeza por ataque \u00e0 sinagoga em Pittsburgh e pede ora\u00e7\u00f5es para as fam\u00edlias afetadas - AEP","robots":{"index":"index","follow":"follow","max-snippet":"max-snippet:-1","max-image-preview":"max-image-preview:large","max-video-preview":"max-video-preview:-1"},"canonical":"https:\/\/aliancaevangelica.pt\/site\/alianca-evangelica-mundial-wea-expressa-tristeza-por-ataque-a-sinagoga-em-pittsburgh-e-pede-oracoes-para-as-familias-afetadas\/","og_locale":"pt_PT","og_type":"article","og_title":"Alian\u00e7a Evang\u00e9lica Mundial (WEA) expressa tristeza por ataque \u00e0 sinagoga em Pittsburgh e pede ora\u00e7\u00f5es para as fam\u00edlias afetadas - AEP","og_description":"Nova York, NY &#8211; 28 de outubro de 2018 A Alian\u00e7a Evang\u00e9lica Mundial (WEA) expressa a sua tristeza pelo tr\u00e1gico evento em Pittsburgh, Pensilv\u00e2nia, onde um atirador matou onze fi\u00e9is numa sinagoga. Bp Efraim Tendero, Secret\u00e1rio Geral e CEO da WEA, emitiu a seguinte declara\u00e7\u00e3o: Estamos muito preocupados com o que aconteceu na Sinagoga da","og_url":"https:\/\/aliancaevangelica.pt\/site\/alianca-evangelica-mundial-wea-expressa-tristeza-por-ataque-a-sinagoga-em-pittsburgh-e-pede-oracoes-para-as-familias-afetadas\/","og_site_name":"AEP","article_publisher":"http:\/\/facebook.com\/aeportuguesa","article_author":"aeportugal","article_published_time":"2018-10-29T20:31:28+00:00","article_modified_time":"2026-04-07T09:55:36+00:00","og_image":[{"width":1280,"height":720,"url":"https:\/\/aliancaevangelica.pt\/site\/wp-content\/uploads\/2018\/10\/wea-logo.jpg","type":"image\/jpeg"}],"author":"AEP","twitter_card":"summary_large_image","twitter_misc":{"Escrito por":"AEP","Tempo estimado de leitura":"1 minuto"},"schema":{"@context":"https:\/\/schema.org","@graph":[{"@type":"Article","@id":"https:\/\/aliancaevangelica.pt\/site\/alianca-evangelica-mundial-wea-expressa-tristeza-por-ataque-a-sinagoga-em-pittsburgh-e-pede-oracoes-para-as-familias-afetadas\/#article","isPartOf":{"@id":"https:\/\/aliancaevangelica.pt\/site\/alianca-evangelica-mundial-wea-expressa-tristeza-por-ataque-a-sinagoga-em-pittsburgh-e-pede-oracoes-para-as-familias-afetadas\/"},"author":{"name":"AEP","@id":"https:\/\/aliancaevangelica.pt\/site\/#\/schema\/person\/3b47cfc7535eff1e820f31c2d67eafcf"},"headline":"Alian\u00e7a Evang\u00e9lica Mundial (WEA) expressa tristeza por ataque \u00e0 sinagoga em Pittsburgh e pede ora\u00e7\u00f5es para as fam\u00edlias afetadas","datePublished":"2018-10-29T20:31:28+00:00","dateModified":"2026-04-07T09:55:36+00:00","mainEntityOfPage":{"@id":"https:\/\/aliancaevangelica.pt\/site\/alianca-evangelica-mundial-wea-expressa-tristeza-por-ataque-a-sinagoga-em-pittsburgh-e-pede-oracoes-para-as-familias-afetadas\/"},"wordCount":317,"commentCount":0,"publisher":{"@id":"https:\/\/aliancaevangelica.pt\/site\/#organization"},"image":{"@id":"https:\/\/aliancaevangelica.pt\/site\/alianca-evangelica-mundial-wea-expressa-tristeza-por-ataque-a-sinagoga-em-pittsburgh-e-pede-oracoes-para-as-familias-afetadas\/#primaryimage"},"thumbnailUrl":"https:\/\/aliancaevangelica.pt\/site\/wp-content\/uploads\/2018\/10\/wea-logo.jpg","articleSection":["Tomadas de Posi\u00e7\u00e3o"],"inLanguage":"pt-PT","potentialAction":[{"@type":"CommentAction","name":"Comment","target":["https:\/\/aliancaevangelica.pt\/site\/alianca-evangelica-mundial-wea-expressa-tristeza-por-ataque-a-sinagoga-em-pittsburgh-e-pede-oracoes-para-as-familias-afetadas\/#respond"]}]},{"@type":"WebPage","@id":"https:\/\/aliancaevangelica.pt\/site\/alianca-evangelica-mundial-wea-expressa-tristeza-por-ataque-a-sinagoga-em-pittsburgh-e-pede-oracoes-para-as-familias-afetadas\/","url":"https:\/\/aliancaevangelica.pt\/site\/alianca-evangelica-mundial-wea-expressa-tristeza-por-ataque-a-sinagoga-em-pittsburgh-e-pede-oracoes-para-as-familias-afetadas\/","name":"Alian\u00e7a Evang\u00e9lica Mundial (WEA) expressa tristeza por ataque \u00e0 sinagoga em Pittsburgh e pede ora\u00e7\u00f5es para as fam\u00edlias afetadas - AEP","isPartOf":{"@id":"https:\/\/aliancaevangelica.pt\/site\/#website"},"primaryImageOfPage":{"@id":"https:\/\/aliancaevangelica.pt\/site\/alianca-evangelica-mundial-wea-expressa-tristeza-por-ataque-a-sinagoga-em-pittsburgh-e-pede-oracoes-para-as-familias-afetadas\/#primaryimage"},"image":{"@id":"https:\/\/aliancaevangelica.pt\/site\/alianca-evangelica-mundial-wea-expressa-tristeza-por-ataque-a-sinagoga-em-pittsburgh-e-pede-oracoes-para-as-familias-afetadas\/#primaryimage"},"thumbnailUrl":"https:\/\/aliancaevangelica.pt\/site\/wp-content\/uploads\/2018\/10\/wea-logo.jpg","datePublished":"2018-10-29T20:31:28+00:00","dateModified":"2026-04-07T09:55:36+00:00","breadcrumb":{"@id":"https:\/\/aliancaevangelica.pt\/site\/alianca-evangelica-mundial-wea-expressa-tristeza-por-ataque-a-sinagoga-em-pittsburgh-e-pede-oracoes-para-as-familias-afetadas\/#breadcrumb"},"inLanguage":"pt-PT","potentialAction":[{"@type":"ReadAction","target":["https:\/\/aliancaevangelica.pt\/site\/alianca-evangelica-mundial-wea-expressa-tristeza-por-ataque-a-sinagoga-em-pittsburgh-e-pede-oracoes-para-as-familias-afetadas\/"]}]},{"@type":"ImageObject","inLanguage":"pt-PT","@id":"https:\/\/aliancaevangelica.pt\/site\/alianca-evangelica-mundial-wea-expressa-tristeza-por-ataque-a-sinagoga-em-pittsburgh-e-pede-oracoes-para-as-familias-afetadas\/#primaryimage","url":"https:\/\/aliancaevangelica.pt\/site\/wp-content\/uploads\/2018\/10\/wea-logo.jpg","contentUrl":"https:\/\/aliancaevangelica.pt\/site\/wp-content\/uploads\/2018\/10\/wea-logo.jpg","width":1280,"height":720},{"@type":"BreadcrumbList","@id":"https:\/\/aliancaevangelica.pt\/site\/alianca-evangelica-mundial-wea-expressa-tristeza-por-ataque-a-sinagoga-em-pittsburgh-e-pede-oracoes-para-as-familias-afetadas\/#breadcrumb","itemListElement":[{"@type":"ListItem","position":1,"name":"In\u00edcio","item":"https:\/\/aliancaevangelica.pt\/site\/"},{"@type":"ListItem","position":2,"name":"Alian\u00e7a Evang\u00e9lica Mundial (WEA) expressa tristeza por ataque \u00e0 sinagoga em Pittsburgh e pede ora\u00e7\u00f5es para as fam\u00edlias afetadas"}]},{"@type":"WebSite","@id":"https:\/\/aliancaevangelica.pt\/site\/#website","url":"https:\/\/aliancaevangelica.pt\/site\/","name":"Alian\u00e7a Evang\u00e9lica Portuguesa","description":"Alian\u00e7a Evang\u00e9lica Portuguesa","publisher":{"@id":"https:\/\/aliancaevangelica.pt\/site\/#organization"},"potentialAction":[{"@type":"SearchAction","target":{"@type":"EntryPoint","urlTemplate":"https:\/\/aliancaevangelica.pt\/site\/?s={search_term_string}"},"query-input":{"@type":"PropertyValueSpecification","valueRequired":true,"valueName":"search_term_string"}}],"inLanguage":"pt-PT"},{"@type":"Organization","@id":"https:\/\/aliancaevangelica.pt\/site\/#organization","name":"Alian\u00e7a Evang\u00e9lica Portuguesa","url":"https:\/\/aliancaevangelica.pt\/site\/","logo":{"@type":"ImageObject","inLanguage":"pt-PT","@id":"https:\/\/aliancaevangelica.pt\/site\/#\/schema\/logo\/image\/","url":"https:\/\/aliancaevangelica.pt\/site\/wp-content\/uploads\/2017\/11\/logo-AEP-cor.png","contentUrl":"https:\/\/aliancaevangelica.pt\/site\/wp-content\/uploads\/2017\/11\/logo-AEP-cor.png","width":1156,"height":672,"caption":"Alian\u00e7a Evang\u00e9lica Portuguesa"},"image":{"@id":"https:\/\/aliancaevangelica.pt\/site\/#\/schema\/logo\/image\/"},"sameAs":["http:\/\/facebook.com\/aeportuguesa","http:\/\/instagram.com\/aliancaep","http:\/\/youtube.com\/aeportuguesa"]},{"@type":"Person","@id":"https:\/\/aliancaevangelica.pt\/site\/#\/schema\/person\/3b47cfc7535eff1e820f31c2d67eafcf","name":"AEP","sameAs":["aeportugal"],"url":"https:\/\/aliancaevangelica.pt\/site\/author\/aeportugal\/"}]}},"uagb_featured_image_src":{"full":["https:\/\/aliancaevangelica.pt\/site\/wp-content\/uploads\/2018\/10\/wea-logo.jpg",1280,720,false],"thumbnail":["https:\/\/aliancaevangelica.pt\/site\/wp-content\/uploads\/2018\/10\/wea-logo-150x150.jpg",150,150,true],"medium":["https:\/\/aliancaevangelica.pt\/site\/wp-content\/uploads\/2018\/10\/wea-logo-300x169.jpg",300,169,true],"medium_large":["https:\/\/aliancaevangelica.pt\/site\/wp-content\/uploads\/2018\/10\/wea-logo-768x432.jpg",768,432,true],"large":["https:\/\/aliancaevangelica.pt\/site\/wp-content\/uploads\/2018\/10\/wea-logo-1024x576.jpg",960,540,true],"1536x1536":["https:\/\/aliancaevangelica.pt\/site\/wp-content\/uploads\/2018\/10\/wea-logo.jpg",1280,720,false],"2048x2048":["https:\/\/aliancaevangelica.pt\/site\/wp-content\/uploads\/2018\/10\/wea-logo.jpg",1280,720,false],"vp_sm":["https:\/\/aliancaevangelica.pt\/site\/wp-content\/uploads\/2018\/10\/wea-logo.jpg",500,281,false],"vp_md":["https:\/\/aliancaevangelica.pt\/site\/wp-content\/uploads\/2018\/10\/wea-logo.jpg",800,450,false],"vp_lg":["https:\/\/aliancaevangelica.pt\/site\/wp-content\/uploads\/2018\/10\/wea-logo.jpg",1280,720,false],"vp_xl":["https:\/\/aliancaevangelica.pt\/site\/wp-content\/uploads\/2018\/10\/wea-logo.jpg",1280,720,false],"vp_sm_popup":["https:\/\/aliancaevangelica.pt\/site\/wp-content\/uploads\/2018\/10\/wea-logo.jpg",500,281,false],"vp_md_popup":["https:\/\/aliancaevangelica.pt\/site\/wp-content\/uploads\/2018\/10\/wea-logo.jpg",800,450,false],"vp_xl_popup":["https:\/\/aliancaevangelica.pt\/site\/wp-content\/uploads\/2018\/10\/wea-logo.jpg",1280,720,false],"newsx-150x100":["https:\/\/aliancaevangelica.pt\/site\/wp-content\/uploads\/2018\/10\/wea-logo.jpg",150,84,false],"newsx-330x220":["https:\/\/aliancaevangelica.pt\/site\/wp-content\/uploads\/2018\/10\/wea-logo.jpg",330,186,false],"newsx-420x280":["https:\/\/aliancaevangelica.pt\/site\/wp-content\/uploads\/2018\/10\/wea-logo.jpg",420,236,false],"newsx-510x340":["https:\/\/aliancaevangelica.pt\/site\/wp-content\/uploads\/2018\/10\/wea-logo.jpg",510,287,false],"newsx-640x480":["https:\/\/aliancaevangelica.pt\/site\/wp-content\/uploads\/2018\/10\/wea-logo.jpg",640,360,false],"newsx-670x370":["https:\/\/aliancaevangelica.pt\/site\/wp-content\/uploads\/2018\/10\/wea-logo.jpg",658,370,false],"newsx-860x570":["https:\/\/aliancaevangelica.pt\/site\/wp-content\/uploads\/2018\/10\/wea-logo.jpg",860,484,false],"newsx-1000x750":["https:\/\/aliancaevangelica.pt\/site\/wp-content\/uploads\/2018\/10\/wea-logo.jpg",1000,563,false],"newsx-1200x600":["https:\/\/aliancaevangelica.pt\/site\/wp-content\/uploads\/2018\/10\/wea-logo.jpg",1067,600,false]},"uagb_author_info":{"display_name":"AEP","author_link":"https:\/\/aliancaevangelica.pt\/site\/author\/aeportugal\/"},"uagb_comment_info":0,"uagb_excerpt":"Nova York, NY &#8211; 28 de outubro de 2018 A Alian\u00e7a Evang\u00e9lica Mundial (WEA) expressa a sua tristeza pelo tr\u00e1gico evento em Pittsburgh, Pensilv\u00e2nia, onde um atirador matou onze fi\u00e9is numa sinagoga. Bp Efraim Tendero, Secret\u00e1rio Geral e CEO da WEA, emitiu a seguinte declara\u00e7\u00e3o: Estamos muito preocupados com o que aconteceu na Sinagoga da","_links":{"self":[{"href":"https:\/\/aliancaevangelica.pt\/site\/wp-json\/wp\/v2\/posts\/16578","targetHints":{"allow":["GET"]}}],"collection":[{"href":"https:\/\/aliancaevangelica.pt\/site\/wp-json\/wp\/v2\/posts"}],"about":[{"href":"https:\/\/aliancaevangelica.pt\/site\/wp-json\/wp\/v2\/types\/post"}],"author":[{"embeddable":true,"href":"https:\/\/aliancaevangelica.pt\/site\/wp-json\/wp\/v2\/users\/2"}],"replies":[{"embeddable":true,"href":"https:\/\/aliancaevangelica.pt\/site\/wp-json\/wp\/v2\/comments?post=16578"}],"version-history":[{"count":3,"href":"https:\/\/aliancaevangelica.pt\/site\/wp-json\/wp\/v2\/posts\/16578\/revisions"}],"predecessor-version":[{"id":16582,"href":"https:\/\/aliancaevangelica.pt\/site\/wp-json\/wp\/v2\/posts\/16578\/revisions\/16582"}],"wp:featuredmedia":[{"embeddable":true,"href":"https:\/\/aliancaevangelica.pt\/site\/wp-json\/wp\/v2\/media\/16584"}],"wp:attachment":[{"href":"https:\/\/aliancaevangelica.pt\/site\/wp-json\/wp\/v2\/media?parent=16578"}],"wp:term":[{"taxonomy":"category","embeddable":true,"href":"https:\/\/aliancaevangelica.pt\/site\/wp-json\/wp\/v2\/categories?post=16578"},{"taxonomy":"post_tag","embeddable":true,"href":"https:\/\/aliancaevangelica.pt\/site\/wp-json\/wp\/v2\/tags?post=16578"}],"curies":[{"name":"wp","href":"https:\/\/api.w.org\/{rel}","templated":true}]}}