{"id":16544,"date":"2018-10-19T13:18:12","date_gmt":"2018-10-19T13:18:12","guid":{"rendered":"https:\/\/aliancaevangelica.pt\/site\/?p=16544"},"modified":"2018-10-19T13:19:24","modified_gmt":"2018-10-19T13:19:24","slug":"onde-estavam-eles-bertina-coias-tome","status":"publish","type":"post","link":"https:\/\/aliancaevangelica.pt\/site\/onde-estavam-eles-bertina-coias-tome\/","title":{"rendered":"Onde estavam eles? &#8211; Bertina Coias Tom\u00e9"},"content":{"rendered":"<p>Numa casa possivelmente ampla mas desprovida de recursos, um homem vive uma condi\u00e7\u00e3o extremamente dif\u00edcil. As feridas cobrem-lhe todo o corpo, numa dor e num prurido que ele procura aliviar, raspando-as com um peda\u00e7o de telha.<\/p>\n<p>Em adversidades sucessivas, perdeu todos os seus haveres e os seus filhos.<br \/>\nVive numa solid\u00e3o pesada, que torna os dias ainda mais sombrios. E desabafa: \u201cOs meus parentes me deixaram, e os meus conhecidos se esqueceram de mim.\u201d (J\u00f3 19:14)<\/p>\n<p>Num certo dia, em que ele ora pelos seus amigos, este cen\u00e1rio de vida altera-se completa e definitivamente. Diz a B\u00edblia que \u201co Senhor virou o cativeiro de J\u00f3.\u201d (J\u00f3 42:10) E, de repente, h\u00e1 uma grande multid\u00e3o que se dirige \u00e0 sua casa. Como um ex\u00e9rcito determinado em ajud\u00e1-lo, todos os seus irm\u00e3os e irm\u00e3s e todos os seus conhecidos &#8211; muitas centenas, certamente, pois ele era \u201co maior de todos do oriente\u201d (J\u00f3 1:3) \u2013 v\u00e3o ter com ele. E ali:<\/p>\n<p style=\"padding-left: 30px;\">-\u201cComeram com ele p\u00e3o em sua casa\u201d \u2013 N\u00e3o foi uma \u201cvisita de m\u00e9dico\u201d, como se costuma dizer, mas um estar sem pressa, numa refei\u00e7\u00e3o partilhada.<br \/>\n-\u201c\u2026e se condoeram dele\u2026\u201d \u2013 Numa atitude emp\u00e1tica, \u201ccal\u00e7am os seus sapatos\u201d, sentem a sua dor e s\u00e3o movidos em compaix\u00e3o.<br \/>\n-\u201c\u2026e o consolaram\u2026\u201d \u2013 Ofereceram-lhe palavras de conforto, talvez abra\u00e7os, sorrisos, olhares acolhedores.<br \/>\n-\u201c\u2026e cada um deles lhe deu uma pe\u00e7a de dinheiro, e um pendente de ouro\u2026\u201d &#8211; De uma forma pr\u00e1tica e generosa, proporcionam-lhe recursos para reconstruir a sua actividade agr\u00edcola e pecu\u00e1ria que antes o tornara um homem extremamente rico.<\/p>\n<p>Onde estavam antes todas estas pessoas? Porque n\u00e3o se lembraram dele, quando definhava em solid\u00e3o? O que \u00e9 que as ocupava ou distra\u00eda ao ponto de n\u00e3o terem corrido a sua casa logo que adoeceu? Ou estariam tamb\u00e9m elas a precisar de ajuda?<\/p>\n<p>Estas s\u00e3o perguntas a que n\u00e3o sabemos responder. Contudo, desta hist\u00f3ria b\u00edblica podemos retirar tr\u00eas importantes li\u00e7\u00f5es para a vida:<\/p>\n<p style=\"padding-left: 30px;\">-Deus, o Todo-Poderoso, sabe como acabar com o \u201ccativeiro\u201d de qualquer um dos seus filhos, ou seja, ordenar o fim de um tempo deveras dif\u00edcil.<br \/>\n-Por mais s\u00f3s que nos sintamos, Deus sabe como levantar um ex\u00e9rcito em nosso favor \u2013 gente dispon\u00edvel para chegar perto, sentir a dor, confortar e partilhar recursos.<br \/>\n-A qualquer momento, Deus pode trazer \u00e0 nossa mente o nome de algu\u00e9m em necessidade e recrutar-nos para sermos n\u00f3s parte do ex\u00e9rcito de apoio em seu favor. E a\u00ed, vamos munir-nos de todo o amor que Ele tem derramado em n\u00f3s e movermo-nos, numa ajuda pr\u00e1tica e realmente confortante a quem precisa.<\/p>\n<p>E a hist\u00f3ria de J\u00f3 prossegue de uma forma surpreendente: \u201cE assim aben\u00e7oou o Senhor o \u00faltimo estado de J\u00f3, mais do que o primeiro.\u201d (J\u00f3 42:12)<\/p>\n<p>Seja qual for o momento que estejamos a viver hoje, vamos contar com o suporte de Deus na nossa vida, capaz de levantar gente que nos ajude e vamos ficar tamb\u00e9m dispon\u00edveis para sermos n\u00f3s usados por Ele em favor de outros. E assim o Seu Amor \u00e9 partilhado entre n\u00f3s!<\/p>\n<p>&nbsp;<\/p>\n<p>[movedo_single_image image=&#8221;15246&#8243; animation=&#8221;grve-zoom-in&#8221;]Bertina Coias Tom\u00e9<br \/>\nPsic\u00f3loga, Especialista em Psicologia Cl\u00ednica e da Sa\u00fade e Psicologia Comunit\u00e1ria<br \/>\nMembro da Direc\u00e7\u00e3o da Alian\u00e7a Evang\u00e9lica Portuguesa<\/p>\n","protected":false},"excerpt":{"rendered":"<p>Numa casa possivelmente ampla mas desprovida de recursos, um homem vive uma condi\u00e7\u00e3o extremamente dif\u00edcil. As feridas cobrem-lhe todo o corpo, numa dor e num prurido que ele procura aliviar, raspando-as com um peda\u00e7o de telha. Em adversidades sucessivas, perdeu todos os seus haveres e os seus filhos. Vive numa solid\u00e3o pesada, que torna os<\/p>\n","protected":false},"author":2,"featured_media":16545,"comment_status":"open","ping_status":"open","sticky":false,"template":"","format":"standard","meta":{"_piecal_is_event":false,"_piecal_start_date":"","_piecal_end_date":"","_piecal_is_allday":false,"_uag_custom_page_level_css":"","_themeisle_gutenberg_block_has_review":false,"_vp_format_video_url":"","_vp_image_focal_point":[],"footnotes":""},"categories":[45],"tags":[],"class_list":["post-16544","post","type-post","status-publish","format-standard","has-post-thumbnail","hentry","category-geral"],"yoast_head":"<!-- This site is optimized with the Yoast SEO plugin v27.5 - https:\/\/yoast.com\/product\/yoast-seo-wordpress\/ -->\n<title>Onde estavam eles? - Bertina Coias Tom\u00e9 - AEP<\/title>\n<meta name=\"robots\" content=\"index, follow, max-snippet:-1, max-image-preview:large, max-video-preview:-1\" \/>\n<link rel=\"canonical\" href=\"https:\/\/aliancaevangelica.pt\/site\/onde-estavam-eles-bertina-coias-tome\/\" \/>\n<meta property=\"og:locale\" content=\"pt_PT\" \/>\n<meta property=\"og:type\" content=\"article\" \/>\n<meta property=\"og:title\" content=\"Onde estavam eles? - Bertina Coias Tom\u00e9 - AEP\" \/>\n<meta property=\"og:description\" content=\"Numa casa possivelmente ampla mas desprovida de recursos, um homem vive uma condi\u00e7\u00e3o extremamente dif\u00edcil. As feridas cobrem-lhe todo o corpo, numa dor e num prurido que ele procura aliviar, raspando-as com um peda\u00e7o de telha. Em adversidades sucessivas, perdeu todos os seus haveres e os seus filhos. Vive numa solid\u00e3o pesada, que torna os\" \/>\n<meta property=\"og:url\" content=\"https:\/\/aliancaevangelica.pt\/site\/onde-estavam-eles-bertina-coias-tome\/\" \/>\n<meta property=\"og:site_name\" content=\"AEP\" \/>\n<meta property=\"article:publisher\" content=\"http:\/\/facebook.com\/aeportuguesa\" \/>\n<meta property=\"article:author\" content=\"aeportugal\" \/>\n<meta property=\"article:published_time\" content=\"2018-10-19T13:18:12+00:00\" \/>\n<meta property=\"article:modified_time\" content=\"2018-10-19T13:19:24+00:00\" \/>\n<meta property=\"og:image\" content=\"https:\/\/aliancaevangelica.pt\/site\/wp-content\/uploads\/2018\/10\/M\u00e3os-2.jpg\" \/>\n\t<meta property=\"og:image:width\" content=\"900\" \/>\n\t<meta property=\"og:image:height\" content=\"720\" \/>\n\t<meta property=\"og:image:type\" content=\"image\/jpeg\" \/>\n<meta name=\"author\" content=\"AEP\" \/>\n<meta name=\"twitter:card\" content=\"summary_large_image\" \/>\n<meta name=\"twitter:label1\" content=\"Escrito por\" \/>\n\t<meta name=\"twitter:data1\" content=\"AEP\" \/>\n\t<meta name=\"twitter:label2\" content=\"Tempo estimado de leitura\" \/>\n\t<meta name=\"twitter:data2\" content=\"3 minutos\" \/>\n<script type=\"application\/ld+json\" class=\"yoast-schema-graph\">{\"@context\":\"https:\\\/\\\/schema.org\",\"@graph\":[{\"@type\":\"Article\",\"@id\":\"https:\\\/\\\/aliancaevangelica.pt\\\/site\\\/onde-estavam-eles-bertina-coias-tome\\\/#article\",\"isPartOf\":{\"@id\":\"https:\\\/\\\/aliancaevangelica.pt\\\/site\\\/onde-estavam-eles-bertina-coias-tome\\\/\"},\"author\":{\"name\":\"AEP\",\"@id\":\"https:\\\/\\\/aliancaevangelica.pt\\\/site\\\/#\\\/schema\\\/person\\\/3b47cfc7535eff1e820f31c2d67eafcf\"},\"headline\":\"Onde estavam eles? &#8211; Bertina Coias Tom\u00e9\",\"datePublished\":\"2018-10-19T13:18:12+00:00\",\"dateModified\":\"2018-10-19T13:19:24+00:00\",\"mainEntityOfPage\":{\"@id\":\"https:\\\/\\\/aliancaevangelica.pt\\\/site\\\/onde-estavam-eles-bertina-coias-tome\\\/\"},\"wordCount\":590,\"commentCount\":0,\"publisher\":{\"@id\":\"https:\\\/\\\/aliancaevangelica.pt\\\/site\\\/#organization\"},\"image\":{\"@id\":\"https:\\\/\\\/aliancaevangelica.pt\\\/site\\\/onde-estavam-eles-bertina-coias-tome\\\/#primaryimage\"},\"thumbnailUrl\":\"https:\\\/\\\/aliancaevangelica.pt\\\/site\\\/wp-content\\\/uploads\\\/2018\\\/10\\\/M\u00e3os-2.jpg\",\"articleSection\":[\"1-Geral\"],\"inLanguage\":\"pt-PT\",\"potentialAction\":[{\"@type\":\"CommentAction\",\"name\":\"Comment\",\"target\":[\"https:\\\/\\\/aliancaevangelica.pt\\\/site\\\/onde-estavam-eles-bertina-coias-tome\\\/#respond\"]}]},{\"@type\":\"WebPage\",\"@id\":\"https:\\\/\\\/aliancaevangelica.pt\\\/site\\\/onde-estavam-eles-bertina-coias-tome\\\/\",\"url\":\"https:\\\/\\\/aliancaevangelica.pt\\\/site\\\/onde-estavam-eles-bertina-coias-tome\\\/\",\"name\":\"Onde estavam eles? - Bertina Coias Tom\u00e9 - AEP\",\"isPartOf\":{\"@id\":\"https:\\\/\\\/aliancaevangelica.pt\\\/site\\\/#website\"},\"primaryImageOfPage\":{\"@id\":\"https:\\\/\\\/aliancaevangelica.pt\\\/site\\\/onde-estavam-eles-bertina-coias-tome\\\/#primaryimage\"},\"image\":{\"@id\":\"https:\\\/\\\/aliancaevangelica.pt\\\/site\\\/onde-estavam-eles-bertina-coias-tome\\\/#primaryimage\"},\"thumbnailUrl\":\"https:\\\/\\\/aliancaevangelica.pt\\\/site\\\/wp-content\\\/uploads\\\/2018\\\/10\\\/M\u00e3os-2.jpg\",\"datePublished\":\"2018-10-19T13:18:12+00:00\",\"dateModified\":\"2018-10-19T13:19:24+00:00\",\"breadcrumb\":{\"@id\":\"https:\\\/\\\/aliancaevangelica.pt\\\/site\\\/onde-estavam-eles-bertina-coias-tome\\\/#breadcrumb\"},\"inLanguage\":\"pt-PT\",\"potentialAction\":[{\"@type\":\"ReadAction\",\"target\":[\"https:\\\/\\\/aliancaevangelica.pt\\\/site\\\/onde-estavam-eles-bertina-coias-tome\\\/\"]}]},{\"@type\":\"ImageObject\",\"inLanguage\":\"pt-PT\",\"@id\":\"https:\\\/\\\/aliancaevangelica.pt\\\/site\\\/onde-estavam-eles-bertina-coias-tome\\\/#primaryimage\",\"url\":\"https:\\\/\\\/aliancaevangelica.pt\\\/site\\\/wp-content\\\/uploads\\\/2018\\\/10\\\/M\u00e3os-2.jpg\",\"contentUrl\":\"https:\\\/\\\/aliancaevangelica.pt\\\/site\\\/wp-content\\\/uploads\\\/2018\\\/10\\\/M\u00e3os-2.jpg\",\"width\":900,\"height\":720},{\"@type\":\"BreadcrumbList\",\"@id\":\"https:\\\/\\\/aliancaevangelica.pt\\\/site\\\/onde-estavam-eles-bertina-coias-tome\\\/#breadcrumb\",\"itemListElement\":[{\"@type\":\"ListItem\",\"position\":1,\"name\":\"In\u00edcio\",\"item\":\"https:\\\/\\\/aliancaevangelica.pt\\\/site\\\/\"},{\"@type\":\"ListItem\",\"position\":2,\"name\":\"Onde estavam eles? &#8211; Bertina Coias Tom\u00e9\"}]},{\"@type\":\"WebSite\",\"@id\":\"https:\\\/\\\/aliancaevangelica.pt\\\/site\\\/#website\",\"url\":\"https:\\\/\\\/aliancaevangelica.pt\\\/site\\\/\",\"name\":\"Alian\u00e7a Evang\u00e9lica Portuguesa\",\"description\":\"Alian\u00e7a Evang\u00e9lica Portuguesa\",\"publisher\":{\"@id\":\"https:\\\/\\\/aliancaevangelica.pt\\\/site\\\/#organization\"},\"potentialAction\":[{\"@type\":\"SearchAction\",\"target\":{\"@type\":\"EntryPoint\",\"urlTemplate\":\"https:\\\/\\\/aliancaevangelica.pt\\\/site\\\/?s={search_term_string}\"},\"query-input\":{\"@type\":\"PropertyValueSpecification\",\"valueRequired\":true,\"valueName\":\"search_term_string\"}}],\"inLanguage\":\"pt-PT\"},{\"@type\":\"Organization\",\"@id\":\"https:\\\/\\\/aliancaevangelica.pt\\\/site\\\/#organization\",\"name\":\"Alian\u00e7a Evang\u00e9lica Portuguesa\",\"url\":\"https:\\\/\\\/aliancaevangelica.pt\\\/site\\\/\",\"logo\":{\"@type\":\"ImageObject\",\"inLanguage\":\"pt-PT\",\"@id\":\"https:\\\/\\\/aliancaevangelica.pt\\\/site\\\/#\\\/schema\\\/logo\\\/image\\\/\",\"url\":\"https:\\\/\\\/aliancaevangelica.pt\\\/site\\\/wp-content\\\/uploads\\\/2017\\\/11\\\/logo-AEP-cor.png\",\"contentUrl\":\"https:\\\/\\\/aliancaevangelica.pt\\\/site\\\/wp-content\\\/uploads\\\/2017\\\/11\\\/logo-AEP-cor.png\",\"width\":1156,\"height\":672,\"caption\":\"Alian\u00e7a Evang\u00e9lica Portuguesa\"},\"image\":{\"@id\":\"https:\\\/\\\/aliancaevangelica.pt\\\/site\\\/#\\\/schema\\\/logo\\\/image\\\/\"},\"sameAs\":[\"http:\\\/\\\/facebook.com\\\/aeportuguesa\",\"http:\\\/\\\/instagram.com\\\/aliancaep\",\"http:\\\/\\\/youtube.com\\\/aeportuguesa\"]},{\"@type\":\"Person\",\"@id\":\"https:\\\/\\\/aliancaevangelica.pt\\\/site\\\/#\\\/schema\\\/person\\\/3b47cfc7535eff1e820f31c2d67eafcf\",\"name\":\"AEP\",\"sameAs\":[\"aeportugal\"],\"url\":\"https:\\\/\\\/aliancaevangelica.pt\\\/site\\\/author\\\/aeportugal\\\/\"}]}<\/script>\n<!-- \/ Yoast SEO plugin. -->","yoast_head_json":{"title":"Onde estavam eles? - Bertina Coias Tom\u00e9 - AEP","robots":{"index":"index","follow":"follow","max-snippet":"max-snippet:-1","max-image-preview":"max-image-preview:large","max-video-preview":"max-video-preview:-1"},"canonical":"https:\/\/aliancaevangelica.pt\/site\/onde-estavam-eles-bertina-coias-tome\/","og_locale":"pt_PT","og_type":"article","og_title":"Onde estavam eles? - Bertina Coias Tom\u00e9 - AEP","og_description":"Numa casa possivelmente ampla mas desprovida de recursos, um homem vive uma condi\u00e7\u00e3o extremamente dif\u00edcil. As feridas cobrem-lhe todo o corpo, numa dor e num prurido que ele procura aliviar, raspando-as com um peda\u00e7o de telha. Em adversidades sucessivas, perdeu todos os seus haveres e os seus filhos. Vive numa solid\u00e3o pesada, que torna os","og_url":"https:\/\/aliancaevangelica.pt\/site\/onde-estavam-eles-bertina-coias-tome\/","og_site_name":"AEP","article_publisher":"http:\/\/facebook.com\/aeportuguesa","article_author":"aeportugal","article_published_time":"2018-10-19T13:18:12+00:00","article_modified_time":"2018-10-19T13:19:24+00:00","og_image":[{"width":900,"height":720,"url":"https:\/\/aliancaevangelica.pt\/site\/wp-content\/uploads\/2018\/10\/M\u00e3os-2.jpg","type":"image\/jpeg"}],"author":"AEP","twitter_card":"summary_large_image","twitter_misc":{"Escrito por":"AEP","Tempo estimado de leitura":"3 minutos"},"schema":{"@context":"https:\/\/schema.org","@graph":[{"@type":"Article","@id":"https:\/\/aliancaevangelica.pt\/site\/onde-estavam-eles-bertina-coias-tome\/#article","isPartOf":{"@id":"https:\/\/aliancaevangelica.pt\/site\/onde-estavam-eles-bertina-coias-tome\/"},"author":{"name":"AEP","@id":"https:\/\/aliancaevangelica.pt\/site\/#\/schema\/person\/3b47cfc7535eff1e820f31c2d67eafcf"},"headline":"Onde estavam eles? &#8211; Bertina Coias Tom\u00e9","datePublished":"2018-10-19T13:18:12+00:00","dateModified":"2018-10-19T13:19:24+00:00","mainEntityOfPage":{"@id":"https:\/\/aliancaevangelica.pt\/site\/onde-estavam-eles-bertina-coias-tome\/"},"wordCount":590,"commentCount":0,"publisher":{"@id":"https:\/\/aliancaevangelica.pt\/site\/#organization"},"image":{"@id":"https:\/\/aliancaevangelica.pt\/site\/onde-estavam-eles-bertina-coias-tome\/#primaryimage"},"thumbnailUrl":"https:\/\/aliancaevangelica.pt\/site\/wp-content\/uploads\/2018\/10\/M\u00e3os-2.jpg","articleSection":["1-Geral"],"inLanguage":"pt-PT","potentialAction":[{"@type":"CommentAction","name":"Comment","target":["https:\/\/aliancaevangelica.pt\/site\/onde-estavam-eles-bertina-coias-tome\/#respond"]}]},{"@type":"WebPage","@id":"https:\/\/aliancaevangelica.pt\/site\/onde-estavam-eles-bertina-coias-tome\/","url":"https:\/\/aliancaevangelica.pt\/site\/onde-estavam-eles-bertina-coias-tome\/","name":"Onde estavam eles? - Bertina Coias Tom\u00e9 - AEP","isPartOf":{"@id":"https:\/\/aliancaevangelica.pt\/site\/#website"},"primaryImageOfPage":{"@id":"https:\/\/aliancaevangelica.pt\/site\/onde-estavam-eles-bertina-coias-tome\/#primaryimage"},"image":{"@id":"https:\/\/aliancaevangelica.pt\/site\/onde-estavam-eles-bertina-coias-tome\/#primaryimage"},"thumbnailUrl":"https:\/\/aliancaevangelica.pt\/site\/wp-content\/uploads\/2018\/10\/M\u00e3os-2.jpg","datePublished":"2018-10-19T13:18:12+00:00","dateModified":"2018-10-19T13:19:24+00:00","breadcrumb":{"@id":"https:\/\/aliancaevangelica.pt\/site\/onde-estavam-eles-bertina-coias-tome\/#breadcrumb"},"inLanguage":"pt-PT","potentialAction":[{"@type":"ReadAction","target":["https:\/\/aliancaevangelica.pt\/site\/onde-estavam-eles-bertina-coias-tome\/"]}]},{"@type":"ImageObject","inLanguage":"pt-PT","@id":"https:\/\/aliancaevangelica.pt\/site\/onde-estavam-eles-bertina-coias-tome\/#primaryimage","url":"https:\/\/aliancaevangelica.pt\/site\/wp-content\/uploads\/2018\/10\/M\u00e3os-2.jpg","contentUrl":"https:\/\/aliancaevangelica.pt\/site\/wp-content\/uploads\/2018\/10\/M\u00e3os-2.jpg","width":900,"height":720},{"@type":"BreadcrumbList","@id":"https:\/\/aliancaevangelica.pt\/site\/onde-estavam-eles-bertina-coias-tome\/#breadcrumb","itemListElement":[{"@type":"ListItem","position":1,"name":"In\u00edcio","item":"https:\/\/aliancaevangelica.pt\/site\/"},{"@type":"ListItem","position":2,"name":"Onde estavam eles? &#8211; Bertina Coias Tom\u00e9"}]},{"@type":"WebSite","@id":"https:\/\/aliancaevangelica.pt\/site\/#website","url":"https:\/\/aliancaevangelica.pt\/site\/","name":"Alian\u00e7a Evang\u00e9lica Portuguesa","description":"Alian\u00e7a Evang\u00e9lica Portuguesa","publisher":{"@id":"https:\/\/aliancaevangelica.pt\/site\/#organization"},"potentialAction":[{"@type":"SearchAction","target":{"@type":"EntryPoint","urlTemplate":"https:\/\/aliancaevangelica.pt\/site\/?s={search_term_string}"},"query-input":{"@type":"PropertyValueSpecification","valueRequired":true,"valueName":"search_term_string"}}],"inLanguage":"pt-PT"},{"@type":"Organization","@id":"https:\/\/aliancaevangelica.pt\/site\/#organization","name":"Alian\u00e7a Evang\u00e9lica Portuguesa","url":"https:\/\/aliancaevangelica.pt\/site\/","logo":{"@type":"ImageObject","inLanguage":"pt-PT","@id":"https:\/\/aliancaevangelica.pt\/site\/#\/schema\/logo\/image\/","url":"https:\/\/aliancaevangelica.pt\/site\/wp-content\/uploads\/2017\/11\/logo-AEP-cor.png","contentUrl":"https:\/\/aliancaevangelica.pt\/site\/wp-content\/uploads\/2017\/11\/logo-AEP-cor.png","width":1156,"height":672,"caption":"Alian\u00e7a Evang\u00e9lica Portuguesa"},"image":{"@id":"https:\/\/aliancaevangelica.pt\/site\/#\/schema\/logo\/image\/"},"sameAs":["http:\/\/facebook.com\/aeportuguesa","http:\/\/instagram.com\/aliancaep","http:\/\/youtube.com\/aeportuguesa"]},{"@type":"Person","@id":"https:\/\/aliancaevangelica.pt\/site\/#\/schema\/person\/3b47cfc7535eff1e820f31c2d67eafcf","name":"AEP","sameAs":["aeportugal"],"url":"https:\/\/aliancaevangelica.pt\/site\/author\/aeportugal\/"}]}},"uagb_featured_image_src":{"full":["https:\/\/aliancaevangelica.pt\/site\/wp-content\/uploads\/2018\/10\/M\u00e3os-2.jpg",900,720,false],"thumbnail":["https:\/\/aliancaevangelica.pt\/site\/wp-content\/uploads\/2018\/10\/M\u00e3os-2-150x150.jpg",150,150,true],"medium":["https:\/\/aliancaevangelica.pt\/site\/wp-content\/uploads\/2018\/10\/M\u00e3os-2-300x240.jpg",300,240,true],"medium_large":["https:\/\/aliancaevangelica.pt\/site\/wp-content\/uploads\/2018\/10\/M\u00e3os-2-768x614.jpg",768,614,true],"large":["https:\/\/aliancaevangelica.pt\/site\/wp-content\/uploads\/2018\/10\/M\u00e3os-2.jpg",900,720,false],"1536x1536":["https:\/\/aliancaevangelica.pt\/site\/wp-content\/uploads\/2018\/10\/M\u00e3os-2.jpg",900,720,false],"2048x2048":["https:\/\/aliancaevangelica.pt\/site\/wp-content\/uploads\/2018\/10\/M\u00e3os-2.jpg",900,720,false],"vp_sm":["https:\/\/aliancaevangelica.pt\/site\/wp-content\/uploads\/2018\/10\/M\u00e3os-2.jpg",500,400,false],"vp_md":["https:\/\/aliancaevangelica.pt\/site\/wp-content\/uploads\/2018\/10\/M\u00e3os-2.jpg",800,640,false],"vp_lg":["https:\/\/aliancaevangelica.pt\/site\/wp-content\/uploads\/2018\/10\/M\u00e3os-2.jpg",900,720,false],"vp_xl":["https:\/\/aliancaevangelica.pt\/site\/wp-content\/uploads\/2018\/10\/M\u00e3os-2.jpg",900,720,false],"vp_sm_popup":["https:\/\/aliancaevangelica.pt\/site\/wp-content\/uploads\/2018\/10\/M\u00e3os-2.jpg",500,400,false],"vp_md_popup":["https:\/\/aliancaevangelica.pt\/site\/wp-content\/uploads\/2018\/10\/M\u00e3os-2.jpg",800,640,false],"vp_xl_popup":["https:\/\/aliancaevangelica.pt\/site\/wp-content\/uploads\/2018\/10\/M\u00e3os-2.jpg",900,720,false],"newsx-150x100":["https:\/\/aliancaevangelica.pt\/site\/wp-content\/uploads\/2018\/10\/M\u00e3os-2.jpg",125,100,false],"newsx-330x220":["https:\/\/aliancaevangelica.pt\/site\/wp-content\/uploads\/2018\/10\/M\u00e3os-2.jpg",275,220,false],"newsx-420x280":["https:\/\/aliancaevangelica.pt\/site\/wp-content\/uploads\/2018\/10\/M\u00e3os-2.jpg",350,280,false],"newsx-510x340":["https:\/\/aliancaevangelica.pt\/site\/wp-content\/uploads\/2018\/10\/M\u00e3os-2.jpg",425,340,false],"newsx-640x480":["https:\/\/aliancaevangelica.pt\/site\/wp-content\/uploads\/2018\/10\/M\u00e3os-2.jpg",600,480,false],"newsx-670x370":["https:\/\/aliancaevangelica.pt\/site\/wp-content\/uploads\/2018\/10\/M\u00e3os-2.jpg",463,370,false],"newsx-860x570":["https:\/\/aliancaevangelica.pt\/site\/wp-content\/uploads\/2018\/10\/M\u00e3os-2.jpg",713,570,false],"newsx-1000x750":["https:\/\/aliancaevangelica.pt\/site\/wp-content\/uploads\/2018\/10\/M\u00e3os-2.jpg",900,720,false],"newsx-1200x600":["https:\/\/aliancaevangelica.pt\/site\/wp-content\/uploads\/2018\/10\/M\u00e3os-2.jpg",750,600,false]},"uagb_author_info":{"display_name":"AEP","author_link":"https:\/\/aliancaevangelica.pt\/site\/author\/aeportugal\/"},"uagb_comment_info":0,"uagb_excerpt":"Numa casa possivelmente ampla mas desprovida de recursos, um homem vive uma condi\u00e7\u00e3o extremamente dif\u00edcil. As feridas cobrem-lhe todo o corpo, numa dor e num prurido que ele procura aliviar, raspando-as com um peda\u00e7o de telha. Em adversidades sucessivas, perdeu todos os seus haveres e os seus filhos. Vive numa solid\u00e3o pesada, que torna os","_links":{"self":[{"href":"https:\/\/aliancaevangelica.pt\/site\/wp-json\/wp\/v2\/posts\/16544","targetHints":{"allow":["GET"]}}],"collection":[{"href":"https:\/\/aliancaevangelica.pt\/site\/wp-json\/wp\/v2\/posts"}],"about":[{"href":"https:\/\/aliancaevangelica.pt\/site\/wp-json\/wp\/v2\/types\/post"}],"author":[{"embeddable":true,"href":"https:\/\/aliancaevangelica.pt\/site\/wp-json\/wp\/v2\/users\/2"}],"replies":[{"embeddable":true,"href":"https:\/\/aliancaevangelica.pt\/site\/wp-json\/wp\/v2\/comments?post=16544"}],"version-history":[{"count":2,"href":"https:\/\/aliancaevangelica.pt\/site\/wp-json\/wp\/v2\/posts\/16544\/revisions"}],"predecessor-version":[{"id":16620,"href":"https:\/\/aliancaevangelica.pt\/site\/wp-json\/wp\/v2\/posts\/16544\/revisions\/16620"}],"wp:featuredmedia":[{"embeddable":true,"href":"https:\/\/aliancaevangelica.pt\/site\/wp-json\/wp\/v2\/media\/16545"}],"wp:attachment":[{"href":"https:\/\/aliancaevangelica.pt\/site\/wp-json\/wp\/v2\/media?parent=16544"}],"wp:term":[{"taxonomy":"category","embeddable":true,"href":"https:\/\/aliancaevangelica.pt\/site\/wp-json\/wp\/v2\/categories?post=16544"},{"taxonomy":"post_tag","embeddable":true,"href":"https:\/\/aliancaevangelica.pt\/site\/wp-json\/wp\/v2\/tags?post=16544"}],"curies":[{"name":"wp","href":"https:\/\/api.w.org\/{rel}","templated":true}]}}