{"id":16520,"date":"2018-10-05T01:19:12","date_gmt":"2018-10-05T01:19:12","guid":{"rendered":"https:\/\/aliancaevangelica.pt\/site\/?p=16520"},"modified":"2018-10-05T01:22:01","modified_gmt":"2018-10-05T01:22:01","slug":"crime-e-castigo-adelaide-de-sousa","status":"publish","type":"post","link":"https:\/\/aliancaevangelica.pt\/site\/crime-e-castigo-adelaide-de-sousa\/","title":{"rendered":"Crime E Castigo &#8211; Adelaide de Sousa"},"content":{"rendered":"<p>&#8220;Pois eu sei os planos que tenho para v\u00f3s. S\u00e3o planos de prosperidade e n\u00e3o de desgra\u00e7a, planos que se concretizar\u00e3o num futuro de esperan\u00e7a.&#8221; (Jeremias 29:11)<\/p>\n<p>&nbsp;<\/p>\n<p>Estas palavras encorajadoras foram proferidas por Jeremias, um jovem profeta de Deus que viveu num tempo muito conturbado da hist\u00f3ria de Israel. Aos reis, n\u00e3o faltavam outros profetas que se prestavam a dar sempre &#8220;boas not\u00edcias&#8221;, numa esp\u00e9cie de vers\u00e3o arcaica do positivismo a todo o custo que tem perpassado as filosofias v\u00e3s pr\u00f3prias da nossa Nova Era. Especialmente no campo da oncologia, a \u00eanfase est\u00e1 quase sempre no &#8220;pensamento positivo&#8221; como talism\u00e3 para espantar o medo de quem recebe a not\u00edcia do cancro. Agora ou h\u00e1 2500 anos atr\u00e1s, somos muito mais bem recebidos se trouxermos palavras que agradem do que chamadas ao arrependimento e \u00e0 transforma\u00e7\u00e3o. Jeremias e outros sofreram na pele as consequ\u00eancias de trazerem a verdade, pois a mensagem que tinha para o povo alertava-o para a necessidade de mudan\u00e7a.<\/p>\n<p>&nbsp;<\/p>\n<p>Tanto a B\u00edblia como a Psico-Oncologia parecem dizer que para chegar ao que \u00e9 bom, precisamos de passar pelo que \u00e9 mau. Chama-se Crescimento P\u00f3s-Traum\u00e1tico, esta teoria de que para haver uma nova perspectiva da vida, uma nova aprecia\u00e7\u00e3o do seu milagre, temos de passar pelo sofrimento. Este fen\u00f3meno, j\u00e1 que as condi\u00e7\u00f5es em que este crescimento acontece n\u00e3o s\u00e3o t\u00e3o lineares assim, \u00e9 mais comum no caso das mulheres que passam pelo cancro de mama. No entanto, a teoria do crescimento p\u00f3s-traum\u00e1tico n\u00e3o sugere que haja uma aus\u00eancia de sofrimento \u00e0 medida que nos tornamos mais s\u00e1bios, mas sim que o crescimento apreci\u00e1vel ocorre dentro do contexto de dor e perda. De facto, pode ser necess\u00e1rio algum sofrimento para o crescimento ocorrer, embora demasiado sofrimento possa prejudicar os enlutados e torn\u00e1-los incapazes de se envolver no processo de crescimento. Isto lembra-me quem Jesus \u00e9: aquele que n\u00e3o esmaga a cana quebrada nem apaga o pavio fumegante&#8230;<\/p>\n<p>&nbsp;<\/p>\n<p>A ideia de que para se chegar ao ouro temos de passar pelo fogo perpassa todo o texto b\u00edblico, desde G\u00e9nesis at\u00e9 Apocalipse. E o livro de Jeremias n\u00e3o \u00e9 excep\u00e7\u00e3o. A promessa dos vers\u00edculos que transcrevo \u00e9 boa, traz esperan\u00e7a, mas sabendo n\u00f3s que Jeremias tamb\u00e9m avisou o povo de que iriam passar por grande sofrimento \u00e0 m\u00e3o dos seus invasores antes de poderem chegar de novo \u00e0 paz, e que depois disso mais tribula\u00e7\u00f5es viriam, d\u00e1-nos uma ideia de que procurarmos as profecias que nos agradam e rejeitarmos as que podem ser mais duras n\u00e3o \u00e9 o caminho da verdadeira transforma\u00e7\u00e3o. Para confundir tudo, temos visto como alguns ensinamentos de prosperidade, sa\u00fade e longa vida nesta Terra como garantias para o crist\u00e3o sincero s\u00e3o prejudiciais para o crescimento desse mesmo crist\u00e3o &#8211; \u00e9 uma esp\u00e9cie de <em>fast-food<\/em> para o esp\u00edrito! J\u00e1 no tempo de Jesus &#8211; e antes ainda, no livro de J\u00f3, talvez o mais antigo da B\u00edblia &#8211; havia quem visse as tribula\u00e7\u00f5es e desgra\u00e7as como sinal claro do desprazer de Deus, do pecado na vida dos que sofrem. Eis o que disse o Ap\u00f3stolo Paulo a prop\u00f3sito de tais perplexidades:<\/p>\n<p>&nbsp;<\/p>\n<p>&#8220;As prova\u00e7\u00f5es por que t\u00eam passado s\u00e3o normais na vida humana. Pois Deus \u00e9 fiel e n\u00e3o deixar\u00e1 que sejam provados acima das vossas for\u00e7as. Se ele vos envia uma prova\u00e7\u00e3o tamb\u00e9m far\u00e1 com que encontrem a maneira de a poder suportar. Por isso, meus amigos, fujam dos falsos deuses.&#8221; (1 Cor\u00edntios 10:13-14)<\/p>\n<p>&nbsp;<\/p>\n<p>Este aviso de Paulo merece uma aturada reflex\u00e3o: quem s\u00e3o os falsos deuses na nossa vida, que tentam silenciar a verdade da Escritura para a substituir pelo que os torne adorados por si? Quem lhe diz s\u00f3 o que o faz sentir bem, o que eleva a sua auto-estima? Onde se refugia quando o seu barco parece afundar? E se naufragar, vai crer que \u00e9 castigo de Deus? Consequ\u00eancia do seu pecado? A teologia da retribui\u00e7\u00e3o &#8211; mais conhecida por &#8220;c\u00e1 se fazem, c\u00e1 se pagam&#8221; &#8211; n\u00e3o \u00e9 Cristianismo, pois o nosso Deus n\u00e3o nos d\u00e1 tudo o que merecemos. D\u00e1-nos o que Jesus merece, porque Ele j\u00e1 recebeu o nosso castigo. Assim, n\u00e3o h\u00e1 teoria do <em>karma<\/em> que aguente esta Boa Not\u00edcia: a Gra\u00e7a de Deus \u00e9 de gra\u00e7a mesmo! N\u00e3o posso fazer nada para merecer ser perdoada, e mesmo que o meu caminho nesta Terra seja de pecado, nem tudo o que me acontece neste lado da eternidade \u00e9 puni\u00e7\u00e3o por esse mesmo pecado. Muitas das consequ\u00eancias vir\u00e3o depois\u2026<\/p>\n<p>&nbsp;<\/p>\n<p>Acredito que pensar que quando algu\u00e9m faz o mal vai sempre ter a sua paga aqui nesta vida seja confortador, mas pense comigo: se esta fosse a lei vigente, que pena teria eu pelo mal que j\u00e1 fiz? Que pena teria voc\u00ea? Dou gra\u00e7as a Deus por Jesus!<\/p>\n<p>&nbsp;<\/p>\n<p>O que quero dizer-lhe hoje \u00e9 isto, especialmente a si que est\u00e1 a passar por grande deserto na sua vida, uma grande prova\u00e7\u00e3o, e que talvez esteja a ver a morte de frente pela primeira vez: n\u00e3o tem de ser castigo, mas pode ser oportunidade para conhecer a Deus como nunca antes.<\/p>\n<p>&nbsp;<\/p>\n<p>Quando recebemos um diagn\u00f3stico assustador como o do cancro, recebemos algo mais ainda: ao contemplar a finitude da vida podemos dar gra\u00e7as a Deus por ela. Esta mensagem foi perfeitamente percebida por uma das 11 mulheres do nosso livro <em>Mulheres Guerreiras<\/em>, a Filomena: &#8220;No dia-a-dia somos impar\u00e1veis. E quando isto acontece, percebemos que de um momento para o outro n\u00e3o estamos c\u00e1. Quando era mais nova tinha medo de morrer, agora encaro isto como uma oportunidade para dar o melhor de mim aos outros (\u2026) E mesmo que s\u00f3 viva mais um m\u00eas ou dois, o meu esp\u00edrito est\u00e1 tranquilo.&#8221;<\/p>\n<p>&nbsp;<\/p>\n<p>Isto \u00e9 sabedoria, refinada pelo fogo da tribula\u00e7\u00e3o\u2026<\/p>\n<p>&nbsp;<\/p>\n<p>&#8220;Por isso nunca ficamos desanimados. Mesmo que o nosso corpo v\u00e1 se gastando, o nosso esp\u00edrito vai se renovando dia a dia. E essa pequena e passageira afli\u00e7\u00e3o que sofremos vai nos trazer uma gl\u00f3ria enorme e eterna, muito maior do que o sofrimento. Porque n\u00f3s n\u00e3o prestamos aten\u00e7\u00e3o nas coisas que se veem, mas nas que n\u00e3o se veem. Pois o que pode ser visto dura apenas um pouco, mas o que n\u00e3o pode ser visto dura para sempre.&#8221; )2 Cor\u00edntios 4:16-18)<\/p>\n<p>&nbsp;<\/p>\n<p>Cr\u00ea nisto?<\/p>\n<p>&nbsp;<\/p>\n<p>[movedo_single_image image=&#8221;16521&#8243; animation=&#8221;grve-zoom-in&#8221;]<strong>Adelaide de Sousa<\/strong><br \/>\nApresentadora de Televis\u00e3o<br \/>\nCoordenadora do projecto Guerreiras Portugal<\/p>\n","protected":false},"excerpt":{"rendered":"<p>&#8220;Pois eu sei os planos que tenho para v\u00f3s. S\u00e3o planos de prosperidade e n\u00e3o de desgra\u00e7a, planos que se concretizar\u00e3o num futuro de esperan\u00e7a.&#8221; (Jeremias 29:11) &nbsp; Estas palavras encorajadoras foram proferidas por Jeremias, um jovem profeta de Deus que viveu num tempo muito conturbado da hist\u00f3ria de Israel. Aos reis, n\u00e3o faltavam outros<\/p>\n","protected":false},"author":2,"featured_media":16522,"comment_status":"open","ping_status":"open","sticky":false,"template":"","format":"standard","meta":{"_uag_custom_page_level_css":"","_themeisle_gutenberg_block_has_review":false,"_vp_format_video_url":"","_vp_image_focal_point":[],"footnotes":""},"categories":[45],"tags":[181],"class_list":["post-16520","post","type-post","status-publish","format-standard","has-post-thumbnail","hentry","category-geral","tag-1-geral"],"yoast_head":"<!-- This site is optimized with the Yoast SEO plugin v27.5 - https:\/\/yoast.com\/product\/yoast-seo-wordpress\/ -->\n<title>Crime E Castigo - Adelaide de Sousa - AEP<\/title>\n<meta name=\"robots\" content=\"index, follow, max-snippet:-1, max-image-preview:large, max-video-preview:-1\" \/>\n<link rel=\"canonical\" href=\"https:\/\/aliancaevangelica.pt\/site\/crime-e-castigo-adelaide-de-sousa\/\" \/>\n<meta property=\"og:locale\" content=\"pt_PT\" \/>\n<meta property=\"og:type\" content=\"article\" \/>\n<meta property=\"og:title\" content=\"Crime E Castigo - Adelaide de Sousa - AEP\" \/>\n<meta property=\"og:description\" content=\"&#8220;Pois eu sei os planos que tenho para v\u00f3s. S\u00e3o planos de prosperidade e n\u00e3o de desgra\u00e7a, planos que se concretizar\u00e3o num futuro de esperan\u00e7a.&#8221; (Jeremias 29:11) &nbsp; Estas palavras encorajadoras foram proferidas por Jeremias, um jovem profeta de Deus que viveu num tempo muito conturbado da hist\u00f3ria de Israel. Aos reis, n\u00e3o faltavam outros\" \/>\n<meta property=\"og:url\" content=\"https:\/\/aliancaevangelica.pt\/site\/crime-e-castigo-adelaide-de-sousa\/\" \/>\n<meta property=\"og:site_name\" content=\"AEP\" \/>\n<meta property=\"article:publisher\" content=\"http:\/\/facebook.com\/aeportuguesa\" \/>\n<meta property=\"article:author\" content=\"aeportugal\" \/>\n<meta property=\"article:published_time\" content=\"2018-10-05T01:19:12+00:00\" \/>\n<meta property=\"article:modified_time\" content=\"2018-10-05T01:22:01+00:00\" \/>\n<meta property=\"og:image\" content=\"https:\/\/aliancaevangelica.pt\/site\/wp-content\/uploads\/2018\/10\/Crime-e-Castigo.jpg\" \/>\n\t<meta property=\"og:image:width\" content=\"960\" \/>\n\t<meta property=\"og:image:height\" content=\"640\" \/>\n\t<meta property=\"og:image:type\" content=\"image\/jpeg\" \/>\n<meta name=\"author\" content=\"AEP\" \/>\n<meta name=\"twitter:card\" content=\"summary_large_image\" \/>\n<meta name=\"twitter:label1\" content=\"Escrito por\" \/>\n\t<meta name=\"twitter:data1\" content=\"AEP\" \/>\n\t<meta name=\"twitter:label2\" content=\"Tempo estimado de leitura\" \/>\n\t<meta name=\"twitter:data2\" content=\"6 minutos\" \/>\n<script type=\"application\/ld+json\" class=\"yoast-schema-graph\">{\"@context\":\"https:\\\/\\\/schema.org\",\"@graph\":[{\"@type\":\"Article\",\"@id\":\"https:\\\/\\\/aliancaevangelica.pt\\\/site\\\/crime-e-castigo-adelaide-de-sousa\\\/#article\",\"isPartOf\":{\"@id\":\"https:\\\/\\\/aliancaevangelica.pt\\\/site\\\/crime-e-castigo-adelaide-de-sousa\\\/\"},\"author\":{\"name\":\"AEP\",\"@id\":\"https:\\\/\\\/aliancaevangelica.pt\\\/site\\\/#\\\/schema\\\/person\\\/3b47cfc7535eff1e820f31c2d67eafcf\"},\"headline\":\"Crime E Castigo &#8211; Adelaide de Sousa\",\"datePublished\":\"2018-10-05T01:19:12+00:00\",\"dateModified\":\"2018-10-05T01:22:01+00:00\",\"mainEntityOfPage\":{\"@id\":\"https:\\\/\\\/aliancaevangelica.pt\\\/site\\\/crime-e-castigo-adelaide-de-sousa\\\/\"},\"wordCount\":1146,\"commentCount\":0,\"publisher\":{\"@id\":\"https:\\\/\\\/aliancaevangelica.pt\\\/site\\\/#organization\"},\"image\":{\"@id\":\"https:\\\/\\\/aliancaevangelica.pt\\\/site\\\/crime-e-castigo-adelaide-de-sousa\\\/#primaryimage\"},\"thumbnailUrl\":\"https:\\\/\\\/aliancaevangelica.pt\\\/site\\\/wp-content\\\/uploads\\\/2018\\\/10\\\/Crime-e-Castigo.jpg\",\"keywords\":[\"1-Geral\"],\"articleSection\":[\"GERAL\"],\"inLanguage\":\"pt-PT\",\"potentialAction\":[{\"@type\":\"CommentAction\",\"name\":\"Comment\",\"target\":[\"https:\\\/\\\/aliancaevangelica.pt\\\/site\\\/crime-e-castigo-adelaide-de-sousa\\\/#respond\"]}]},{\"@type\":\"WebPage\",\"@id\":\"https:\\\/\\\/aliancaevangelica.pt\\\/site\\\/crime-e-castigo-adelaide-de-sousa\\\/\",\"url\":\"https:\\\/\\\/aliancaevangelica.pt\\\/site\\\/crime-e-castigo-adelaide-de-sousa\\\/\",\"name\":\"Crime E Castigo - Adelaide de Sousa - AEP\",\"isPartOf\":{\"@id\":\"https:\\\/\\\/aliancaevangelica.pt\\\/site\\\/#website\"},\"primaryImageOfPage\":{\"@id\":\"https:\\\/\\\/aliancaevangelica.pt\\\/site\\\/crime-e-castigo-adelaide-de-sousa\\\/#primaryimage\"},\"image\":{\"@id\":\"https:\\\/\\\/aliancaevangelica.pt\\\/site\\\/crime-e-castigo-adelaide-de-sousa\\\/#primaryimage\"},\"thumbnailUrl\":\"https:\\\/\\\/aliancaevangelica.pt\\\/site\\\/wp-content\\\/uploads\\\/2018\\\/10\\\/Crime-e-Castigo.jpg\",\"datePublished\":\"2018-10-05T01:19:12+00:00\",\"dateModified\":\"2018-10-05T01:22:01+00:00\",\"breadcrumb\":{\"@id\":\"https:\\\/\\\/aliancaevangelica.pt\\\/site\\\/crime-e-castigo-adelaide-de-sousa\\\/#breadcrumb\"},\"inLanguage\":\"pt-PT\",\"potentialAction\":[{\"@type\":\"ReadAction\",\"target\":[\"https:\\\/\\\/aliancaevangelica.pt\\\/site\\\/crime-e-castigo-adelaide-de-sousa\\\/\"]}]},{\"@type\":\"ImageObject\",\"inLanguage\":\"pt-PT\",\"@id\":\"https:\\\/\\\/aliancaevangelica.pt\\\/site\\\/crime-e-castigo-adelaide-de-sousa\\\/#primaryimage\",\"url\":\"https:\\\/\\\/aliancaevangelica.pt\\\/site\\\/wp-content\\\/uploads\\\/2018\\\/10\\\/Crime-e-Castigo.jpg\",\"contentUrl\":\"https:\\\/\\\/aliancaevangelica.pt\\\/site\\\/wp-content\\\/uploads\\\/2018\\\/10\\\/Crime-e-Castigo.jpg\",\"width\":960,\"height\":640},{\"@type\":\"BreadcrumbList\",\"@id\":\"https:\\\/\\\/aliancaevangelica.pt\\\/site\\\/crime-e-castigo-adelaide-de-sousa\\\/#breadcrumb\",\"itemListElement\":[{\"@type\":\"ListItem\",\"position\":1,\"name\":\"In\u00edcio\",\"item\":\"https:\\\/\\\/aliancaevangelica.pt\\\/site\\\/\"},{\"@type\":\"ListItem\",\"position\":2,\"name\":\"Crime E Castigo &#8211; Adelaide de Sousa\"}]},{\"@type\":\"WebSite\",\"@id\":\"https:\\\/\\\/aliancaevangelica.pt\\\/site\\\/#website\",\"url\":\"https:\\\/\\\/aliancaevangelica.pt\\\/site\\\/\",\"name\":\"Alian\u00e7a Evang\u00e9lica Portuguesa\",\"description\":\"Alian\u00e7a Evang\u00e9lica Portuguesa\",\"publisher\":{\"@id\":\"https:\\\/\\\/aliancaevangelica.pt\\\/site\\\/#organization\"},\"potentialAction\":[{\"@type\":\"SearchAction\",\"target\":{\"@type\":\"EntryPoint\",\"urlTemplate\":\"https:\\\/\\\/aliancaevangelica.pt\\\/site\\\/?s={search_term_string}\"},\"query-input\":{\"@type\":\"PropertyValueSpecification\",\"valueRequired\":true,\"valueName\":\"search_term_string\"}}],\"inLanguage\":\"pt-PT\"},{\"@type\":\"Organization\",\"@id\":\"https:\\\/\\\/aliancaevangelica.pt\\\/site\\\/#organization\",\"name\":\"Alian\u00e7a Evang\u00e9lica Portuguesa\",\"url\":\"https:\\\/\\\/aliancaevangelica.pt\\\/site\\\/\",\"logo\":{\"@type\":\"ImageObject\",\"inLanguage\":\"pt-PT\",\"@id\":\"https:\\\/\\\/aliancaevangelica.pt\\\/site\\\/#\\\/schema\\\/logo\\\/image\\\/\",\"url\":\"https:\\\/\\\/aliancaevangelica.pt\\\/site\\\/wp-content\\\/uploads\\\/2017\\\/11\\\/logo-AEP-cor.png\",\"contentUrl\":\"https:\\\/\\\/aliancaevangelica.pt\\\/site\\\/wp-content\\\/uploads\\\/2017\\\/11\\\/logo-AEP-cor.png\",\"width\":1156,\"height\":672,\"caption\":\"Alian\u00e7a Evang\u00e9lica Portuguesa\"},\"image\":{\"@id\":\"https:\\\/\\\/aliancaevangelica.pt\\\/site\\\/#\\\/schema\\\/logo\\\/image\\\/\"},\"sameAs\":[\"http:\\\/\\\/facebook.com\\\/aeportuguesa\",\"http:\\\/\\\/instagram.com\\\/aliancaep\",\"http:\\\/\\\/youtube.com\\\/aeportuguesa\"]},{\"@type\":\"Person\",\"@id\":\"https:\\\/\\\/aliancaevangelica.pt\\\/site\\\/#\\\/schema\\\/person\\\/3b47cfc7535eff1e820f31c2d67eafcf\",\"name\":\"AEP\",\"sameAs\":[\"aeportugal\"],\"url\":\"https:\\\/\\\/aliancaevangelica.pt\\\/site\\\/author\\\/aeportugal\\\/\"}]}<\/script>\n<!-- \/ Yoast SEO plugin. -->","yoast_head_json":{"title":"Crime E Castigo - Adelaide de Sousa - AEP","robots":{"index":"index","follow":"follow","max-snippet":"max-snippet:-1","max-image-preview":"max-image-preview:large","max-video-preview":"max-video-preview:-1"},"canonical":"https:\/\/aliancaevangelica.pt\/site\/crime-e-castigo-adelaide-de-sousa\/","og_locale":"pt_PT","og_type":"article","og_title":"Crime E Castigo - Adelaide de Sousa - AEP","og_description":"&#8220;Pois eu sei os planos que tenho para v\u00f3s. S\u00e3o planos de prosperidade e n\u00e3o de desgra\u00e7a, planos que se concretizar\u00e3o num futuro de esperan\u00e7a.&#8221; (Jeremias 29:11) &nbsp; Estas palavras encorajadoras foram proferidas por Jeremias, um jovem profeta de Deus que viveu num tempo muito conturbado da hist\u00f3ria de Israel. Aos reis, n\u00e3o faltavam outros","og_url":"https:\/\/aliancaevangelica.pt\/site\/crime-e-castigo-adelaide-de-sousa\/","og_site_name":"AEP","article_publisher":"http:\/\/facebook.com\/aeportuguesa","article_author":"aeportugal","article_published_time":"2018-10-05T01:19:12+00:00","article_modified_time":"2018-10-05T01:22:01+00:00","og_image":[{"width":960,"height":640,"url":"https:\/\/aliancaevangelica.pt\/site\/wp-content\/uploads\/2018\/10\/Crime-e-Castigo.jpg","type":"image\/jpeg"}],"author":"AEP","twitter_card":"summary_large_image","twitter_misc":{"Escrito por":"AEP","Tempo estimado de leitura":"6 minutos"},"schema":{"@context":"https:\/\/schema.org","@graph":[{"@type":"Article","@id":"https:\/\/aliancaevangelica.pt\/site\/crime-e-castigo-adelaide-de-sousa\/#article","isPartOf":{"@id":"https:\/\/aliancaevangelica.pt\/site\/crime-e-castigo-adelaide-de-sousa\/"},"author":{"name":"AEP","@id":"https:\/\/aliancaevangelica.pt\/site\/#\/schema\/person\/3b47cfc7535eff1e820f31c2d67eafcf"},"headline":"Crime E Castigo &#8211; Adelaide de Sousa","datePublished":"2018-10-05T01:19:12+00:00","dateModified":"2018-10-05T01:22:01+00:00","mainEntityOfPage":{"@id":"https:\/\/aliancaevangelica.pt\/site\/crime-e-castigo-adelaide-de-sousa\/"},"wordCount":1146,"commentCount":0,"publisher":{"@id":"https:\/\/aliancaevangelica.pt\/site\/#organization"},"image":{"@id":"https:\/\/aliancaevangelica.pt\/site\/crime-e-castigo-adelaide-de-sousa\/#primaryimage"},"thumbnailUrl":"https:\/\/aliancaevangelica.pt\/site\/wp-content\/uploads\/2018\/10\/Crime-e-Castigo.jpg","keywords":["1-Geral"],"articleSection":["GERAL"],"inLanguage":"pt-PT","potentialAction":[{"@type":"CommentAction","name":"Comment","target":["https:\/\/aliancaevangelica.pt\/site\/crime-e-castigo-adelaide-de-sousa\/#respond"]}]},{"@type":"WebPage","@id":"https:\/\/aliancaevangelica.pt\/site\/crime-e-castigo-adelaide-de-sousa\/","url":"https:\/\/aliancaevangelica.pt\/site\/crime-e-castigo-adelaide-de-sousa\/","name":"Crime E Castigo - Adelaide de Sousa - AEP","isPartOf":{"@id":"https:\/\/aliancaevangelica.pt\/site\/#website"},"primaryImageOfPage":{"@id":"https:\/\/aliancaevangelica.pt\/site\/crime-e-castigo-adelaide-de-sousa\/#primaryimage"},"image":{"@id":"https:\/\/aliancaevangelica.pt\/site\/crime-e-castigo-adelaide-de-sousa\/#primaryimage"},"thumbnailUrl":"https:\/\/aliancaevangelica.pt\/site\/wp-content\/uploads\/2018\/10\/Crime-e-Castigo.jpg","datePublished":"2018-10-05T01:19:12+00:00","dateModified":"2018-10-05T01:22:01+00:00","breadcrumb":{"@id":"https:\/\/aliancaevangelica.pt\/site\/crime-e-castigo-adelaide-de-sousa\/#breadcrumb"},"inLanguage":"pt-PT","potentialAction":[{"@type":"ReadAction","target":["https:\/\/aliancaevangelica.pt\/site\/crime-e-castigo-adelaide-de-sousa\/"]}]},{"@type":"ImageObject","inLanguage":"pt-PT","@id":"https:\/\/aliancaevangelica.pt\/site\/crime-e-castigo-adelaide-de-sousa\/#primaryimage","url":"https:\/\/aliancaevangelica.pt\/site\/wp-content\/uploads\/2018\/10\/Crime-e-Castigo.jpg","contentUrl":"https:\/\/aliancaevangelica.pt\/site\/wp-content\/uploads\/2018\/10\/Crime-e-Castigo.jpg","width":960,"height":640},{"@type":"BreadcrumbList","@id":"https:\/\/aliancaevangelica.pt\/site\/crime-e-castigo-adelaide-de-sousa\/#breadcrumb","itemListElement":[{"@type":"ListItem","position":1,"name":"In\u00edcio","item":"https:\/\/aliancaevangelica.pt\/site\/"},{"@type":"ListItem","position":2,"name":"Crime E Castigo &#8211; Adelaide de Sousa"}]},{"@type":"WebSite","@id":"https:\/\/aliancaevangelica.pt\/site\/#website","url":"https:\/\/aliancaevangelica.pt\/site\/","name":"Alian\u00e7a Evang\u00e9lica Portuguesa","description":"Alian\u00e7a Evang\u00e9lica Portuguesa","publisher":{"@id":"https:\/\/aliancaevangelica.pt\/site\/#organization"},"potentialAction":[{"@type":"SearchAction","target":{"@type":"EntryPoint","urlTemplate":"https:\/\/aliancaevangelica.pt\/site\/?s={search_term_string}"},"query-input":{"@type":"PropertyValueSpecification","valueRequired":true,"valueName":"search_term_string"}}],"inLanguage":"pt-PT"},{"@type":"Organization","@id":"https:\/\/aliancaevangelica.pt\/site\/#organization","name":"Alian\u00e7a Evang\u00e9lica Portuguesa","url":"https:\/\/aliancaevangelica.pt\/site\/","logo":{"@type":"ImageObject","inLanguage":"pt-PT","@id":"https:\/\/aliancaevangelica.pt\/site\/#\/schema\/logo\/image\/","url":"https:\/\/aliancaevangelica.pt\/site\/wp-content\/uploads\/2017\/11\/logo-AEP-cor.png","contentUrl":"https:\/\/aliancaevangelica.pt\/site\/wp-content\/uploads\/2017\/11\/logo-AEP-cor.png","width":1156,"height":672,"caption":"Alian\u00e7a Evang\u00e9lica Portuguesa"},"image":{"@id":"https:\/\/aliancaevangelica.pt\/site\/#\/schema\/logo\/image\/"},"sameAs":["http:\/\/facebook.com\/aeportuguesa","http:\/\/instagram.com\/aliancaep","http:\/\/youtube.com\/aeportuguesa"]},{"@type":"Person","@id":"https:\/\/aliancaevangelica.pt\/site\/#\/schema\/person\/3b47cfc7535eff1e820f31c2d67eafcf","name":"AEP","sameAs":["aeportugal"],"url":"https:\/\/aliancaevangelica.pt\/site\/author\/aeportugal\/"}]}},"uagb_featured_image_src":{"full":["https:\/\/aliancaevangelica.pt\/site\/wp-content\/uploads\/2018\/10\/Crime-e-Castigo.jpg",960,640,false],"thumbnail":["https:\/\/aliancaevangelica.pt\/site\/wp-content\/uploads\/2018\/10\/Crime-e-Castigo-150x150.jpg",150,150,true],"medium":["https:\/\/aliancaevangelica.pt\/site\/wp-content\/uploads\/2018\/10\/Crime-e-Castigo-300x200.jpg",300,200,true],"medium_large":["https:\/\/aliancaevangelica.pt\/site\/wp-content\/uploads\/2018\/10\/Crime-e-Castigo-768x512.jpg",768,512,true],"large":["https:\/\/aliancaevangelica.pt\/site\/wp-content\/uploads\/2018\/10\/Crime-e-Castigo.jpg",960,640,false],"1536x1536":["https:\/\/aliancaevangelica.pt\/site\/wp-content\/uploads\/2018\/10\/Crime-e-Castigo.jpg",960,640,false],"2048x2048":["https:\/\/aliancaevangelica.pt\/site\/wp-content\/uploads\/2018\/10\/Crime-e-Castigo.jpg",960,640,false],"vp_sm":["https:\/\/aliancaevangelica.pt\/site\/wp-content\/uploads\/2018\/10\/Crime-e-Castigo.jpg",500,333,false],"vp_md":["https:\/\/aliancaevangelica.pt\/site\/wp-content\/uploads\/2018\/10\/Crime-e-Castigo.jpg",800,533,false],"vp_lg":["https:\/\/aliancaevangelica.pt\/site\/wp-content\/uploads\/2018\/10\/Crime-e-Castigo.jpg",960,640,false],"vp_xl":["https:\/\/aliancaevangelica.pt\/site\/wp-content\/uploads\/2018\/10\/Crime-e-Castigo.jpg",960,640,false],"vp_sm_popup":["https:\/\/aliancaevangelica.pt\/site\/wp-content\/uploads\/2018\/10\/Crime-e-Castigo.jpg",500,333,false],"vp_md_popup":["https:\/\/aliancaevangelica.pt\/site\/wp-content\/uploads\/2018\/10\/Crime-e-Castigo.jpg",800,533,false],"vp_xl_popup":["https:\/\/aliancaevangelica.pt\/site\/wp-content\/uploads\/2018\/10\/Crime-e-Castigo.jpg",960,640,false],"newsx-150x100":["https:\/\/aliancaevangelica.pt\/site\/wp-content\/uploads\/2018\/10\/Crime-e-Castigo.jpg",150,100,false],"newsx-330x220":["https:\/\/aliancaevangelica.pt\/site\/wp-content\/uploads\/2018\/10\/Crime-e-Castigo.jpg",330,220,false],"newsx-420x280":["https:\/\/aliancaevangelica.pt\/site\/wp-content\/uploads\/2018\/10\/Crime-e-Castigo.jpg",420,280,false],"newsx-510x340":["https:\/\/aliancaevangelica.pt\/site\/wp-content\/uploads\/2018\/10\/Crime-e-Castigo.jpg",510,340,false],"newsx-640x480":["https:\/\/aliancaevangelica.pt\/site\/wp-content\/uploads\/2018\/10\/Crime-e-Castigo.jpg",640,427,false],"newsx-670x370":["https:\/\/aliancaevangelica.pt\/site\/wp-content\/uploads\/2018\/10\/Crime-e-Castigo.jpg",555,370,false],"newsx-860x570":["https:\/\/aliancaevangelica.pt\/site\/wp-content\/uploads\/2018\/10\/Crime-e-Castigo.jpg",855,570,false],"newsx-1000x750":["https:\/\/aliancaevangelica.pt\/site\/wp-content\/uploads\/2018\/10\/Crime-e-Castigo.jpg",960,640,false],"newsx-1200x600":["https:\/\/aliancaevangelica.pt\/site\/wp-content\/uploads\/2018\/10\/Crime-e-Castigo.jpg",900,600,false]},"uagb_author_info":{"display_name":"AEP","author_link":"https:\/\/aliancaevangelica.pt\/site\/author\/aeportugal\/"},"uagb_comment_info":0,"uagb_excerpt":"&#8220;Pois eu sei os planos que tenho para v\u00f3s. S\u00e3o planos de prosperidade e n\u00e3o de desgra\u00e7a, planos que se concretizar\u00e3o num futuro de esperan\u00e7a.&#8221; (Jeremias 29:11) &nbsp; Estas palavras encorajadoras foram proferidas por Jeremias, um jovem profeta de Deus que viveu num tempo muito conturbado da hist\u00f3ria de Israel. Aos reis, n\u00e3o faltavam outros","_links":{"self":[{"href":"https:\/\/aliancaevangelica.pt\/site\/wp-json\/wp\/v2\/posts\/16520","targetHints":{"allow":["GET"]}}],"collection":[{"href":"https:\/\/aliancaevangelica.pt\/site\/wp-json\/wp\/v2\/posts"}],"about":[{"href":"https:\/\/aliancaevangelica.pt\/site\/wp-json\/wp\/v2\/types\/post"}],"author":[{"embeddable":true,"href":"https:\/\/aliancaevangelica.pt\/site\/wp-json\/wp\/v2\/users\/2"}],"replies":[{"embeddable":true,"href":"https:\/\/aliancaevangelica.pt\/site\/wp-json\/wp\/v2\/comments?post=16520"}],"version-history":[{"count":2,"href":"https:\/\/aliancaevangelica.pt\/site\/wp-json\/wp\/v2\/posts\/16520\/revisions"}],"predecessor-version":[{"id":16783,"href":"https:\/\/aliancaevangelica.pt\/site\/wp-json\/wp\/v2\/posts\/16520\/revisions\/16783"}],"wp:featuredmedia":[{"embeddable":true,"href":"https:\/\/aliancaevangelica.pt\/site\/wp-json\/wp\/v2\/media\/16522"}],"wp:attachment":[{"href":"https:\/\/aliancaevangelica.pt\/site\/wp-json\/wp\/v2\/media?parent=16520"}],"wp:term":[{"taxonomy":"category","embeddable":true,"href":"https:\/\/aliancaevangelica.pt\/site\/wp-json\/wp\/v2\/categories?post=16520"},{"taxonomy":"post_tag","embeddable":true,"href":"https:\/\/aliancaevangelica.pt\/site\/wp-json\/wp\/v2\/tags?post=16520"}],"curies":[{"name":"wp","href":"https:\/\/api.w.org\/{rel}","templated":true}]}}