{"id":16337,"date":"2018-08-03T02:10:14","date_gmt":"2018-08-03T02:10:14","guid":{"rendered":"https:\/\/aliancaevangelica.pt\/site\/?p=16337"},"modified":"2018-08-04T02:54:25","modified_gmt":"2018-08-04T02:54:25","slug":"do-entulho-ao-restauro-priscila-ferreira","status":"publish","type":"post","link":"https:\/\/aliancaevangelica.pt\/site\/do-entulho-ao-restauro-priscila-ferreira\/","title":{"rendered":"Do Entulho ao Restauro &#8211; Priscila Ferreira"},"content":{"rendered":"<p>&#8220;Usar\u00e3o o entulho do passado para construir de novo, recontruir\u00e3o (&#8230;) Ser\u00e3o conhecidos como aqueles que reparam qualquer coisa, restauram ru\u00ednas antigas, reconstroem e renovam, tornam a comunidade habit\u00e1vel outra vez.&#8221; Isa\u00edas 58:11-12 (adaptado AM)<\/p>\n<p>Num mundo onde a superioridade e o ego\u00edsmo parecem querem suplantar-se h\u00e1, ao que podemos observar, o desprezo e desinteresse. Tanto pelo que j\u00e1 n\u00e3o \u00e9 considerado o &#8220;\u00faltimo grito da moda&#8221; como (e muito mais grave) o desacreditar dos que, por raz\u00f5es que nos s\u00e3o alheias, falharam ou at\u00e9 mesmo desistiram de viver, resultando na degrada\u00e7\u00e3o do percurso de vida e consequente entrega a determinado v\u00edcio. Podemos concordar que &#8220;saber viver&#8221; \u00e9 talvez o maior desafio de todos e o nosso &#8220;segredo&#8221; est\u00e1 realmente em Deus. Fora d&#8217;Ele jamais far\u00e1 sentido.<\/p>\n<p>Uma mesinha de cabeceira, julgada in\u00fatil, fora de moda e sem valor, estava atirada num monte de entulho dentro da mata. N\u00e3o sei quanto tempo ter\u00e1 ficado ali, ao ponto de estar cheia de caruncho (t\u00e9rmita da madeira) e empenada. Foi l\u00e1 que o meu pai a encontrou. Acabou por traz\u00ea-la com a ideia de que poderia &#8220;salv\u00e1-la&#8221;. O cen\u00e1rio era desanimador, o caruncho tinha provocado uma s\u00e9rie de estragos! Por\u00e9m, a verdadeira Esperan\u00e7a n\u00e3o se rende. Foi um processo detalhado e moroso, do lixar at\u00e9 ao pormenor do acabamento, em cada etapa, com muita paci\u00eancia. E o resultado?? Bastante inspirador! A convic\u00e7\u00e3o era que no lixo o meu pai achou o &#8220;tesouro&#8221;.<\/p>\n<p>Todos os dias nos cruzamos com pessoas que est\u00e3o tal e qual esta mesinha, como entulho rotulados de lixo. Vivem sem esperan\u00e7a. Por\u00e9m, foi-nos confiada a responsabilidade de &#8220;recolh\u00ea-las&#8221; ao lugar de Esperan\u00e7a, Jesus. Estes n\u00e3o s\u00e3o somente os sem-abrigo, s\u00e3o a vizinha do lado, a professora, a colega de trabalho e tamb\u00e9m a senhora do caf\u00e9.<\/p>\n<p>\u00c9 inexplic\u00e1vel o privil\u00e9gio de ser algu\u00e9m que testemunha em &#8220;primeira m\u00e3o&#8221; diariamente o \u00abrestauro de ru\u00ednas\u00bb (Isa\u00edas 58:12). Por ser tal um privil\u00e9gio, n\u00e3o podemos de forma nenhuma ser ego\u00edstas. Esta Esperan\u00e7a que \u00abRepara qualquer coisa\u00bb e que \u00abUsa o entulho (&#8230;) para construir de novo\u00bb \u00e9 O bem precioso que temos de partilhar! N\u00e3o no que apenas falamos, mas na forma como vivemos e amamos aqueles \u00e0 nossa volta. \u00c9 um processo moroso mas o resultado final \u00e9 largamente recompensador!<\/p>\n<p>&nbsp;<\/p>\n<p>[movedo_single_image image=&#8221;16326&#8243; animation=&#8221;grve-zoom-in&#8221;]Priscila Ferreira<\/p>\n","protected":false},"excerpt":{"rendered":"<p>&#8220;Usar\u00e3o o entulho do passado para construir de novo, recontruir\u00e3o (&#8230;) Ser\u00e3o conhecidos como aqueles que reparam qualquer coisa, restauram ru\u00ednas antigas, reconstroem e renovam, tornam a comunidade habit\u00e1vel outra vez.&#8221; Isa\u00edas 58:11-12 (adaptado AM) Num mundo onde a superioridade e o ego\u00edsmo parecem querem suplantar-se h\u00e1, ao que podemos observar, o desprezo e desinteresse.<\/p>\n","protected":false},"author":2,"featured_media":16323,"comment_status":"open","ping_status":"open","sticky":false,"template":"","format":"standard","meta":{"_uag_custom_page_level_css":"","_themeisle_gutenberg_block_has_review":false,"_vp_format_video_url":"","_vp_image_focal_point":[],"footnotes":""},"categories":[45,47],"tags":[],"class_list":["post-16337","post","type-post","status-publish","format-standard","has-post-thumbnail","hentry","category-geral","category-mulheres-casais-e-familia"],"yoast_head":"<!-- This site is optimized with the Yoast SEO plugin v27.5 - https:\/\/yoast.com\/product\/yoast-seo-wordpress\/ -->\n<title>Do Entulho ao Restauro - Priscila Ferreira - AEP<\/title>\n<meta name=\"robots\" content=\"index, follow, max-snippet:-1, max-image-preview:large, max-video-preview:-1\" \/>\n<link rel=\"canonical\" href=\"https:\/\/aliancaevangelica.pt\/site\/do-entulho-ao-restauro-priscila-ferreira\/\" \/>\n<meta property=\"og:locale\" content=\"pt_PT\" \/>\n<meta property=\"og:type\" content=\"article\" \/>\n<meta property=\"og:title\" content=\"Do Entulho ao Restauro - Priscila Ferreira - AEP\" \/>\n<meta property=\"og:description\" content=\"&#8220;Usar\u00e3o o entulho do passado para construir de novo, recontruir\u00e3o (&#8230;) Ser\u00e3o conhecidos como aqueles que reparam qualquer coisa, restauram ru\u00ednas antigas, reconstroem e renovam, tornam a comunidade habit\u00e1vel outra vez.&#8221; Isa\u00edas 58:11-12 (adaptado AM) Num mundo onde a superioridade e o ego\u00edsmo parecem querem suplantar-se h\u00e1, ao que podemos observar, o desprezo e desinteresse.\" \/>\n<meta property=\"og:url\" content=\"https:\/\/aliancaevangelica.pt\/site\/do-entulho-ao-restauro-priscila-ferreira\/\" \/>\n<meta property=\"og:site_name\" content=\"AEP\" \/>\n<meta property=\"article:publisher\" content=\"http:\/\/facebook.com\/aeportuguesa\" \/>\n<meta property=\"article:author\" content=\"aeportugal\" \/>\n<meta property=\"article:published_time\" content=\"2018-08-03T02:10:14+00:00\" \/>\n<meta property=\"article:modified_time\" content=\"2018-08-04T02:54:25+00:00\" \/>\n<meta property=\"og:image\" content=\"https:\/\/aliancaevangelica.pt\/site\/wp-content\/uploads\/2018\/08\/banner-mulheres-aep-03-ago-2018.jpg\" \/>\n\t<meta property=\"og:image:width\" content=\"1280\" \/>\n\t<meta property=\"og:image:height\" content=\"800\" \/>\n\t<meta property=\"og:image:type\" content=\"image\/jpeg\" \/>\n<meta name=\"author\" content=\"AEP\" \/>\n<meta name=\"twitter:card\" content=\"summary_large_image\" \/>\n<meta name=\"twitter:label1\" content=\"Escrito por\" \/>\n\t<meta name=\"twitter:data1\" content=\"AEP\" \/>\n\t<meta name=\"twitter:label2\" content=\"Tempo estimado de leitura\" \/>\n\t<meta name=\"twitter:data2\" content=\"2 minutos\" \/>\n<script type=\"application\/ld+json\" class=\"yoast-schema-graph\">{\"@context\":\"https:\\\/\\\/schema.org\",\"@graph\":[{\"@type\":\"Article\",\"@id\":\"https:\\\/\\\/aliancaevangelica.pt\\\/site\\\/do-entulho-ao-restauro-priscila-ferreira\\\/#article\",\"isPartOf\":{\"@id\":\"https:\\\/\\\/aliancaevangelica.pt\\\/site\\\/do-entulho-ao-restauro-priscila-ferreira\\\/\"},\"author\":{\"name\":\"AEP\",\"@id\":\"https:\\\/\\\/aliancaevangelica.pt\\\/site\\\/#\\\/schema\\\/person\\\/3b47cfc7535eff1e820f31c2d67eafcf\"},\"headline\":\"Do Entulho ao Restauro &#8211; Priscila Ferreira\",\"datePublished\":\"2018-08-03T02:10:14+00:00\",\"dateModified\":\"2018-08-04T02:54:25+00:00\",\"mainEntityOfPage\":{\"@id\":\"https:\\\/\\\/aliancaevangelica.pt\\\/site\\\/do-entulho-ao-restauro-priscila-ferreira\\\/\"},\"wordCount\":430,\"commentCount\":0,\"publisher\":{\"@id\":\"https:\\\/\\\/aliancaevangelica.pt\\\/site\\\/#organization\"},\"image\":{\"@id\":\"https:\\\/\\\/aliancaevangelica.pt\\\/site\\\/do-entulho-ao-restauro-priscila-ferreira\\\/#primaryimage\"},\"thumbnailUrl\":\"https:\\\/\\\/aliancaevangelica.pt\\\/site\\\/wp-content\\\/uploads\\\/2018\\\/08\\\/banner-mulheres-aep-03-ago-2018.jpg\",\"articleSection\":[\"1-Geral\",\"MULHERES, CASAIS E FAM\u00cdLIA\"],\"inLanguage\":\"pt-PT\",\"potentialAction\":[{\"@type\":\"CommentAction\",\"name\":\"Comment\",\"target\":[\"https:\\\/\\\/aliancaevangelica.pt\\\/site\\\/do-entulho-ao-restauro-priscila-ferreira\\\/#respond\"]}]},{\"@type\":\"WebPage\",\"@id\":\"https:\\\/\\\/aliancaevangelica.pt\\\/site\\\/do-entulho-ao-restauro-priscila-ferreira\\\/\",\"url\":\"https:\\\/\\\/aliancaevangelica.pt\\\/site\\\/do-entulho-ao-restauro-priscila-ferreira\\\/\",\"name\":\"Do Entulho ao Restauro - Priscila Ferreira - AEP\",\"isPartOf\":{\"@id\":\"https:\\\/\\\/aliancaevangelica.pt\\\/site\\\/#website\"},\"primaryImageOfPage\":{\"@id\":\"https:\\\/\\\/aliancaevangelica.pt\\\/site\\\/do-entulho-ao-restauro-priscila-ferreira\\\/#primaryimage\"},\"image\":{\"@id\":\"https:\\\/\\\/aliancaevangelica.pt\\\/site\\\/do-entulho-ao-restauro-priscila-ferreira\\\/#primaryimage\"},\"thumbnailUrl\":\"https:\\\/\\\/aliancaevangelica.pt\\\/site\\\/wp-content\\\/uploads\\\/2018\\\/08\\\/banner-mulheres-aep-03-ago-2018.jpg\",\"datePublished\":\"2018-08-03T02:10:14+00:00\",\"dateModified\":\"2018-08-04T02:54:25+00:00\",\"breadcrumb\":{\"@id\":\"https:\\\/\\\/aliancaevangelica.pt\\\/site\\\/do-entulho-ao-restauro-priscila-ferreira\\\/#breadcrumb\"},\"inLanguage\":\"pt-PT\",\"potentialAction\":[{\"@type\":\"ReadAction\",\"target\":[\"https:\\\/\\\/aliancaevangelica.pt\\\/site\\\/do-entulho-ao-restauro-priscila-ferreira\\\/\"]}]},{\"@type\":\"ImageObject\",\"inLanguage\":\"pt-PT\",\"@id\":\"https:\\\/\\\/aliancaevangelica.pt\\\/site\\\/do-entulho-ao-restauro-priscila-ferreira\\\/#primaryimage\",\"url\":\"https:\\\/\\\/aliancaevangelica.pt\\\/site\\\/wp-content\\\/uploads\\\/2018\\\/08\\\/banner-mulheres-aep-03-ago-2018.jpg\",\"contentUrl\":\"https:\\\/\\\/aliancaevangelica.pt\\\/site\\\/wp-content\\\/uploads\\\/2018\\\/08\\\/banner-mulheres-aep-03-ago-2018.jpg\",\"width\":1280,\"height\":800},{\"@type\":\"BreadcrumbList\",\"@id\":\"https:\\\/\\\/aliancaevangelica.pt\\\/site\\\/do-entulho-ao-restauro-priscila-ferreira\\\/#breadcrumb\",\"itemListElement\":[{\"@type\":\"ListItem\",\"position\":1,\"name\":\"In\u00edcio\",\"item\":\"https:\\\/\\\/aliancaevangelica.pt\\\/site\\\/\"},{\"@type\":\"ListItem\",\"position\":2,\"name\":\"Do Entulho ao Restauro &#8211; Priscila Ferreira\"}]},{\"@type\":\"WebSite\",\"@id\":\"https:\\\/\\\/aliancaevangelica.pt\\\/site\\\/#website\",\"url\":\"https:\\\/\\\/aliancaevangelica.pt\\\/site\\\/\",\"name\":\"Alian\u00e7a Evang\u00e9lica Portuguesa\",\"description\":\"Alian\u00e7a Evang\u00e9lica Portuguesa\",\"publisher\":{\"@id\":\"https:\\\/\\\/aliancaevangelica.pt\\\/site\\\/#organization\"},\"potentialAction\":[{\"@type\":\"SearchAction\",\"target\":{\"@type\":\"EntryPoint\",\"urlTemplate\":\"https:\\\/\\\/aliancaevangelica.pt\\\/site\\\/?s={search_term_string}\"},\"query-input\":{\"@type\":\"PropertyValueSpecification\",\"valueRequired\":true,\"valueName\":\"search_term_string\"}}],\"inLanguage\":\"pt-PT\"},{\"@type\":\"Organization\",\"@id\":\"https:\\\/\\\/aliancaevangelica.pt\\\/site\\\/#organization\",\"name\":\"Alian\u00e7a Evang\u00e9lica Portuguesa\",\"url\":\"https:\\\/\\\/aliancaevangelica.pt\\\/site\\\/\",\"logo\":{\"@type\":\"ImageObject\",\"inLanguage\":\"pt-PT\",\"@id\":\"https:\\\/\\\/aliancaevangelica.pt\\\/site\\\/#\\\/schema\\\/logo\\\/image\\\/\",\"url\":\"https:\\\/\\\/aliancaevangelica.pt\\\/site\\\/wp-content\\\/uploads\\\/2017\\\/11\\\/logo-AEP-cor.png\",\"contentUrl\":\"https:\\\/\\\/aliancaevangelica.pt\\\/site\\\/wp-content\\\/uploads\\\/2017\\\/11\\\/logo-AEP-cor.png\",\"width\":1156,\"height\":672,\"caption\":\"Alian\u00e7a Evang\u00e9lica Portuguesa\"},\"image\":{\"@id\":\"https:\\\/\\\/aliancaevangelica.pt\\\/site\\\/#\\\/schema\\\/logo\\\/image\\\/\"},\"sameAs\":[\"http:\\\/\\\/facebook.com\\\/aeportuguesa\",\"http:\\\/\\\/instagram.com\\\/aliancaep\",\"http:\\\/\\\/youtube.com\\\/aeportuguesa\"]},{\"@type\":\"Person\",\"@id\":\"https:\\\/\\\/aliancaevangelica.pt\\\/site\\\/#\\\/schema\\\/person\\\/3b47cfc7535eff1e820f31c2d67eafcf\",\"name\":\"AEP\",\"sameAs\":[\"aeportugal\"],\"url\":\"https:\\\/\\\/aliancaevangelica.pt\\\/site\\\/author\\\/aeportugal\\\/\"}]}<\/script>\n<!-- \/ Yoast SEO plugin. -->","yoast_head_json":{"title":"Do Entulho ao Restauro - Priscila Ferreira - AEP","robots":{"index":"index","follow":"follow","max-snippet":"max-snippet:-1","max-image-preview":"max-image-preview:large","max-video-preview":"max-video-preview:-1"},"canonical":"https:\/\/aliancaevangelica.pt\/site\/do-entulho-ao-restauro-priscila-ferreira\/","og_locale":"pt_PT","og_type":"article","og_title":"Do Entulho ao Restauro - Priscila Ferreira - AEP","og_description":"&#8220;Usar\u00e3o o entulho do passado para construir de novo, recontruir\u00e3o (&#8230;) Ser\u00e3o conhecidos como aqueles que reparam qualquer coisa, restauram ru\u00ednas antigas, reconstroem e renovam, tornam a comunidade habit\u00e1vel outra vez.&#8221; Isa\u00edas 58:11-12 (adaptado AM) Num mundo onde a superioridade e o ego\u00edsmo parecem querem suplantar-se h\u00e1, ao que podemos observar, o desprezo e desinteresse.","og_url":"https:\/\/aliancaevangelica.pt\/site\/do-entulho-ao-restauro-priscila-ferreira\/","og_site_name":"AEP","article_publisher":"http:\/\/facebook.com\/aeportuguesa","article_author":"aeportugal","article_published_time":"2018-08-03T02:10:14+00:00","article_modified_time":"2018-08-04T02:54:25+00:00","og_image":[{"width":1280,"height":800,"url":"https:\/\/aliancaevangelica.pt\/site\/wp-content\/uploads\/2018\/08\/banner-mulheres-aep-03-ago-2018.jpg","type":"image\/jpeg"}],"author":"AEP","twitter_card":"summary_large_image","twitter_misc":{"Escrito por":"AEP","Tempo estimado de leitura":"2 minutos"},"schema":{"@context":"https:\/\/schema.org","@graph":[{"@type":"Article","@id":"https:\/\/aliancaevangelica.pt\/site\/do-entulho-ao-restauro-priscila-ferreira\/#article","isPartOf":{"@id":"https:\/\/aliancaevangelica.pt\/site\/do-entulho-ao-restauro-priscila-ferreira\/"},"author":{"name":"AEP","@id":"https:\/\/aliancaevangelica.pt\/site\/#\/schema\/person\/3b47cfc7535eff1e820f31c2d67eafcf"},"headline":"Do Entulho ao Restauro &#8211; Priscila Ferreira","datePublished":"2018-08-03T02:10:14+00:00","dateModified":"2018-08-04T02:54:25+00:00","mainEntityOfPage":{"@id":"https:\/\/aliancaevangelica.pt\/site\/do-entulho-ao-restauro-priscila-ferreira\/"},"wordCount":430,"commentCount":0,"publisher":{"@id":"https:\/\/aliancaevangelica.pt\/site\/#organization"},"image":{"@id":"https:\/\/aliancaevangelica.pt\/site\/do-entulho-ao-restauro-priscila-ferreira\/#primaryimage"},"thumbnailUrl":"https:\/\/aliancaevangelica.pt\/site\/wp-content\/uploads\/2018\/08\/banner-mulheres-aep-03-ago-2018.jpg","articleSection":["1-Geral","MULHERES, CASAIS E FAM\u00cdLIA"],"inLanguage":"pt-PT","potentialAction":[{"@type":"CommentAction","name":"Comment","target":["https:\/\/aliancaevangelica.pt\/site\/do-entulho-ao-restauro-priscila-ferreira\/#respond"]}]},{"@type":"WebPage","@id":"https:\/\/aliancaevangelica.pt\/site\/do-entulho-ao-restauro-priscila-ferreira\/","url":"https:\/\/aliancaevangelica.pt\/site\/do-entulho-ao-restauro-priscila-ferreira\/","name":"Do Entulho ao Restauro - Priscila Ferreira - AEP","isPartOf":{"@id":"https:\/\/aliancaevangelica.pt\/site\/#website"},"primaryImageOfPage":{"@id":"https:\/\/aliancaevangelica.pt\/site\/do-entulho-ao-restauro-priscila-ferreira\/#primaryimage"},"image":{"@id":"https:\/\/aliancaevangelica.pt\/site\/do-entulho-ao-restauro-priscila-ferreira\/#primaryimage"},"thumbnailUrl":"https:\/\/aliancaevangelica.pt\/site\/wp-content\/uploads\/2018\/08\/banner-mulheres-aep-03-ago-2018.jpg","datePublished":"2018-08-03T02:10:14+00:00","dateModified":"2018-08-04T02:54:25+00:00","breadcrumb":{"@id":"https:\/\/aliancaevangelica.pt\/site\/do-entulho-ao-restauro-priscila-ferreira\/#breadcrumb"},"inLanguage":"pt-PT","potentialAction":[{"@type":"ReadAction","target":["https:\/\/aliancaevangelica.pt\/site\/do-entulho-ao-restauro-priscila-ferreira\/"]}]},{"@type":"ImageObject","inLanguage":"pt-PT","@id":"https:\/\/aliancaevangelica.pt\/site\/do-entulho-ao-restauro-priscila-ferreira\/#primaryimage","url":"https:\/\/aliancaevangelica.pt\/site\/wp-content\/uploads\/2018\/08\/banner-mulheres-aep-03-ago-2018.jpg","contentUrl":"https:\/\/aliancaevangelica.pt\/site\/wp-content\/uploads\/2018\/08\/banner-mulheres-aep-03-ago-2018.jpg","width":1280,"height":800},{"@type":"BreadcrumbList","@id":"https:\/\/aliancaevangelica.pt\/site\/do-entulho-ao-restauro-priscila-ferreira\/#breadcrumb","itemListElement":[{"@type":"ListItem","position":1,"name":"In\u00edcio","item":"https:\/\/aliancaevangelica.pt\/site\/"},{"@type":"ListItem","position":2,"name":"Do Entulho ao Restauro &#8211; Priscila Ferreira"}]},{"@type":"WebSite","@id":"https:\/\/aliancaevangelica.pt\/site\/#website","url":"https:\/\/aliancaevangelica.pt\/site\/","name":"Alian\u00e7a Evang\u00e9lica Portuguesa","description":"Alian\u00e7a Evang\u00e9lica Portuguesa","publisher":{"@id":"https:\/\/aliancaevangelica.pt\/site\/#organization"},"potentialAction":[{"@type":"SearchAction","target":{"@type":"EntryPoint","urlTemplate":"https:\/\/aliancaevangelica.pt\/site\/?s={search_term_string}"},"query-input":{"@type":"PropertyValueSpecification","valueRequired":true,"valueName":"search_term_string"}}],"inLanguage":"pt-PT"},{"@type":"Organization","@id":"https:\/\/aliancaevangelica.pt\/site\/#organization","name":"Alian\u00e7a Evang\u00e9lica Portuguesa","url":"https:\/\/aliancaevangelica.pt\/site\/","logo":{"@type":"ImageObject","inLanguage":"pt-PT","@id":"https:\/\/aliancaevangelica.pt\/site\/#\/schema\/logo\/image\/","url":"https:\/\/aliancaevangelica.pt\/site\/wp-content\/uploads\/2017\/11\/logo-AEP-cor.png","contentUrl":"https:\/\/aliancaevangelica.pt\/site\/wp-content\/uploads\/2017\/11\/logo-AEP-cor.png","width":1156,"height":672,"caption":"Alian\u00e7a Evang\u00e9lica Portuguesa"},"image":{"@id":"https:\/\/aliancaevangelica.pt\/site\/#\/schema\/logo\/image\/"},"sameAs":["http:\/\/facebook.com\/aeportuguesa","http:\/\/instagram.com\/aliancaep","http:\/\/youtube.com\/aeportuguesa"]},{"@type":"Person","@id":"https:\/\/aliancaevangelica.pt\/site\/#\/schema\/person\/3b47cfc7535eff1e820f31c2d67eafcf","name":"AEP","sameAs":["aeportugal"],"url":"https:\/\/aliancaevangelica.pt\/site\/author\/aeportugal\/"}]}},"uagb_featured_image_src":{"full":["https:\/\/aliancaevangelica.pt\/site\/wp-content\/uploads\/2018\/08\/banner-mulheres-aep-03-ago-2018.jpg",1280,800,false],"thumbnail":["https:\/\/aliancaevangelica.pt\/site\/wp-content\/uploads\/2018\/08\/banner-mulheres-aep-03-ago-2018-150x150.jpg",150,150,true],"medium":["https:\/\/aliancaevangelica.pt\/site\/wp-content\/uploads\/2018\/08\/banner-mulheres-aep-03-ago-2018-300x188.jpg",300,188,true],"medium_large":["https:\/\/aliancaevangelica.pt\/site\/wp-content\/uploads\/2018\/08\/banner-mulheres-aep-03-ago-2018-768x480.jpg",768,480,true],"large":["https:\/\/aliancaevangelica.pt\/site\/wp-content\/uploads\/2018\/08\/banner-mulheres-aep-03-ago-2018-1024x640.jpg",960,600,true],"1536x1536":["https:\/\/aliancaevangelica.pt\/site\/wp-content\/uploads\/2018\/08\/banner-mulheres-aep-03-ago-2018.jpg",1280,800,false],"2048x2048":["https:\/\/aliancaevangelica.pt\/site\/wp-content\/uploads\/2018\/08\/banner-mulheres-aep-03-ago-2018.jpg",1280,800,false],"vp_sm":["https:\/\/aliancaevangelica.pt\/site\/wp-content\/uploads\/2018\/08\/banner-mulheres-aep-03-ago-2018.jpg",500,313,false],"vp_md":["https:\/\/aliancaevangelica.pt\/site\/wp-content\/uploads\/2018\/08\/banner-mulheres-aep-03-ago-2018.jpg",800,500,false],"vp_lg":["https:\/\/aliancaevangelica.pt\/site\/wp-content\/uploads\/2018\/08\/banner-mulheres-aep-03-ago-2018.jpg",1280,800,false],"vp_xl":["https:\/\/aliancaevangelica.pt\/site\/wp-content\/uploads\/2018\/08\/banner-mulheres-aep-03-ago-2018.jpg",1280,800,false],"vp_sm_popup":["https:\/\/aliancaevangelica.pt\/site\/wp-content\/uploads\/2018\/08\/banner-mulheres-aep-03-ago-2018.jpg",500,313,false],"vp_md_popup":["https:\/\/aliancaevangelica.pt\/site\/wp-content\/uploads\/2018\/08\/banner-mulheres-aep-03-ago-2018.jpg",800,500,false],"vp_xl_popup":["https:\/\/aliancaevangelica.pt\/site\/wp-content\/uploads\/2018\/08\/banner-mulheres-aep-03-ago-2018.jpg",1280,800,false],"newsx-150x100":["https:\/\/aliancaevangelica.pt\/site\/wp-content\/uploads\/2018\/08\/banner-mulheres-aep-03-ago-2018.jpg",150,94,false],"newsx-330x220":["https:\/\/aliancaevangelica.pt\/site\/wp-content\/uploads\/2018\/08\/banner-mulheres-aep-03-ago-2018.jpg",330,206,false],"newsx-420x280":["https:\/\/aliancaevangelica.pt\/site\/wp-content\/uploads\/2018\/08\/banner-mulheres-aep-03-ago-2018.jpg",420,263,false],"newsx-510x340":["https:\/\/aliancaevangelica.pt\/site\/wp-content\/uploads\/2018\/08\/banner-mulheres-aep-03-ago-2018.jpg",510,319,false],"newsx-640x480":["https:\/\/aliancaevangelica.pt\/site\/wp-content\/uploads\/2018\/08\/banner-mulheres-aep-03-ago-2018.jpg",640,400,false],"newsx-670x370":["https:\/\/aliancaevangelica.pt\/site\/wp-content\/uploads\/2018\/08\/banner-mulheres-aep-03-ago-2018.jpg",592,370,false],"newsx-860x570":["https:\/\/aliancaevangelica.pt\/site\/wp-content\/uploads\/2018\/08\/banner-mulheres-aep-03-ago-2018.jpg",860,538,false],"newsx-1000x750":["https:\/\/aliancaevangelica.pt\/site\/wp-content\/uploads\/2018\/08\/banner-mulheres-aep-03-ago-2018.jpg",1000,625,false],"newsx-1200x600":["https:\/\/aliancaevangelica.pt\/site\/wp-content\/uploads\/2018\/08\/banner-mulheres-aep-03-ago-2018.jpg",960,600,false]},"uagb_author_info":{"display_name":"AEP","author_link":"https:\/\/aliancaevangelica.pt\/site\/author\/aeportugal\/"},"uagb_comment_info":0,"uagb_excerpt":"&#8220;Usar\u00e3o o entulho do passado para construir de novo, recontruir\u00e3o (&#8230;) Ser\u00e3o conhecidos como aqueles que reparam qualquer coisa, restauram ru\u00ednas antigas, reconstroem e renovam, tornam a comunidade habit\u00e1vel outra vez.&#8221; Isa\u00edas 58:11-12 (adaptado AM) Num mundo onde a superioridade e o ego\u00edsmo parecem querem suplantar-se h\u00e1, ao que podemos observar, o desprezo e desinteresse.","_links":{"self":[{"href":"https:\/\/aliancaevangelica.pt\/site\/wp-json\/wp\/v2\/posts\/16337","targetHints":{"allow":["GET"]}}],"collection":[{"href":"https:\/\/aliancaevangelica.pt\/site\/wp-json\/wp\/v2\/posts"}],"about":[{"href":"https:\/\/aliancaevangelica.pt\/site\/wp-json\/wp\/v2\/types\/post"}],"author":[{"embeddable":true,"href":"https:\/\/aliancaevangelica.pt\/site\/wp-json\/wp\/v2\/users\/2"}],"replies":[{"embeddable":true,"href":"https:\/\/aliancaevangelica.pt\/site\/wp-json\/wp\/v2\/comments?post=16337"}],"version-history":[{"count":2,"href":"https:\/\/aliancaevangelica.pt\/site\/wp-json\/wp\/v2\/posts\/16337\/revisions"}],"predecessor-version":[{"id":16339,"href":"https:\/\/aliancaevangelica.pt\/site\/wp-json\/wp\/v2\/posts\/16337\/revisions\/16339"}],"wp:featuredmedia":[{"embeddable":true,"href":"https:\/\/aliancaevangelica.pt\/site\/wp-json\/wp\/v2\/media\/16323"}],"wp:attachment":[{"href":"https:\/\/aliancaevangelica.pt\/site\/wp-json\/wp\/v2\/media?parent=16337"}],"wp:term":[{"taxonomy":"category","embeddable":true,"href":"https:\/\/aliancaevangelica.pt\/site\/wp-json\/wp\/v2\/categories?post=16337"},{"taxonomy":"post_tag","embeddable":true,"href":"https:\/\/aliancaevangelica.pt\/site\/wp-json\/wp\/v2\/tags?post=16337"}],"curies":[{"name":"wp","href":"https:\/\/api.w.org\/{rel}","templated":true}]}}