{"id":16274,"date":"2016-03-20T07:00:33","date_gmt":"2016-03-20T07:00:33","guid":{"rendered":"https:\/\/aliancaevangelica.pt\/site\/?p=16274"},"modified":"2026-04-07T09:54:35","modified_gmt":"2026-04-07T09:54:35","slug":"o-cuidado-com-o-ambiente","status":"publish","type":"post","link":"https:\/\/aliancaevangelica.pt\/site\/o-cuidado-com-o-ambiente\/","title":{"rendered":"O Cuidado com o Ambiente"},"content":{"rendered":"<p style=\"text-align: justify;\">21 Mar\u00e7o \u2013 Dia Internacional das Florestas<\/p>\n<p style=\"text-align: justify;\">22 Mar\u00e7o \u2013 Dia Internacional da Biodiversidade \/\/ Dia Mundial da \u00c1gua<\/p>\n<p style=\"text-align: justify;\">Vivemos numa sociedade em que\u00a0 o cuidado pelo ambiente, a preserva\u00e7\u00e3o do que ainda existe \u00e9 mais do que uma Moda. \u00c9 uma urg\u00eancia e uma necessidade assumida por todos. Os crist\u00e3os em geral, mas as Igrejas Evang\u00e9licas de Portugal em particular, assumem que t\u00eam um papel fundamental no reconhecimento do primeiro mandamento b\u00edblico a ser dado \u00e0 humanidade tendo cada um de n\u00f3s de \u201clavrar e cuidar da terra\u201d (G\u00e9nesis 2:15) com implica\u00e7\u00f5es diretas nas nossas op\u00e7\u00f5es pois se n\u00e3o somos produtores, somos consumidores. Os erros destru\u00edram tanto a rela\u00e7\u00e3o de Deus com a humanidade como com o meio ambiente, tendo o mesmo ficado subjugado aos resultados da nossa escolha errada (G\u00e9nesis. 3:17).<\/p>\n<p style=\"text-align: justify;\">Em Dezembro de 2015, foi assinado um acordo sobre o clima (COP21), onde os governos dos pa\u00edses se comprometeram a n\u00e3o permitir que a temperatura m\u00e9dia mundial aumentasse 2\u00baC, fazendo todos os esfor\u00e7os poss\u00edveis para n\u00e3o aumentar mais de 1,5\u00baC. Al\u00e9m disso todos os pontos do acordo ser\u00e3o avaliados a cada 5 anos, de forma a cumprir as metas propostas. Ainda foram colocadas diversas al\u00edneas (embora volunt\u00e1rias para cada pa\u00eds) na adop\u00e7\u00e3o de comportamentos, legisla\u00e7\u00e3o e op\u00e7\u00f5es de cada estado.<a title=\"\" href=\"#_ftn1\">[1]<\/a><\/p>\n<p style=\"text-align: justify;\">Jesus veio para reestabelecer a rela\u00e7\u00e3o entre o homem e Deus e como consequ\u00eancia disso, para redimir toda a Cria\u00e7\u00e3o e recuper\u00e1-la para si \u2013 Colossenses 1:16-20<em>\u00a0para reestabelecer\u00a0a\u00a0rela\u00e7\u00e3o entre o homem e Deus, e como consequ\u00eancia disso para redimir toda\u00a0a\u00a0Cria\u00e7\u00e3o e recuper\u00e1-la para si,\u00a0<\/em>pois\u00a0a\u00a0paz conquistada pelo seu sacrif\u00edcio foi para tudo o que foi criado e que continua\u00a0a\u00a0pertencer-Lhe. Se cremos e afirmamos que tudo o que existe foi criado por Deus, que \u00e9 Deus que sustenta e que foi Deus que redimiu para si, ent\u00e3o porque \u00e9 que n\u00e3o nos juntamos\u00a0a\u00a0Deus em cooperar na prote\u00e7\u00e3o da Sua propriedade?<\/p>\n<p style=\"text-align: justify;\">A Alian\u00e7a Evang\u00e9lica Mundial em conjunto com a rede do Movimento Lausanne \u2013 CUIDAR DA CRIA\u00c7\u00c3O, Tearfund, a Associa\u00e7\u00e3o A ROCHA entre muitas outras organiza\u00e7\u00f5es internacionais estiveram presentes na 21\u00aa Confer\u00eancia Sobre as Mudan\u00e7as Clim\u00e1ticas (COP21) em Paris com o objetivo de trazer a voz dos evang\u00e9licos num assunto t\u00e3o importante como o cuidado da cria\u00e7\u00e3o.<\/p>\n<p style=\"text-align: justify;\">A\u00a0 Alian\u00e7a Evang\u00e9lica Portuguesa acredita que<\/p>\n<ol style=\"text-align: justify;\">\n<li>Cristo morreu de forma a reconciliar toda a cria\u00e7\u00e3o do pr\u00f3prio Deus (Colossenses 1:20)<\/li>\n<li>Toda a cria\u00e7\u00e3o pertence a Jesus (Colossenses 1:16, Salmos 24:1)<\/li>\n<li>Temos de cumprir o Grande Mandamento de amar a Deus e amar o que Deus ama (\u00e9 dif\u00edcil afirmar que amamos crian\u00e7as com asma se somos n\u00f3s que contribu\u00edmos para o aumento da polui\u00e7\u00e3o)<\/li>\n<li>A polui\u00e7\u00e3o, a destrui\u00e7\u00e3o de habitats e esp\u00e9cies e das condi\u00e7\u00f5es de vida e as altera\u00e7\u00f5es clim\u00e1ticas afetam primeiramente os mais desfavorecidos, e os crist\u00e3os s\u00e3o chamados para cuidar dos pobres e dos aflitos (Mateus 25:37-40)<\/li>\n<li>A\u00a0Cria\u00e7\u00e3o exibe\u00a0a\u00a0Gl\u00f3ria de Deus. Se esta for destru\u00edda e desaparecer, e pior ainda se os crist\u00e3os forem complacentes com isso, como \u00e9 que os outros poder\u00e3o ver nela a Gl\u00f3ria de Deus?<\/li>\n<\/ol>\n<p style=\"text-align: justify;\">\n<p style=\"text-align: justify;\" align=\"right\">Dire\u00e7\u00e3o da Alian\u00e7a Evang\u00e9lica Portuguesa em parceria com a Associa\u00e7\u00e3o A ROCHA<\/p>\n<p style=\"text-align: justify;\" align=\"right\">18 de Mar\u00e7o 2016<\/p>\n<div style=\"text-align: justify;\">\n<div>\n<p><span style=\"font-size: x-small;\">(1) o comunicado da Alian\u00e7a Evang\u00e9lica Mundial pode ser consultado aqui: http:\/\/www.worldea.org\/news\/4630\/global-evangelical-leaders-welcome-paris-climate-agreement-as-historic-accomplishment<\/span><\/p>\n<\/div>\n<\/div>\n","protected":false},"excerpt":{"rendered":"<p>21 Mar\u00e7o \u2013 Dia Internacional das Florestas 22 Mar\u00e7o \u2013 Dia Internacional da Biodiversidade \/\/ Dia Mundial da \u00c1gua Vivemos numa sociedade em que\u00a0 o cuidado pelo ambiente, a preserva\u00e7\u00e3o do que ainda existe \u00e9 mais do que uma Moda. \u00c9 uma urg\u00eancia e uma necessidade assumida por todos. Os crist\u00e3os em geral, mas as<\/p>\n","protected":false},"author":2,"featured_media":16260,"comment_status":"closed","ping_status":"open","sticky":false,"template":"","format":"standard","meta":{"_uag_custom_page_level_css":"","_themeisle_gutenberg_block_has_review":false,"_vp_format_video_url":"","_vp_image_focal_point":[],"footnotes":""},"categories":[52],"tags":[],"class_list":["post-16274","post","type-post","status-publish","format-standard","has-post-thumbnail","hentry","category-tomadas-de-posicao"],"yoast_head":"<!-- This site is optimized with the Yoast SEO plugin v27.5 - https:\/\/yoast.com\/product\/yoast-seo-wordpress\/ -->\n<title>O Cuidado com o Ambiente - AEP<\/title>\n<meta name=\"robots\" content=\"index, follow, max-snippet:-1, max-image-preview:large, max-video-preview:-1\" \/>\n<link rel=\"canonical\" href=\"https:\/\/aliancaevangelica.pt\/site\/o-cuidado-com-o-ambiente\/\" \/>\n<meta property=\"og:locale\" content=\"pt_PT\" \/>\n<meta property=\"og:type\" content=\"article\" \/>\n<meta property=\"og:title\" content=\"O Cuidado com o Ambiente - AEP\" \/>\n<meta property=\"og:description\" content=\"21 Mar\u00e7o \u2013 Dia Internacional das Florestas 22 Mar\u00e7o \u2013 Dia Internacional da Biodiversidade \/\/ Dia Mundial da \u00c1gua Vivemos numa sociedade em que\u00a0 o cuidado pelo ambiente, a preserva\u00e7\u00e3o do que ainda existe \u00e9 mais do que uma Moda. \u00c9 uma urg\u00eancia e uma necessidade assumida por todos. Os crist\u00e3os em geral, mas as\" \/>\n<meta property=\"og:url\" content=\"https:\/\/aliancaevangelica.pt\/site\/o-cuidado-com-o-ambiente\/\" \/>\n<meta property=\"og:site_name\" content=\"AEP\" \/>\n<meta property=\"article:publisher\" content=\"http:\/\/facebook.com\/aeportuguesa\" \/>\n<meta property=\"article:author\" content=\"aeportugal\" \/>\n<meta property=\"article:published_time\" content=\"2016-03-20T07:00:33+00:00\" \/>\n<meta property=\"article:modified_time\" content=\"2026-04-07T09:54:35+00:00\" \/>\n<meta property=\"og:image\" content=\"https:\/\/aliancaevangelica.pt\/site\/wp-content\/uploads\/2018\/07\/img-padrao-artigo.jpg\" \/>\n\t<meta property=\"og:image:width\" content=\"1280\" \/>\n\t<meta property=\"og:image:height\" content=\"800\" \/>\n\t<meta property=\"og:image:type\" content=\"image\/jpeg\" \/>\n<meta name=\"author\" content=\"AEP\" \/>\n<meta name=\"twitter:card\" content=\"summary_large_image\" \/>\n<meta name=\"twitter:label1\" content=\"Escrito por\" \/>\n\t<meta name=\"twitter:data1\" content=\"AEP\" \/>\n\t<meta name=\"twitter:label2\" content=\"Tempo estimado de leitura\" \/>\n\t<meta name=\"twitter:data2\" content=\"3 minutos\" \/>\n<script type=\"application\/ld+json\" class=\"yoast-schema-graph\">{\"@context\":\"https:\\\/\\\/schema.org\",\"@graph\":[{\"@type\":\"Article\",\"@id\":\"https:\\\/\\\/aliancaevangelica.pt\\\/site\\\/o-cuidado-com-o-ambiente\\\/#article\",\"isPartOf\":{\"@id\":\"https:\\\/\\\/aliancaevangelica.pt\\\/site\\\/o-cuidado-com-o-ambiente\\\/\"},\"author\":{\"name\":\"AEP\",\"@id\":\"https:\\\/\\\/aliancaevangelica.pt\\\/site\\\/#\\\/schema\\\/person\\\/3b47cfc7535eff1e820f31c2d67eafcf\"},\"headline\":\"O Cuidado com o Ambiente\",\"datePublished\":\"2016-03-20T07:00:33+00:00\",\"dateModified\":\"2026-04-07T09:54:35+00:00\",\"mainEntityOfPage\":{\"@id\":\"https:\\\/\\\/aliancaevangelica.pt\\\/site\\\/o-cuidado-com-o-ambiente\\\/\"},\"wordCount\":611,\"publisher\":{\"@id\":\"https:\\\/\\\/aliancaevangelica.pt\\\/site\\\/#organization\"},\"image\":{\"@id\":\"https:\\\/\\\/aliancaevangelica.pt\\\/site\\\/o-cuidado-com-o-ambiente\\\/#primaryimage\"},\"thumbnailUrl\":\"https:\\\/\\\/aliancaevangelica.pt\\\/site\\\/wp-content\\\/uploads\\\/2018\\\/07\\\/img-padrao-artigo.jpg\",\"articleSection\":[\"Tomadas de Posi\u00e7\u00e3o\"],\"inLanguage\":\"pt-PT\"},{\"@type\":\"WebPage\",\"@id\":\"https:\\\/\\\/aliancaevangelica.pt\\\/site\\\/o-cuidado-com-o-ambiente\\\/\",\"url\":\"https:\\\/\\\/aliancaevangelica.pt\\\/site\\\/o-cuidado-com-o-ambiente\\\/\",\"name\":\"O Cuidado com o Ambiente - AEP\",\"isPartOf\":{\"@id\":\"https:\\\/\\\/aliancaevangelica.pt\\\/site\\\/#website\"},\"primaryImageOfPage\":{\"@id\":\"https:\\\/\\\/aliancaevangelica.pt\\\/site\\\/o-cuidado-com-o-ambiente\\\/#primaryimage\"},\"image\":{\"@id\":\"https:\\\/\\\/aliancaevangelica.pt\\\/site\\\/o-cuidado-com-o-ambiente\\\/#primaryimage\"},\"thumbnailUrl\":\"https:\\\/\\\/aliancaevangelica.pt\\\/site\\\/wp-content\\\/uploads\\\/2018\\\/07\\\/img-padrao-artigo.jpg\",\"datePublished\":\"2016-03-20T07:00:33+00:00\",\"dateModified\":\"2026-04-07T09:54:35+00:00\",\"breadcrumb\":{\"@id\":\"https:\\\/\\\/aliancaevangelica.pt\\\/site\\\/o-cuidado-com-o-ambiente\\\/#breadcrumb\"},\"inLanguage\":\"pt-PT\",\"potentialAction\":[{\"@type\":\"ReadAction\",\"target\":[\"https:\\\/\\\/aliancaevangelica.pt\\\/site\\\/o-cuidado-com-o-ambiente\\\/\"]}]},{\"@type\":\"ImageObject\",\"inLanguage\":\"pt-PT\",\"@id\":\"https:\\\/\\\/aliancaevangelica.pt\\\/site\\\/o-cuidado-com-o-ambiente\\\/#primaryimage\",\"url\":\"https:\\\/\\\/aliancaevangelica.pt\\\/site\\\/wp-content\\\/uploads\\\/2018\\\/07\\\/img-padrao-artigo.jpg\",\"contentUrl\":\"https:\\\/\\\/aliancaevangelica.pt\\\/site\\\/wp-content\\\/uploads\\\/2018\\\/07\\\/img-padrao-artigo.jpg\",\"width\":1280,\"height\":800},{\"@type\":\"BreadcrumbList\",\"@id\":\"https:\\\/\\\/aliancaevangelica.pt\\\/site\\\/o-cuidado-com-o-ambiente\\\/#breadcrumb\",\"itemListElement\":[{\"@type\":\"ListItem\",\"position\":1,\"name\":\"In\u00edcio\",\"item\":\"https:\\\/\\\/aliancaevangelica.pt\\\/site\\\/\"},{\"@type\":\"ListItem\",\"position\":2,\"name\":\"O Cuidado com o Ambiente\"}]},{\"@type\":\"WebSite\",\"@id\":\"https:\\\/\\\/aliancaevangelica.pt\\\/site\\\/#website\",\"url\":\"https:\\\/\\\/aliancaevangelica.pt\\\/site\\\/\",\"name\":\"Alian\u00e7a Evang\u00e9lica Portuguesa\",\"description\":\"Alian\u00e7a Evang\u00e9lica Portuguesa\",\"publisher\":{\"@id\":\"https:\\\/\\\/aliancaevangelica.pt\\\/site\\\/#organization\"},\"potentialAction\":[{\"@type\":\"SearchAction\",\"target\":{\"@type\":\"EntryPoint\",\"urlTemplate\":\"https:\\\/\\\/aliancaevangelica.pt\\\/site\\\/?s={search_term_string}\"},\"query-input\":{\"@type\":\"PropertyValueSpecification\",\"valueRequired\":true,\"valueName\":\"search_term_string\"}}],\"inLanguage\":\"pt-PT\"},{\"@type\":\"Organization\",\"@id\":\"https:\\\/\\\/aliancaevangelica.pt\\\/site\\\/#organization\",\"name\":\"Alian\u00e7a Evang\u00e9lica Portuguesa\",\"url\":\"https:\\\/\\\/aliancaevangelica.pt\\\/site\\\/\",\"logo\":{\"@type\":\"ImageObject\",\"inLanguage\":\"pt-PT\",\"@id\":\"https:\\\/\\\/aliancaevangelica.pt\\\/site\\\/#\\\/schema\\\/logo\\\/image\\\/\",\"url\":\"https:\\\/\\\/aliancaevangelica.pt\\\/site\\\/wp-content\\\/uploads\\\/2017\\\/11\\\/logo-AEP-cor.png\",\"contentUrl\":\"https:\\\/\\\/aliancaevangelica.pt\\\/site\\\/wp-content\\\/uploads\\\/2017\\\/11\\\/logo-AEP-cor.png\",\"width\":1156,\"height\":672,\"caption\":\"Alian\u00e7a Evang\u00e9lica Portuguesa\"},\"image\":{\"@id\":\"https:\\\/\\\/aliancaevangelica.pt\\\/site\\\/#\\\/schema\\\/logo\\\/image\\\/\"},\"sameAs\":[\"http:\\\/\\\/facebook.com\\\/aeportuguesa\",\"http:\\\/\\\/instagram.com\\\/aliancaep\",\"http:\\\/\\\/youtube.com\\\/aeportuguesa\"]},{\"@type\":\"Person\",\"@id\":\"https:\\\/\\\/aliancaevangelica.pt\\\/site\\\/#\\\/schema\\\/person\\\/3b47cfc7535eff1e820f31c2d67eafcf\",\"name\":\"AEP\",\"sameAs\":[\"aeportugal\"],\"url\":\"https:\\\/\\\/aliancaevangelica.pt\\\/site\\\/author\\\/aeportugal\\\/\"}]}<\/script>\n<!-- \/ Yoast SEO plugin. -->","yoast_head_json":{"title":"O Cuidado com o Ambiente - AEP","robots":{"index":"index","follow":"follow","max-snippet":"max-snippet:-1","max-image-preview":"max-image-preview:large","max-video-preview":"max-video-preview:-1"},"canonical":"https:\/\/aliancaevangelica.pt\/site\/o-cuidado-com-o-ambiente\/","og_locale":"pt_PT","og_type":"article","og_title":"O Cuidado com o Ambiente - AEP","og_description":"21 Mar\u00e7o \u2013 Dia Internacional das Florestas 22 Mar\u00e7o \u2013 Dia Internacional da Biodiversidade \/\/ Dia Mundial da \u00c1gua Vivemos numa sociedade em que\u00a0 o cuidado pelo ambiente, a preserva\u00e7\u00e3o do que ainda existe \u00e9 mais do que uma Moda. \u00c9 uma urg\u00eancia e uma necessidade assumida por todos. Os crist\u00e3os em geral, mas as","og_url":"https:\/\/aliancaevangelica.pt\/site\/o-cuidado-com-o-ambiente\/","og_site_name":"AEP","article_publisher":"http:\/\/facebook.com\/aeportuguesa","article_author":"aeportugal","article_published_time":"2016-03-20T07:00:33+00:00","article_modified_time":"2026-04-07T09:54:35+00:00","og_image":[{"width":1280,"height":800,"url":"https:\/\/aliancaevangelica.pt\/site\/wp-content\/uploads\/2018\/07\/img-padrao-artigo.jpg","type":"image\/jpeg"}],"author":"AEP","twitter_card":"summary_large_image","twitter_misc":{"Escrito por":"AEP","Tempo estimado de leitura":"3 minutos"},"schema":{"@context":"https:\/\/schema.org","@graph":[{"@type":"Article","@id":"https:\/\/aliancaevangelica.pt\/site\/o-cuidado-com-o-ambiente\/#article","isPartOf":{"@id":"https:\/\/aliancaevangelica.pt\/site\/o-cuidado-com-o-ambiente\/"},"author":{"name":"AEP","@id":"https:\/\/aliancaevangelica.pt\/site\/#\/schema\/person\/3b47cfc7535eff1e820f31c2d67eafcf"},"headline":"O Cuidado com o Ambiente","datePublished":"2016-03-20T07:00:33+00:00","dateModified":"2026-04-07T09:54:35+00:00","mainEntityOfPage":{"@id":"https:\/\/aliancaevangelica.pt\/site\/o-cuidado-com-o-ambiente\/"},"wordCount":611,"publisher":{"@id":"https:\/\/aliancaevangelica.pt\/site\/#organization"},"image":{"@id":"https:\/\/aliancaevangelica.pt\/site\/o-cuidado-com-o-ambiente\/#primaryimage"},"thumbnailUrl":"https:\/\/aliancaevangelica.pt\/site\/wp-content\/uploads\/2018\/07\/img-padrao-artigo.jpg","articleSection":["Tomadas de Posi\u00e7\u00e3o"],"inLanguage":"pt-PT"},{"@type":"WebPage","@id":"https:\/\/aliancaevangelica.pt\/site\/o-cuidado-com-o-ambiente\/","url":"https:\/\/aliancaevangelica.pt\/site\/o-cuidado-com-o-ambiente\/","name":"O Cuidado com o Ambiente - AEP","isPartOf":{"@id":"https:\/\/aliancaevangelica.pt\/site\/#website"},"primaryImageOfPage":{"@id":"https:\/\/aliancaevangelica.pt\/site\/o-cuidado-com-o-ambiente\/#primaryimage"},"image":{"@id":"https:\/\/aliancaevangelica.pt\/site\/o-cuidado-com-o-ambiente\/#primaryimage"},"thumbnailUrl":"https:\/\/aliancaevangelica.pt\/site\/wp-content\/uploads\/2018\/07\/img-padrao-artigo.jpg","datePublished":"2016-03-20T07:00:33+00:00","dateModified":"2026-04-07T09:54:35+00:00","breadcrumb":{"@id":"https:\/\/aliancaevangelica.pt\/site\/o-cuidado-com-o-ambiente\/#breadcrumb"},"inLanguage":"pt-PT","potentialAction":[{"@type":"ReadAction","target":["https:\/\/aliancaevangelica.pt\/site\/o-cuidado-com-o-ambiente\/"]}]},{"@type":"ImageObject","inLanguage":"pt-PT","@id":"https:\/\/aliancaevangelica.pt\/site\/o-cuidado-com-o-ambiente\/#primaryimage","url":"https:\/\/aliancaevangelica.pt\/site\/wp-content\/uploads\/2018\/07\/img-padrao-artigo.jpg","contentUrl":"https:\/\/aliancaevangelica.pt\/site\/wp-content\/uploads\/2018\/07\/img-padrao-artigo.jpg","width":1280,"height":800},{"@type":"BreadcrumbList","@id":"https:\/\/aliancaevangelica.pt\/site\/o-cuidado-com-o-ambiente\/#breadcrumb","itemListElement":[{"@type":"ListItem","position":1,"name":"In\u00edcio","item":"https:\/\/aliancaevangelica.pt\/site\/"},{"@type":"ListItem","position":2,"name":"O Cuidado com o Ambiente"}]},{"@type":"WebSite","@id":"https:\/\/aliancaevangelica.pt\/site\/#website","url":"https:\/\/aliancaevangelica.pt\/site\/","name":"Alian\u00e7a Evang\u00e9lica Portuguesa","description":"Alian\u00e7a Evang\u00e9lica Portuguesa","publisher":{"@id":"https:\/\/aliancaevangelica.pt\/site\/#organization"},"potentialAction":[{"@type":"SearchAction","target":{"@type":"EntryPoint","urlTemplate":"https:\/\/aliancaevangelica.pt\/site\/?s={search_term_string}"},"query-input":{"@type":"PropertyValueSpecification","valueRequired":true,"valueName":"search_term_string"}}],"inLanguage":"pt-PT"},{"@type":"Organization","@id":"https:\/\/aliancaevangelica.pt\/site\/#organization","name":"Alian\u00e7a Evang\u00e9lica Portuguesa","url":"https:\/\/aliancaevangelica.pt\/site\/","logo":{"@type":"ImageObject","inLanguage":"pt-PT","@id":"https:\/\/aliancaevangelica.pt\/site\/#\/schema\/logo\/image\/","url":"https:\/\/aliancaevangelica.pt\/site\/wp-content\/uploads\/2017\/11\/logo-AEP-cor.png","contentUrl":"https:\/\/aliancaevangelica.pt\/site\/wp-content\/uploads\/2017\/11\/logo-AEP-cor.png","width":1156,"height":672,"caption":"Alian\u00e7a Evang\u00e9lica Portuguesa"},"image":{"@id":"https:\/\/aliancaevangelica.pt\/site\/#\/schema\/logo\/image\/"},"sameAs":["http:\/\/facebook.com\/aeportuguesa","http:\/\/instagram.com\/aliancaep","http:\/\/youtube.com\/aeportuguesa"]},{"@type":"Person","@id":"https:\/\/aliancaevangelica.pt\/site\/#\/schema\/person\/3b47cfc7535eff1e820f31c2d67eafcf","name":"AEP","sameAs":["aeportugal"],"url":"https:\/\/aliancaevangelica.pt\/site\/author\/aeportugal\/"}]}},"uagb_featured_image_src":{"full":["https:\/\/aliancaevangelica.pt\/site\/wp-content\/uploads\/2018\/07\/img-padrao-artigo.jpg",1280,800,false],"thumbnail":["https:\/\/aliancaevangelica.pt\/site\/wp-content\/uploads\/2018\/07\/img-padrao-artigo-150x150.jpg",150,150,true],"medium":["https:\/\/aliancaevangelica.pt\/site\/wp-content\/uploads\/2018\/07\/img-padrao-artigo-300x188.jpg",300,188,true],"medium_large":["https:\/\/aliancaevangelica.pt\/site\/wp-content\/uploads\/2018\/07\/img-padrao-artigo-768x480.jpg",768,480,true],"large":["https:\/\/aliancaevangelica.pt\/site\/wp-content\/uploads\/2018\/07\/img-padrao-artigo-1024x640.jpg",960,600,true],"1536x1536":["https:\/\/aliancaevangelica.pt\/site\/wp-content\/uploads\/2018\/07\/img-padrao-artigo.jpg",1280,800,false],"2048x2048":["https:\/\/aliancaevangelica.pt\/site\/wp-content\/uploads\/2018\/07\/img-padrao-artigo.jpg",1280,800,false],"vp_sm":["https:\/\/aliancaevangelica.pt\/site\/wp-content\/uploads\/2018\/07\/img-padrao-artigo.jpg",500,313,false],"vp_md":["https:\/\/aliancaevangelica.pt\/site\/wp-content\/uploads\/2018\/07\/img-padrao-artigo.jpg",800,500,false],"vp_lg":["https:\/\/aliancaevangelica.pt\/site\/wp-content\/uploads\/2018\/07\/img-padrao-artigo.jpg",1280,800,false],"vp_xl":["https:\/\/aliancaevangelica.pt\/site\/wp-content\/uploads\/2018\/07\/img-padrao-artigo.jpg",1280,800,false],"vp_sm_popup":["https:\/\/aliancaevangelica.pt\/site\/wp-content\/uploads\/2018\/07\/img-padrao-artigo.jpg",500,313,false],"vp_md_popup":["https:\/\/aliancaevangelica.pt\/site\/wp-content\/uploads\/2018\/07\/img-padrao-artigo.jpg",800,500,false],"vp_xl_popup":["https:\/\/aliancaevangelica.pt\/site\/wp-content\/uploads\/2018\/07\/img-padrao-artigo.jpg",1280,800,false],"newsx-150x100":["https:\/\/aliancaevangelica.pt\/site\/wp-content\/uploads\/2018\/07\/img-padrao-artigo.jpg",150,94,false],"newsx-330x220":["https:\/\/aliancaevangelica.pt\/site\/wp-content\/uploads\/2018\/07\/img-padrao-artigo.jpg",330,206,false],"newsx-420x280":["https:\/\/aliancaevangelica.pt\/site\/wp-content\/uploads\/2018\/07\/img-padrao-artigo.jpg",420,263,false],"newsx-510x340":["https:\/\/aliancaevangelica.pt\/site\/wp-content\/uploads\/2018\/07\/img-padrao-artigo.jpg",510,319,false],"newsx-640x480":["https:\/\/aliancaevangelica.pt\/site\/wp-content\/uploads\/2018\/07\/img-padrao-artigo.jpg",640,400,false],"newsx-670x370":["https:\/\/aliancaevangelica.pt\/site\/wp-content\/uploads\/2018\/07\/img-padrao-artigo.jpg",592,370,false],"newsx-860x570":["https:\/\/aliancaevangelica.pt\/site\/wp-content\/uploads\/2018\/07\/img-padrao-artigo.jpg",860,538,false],"newsx-1000x750":["https:\/\/aliancaevangelica.pt\/site\/wp-content\/uploads\/2018\/07\/img-padrao-artigo.jpg",1000,625,false],"newsx-1200x600":["https:\/\/aliancaevangelica.pt\/site\/wp-content\/uploads\/2018\/07\/img-padrao-artigo.jpg",960,600,false]},"uagb_author_info":{"display_name":"AEP","author_link":"https:\/\/aliancaevangelica.pt\/site\/author\/aeportugal\/"},"uagb_comment_info":0,"uagb_excerpt":"21 Mar\u00e7o \u2013 Dia Internacional das Florestas 22 Mar\u00e7o \u2013 Dia Internacional da Biodiversidade \/\/ Dia Mundial da \u00c1gua Vivemos numa sociedade em que\u00a0 o cuidado pelo ambiente, a preserva\u00e7\u00e3o do que ainda existe \u00e9 mais do que uma Moda. \u00c9 uma urg\u00eancia e uma necessidade assumida por todos. Os crist\u00e3os em geral, mas as","_links":{"self":[{"href":"https:\/\/aliancaevangelica.pt\/site\/wp-json\/wp\/v2\/posts\/16274","targetHints":{"allow":["GET"]}}],"collection":[{"href":"https:\/\/aliancaevangelica.pt\/site\/wp-json\/wp\/v2\/posts"}],"about":[{"href":"https:\/\/aliancaevangelica.pt\/site\/wp-json\/wp\/v2\/types\/post"}],"author":[{"embeddable":true,"href":"https:\/\/aliancaevangelica.pt\/site\/wp-json\/wp\/v2\/users\/2"}],"replies":[{"embeddable":true,"href":"https:\/\/aliancaevangelica.pt\/site\/wp-json\/wp\/v2\/comments?post=16274"}],"version-history":[{"count":1,"href":"https:\/\/aliancaevangelica.pt\/site\/wp-json\/wp\/v2\/posts\/16274\/revisions"}],"predecessor-version":[{"id":16275,"href":"https:\/\/aliancaevangelica.pt\/site\/wp-json\/wp\/v2\/posts\/16274\/revisions\/16275"}],"wp:featuredmedia":[{"embeddable":true,"href":"https:\/\/aliancaevangelica.pt\/site\/wp-json\/wp\/v2\/media\/16260"}],"wp:attachment":[{"href":"https:\/\/aliancaevangelica.pt\/site\/wp-json\/wp\/v2\/media?parent=16274"}],"wp:term":[{"taxonomy":"category","embeddable":true,"href":"https:\/\/aliancaevangelica.pt\/site\/wp-json\/wp\/v2\/categories?post=16274"},{"taxonomy":"post_tag","embeddable":true,"href":"https:\/\/aliancaevangelica.pt\/site\/wp-json\/wp\/v2\/tags?post=16274"}],"curies":[{"name":"wp","href":"https:\/\/api.w.org\/{rel}","templated":true}]}}