{"id":16271,"date":"2016-06-30T07:00:04","date_gmt":"2016-06-30T07:00:04","guid":{"rendered":"https:\/\/aliancaevangelica.pt\/site\/?p=16271"},"modified":"2026-04-07T09:54:55","modified_gmt":"2026-04-07T09:54:55","slug":"tomada-de-posicao-da-aep-sobre-cartazes-do-bloco-de-esquerda","status":"publish","type":"post","link":"https:\/\/aliancaevangelica.pt\/site\/tomada-de-posicao-da-aep-sobre-cartazes-do-bloco-de-esquerda\/","title":{"rendered":"Cartazes do Bloco de Esquerda"},"content":{"rendered":"<p style=\"text-align: justify;\">A Alian\u00e7a Evang\u00e9lica Portuguesa, federa\u00e7\u00e3o de igrejas evang\u00e9licas em Portugal, lamenta a campanha projetada pelo BE com uma mensagem destinada a provocar e ofender os sentimentos religiosos de muitos crist\u00e3os. A liberdade de express\u00e3o deve ser exercida no quadro do respeito pelos sentimentos religiosos dos cidad\u00e3os.<\/p>\n<p>Fazer uma compara\u00e7\u00e3o entre a quest\u00e3o da divindade e humanidade de Cristo, por um lado, e por outro a ado\u00e7\u00e3o de crian\u00e7as por casais homossexuais \u00e9, obviamente, descabida e ofende a sensibilidade de crist\u00e3os portugueses, sejam eles evang\u00e9licos ou cat\u00f3licos.<\/p>\n<p style=\"text-align: justify;\">Cremos na dupla natureza de Jesus Cristo: Espiritual, onde temos a sua perfeita Divindade, e Humana, onde cabe um pai de Amor, Jos\u00e9, que o adoptou e amou como assim devem amar todos os pais e m\u00e3es, sem discrimina\u00e7\u00f5es.<\/p>\n<p style=\"text-align: justify;\">Jesus Cristo \u00e9 reconhecido, por n\u00f3s e em n\u00f3s, n\u00e3o por imagens, \u00edcones ou outras esp\u00e9cies de adere\u00e7os, mas sim por vidas regeneradas.<\/p>\n<p style=\"text-align: justify;\">Uma vez que Jesus Cristo veio, e sofreu at\u00e9 \u00e0 morte, para regenerar vidas, e demonstrar uma atitude de amor e perd\u00e3o para com aqueles que O ofendem, n\u00e3o desejamos, como crist\u00e3os evang\u00e9licos, contra-atacar num esp\u00edrito pol\u00e9mico, mas n\u00e3o podemos deixar de afirmar que acreditamos e defendemos os valores B\u00edblicos em rela\u00e7\u00e3o \u00e0 Fam\u00edlia e que continuaremos a orar pelos que est\u00e3o em posi\u00e7\u00f5es de responsabilidade, seja no Governo, Parlamento, Tribunais ou Autarquias.<\/p>\n<p style=\"text-align: justify;\"><strong>Esfor\u00e7amo-nos por contribuir em todas as esferas de a\u00e7\u00e3o para as quais Deus nos chamou, para que a sociedade seja mais justa, dentro dos par\u00e2metros \u00e9ticos que as Sagradas Escrituras ensinam<\/strong>.<\/p>\n<p style=\"text-align: justify;\">A Dire\u00e7\u00e3o<\/p>\n<p style=\"text-align: justify;\">Alian\u00e7a Evang\u00e9lica Portuguesa<\/p>\n","protected":false},"excerpt":{"rendered":"<p>A Alian\u00e7a Evang\u00e9lica Portuguesa, federa\u00e7\u00e3o de igrejas evang\u00e9licas em Portugal, lamenta a campanha projetada pelo BE com uma mensagem destinada a provocar e ofender os sentimentos religiosos de muitos crist\u00e3os. A liberdade de express\u00e3o deve ser exercida no quadro do respeito pelos sentimentos religiosos dos cidad\u00e3os. Fazer uma compara\u00e7\u00e3o entre a quest\u00e3o da divindade e<\/p>\n","protected":false},"author":2,"featured_media":16260,"comment_status":"closed","ping_status":"open","sticky":false,"template":"","format":"standard","meta":{"_uag_custom_page_level_css":"","_themeisle_gutenberg_block_has_review":false,"_vp_format_video_url":"","_vp_image_focal_point":[],"footnotes":""},"categories":[52],"tags":[],"class_list":["post-16271","post","type-post","status-publish","format-standard","has-post-thumbnail","hentry","category-tomadas-de-posicao"],"yoast_head":"<!-- This site is optimized with the Yoast SEO plugin v27.5 - https:\/\/yoast.com\/product\/yoast-seo-wordpress\/ -->\n<title>Cartazes do Bloco de Esquerda - AEP<\/title>\n<meta name=\"robots\" content=\"index, follow, max-snippet:-1, max-image-preview:large, max-video-preview:-1\" \/>\n<link rel=\"canonical\" href=\"https:\/\/aliancaevangelica.pt\/site\/tomada-de-posicao-da-aep-sobre-cartazes-do-bloco-de-esquerda\/\" \/>\n<meta property=\"og:locale\" content=\"pt_PT\" \/>\n<meta property=\"og:type\" content=\"article\" \/>\n<meta property=\"og:title\" content=\"Cartazes do Bloco de Esquerda - AEP\" \/>\n<meta property=\"og:description\" content=\"A Alian\u00e7a Evang\u00e9lica Portuguesa, federa\u00e7\u00e3o de igrejas evang\u00e9licas em Portugal, lamenta a campanha projetada pelo BE com uma mensagem destinada a provocar e ofender os sentimentos religiosos de muitos crist\u00e3os. A liberdade de express\u00e3o deve ser exercida no quadro do respeito pelos sentimentos religiosos dos cidad\u00e3os. Fazer uma compara\u00e7\u00e3o entre a quest\u00e3o da divindade e\" \/>\n<meta property=\"og:url\" content=\"https:\/\/aliancaevangelica.pt\/site\/tomada-de-posicao-da-aep-sobre-cartazes-do-bloco-de-esquerda\/\" \/>\n<meta property=\"og:site_name\" content=\"AEP\" \/>\n<meta property=\"article:publisher\" content=\"http:\/\/facebook.com\/aeportuguesa\" \/>\n<meta property=\"article:author\" content=\"aeportugal\" \/>\n<meta property=\"article:published_time\" content=\"2016-06-30T07:00:04+00:00\" \/>\n<meta property=\"article:modified_time\" content=\"2026-04-07T09:54:55+00:00\" \/>\n<meta property=\"og:image\" content=\"https:\/\/aliancaevangelica.pt\/site\/wp-content\/uploads\/2018\/07\/img-padrao-artigo.jpg\" \/>\n\t<meta property=\"og:image:width\" content=\"1280\" \/>\n\t<meta property=\"og:image:height\" content=\"800\" \/>\n\t<meta property=\"og:image:type\" content=\"image\/jpeg\" \/>\n<meta name=\"author\" content=\"AEP\" \/>\n<meta name=\"twitter:card\" content=\"summary_large_image\" \/>\n<meta name=\"twitter:label1\" content=\"Escrito por\" \/>\n\t<meta name=\"twitter:data1\" content=\"AEP\" \/>\n\t<meta name=\"twitter:label2\" content=\"Tempo estimado de leitura\" \/>\n\t<meta name=\"twitter:data2\" content=\"1 minuto\" \/>\n<script type=\"application\/ld+json\" class=\"yoast-schema-graph\">{\"@context\":\"https:\\\/\\\/schema.org\",\"@graph\":[{\"@type\":\"Article\",\"@id\":\"https:\\\/\\\/aliancaevangelica.pt\\\/site\\\/tomada-de-posicao-da-aep-sobre-cartazes-do-bloco-de-esquerda\\\/#article\",\"isPartOf\":{\"@id\":\"https:\\\/\\\/aliancaevangelica.pt\\\/site\\\/tomada-de-posicao-da-aep-sobre-cartazes-do-bloco-de-esquerda\\\/\"},\"author\":{\"name\":\"AEP\",\"@id\":\"https:\\\/\\\/aliancaevangelica.pt\\\/site\\\/#\\\/schema\\\/person\\\/3b47cfc7535eff1e820f31c2d67eafcf\"},\"headline\":\"Cartazes do Bloco de Esquerda\",\"datePublished\":\"2016-06-30T07:00:04+00:00\",\"dateModified\":\"2026-04-07T09:54:55+00:00\",\"mainEntityOfPage\":{\"@id\":\"https:\\\/\\\/aliancaevangelica.pt\\\/site\\\/tomada-de-posicao-da-aep-sobre-cartazes-do-bloco-de-esquerda\\\/\"},\"wordCount\":297,\"publisher\":{\"@id\":\"https:\\\/\\\/aliancaevangelica.pt\\\/site\\\/#organization\"},\"image\":{\"@id\":\"https:\\\/\\\/aliancaevangelica.pt\\\/site\\\/tomada-de-posicao-da-aep-sobre-cartazes-do-bloco-de-esquerda\\\/#primaryimage\"},\"thumbnailUrl\":\"https:\\\/\\\/aliancaevangelica.pt\\\/site\\\/wp-content\\\/uploads\\\/2018\\\/07\\\/img-padrao-artigo.jpg\",\"articleSection\":[\"Tomadas de Posi\u00e7\u00e3o\"],\"inLanguage\":\"pt-PT\"},{\"@type\":\"WebPage\",\"@id\":\"https:\\\/\\\/aliancaevangelica.pt\\\/site\\\/tomada-de-posicao-da-aep-sobre-cartazes-do-bloco-de-esquerda\\\/\",\"url\":\"https:\\\/\\\/aliancaevangelica.pt\\\/site\\\/tomada-de-posicao-da-aep-sobre-cartazes-do-bloco-de-esquerda\\\/\",\"name\":\"Cartazes do Bloco de Esquerda - AEP\",\"isPartOf\":{\"@id\":\"https:\\\/\\\/aliancaevangelica.pt\\\/site\\\/#website\"},\"primaryImageOfPage\":{\"@id\":\"https:\\\/\\\/aliancaevangelica.pt\\\/site\\\/tomada-de-posicao-da-aep-sobre-cartazes-do-bloco-de-esquerda\\\/#primaryimage\"},\"image\":{\"@id\":\"https:\\\/\\\/aliancaevangelica.pt\\\/site\\\/tomada-de-posicao-da-aep-sobre-cartazes-do-bloco-de-esquerda\\\/#primaryimage\"},\"thumbnailUrl\":\"https:\\\/\\\/aliancaevangelica.pt\\\/site\\\/wp-content\\\/uploads\\\/2018\\\/07\\\/img-padrao-artigo.jpg\",\"datePublished\":\"2016-06-30T07:00:04+00:00\",\"dateModified\":\"2026-04-07T09:54:55+00:00\",\"breadcrumb\":{\"@id\":\"https:\\\/\\\/aliancaevangelica.pt\\\/site\\\/tomada-de-posicao-da-aep-sobre-cartazes-do-bloco-de-esquerda\\\/#breadcrumb\"},\"inLanguage\":\"pt-PT\",\"potentialAction\":[{\"@type\":\"ReadAction\",\"target\":[\"https:\\\/\\\/aliancaevangelica.pt\\\/site\\\/tomada-de-posicao-da-aep-sobre-cartazes-do-bloco-de-esquerda\\\/\"]}]},{\"@type\":\"ImageObject\",\"inLanguage\":\"pt-PT\",\"@id\":\"https:\\\/\\\/aliancaevangelica.pt\\\/site\\\/tomada-de-posicao-da-aep-sobre-cartazes-do-bloco-de-esquerda\\\/#primaryimage\",\"url\":\"https:\\\/\\\/aliancaevangelica.pt\\\/site\\\/wp-content\\\/uploads\\\/2018\\\/07\\\/img-padrao-artigo.jpg\",\"contentUrl\":\"https:\\\/\\\/aliancaevangelica.pt\\\/site\\\/wp-content\\\/uploads\\\/2018\\\/07\\\/img-padrao-artigo.jpg\",\"width\":1280,\"height\":800},{\"@type\":\"BreadcrumbList\",\"@id\":\"https:\\\/\\\/aliancaevangelica.pt\\\/site\\\/tomada-de-posicao-da-aep-sobre-cartazes-do-bloco-de-esquerda\\\/#breadcrumb\",\"itemListElement\":[{\"@type\":\"ListItem\",\"position\":1,\"name\":\"In\u00edcio\",\"item\":\"https:\\\/\\\/aliancaevangelica.pt\\\/site\\\/\"},{\"@type\":\"ListItem\",\"position\":2,\"name\":\"Cartazes do Bloco de Esquerda\"}]},{\"@type\":\"WebSite\",\"@id\":\"https:\\\/\\\/aliancaevangelica.pt\\\/site\\\/#website\",\"url\":\"https:\\\/\\\/aliancaevangelica.pt\\\/site\\\/\",\"name\":\"Alian\u00e7a Evang\u00e9lica Portuguesa\",\"description\":\"Alian\u00e7a Evang\u00e9lica Portuguesa\",\"publisher\":{\"@id\":\"https:\\\/\\\/aliancaevangelica.pt\\\/site\\\/#organization\"},\"potentialAction\":[{\"@type\":\"SearchAction\",\"target\":{\"@type\":\"EntryPoint\",\"urlTemplate\":\"https:\\\/\\\/aliancaevangelica.pt\\\/site\\\/?s={search_term_string}\"},\"query-input\":{\"@type\":\"PropertyValueSpecification\",\"valueRequired\":true,\"valueName\":\"search_term_string\"}}],\"inLanguage\":\"pt-PT\"},{\"@type\":\"Organization\",\"@id\":\"https:\\\/\\\/aliancaevangelica.pt\\\/site\\\/#organization\",\"name\":\"Alian\u00e7a Evang\u00e9lica Portuguesa\",\"url\":\"https:\\\/\\\/aliancaevangelica.pt\\\/site\\\/\",\"logo\":{\"@type\":\"ImageObject\",\"inLanguage\":\"pt-PT\",\"@id\":\"https:\\\/\\\/aliancaevangelica.pt\\\/site\\\/#\\\/schema\\\/logo\\\/image\\\/\",\"url\":\"https:\\\/\\\/aliancaevangelica.pt\\\/site\\\/wp-content\\\/uploads\\\/2017\\\/11\\\/logo-AEP-cor.png\",\"contentUrl\":\"https:\\\/\\\/aliancaevangelica.pt\\\/site\\\/wp-content\\\/uploads\\\/2017\\\/11\\\/logo-AEP-cor.png\",\"width\":1156,\"height\":672,\"caption\":\"Alian\u00e7a Evang\u00e9lica Portuguesa\"},\"image\":{\"@id\":\"https:\\\/\\\/aliancaevangelica.pt\\\/site\\\/#\\\/schema\\\/logo\\\/image\\\/\"},\"sameAs\":[\"http:\\\/\\\/facebook.com\\\/aeportuguesa\",\"http:\\\/\\\/instagram.com\\\/aliancaep\",\"http:\\\/\\\/youtube.com\\\/aeportuguesa\"]},{\"@type\":\"Person\",\"@id\":\"https:\\\/\\\/aliancaevangelica.pt\\\/site\\\/#\\\/schema\\\/person\\\/3b47cfc7535eff1e820f31c2d67eafcf\",\"name\":\"AEP\",\"sameAs\":[\"aeportugal\"],\"url\":\"https:\\\/\\\/aliancaevangelica.pt\\\/site\\\/author\\\/aeportugal\\\/\"}]}<\/script>\n<!-- \/ Yoast SEO plugin. -->","yoast_head_json":{"title":"Cartazes do Bloco de Esquerda - AEP","robots":{"index":"index","follow":"follow","max-snippet":"max-snippet:-1","max-image-preview":"max-image-preview:large","max-video-preview":"max-video-preview:-1"},"canonical":"https:\/\/aliancaevangelica.pt\/site\/tomada-de-posicao-da-aep-sobre-cartazes-do-bloco-de-esquerda\/","og_locale":"pt_PT","og_type":"article","og_title":"Cartazes do Bloco de Esquerda - AEP","og_description":"A Alian\u00e7a Evang\u00e9lica Portuguesa, federa\u00e7\u00e3o de igrejas evang\u00e9licas em Portugal, lamenta a campanha projetada pelo BE com uma mensagem destinada a provocar e ofender os sentimentos religiosos de muitos crist\u00e3os. A liberdade de express\u00e3o deve ser exercida no quadro do respeito pelos sentimentos religiosos dos cidad\u00e3os. Fazer uma compara\u00e7\u00e3o entre a quest\u00e3o da divindade e","og_url":"https:\/\/aliancaevangelica.pt\/site\/tomada-de-posicao-da-aep-sobre-cartazes-do-bloco-de-esquerda\/","og_site_name":"AEP","article_publisher":"http:\/\/facebook.com\/aeportuguesa","article_author":"aeportugal","article_published_time":"2016-06-30T07:00:04+00:00","article_modified_time":"2026-04-07T09:54:55+00:00","og_image":[{"width":1280,"height":800,"url":"https:\/\/aliancaevangelica.pt\/site\/wp-content\/uploads\/2018\/07\/img-padrao-artigo.jpg","type":"image\/jpeg"}],"author":"AEP","twitter_card":"summary_large_image","twitter_misc":{"Escrito por":"AEP","Tempo estimado de leitura":"1 minuto"},"schema":{"@context":"https:\/\/schema.org","@graph":[{"@type":"Article","@id":"https:\/\/aliancaevangelica.pt\/site\/tomada-de-posicao-da-aep-sobre-cartazes-do-bloco-de-esquerda\/#article","isPartOf":{"@id":"https:\/\/aliancaevangelica.pt\/site\/tomada-de-posicao-da-aep-sobre-cartazes-do-bloco-de-esquerda\/"},"author":{"name":"AEP","@id":"https:\/\/aliancaevangelica.pt\/site\/#\/schema\/person\/3b47cfc7535eff1e820f31c2d67eafcf"},"headline":"Cartazes do Bloco de Esquerda","datePublished":"2016-06-30T07:00:04+00:00","dateModified":"2026-04-07T09:54:55+00:00","mainEntityOfPage":{"@id":"https:\/\/aliancaevangelica.pt\/site\/tomada-de-posicao-da-aep-sobre-cartazes-do-bloco-de-esquerda\/"},"wordCount":297,"publisher":{"@id":"https:\/\/aliancaevangelica.pt\/site\/#organization"},"image":{"@id":"https:\/\/aliancaevangelica.pt\/site\/tomada-de-posicao-da-aep-sobre-cartazes-do-bloco-de-esquerda\/#primaryimage"},"thumbnailUrl":"https:\/\/aliancaevangelica.pt\/site\/wp-content\/uploads\/2018\/07\/img-padrao-artigo.jpg","articleSection":["Tomadas de Posi\u00e7\u00e3o"],"inLanguage":"pt-PT"},{"@type":"WebPage","@id":"https:\/\/aliancaevangelica.pt\/site\/tomada-de-posicao-da-aep-sobre-cartazes-do-bloco-de-esquerda\/","url":"https:\/\/aliancaevangelica.pt\/site\/tomada-de-posicao-da-aep-sobre-cartazes-do-bloco-de-esquerda\/","name":"Cartazes do Bloco de Esquerda - AEP","isPartOf":{"@id":"https:\/\/aliancaevangelica.pt\/site\/#website"},"primaryImageOfPage":{"@id":"https:\/\/aliancaevangelica.pt\/site\/tomada-de-posicao-da-aep-sobre-cartazes-do-bloco-de-esquerda\/#primaryimage"},"image":{"@id":"https:\/\/aliancaevangelica.pt\/site\/tomada-de-posicao-da-aep-sobre-cartazes-do-bloco-de-esquerda\/#primaryimage"},"thumbnailUrl":"https:\/\/aliancaevangelica.pt\/site\/wp-content\/uploads\/2018\/07\/img-padrao-artigo.jpg","datePublished":"2016-06-30T07:00:04+00:00","dateModified":"2026-04-07T09:54:55+00:00","breadcrumb":{"@id":"https:\/\/aliancaevangelica.pt\/site\/tomada-de-posicao-da-aep-sobre-cartazes-do-bloco-de-esquerda\/#breadcrumb"},"inLanguage":"pt-PT","potentialAction":[{"@type":"ReadAction","target":["https:\/\/aliancaevangelica.pt\/site\/tomada-de-posicao-da-aep-sobre-cartazes-do-bloco-de-esquerda\/"]}]},{"@type":"ImageObject","inLanguage":"pt-PT","@id":"https:\/\/aliancaevangelica.pt\/site\/tomada-de-posicao-da-aep-sobre-cartazes-do-bloco-de-esquerda\/#primaryimage","url":"https:\/\/aliancaevangelica.pt\/site\/wp-content\/uploads\/2018\/07\/img-padrao-artigo.jpg","contentUrl":"https:\/\/aliancaevangelica.pt\/site\/wp-content\/uploads\/2018\/07\/img-padrao-artigo.jpg","width":1280,"height":800},{"@type":"BreadcrumbList","@id":"https:\/\/aliancaevangelica.pt\/site\/tomada-de-posicao-da-aep-sobre-cartazes-do-bloco-de-esquerda\/#breadcrumb","itemListElement":[{"@type":"ListItem","position":1,"name":"In\u00edcio","item":"https:\/\/aliancaevangelica.pt\/site\/"},{"@type":"ListItem","position":2,"name":"Cartazes do Bloco de Esquerda"}]},{"@type":"WebSite","@id":"https:\/\/aliancaevangelica.pt\/site\/#website","url":"https:\/\/aliancaevangelica.pt\/site\/","name":"Alian\u00e7a Evang\u00e9lica Portuguesa","description":"Alian\u00e7a Evang\u00e9lica Portuguesa","publisher":{"@id":"https:\/\/aliancaevangelica.pt\/site\/#organization"},"potentialAction":[{"@type":"SearchAction","target":{"@type":"EntryPoint","urlTemplate":"https:\/\/aliancaevangelica.pt\/site\/?s={search_term_string}"},"query-input":{"@type":"PropertyValueSpecification","valueRequired":true,"valueName":"search_term_string"}}],"inLanguage":"pt-PT"},{"@type":"Organization","@id":"https:\/\/aliancaevangelica.pt\/site\/#organization","name":"Alian\u00e7a Evang\u00e9lica Portuguesa","url":"https:\/\/aliancaevangelica.pt\/site\/","logo":{"@type":"ImageObject","inLanguage":"pt-PT","@id":"https:\/\/aliancaevangelica.pt\/site\/#\/schema\/logo\/image\/","url":"https:\/\/aliancaevangelica.pt\/site\/wp-content\/uploads\/2017\/11\/logo-AEP-cor.png","contentUrl":"https:\/\/aliancaevangelica.pt\/site\/wp-content\/uploads\/2017\/11\/logo-AEP-cor.png","width":1156,"height":672,"caption":"Alian\u00e7a Evang\u00e9lica Portuguesa"},"image":{"@id":"https:\/\/aliancaevangelica.pt\/site\/#\/schema\/logo\/image\/"},"sameAs":["http:\/\/facebook.com\/aeportuguesa","http:\/\/instagram.com\/aliancaep","http:\/\/youtube.com\/aeportuguesa"]},{"@type":"Person","@id":"https:\/\/aliancaevangelica.pt\/site\/#\/schema\/person\/3b47cfc7535eff1e820f31c2d67eafcf","name":"AEP","sameAs":["aeportugal"],"url":"https:\/\/aliancaevangelica.pt\/site\/author\/aeportugal\/"}]}},"uagb_featured_image_src":{"full":["https:\/\/aliancaevangelica.pt\/site\/wp-content\/uploads\/2018\/07\/img-padrao-artigo.jpg",1280,800,false],"thumbnail":["https:\/\/aliancaevangelica.pt\/site\/wp-content\/uploads\/2018\/07\/img-padrao-artigo-150x150.jpg",150,150,true],"medium":["https:\/\/aliancaevangelica.pt\/site\/wp-content\/uploads\/2018\/07\/img-padrao-artigo-300x188.jpg",300,188,true],"medium_large":["https:\/\/aliancaevangelica.pt\/site\/wp-content\/uploads\/2018\/07\/img-padrao-artigo-768x480.jpg",768,480,true],"large":["https:\/\/aliancaevangelica.pt\/site\/wp-content\/uploads\/2018\/07\/img-padrao-artigo-1024x640.jpg",960,600,true],"1536x1536":["https:\/\/aliancaevangelica.pt\/site\/wp-content\/uploads\/2018\/07\/img-padrao-artigo.jpg",1280,800,false],"2048x2048":["https:\/\/aliancaevangelica.pt\/site\/wp-content\/uploads\/2018\/07\/img-padrao-artigo.jpg",1280,800,false],"vp_sm":["https:\/\/aliancaevangelica.pt\/site\/wp-content\/uploads\/2018\/07\/img-padrao-artigo.jpg",500,313,false],"vp_md":["https:\/\/aliancaevangelica.pt\/site\/wp-content\/uploads\/2018\/07\/img-padrao-artigo.jpg",800,500,false],"vp_lg":["https:\/\/aliancaevangelica.pt\/site\/wp-content\/uploads\/2018\/07\/img-padrao-artigo.jpg",1280,800,false],"vp_xl":["https:\/\/aliancaevangelica.pt\/site\/wp-content\/uploads\/2018\/07\/img-padrao-artigo.jpg",1280,800,false],"vp_sm_popup":["https:\/\/aliancaevangelica.pt\/site\/wp-content\/uploads\/2018\/07\/img-padrao-artigo.jpg",500,313,false],"vp_md_popup":["https:\/\/aliancaevangelica.pt\/site\/wp-content\/uploads\/2018\/07\/img-padrao-artigo.jpg",800,500,false],"vp_xl_popup":["https:\/\/aliancaevangelica.pt\/site\/wp-content\/uploads\/2018\/07\/img-padrao-artigo.jpg",1280,800,false],"newsx-150x100":["https:\/\/aliancaevangelica.pt\/site\/wp-content\/uploads\/2018\/07\/img-padrao-artigo.jpg",150,94,false],"newsx-330x220":["https:\/\/aliancaevangelica.pt\/site\/wp-content\/uploads\/2018\/07\/img-padrao-artigo.jpg",330,206,false],"newsx-420x280":["https:\/\/aliancaevangelica.pt\/site\/wp-content\/uploads\/2018\/07\/img-padrao-artigo.jpg",420,263,false],"newsx-510x340":["https:\/\/aliancaevangelica.pt\/site\/wp-content\/uploads\/2018\/07\/img-padrao-artigo.jpg",510,319,false],"newsx-640x480":["https:\/\/aliancaevangelica.pt\/site\/wp-content\/uploads\/2018\/07\/img-padrao-artigo.jpg",640,400,false],"newsx-670x370":["https:\/\/aliancaevangelica.pt\/site\/wp-content\/uploads\/2018\/07\/img-padrao-artigo.jpg",592,370,false],"newsx-860x570":["https:\/\/aliancaevangelica.pt\/site\/wp-content\/uploads\/2018\/07\/img-padrao-artigo.jpg",860,538,false],"newsx-1000x750":["https:\/\/aliancaevangelica.pt\/site\/wp-content\/uploads\/2018\/07\/img-padrao-artigo.jpg",1000,625,false],"newsx-1200x600":["https:\/\/aliancaevangelica.pt\/site\/wp-content\/uploads\/2018\/07\/img-padrao-artigo.jpg",960,600,false]},"uagb_author_info":{"display_name":"AEP","author_link":"https:\/\/aliancaevangelica.pt\/site\/author\/aeportugal\/"},"uagb_comment_info":0,"uagb_excerpt":"A Alian\u00e7a Evang\u00e9lica Portuguesa, federa\u00e7\u00e3o de igrejas evang\u00e9licas em Portugal, lamenta a campanha projetada pelo BE com uma mensagem destinada a provocar e ofender os sentimentos religiosos de muitos crist\u00e3os. A liberdade de express\u00e3o deve ser exercida no quadro do respeito pelos sentimentos religiosos dos cidad\u00e3os. Fazer uma compara\u00e7\u00e3o entre a quest\u00e3o da divindade e","_links":{"self":[{"href":"https:\/\/aliancaevangelica.pt\/site\/wp-json\/wp\/v2\/posts\/16271","targetHints":{"allow":["GET"]}}],"collection":[{"href":"https:\/\/aliancaevangelica.pt\/site\/wp-json\/wp\/v2\/posts"}],"about":[{"href":"https:\/\/aliancaevangelica.pt\/site\/wp-json\/wp\/v2\/types\/post"}],"author":[{"embeddable":true,"href":"https:\/\/aliancaevangelica.pt\/site\/wp-json\/wp\/v2\/users\/2"}],"replies":[{"embeddable":true,"href":"https:\/\/aliancaevangelica.pt\/site\/wp-json\/wp\/v2\/comments?post=16271"}],"version-history":[{"count":3,"href":"https:\/\/aliancaevangelica.pt\/site\/wp-json\/wp\/v2\/posts\/16271\/revisions"}],"predecessor-version":[{"id":16278,"href":"https:\/\/aliancaevangelica.pt\/site\/wp-json\/wp\/v2\/posts\/16271\/revisions\/16278"}],"wp:featuredmedia":[{"embeddable":true,"href":"https:\/\/aliancaevangelica.pt\/site\/wp-json\/wp\/v2\/media\/16260"}],"wp:attachment":[{"href":"https:\/\/aliancaevangelica.pt\/site\/wp-json\/wp\/v2\/media?parent=16271"}],"wp:term":[{"taxonomy":"category","embeddable":true,"href":"https:\/\/aliancaevangelica.pt\/site\/wp-json\/wp\/v2\/categories?post=16271"},{"taxonomy":"post_tag","embeddable":true,"href":"https:\/\/aliancaevangelica.pt\/site\/wp-json\/wp\/v2\/tags?post=16271"}],"curies":[{"name":"wp","href":"https:\/\/api.w.org\/{rel}","templated":true}]}}