{"id":16267,"date":"2016-07-12T07:00:06","date_gmt":"2016-07-12T07:00:06","guid":{"rendered":"https:\/\/aliancaevangelica.pt\/site\/?p=16267"},"modified":"2026-04-07T09:55:00","modified_gmt":"2026-04-07T09:55:00","slug":"tomada-de-posicao-da-alianca-evangelica-mundial-sobre-o-brexit","status":"publish","type":"post","link":"https:\/\/aliancaevangelica.pt\/site\/tomada-de-posicao-da-alianca-evangelica-mundial-sobre-o-brexit\/","title":{"rendered":"Brexit"},"content":{"rendered":"<p>A Alian\u00e7a Evang\u00e9lica Mundial (WEA) apoia a Alian\u00e7a Evang\u00e9lica do Reino Unido (EAUK) no seu apelo \u00e0 unidade e \u00e0 reconcilia\u00e7\u00e3o ap\u00f3s a popula\u00e7\u00e3o do Reino Unido ter votado em referendo a sa\u00edda da Uni\u00e3o Europeia. O Bispo Efraim Tendero, Secret\u00e1rio-Geral da WEA, referiu: &#8220;Por favor, juntem-se a n\u00f3s em ora\u00e7\u00e3o pelo povo do Reino Unido e da Uni\u00e3o Europeia ap\u00f3s esta vota\u00e7\u00e3o, e orem especialmente pelos governantes que ter\u00e3o agora de trabalhar atrav\u00e9s de um in\u00e9dito e processo desafiador. Vamos seguir as palavras do Ap\u00f3stolo Paulo quando escreveu na carta a Tim\u00f3teo: &#8220;Antes de tudo, recomendo que se fa\u00e7am s\u00faplicas, ora\u00e7\u00f5es, intercess\u00f5es e a\u00e7\u00f5es de gra\u00e7as, em favor de todas as pessoas;\u00a0 pelos reis e por todos os que exercem autoridade, para que tenhamos uma vida tranquila e pac\u00edfica, com toda a piedade e dignidade.. &#8221;<\/p>\n<p>A Alian\u00e7a Evang\u00e9lica do Reino Unido emitiu a seguinte declara\u00e7\u00e3o:<\/p>\n<p>No rescaldo da vota\u00e7\u00e3o do Reino Unido para deixar a Uni\u00e3o Europeia, Steve Clifford, diretor-geral da Alian\u00e7a Evang\u00e9lica, comentou: &#8220;Enquanto o Reino Unido votou para sair da UE, foi exposto profunda discord\u00e2ncia em todas as nossas na\u00e7\u00f5es, cidades e regi\u00f5es. O Reino Unido n\u00e3o est\u00e1 unido.\u201d Dizendo ainda: &#8220;Entramos num momento de enorme incerteza, n\u00e3o s\u00f3 em como iremos renegociar o nosso relacionamento com nossos vizinhos europeus, mas tamb\u00e9m como o partido conservador que est\u00e1 actualmente no poder ir\u00e1 iniciar este processo de sele\u00e7\u00e3o do pr\u00f3ximo primeiro-ministro. Este tem de ser um tempo para orar.\u201d<\/p>\n<p>&#8220;Quando olhamos para o futuro, a prioridade deve ser a constru\u00e7\u00e3o de unidade e perspectiva da reconcilia\u00e7\u00e3o. Tom\u00e1mos uma decis\u00e3o importante para os pr\u00f3ximos anos, e muitas mais ter\u00e3o de ser tomadas ao longo dos pr\u00f3ximos dias.\u201d<\/p>\n<p>&#8220;Como crist\u00e3os devemos seguir o Pr\u00edncipe da Paz, e n\u00f3s somos chamados a ser construtores de paz. Foi uma campanha com disc\u00f3rdias e agora \u00e9 o momento de assumir as nossas paix\u00f5es pol\u00edticas e canaliz\u00e1-los para a ac\u00e7\u00e3o pr\u00e1tica. A vota\u00e7\u00e3o foi a demonstra\u00e7\u00e3o da liberdade pol\u00edtica, mas ao mesmo tempo exp\u00f4s a fragilidade da nossa democracia. Assistimos a uma participa\u00e7\u00e3o com n\u00edveis n\u00e3o vistos h\u00e1 d\u00e9cadas, mas tamb\u00e9m vimos campanha c\u00ednica e desonesta de forma a obter ganhos pol\u00edticos. As nossas energias devem agora ser direccionadas para a constru\u00e7\u00e3o de pontes dentro e entre comunidades de todo o Reino Unido.\u201d<\/p>\n<p>&#8220;Seguimos um redentor que reconcilia, e somos chamados para o trabalho da reconcilia\u00e7\u00e3o. Nas nossas igrejas e nos nossos bairros, vivemos e trabalhamos ao lado de alguns que estar\u00e3o a celebrar e outros est\u00e3o decepcionados. A reconcilia\u00e7\u00e3o requer honestidade e trabalho \u00e1rduo, que exige respeito e abertura para com aqueles que discordamos. N\u00e3o podemos ignorar as diferen\u00e7as que esta vota\u00e7\u00e3o tem exposto, mas n\u00e3o podemos deixar que as diferen\u00e7as nos definam. As nossas m\u00e3os de amizade devem fazer o trabalho que a vota\u00e7\u00e3o n\u00e3o pode.\u201d<\/p>\n<p>&#8220;Temos confian\u00e7a em Deus que mant\u00e9m as na\u00e7\u00f5es nas suas m\u00e3os, que \u00e9 o criador de todas as coisas. Temos confian\u00e7a que, embora os especialistas e comentadores pesquisadores possam estar discordantes, Deus n\u00e3o se intimidou.<\/p>\n<p>&#8220;Hoje oramos pelo Reino Unido, oramos pela Uni\u00e3o Europeia, e oramos pela Europa. Tamb\u00e9m oro por David Cameron e pela sua fam\u00edlia, assim como pelo partido conservador, uma vez que come\u00e7ou o processo de escolha do seu pr\u00f3ximo l\u00edder e primeiro-ministro do pa\u00eds. Oremos por sabedoria para nossos l\u00edderes, que nestes dias navegam em \u00e1guas incertas. Oremos por conforto para aqueles que est\u00e3o decepcionados com o resultado, e oremos para que nos sejam renovadas as for\u00e7as de forma a trabalhar juntos e para o bem de todos &#8220;.<\/p>\n<p><a href=\"http:\/\/www.eauk.org\/current-affairs\/media\/press-releases\/after-leave-vote-the-evangelical-alliance-calls-for-unity-and-reconciliation.cfm\" target=\"_blank\" rel=\"noopener\">http:\/\/www.eauk.org\/current-affairs\/media\/press-releases\/after-leave-vote-the-evangelical-alliance-calls-for-unity-and-reconciliation.cfm\u00a0<\/a><\/p>\n<p>Para poder descarregar este texto em PDF\u00a0<a href=\"https:\/\/drive.google.com\/open?id=1C4qTw5Bqs7ni9aRBv21B3sP-xEZYaGU1\" target=\"_blank\" rel=\"noopener\">clique aqui<\/a><\/p>\n","protected":false},"excerpt":{"rendered":"<p>A Alian\u00e7a Evang\u00e9lica Mundial (WEA) apoia a Alian\u00e7a Evang\u00e9lica do Reino Unido (EAUK) no seu apelo \u00e0 unidade e \u00e0 reconcilia\u00e7\u00e3o ap\u00f3s a popula\u00e7\u00e3o do Reino Unido ter votado em referendo a sa\u00edda da Uni\u00e3o Europeia. O Bispo Efraim Tendero, Secret\u00e1rio-Geral da WEA, referiu: &#8220;Por favor, juntem-se a n\u00f3s em ora\u00e7\u00e3o pelo povo do Reino<\/p>\n","protected":false},"author":2,"featured_media":16260,"comment_status":"closed","ping_status":"open","sticky":false,"template":"","format":"standard","meta":{"_uag_custom_page_level_css":"","_themeisle_gutenberg_block_has_review":false,"_vp_format_video_url":"","_vp_image_focal_point":[],"footnotes":""},"categories":[52],"tags":[],"class_list":["post-16267","post","type-post","status-publish","format-standard","has-post-thumbnail","hentry","category-tomadas-de-posicao"],"yoast_head":"<!-- This site is optimized with the Yoast SEO plugin v27.5 - https:\/\/yoast.com\/product\/yoast-seo-wordpress\/ -->\n<title>Brexit - AEP<\/title>\n<meta name=\"robots\" content=\"index, follow, max-snippet:-1, max-image-preview:large, max-video-preview:-1\" \/>\n<link rel=\"canonical\" href=\"https:\/\/aliancaevangelica.pt\/site\/tomada-de-posicao-da-alianca-evangelica-mundial-sobre-o-brexit\/\" \/>\n<meta property=\"og:locale\" content=\"pt_PT\" \/>\n<meta property=\"og:type\" content=\"article\" \/>\n<meta property=\"og:title\" content=\"Brexit - AEP\" \/>\n<meta property=\"og:description\" content=\"A Alian\u00e7a Evang\u00e9lica Mundial (WEA) apoia a Alian\u00e7a Evang\u00e9lica do Reino Unido (EAUK) no seu apelo \u00e0 unidade e \u00e0 reconcilia\u00e7\u00e3o ap\u00f3s a popula\u00e7\u00e3o do Reino Unido ter votado em referendo a sa\u00edda da Uni\u00e3o Europeia. O Bispo Efraim Tendero, Secret\u00e1rio-Geral da WEA, referiu: &#8220;Por favor, juntem-se a n\u00f3s em ora\u00e7\u00e3o pelo povo do Reino\" \/>\n<meta property=\"og:url\" content=\"https:\/\/aliancaevangelica.pt\/site\/tomada-de-posicao-da-alianca-evangelica-mundial-sobre-o-brexit\/\" \/>\n<meta property=\"og:site_name\" content=\"AEP\" \/>\n<meta property=\"article:publisher\" content=\"http:\/\/facebook.com\/aeportuguesa\" \/>\n<meta property=\"article:author\" content=\"aeportugal\" \/>\n<meta property=\"article:published_time\" content=\"2016-07-12T07:00:06+00:00\" \/>\n<meta property=\"article:modified_time\" content=\"2026-04-07T09:55:00+00:00\" \/>\n<meta property=\"og:image\" content=\"https:\/\/aliancaevangelica.pt\/site\/wp-content\/uploads\/2018\/07\/img-padrao-artigo.jpg\" \/>\n\t<meta property=\"og:image:width\" content=\"1280\" \/>\n\t<meta property=\"og:image:height\" content=\"800\" \/>\n\t<meta property=\"og:image:type\" content=\"image\/jpeg\" \/>\n<meta name=\"author\" content=\"AEP\" \/>\n<meta name=\"twitter:card\" content=\"summary_large_image\" \/>\n<meta name=\"twitter:label1\" content=\"Escrito por\" \/>\n\t<meta name=\"twitter:data1\" content=\"AEP\" \/>\n\t<meta name=\"twitter:label2\" content=\"Tempo estimado de leitura\" \/>\n\t<meta name=\"twitter:data2\" content=\"3 minutos\" \/>\n<script type=\"application\/ld+json\" class=\"yoast-schema-graph\">{\"@context\":\"https:\\\/\\\/schema.org\",\"@graph\":[{\"@type\":\"Article\",\"@id\":\"https:\\\/\\\/aliancaevangelica.pt\\\/site\\\/tomada-de-posicao-da-alianca-evangelica-mundial-sobre-o-brexit\\\/#article\",\"isPartOf\":{\"@id\":\"https:\\\/\\\/aliancaevangelica.pt\\\/site\\\/tomada-de-posicao-da-alianca-evangelica-mundial-sobre-o-brexit\\\/\"},\"author\":{\"name\":\"AEP\",\"@id\":\"https:\\\/\\\/aliancaevangelica.pt\\\/site\\\/#\\\/schema\\\/person\\\/3b47cfc7535eff1e820f31c2d67eafcf\"},\"headline\":\"Brexit\",\"datePublished\":\"2016-07-12T07:00:06+00:00\",\"dateModified\":\"2026-04-07T09:55:00+00:00\",\"mainEntityOfPage\":{\"@id\":\"https:\\\/\\\/aliancaevangelica.pt\\\/site\\\/tomada-de-posicao-da-alianca-evangelica-mundial-sobre-o-brexit\\\/\"},\"wordCount\":699,\"publisher\":{\"@id\":\"https:\\\/\\\/aliancaevangelica.pt\\\/site\\\/#organization\"},\"image\":{\"@id\":\"https:\\\/\\\/aliancaevangelica.pt\\\/site\\\/tomada-de-posicao-da-alianca-evangelica-mundial-sobre-o-brexit\\\/#primaryimage\"},\"thumbnailUrl\":\"https:\\\/\\\/aliancaevangelica.pt\\\/site\\\/wp-content\\\/uploads\\\/2018\\\/07\\\/img-padrao-artigo.jpg\",\"articleSection\":[\"Tomadas de Posi\u00e7\u00e3o\"],\"inLanguage\":\"pt-PT\"},{\"@type\":\"WebPage\",\"@id\":\"https:\\\/\\\/aliancaevangelica.pt\\\/site\\\/tomada-de-posicao-da-alianca-evangelica-mundial-sobre-o-brexit\\\/\",\"url\":\"https:\\\/\\\/aliancaevangelica.pt\\\/site\\\/tomada-de-posicao-da-alianca-evangelica-mundial-sobre-o-brexit\\\/\",\"name\":\"Brexit - AEP\",\"isPartOf\":{\"@id\":\"https:\\\/\\\/aliancaevangelica.pt\\\/site\\\/#website\"},\"primaryImageOfPage\":{\"@id\":\"https:\\\/\\\/aliancaevangelica.pt\\\/site\\\/tomada-de-posicao-da-alianca-evangelica-mundial-sobre-o-brexit\\\/#primaryimage\"},\"image\":{\"@id\":\"https:\\\/\\\/aliancaevangelica.pt\\\/site\\\/tomada-de-posicao-da-alianca-evangelica-mundial-sobre-o-brexit\\\/#primaryimage\"},\"thumbnailUrl\":\"https:\\\/\\\/aliancaevangelica.pt\\\/site\\\/wp-content\\\/uploads\\\/2018\\\/07\\\/img-padrao-artigo.jpg\",\"datePublished\":\"2016-07-12T07:00:06+00:00\",\"dateModified\":\"2026-04-07T09:55:00+00:00\",\"breadcrumb\":{\"@id\":\"https:\\\/\\\/aliancaevangelica.pt\\\/site\\\/tomada-de-posicao-da-alianca-evangelica-mundial-sobre-o-brexit\\\/#breadcrumb\"},\"inLanguage\":\"pt-PT\",\"potentialAction\":[{\"@type\":\"ReadAction\",\"target\":[\"https:\\\/\\\/aliancaevangelica.pt\\\/site\\\/tomada-de-posicao-da-alianca-evangelica-mundial-sobre-o-brexit\\\/\"]}]},{\"@type\":\"ImageObject\",\"inLanguage\":\"pt-PT\",\"@id\":\"https:\\\/\\\/aliancaevangelica.pt\\\/site\\\/tomada-de-posicao-da-alianca-evangelica-mundial-sobre-o-brexit\\\/#primaryimage\",\"url\":\"https:\\\/\\\/aliancaevangelica.pt\\\/site\\\/wp-content\\\/uploads\\\/2018\\\/07\\\/img-padrao-artigo.jpg\",\"contentUrl\":\"https:\\\/\\\/aliancaevangelica.pt\\\/site\\\/wp-content\\\/uploads\\\/2018\\\/07\\\/img-padrao-artigo.jpg\",\"width\":1280,\"height\":800},{\"@type\":\"BreadcrumbList\",\"@id\":\"https:\\\/\\\/aliancaevangelica.pt\\\/site\\\/tomada-de-posicao-da-alianca-evangelica-mundial-sobre-o-brexit\\\/#breadcrumb\",\"itemListElement\":[{\"@type\":\"ListItem\",\"position\":1,\"name\":\"In\u00edcio\",\"item\":\"https:\\\/\\\/aliancaevangelica.pt\\\/site\\\/\"},{\"@type\":\"ListItem\",\"position\":2,\"name\":\"Brexit\"}]},{\"@type\":\"WebSite\",\"@id\":\"https:\\\/\\\/aliancaevangelica.pt\\\/site\\\/#website\",\"url\":\"https:\\\/\\\/aliancaevangelica.pt\\\/site\\\/\",\"name\":\"Alian\u00e7a Evang\u00e9lica Portuguesa\",\"description\":\"Alian\u00e7a Evang\u00e9lica Portuguesa\",\"publisher\":{\"@id\":\"https:\\\/\\\/aliancaevangelica.pt\\\/site\\\/#organization\"},\"potentialAction\":[{\"@type\":\"SearchAction\",\"target\":{\"@type\":\"EntryPoint\",\"urlTemplate\":\"https:\\\/\\\/aliancaevangelica.pt\\\/site\\\/?s={search_term_string}\"},\"query-input\":{\"@type\":\"PropertyValueSpecification\",\"valueRequired\":true,\"valueName\":\"search_term_string\"}}],\"inLanguage\":\"pt-PT\"},{\"@type\":\"Organization\",\"@id\":\"https:\\\/\\\/aliancaevangelica.pt\\\/site\\\/#organization\",\"name\":\"Alian\u00e7a Evang\u00e9lica Portuguesa\",\"url\":\"https:\\\/\\\/aliancaevangelica.pt\\\/site\\\/\",\"logo\":{\"@type\":\"ImageObject\",\"inLanguage\":\"pt-PT\",\"@id\":\"https:\\\/\\\/aliancaevangelica.pt\\\/site\\\/#\\\/schema\\\/logo\\\/image\\\/\",\"url\":\"https:\\\/\\\/aliancaevangelica.pt\\\/site\\\/wp-content\\\/uploads\\\/2017\\\/11\\\/logo-AEP-cor.png\",\"contentUrl\":\"https:\\\/\\\/aliancaevangelica.pt\\\/site\\\/wp-content\\\/uploads\\\/2017\\\/11\\\/logo-AEP-cor.png\",\"width\":1156,\"height\":672,\"caption\":\"Alian\u00e7a Evang\u00e9lica Portuguesa\"},\"image\":{\"@id\":\"https:\\\/\\\/aliancaevangelica.pt\\\/site\\\/#\\\/schema\\\/logo\\\/image\\\/\"},\"sameAs\":[\"http:\\\/\\\/facebook.com\\\/aeportuguesa\",\"http:\\\/\\\/instagram.com\\\/aliancaep\",\"http:\\\/\\\/youtube.com\\\/aeportuguesa\"]},{\"@type\":\"Person\",\"@id\":\"https:\\\/\\\/aliancaevangelica.pt\\\/site\\\/#\\\/schema\\\/person\\\/3b47cfc7535eff1e820f31c2d67eafcf\",\"name\":\"AEP\",\"sameAs\":[\"aeportugal\"],\"url\":\"https:\\\/\\\/aliancaevangelica.pt\\\/site\\\/author\\\/aeportugal\\\/\"}]}<\/script>\n<!-- \/ Yoast SEO plugin. -->","yoast_head_json":{"title":"Brexit - AEP","robots":{"index":"index","follow":"follow","max-snippet":"max-snippet:-1","max-image-preview":"max-image-preview:large","max-video-preview":"max-video-preview:-1"},"canonical":"https:\/\/aliancaevangelica.pt\/site\/tomada-de-posicao-da-alianca-evangelica-mundial-sobre-o-brexit\/","og_locale":"pt_PT","og_type":"article","og_title":"Brexit - AEP","og_description":"A Alian\u00e7a Evang\u00e9lica Mundial (WEA) apoia a Alian\u00e7a Evang\u00e9lica do Reino Unido (EAUK) no seu apelo \u00e0 unidade e \u00e0 reconcilia\u00e7\u00e3o ap\u00f3s a popula\u00e7\u00e3o do Reino Unido ter votado em referendo a sa\u00edda da Uni\u00e3o Europeia. O Bispo Efraim Tendero, Secret\u00e1rio-Geral da WEA, referiu: &#8220;Por favor, juntem-se a n\u00f3s em ora\u00e7\u00e3o pelo povo do Reino","og_url":"https:\/\/aliancaevangelica.pt\/site\/tomada-de-posicao-da-alianca-evangelica-mundial-sobre-o-brexit\/","og_site_name":"AEP","article_publisher":"http:\/\/facebook.com\/aeportuguesa","article_author":"aeportugal","article_published_time":"2016-07-12T07:00:06+00:00","article_modified_time":"2026-04-07T09:55:00+00:00","og_image":[{"width":1280,"height":800,"url":"https:\/\/aliancaevangelica.pt\/site\/wp-content\/uploads\/2018\/07\/img-padrao-artigo.jpg","type":"image\/jpeg"}],"author":"AEP","twitter_card":"summary_large_image","twitter_misc":{"Escrito por":"AEP","Tempo estimado de leitura":"3 minutos"},"schema":{"@context":"https:\/\/schema.org","@graph":[{"@type":"Article","@id":"https:\/\/aliancaevangelica.pt\/site\/tomada-de-posicao-da-alianca-evangelica-mundial-sobre-o-brexit\/#article","isPartOf":{"@id":"https:\/\/aliancaevangelica.pt\/site\/tomada-de-posicao-da-alianca-evangelica-mundial-sobre-o-brexit\/"},"author":{"name":"AEP","@id":"https:\/\/aliancaevangelica.pt\/site\/#\/schema\/person\/3b47cfc7535eff1e820f31c2d67eafcf"},"headline":"Brexit","datePublished":"2016-07-12T07:00:06+00:00","dateModified":"2026-04-07T09:55:00+00:00","mainEntityOfPage":{"@id":"https:\/\/aliancaevangelica.pt\/site\/tomada-de-posicao-da-alianca-evangelica-mundial-sobre-o-brexit\/"},"wordCount":699,"publisher":{"@id":"https:\/\/aliancaevangelica.pt\/site\/#organization"},"image":{"@id":"https:\/\/aliancaevangelica.pt\/site\/tomada-de-posicao-da-alianca-evangelica-mundial-sobre-o-brexit\/#primaryimage"},"thumbnailUrl":"https:\/\/aliancaevangelica.pt\/site\/wp-content\/uploads\/2018\/07\/img-padrao-artigo.jpg","articleSection":["Tomadas de Posi\u00e7\u00e3o"],"inLanguage":"pt-PT"},{"@type":"WebPage","@id":"https:\/\/aliancaevangelica.pt\/site\/tomada-de-posicao-da-alianca-evangelica-mundial-sobre-o-brexit\/","url":"https:\/\/aliancaevangelica.pt\/site\/tomada-de-posicao-da-alianca-evangelica-mundial-sobre-o-brexit\/","name":"Brexit - AEP","isPartOf":{"@id":"https:\/\/aliancaevangelica.pt\/site\/#website"},"primaryImageOfPage":{"@id":"https:\/\/aliancaevangelica.pt\/site\/tomada-de-posicao-da-alianca-evangelica-mundial-sobre-o-brexit\/#primaryimage"},"image":{"@id":"https:\/\/aliancaevangelica.pt\/site\/tomada-de-posicao-da-alianca-evangelica-mundial-sobre-o-brexit\/#primaryimage"},"thumbnailUrl":"https:\/\/aliancaevangelica.pt\/site\/wp-content\/uploads\/2018\/07\/img-padrao-artigo.jpg","datePublished":"2016-07-12T07:00:06+00:00","dateModified":"2026-04-07T09:55:00+00:00","breadcrumb":{"@id":"https:\/\/aliancaevangelica.pt\/site\/tomada-de-posicao-da-alianca-evangelica-mundial-sobre-o-brexit\/#breadcrumb"},"inLanguage":"pt-PT","potentialAction":[{"@type":"ReadAction","target":["https:\/\/aliancaevangelica.pt\/site\/tomada-de-posicao-da-alianca-evangelica-mundial-sobre-o-brexit\/"]}]},{"@type":"ImageObject","inLanguage":"pt-PT","@id":"https:\/\/aliancaevangelica.pt\/site\/tomada-de-posicao-da-alianca-evangelica-mundial-sobre-o-brexit\/#primaryimage","url":"https:\/\/aliancaevangelica.pt\/site\/wp-content\/uploads\/2018\/07\/img-padrao-artigo.jpg","contentUrl":"https:\/\/aliancaevangelica.pt\/site\/wp-content\/uploads\/2018\/07\/img-padrao-artigo.jpg","width":1280,"height":800},{"@type":"BreadcrumbList","@id":"https:\/\/aliancaevangelica.pt\/site\/tomada-de-posicao-da-alianca-evangelica-mundial-sobre-o-brexit\/#breadcrumb","itemListElement":[{"@type":"ListItem","position":1,"name":"In\u00edcio","item":"https:\/\/aliancaevangelica.pt\/site\/"},{"@type":"ListItem","position":2,"name":"Brexit"}]},{"@type":"WebSite","@id":"https:\/\/aliancaevangelica.pt\/site\/#website","url":"https:\/\/aliancaevangelica.pt\/site\/","name":"Alian\u00e7a Evang\u00e9lica Portuguesa","description":"Alian\u00e7a Evang\u00e9lica Portuguesa","publisher":{"@id":"https:\/\/aliancaevangelica.pt\/site\/#organization"},"potentialAction":[{"@type":"SearchAction","target":{"@type":"EntryPoint","urlTemplate":"https:\/\/aliancaevangelica.pt\/site\/?s={search_term_string}"},"query-input":{"@type":"PropertyValueSpecification","valueRequired":true,"valueName":"search_term_string"}}],"inLanguage":"pt-PT"},{"@type":"Organization","@id":"https:\/\/aliancaevangelica.pt\/site\/#organization","name":"Alian\u00e7a Evang\u00e9lica Portuguesa","url":"https:\/\/aliancaevangelica.pt\/site\/","logo":{"@type":"ImageObject","inLanguage":"pt-PT","@id":"https:\/\/aliancaevangelica.pt\/site\/#\/schema\/logo\/image\/","url":"https:\/\/aliancaevangelica.pt\/site\/wp-content\/uploads\/2017\/11\/logo-AEP-cor.png","contentUrl":"https:\/\/aliancaevangelica.pt\/site\/wp-content\/uploads\/2017\/11\/logo-AEP-cor.png","width":1156,"height":672,"caption":"Alian\u00e7a Evang\u00e9lica Portuguesa"},"image":{"@id":"https:\/\/aliancaevangelica.pt\/site\/#\/schema\/logo\/image\/"},"sameAs":["http:\/\/facebook.com\/aeportuguesa","http:\/\/instagram.com\/aliancaep","http:\/\/youtube.com\/aeportuguesa"]},{"@type":"Person","@id":"https:\/\/aliancaevangelica.pt\/site\/#\/schema\/person\/3b47cfc7535eff1e820f31c2d67eafcf","name":"AEP","sameAs":["aeportugal"],"url":"https:\/\/aliancaevangelica.pt\/site\/author\/aeportugal\/"}]}},"uagb_featured_image_src":{"full":["https:\/\/aliancaevangelica.pt\/site\/wp-content\/uploads\/2018\/07\/img-padrao-artigo.jpg",1280,800,false],"thumbnail":["https:\/\/aliancaevangelica.pt\/site\/wp-content\/uploads\/2018\/07\/img-padrao-artigo-150x150.jpg",150,150,true],"medium":["https:\/\/aliancaevangelica.pt\/site\/wp-content\/uploads\/2018\/07\/img-padrao-artigo-300x188.jpg",300,188,true],"medium_large":["https:\/\/aliancaevangelica.pt\/site\/wp-content\/uploads\/2018\/07\/img-padrao-artigo-768x480.jpg",768,480,true],"large":["https:\/\/aliancaevangelica.pt\/site\/wp-content\/uploads\/2018\/07\/img-padrao-artigo-1024x640.jpg",960,600,true],"1536x1536":["https:\/\/aliancaevangelica.pt\/site\/wp-content\/uploads\/2018\/07\/img-padrao-artigo.jpg",1280,800,false],"2048x2048":["https:\/\/aliancaevangelica.pt\/site\/wp-content\/uploads\/2018\/07\/img-padrao-artigo.jpg",1280,800,false],"vp_sm":["https:\/\/aliancaevangelica.pt\/site\/wp-content\/uploads\/2018\/07\/img-padrao-artigo.jpg",500,313,false],"vp_md":["https:\/\/aliancaevangelica.pt\/site\/wp-content\/uploads\/2018\/07\/img-padrao-artigo.jpg",800,500,false],"vp_lg":["https:\/\/aliancaevangelica.pt\/site\/wp-content\/uploads\/2018\/07\/img-padrao-artigo.jpg",1280,800,false],"vp_xl":["https:\/\/aliancaevangelica.pt\/site\/wp-content\/uploads\/2018\/07\/img-padrao-artigo.jpg",1280,800,false],"vp_sm_popup":["https:\/\/aliancaevangelica.pt\/site\/wp-content\/uploads\/2018\/07\/img-padrao-artigo.jpg",500,313,false],"vp_md_popup":["https:\/\/aliancaevangelica.pt\/site\/wp-content\/uploads\/2018\/07\/img-padrao-artigo.jpg",800,500,false],"vp_xl_popup":["https:\/\/aliancaevangelica.pt\/site\/wp-content\/uploads\/2018\/07\/img-padrao-artigo.jpg",1280,800,false],"newsx-150x100":["https:\/\/aliancaevangelica.pt\/site\/wp-content\/uploads\/2018\/07\/img-padrao-artigo.jpg",150,94,false],"newsx-330x220":["https:\/\/aliancaevangelica.pt\/site\/wp-content\/uploads\/2018\/07\/img-padrao-artigo.jpg",330,206,false],"newsx-420x280":["https:\/\/aliancaevangelica.pt\/site\/wp-content\/uploads\/2018\/07\/img-padrao-artigo.jpg",420,263,false],"newsx-510x340":["https:\/\/aliancaevangelica.pt\/site\/wp-content\/uploads\/2018\/07\/img-padrao-artigo.jpg",510,319,false],"newsx-640x480":["https:\/\/aliancaevangelica.pt\/site\/wp-content\/uploads\/2018\/07\/img-padrao-artigo.jpg",640,400,false],"newsx-670x370":["https:\/\/aliancaevangelica.pt\/site\/wp-content\/uploads\/2018\/07\/img-padrao-artigo.jpg",592,370,false],"newsx-860x570":["https:\/\/aliancaevangelica.pt\/site\/wp-content\/uploads\/2018\/07\/img-padrao-artigo.jpg",860,538,false],"newsx-1000x750":["https:\/\/aliancaevangelica.pt\/site\/wp-content\/uploads\/2018\/07\/img-padrao-artigo.jpg",1000,625,false],"newsx-1200x600":["https:\/\/aliancaevangelica.pt\/site\/wp-content\/uploads\/2018\/07\/img-padrao-artigo.jpg",960,600,false]},"uagb_author_info":{"display_name":"AEP","author_link":"https:\/\/aliancaevangelica.pt\/site\/author\/aeportugal\/"},"uagb_comment_info":0,"uagb_excerpt":"A Alian\u00e7a Evang\u00e9lica Mundial (WEA) apoia a Alian\u00e7a Evang\u00e9lica do Reino Unido (EAUK) no seu apelo \u00e0 unidade e \u00e0 reconcilia\u00e7\u00e3o ap\u00f3s a popula\u00e7\u00e3o do Reino Unido ter votado em referendo a sa\u00edda da Uni\u00e3o Europeia. O Bispo Efraim Tendero, Secret\u00e1rio-Geral da WEA, referiu: &#8220;Por favor, juntem-se a n\u00f3s em ora\u00e7\u00e3o pelo povo do Reino","_links":{"self":[{"href":"https:\/\/aliancaevangelica.pt\/site\/wp-json\/wp\/v2\/posts\/16267","targetHints":{"allow":["GET"]}}],"collection":[{"href":"https:\/\/aliancaevangelica.pt\/site\/wp-json\/wp\/v2\/posts"}],"about":[{"href":"https:\/\/aliancaevangelica.pt\/site\/wp-json\/wp\/v2\/types\/post"}],"author":[{"embeddable":true,"href":"https:\/\/aliancaevangelica.pt\/site\/wp-json\/wp\/v2\/users\/2"}],"replies":[{"embeddable":true,"href":"https:\/\/aliancaevangelica.pt\/site\/wp-json\/wp\/v2\/comments?post=16267"}],"version-history":[{"count":2,"href":"https:\/\/aliancaevangelica.pt\/site\/wp-json\/wp\/v2\/posts\/16267\/revisions"}],"predecessor-version":[{"id":16277,"href":"https:\/\/aliancaevangelica.pt\/site\/wp-json\/wp\/v2\/posts\/16267\/revisions\/16277"}],"wp:featuredmedia":[{"embeddable":true,"href":"https:\/\/aliancaevangelica.pt\/site\/wp-json\/wp\/v2\/media\/16260"}],"wp:attachment":[{"href":"https:\/\/aliancaevangelica.pt\/site\/wp-json\/wp\/v2\/media?parent=16267"}],"wp:term":[{"taxonomy":"category","embeddable":true,"href":"https:\/\/aliancaevangelica.pt\/site\/wp-json\/wp\/v2\/categories?post=16267"},{"taxonomy":"post_tag","embeddable":true,"href":"https:\/\/aliancaevangelica.pt\/site\/wp-json\/wp\/v2\/tags?post=16267"}],"curies":[{"name":"wp","href":"https:\/\/api.w.org\/{rel}","templated":true}]}}