{"id":16259,"date":"2016-06-20T07:40:43","date_gmt":"2016-06-20T07:40:43","guid":{"rendered":"https:\/\/aliancaevangelica.pt\/site\/?p=16259"},"modified":"2026-04-07T09:54:42","modified_gmt":"2026-04-07T09:54:42","slug":"co-adopcao-por-casais-homossexuais-tomada-de-posicao","status":"publish","type":"post","link":"https:\/\/aliancaevangelica.pt\/site\/co-adopcao-por-casais-homossexuais-tomada-de-posicao\/","title":{"rendered":"Co-adop\u00e7\u00e3o por Casais Homossexuais"},"content":{"rendered":"<p>Parlamento aprovou no dia 17 de Maio, na generalidade, um projecto-lei do PS para que os homossexuais possam co-adotar os filhos adoptivos ou biol\u00f3gicos da pessoa com quem est\u00e3o casados ou com quem vivem em uni\u00e3o de facto&#8230;<\/p>\n<p>Como \u00e9 do conhecimento p\u00fablico, o Parlamento aprovou no dia 17 de Maio, na generalidade, um projecto-lei do PS para que os homossexuais possam co-adotar os filhos adoptivos ou biol\u00f3gicos da pessoa com quem est\u00e3o casados ou com quem vivem em uni\u00e3o de facto.<\/p>\n<p>No nosso entender este \u00e9 mais um s\u00e9rio atentado aos valores da fam\u00edlia, fruto de uma vis\u00e3o laicista e secularista da sociedade, que visa objectivamente a destrui\u00e7\u00e3o dos valores do casamento e da fam\u00edlia. Consideramos que se trata de uma desconstru\u00e7\u00e3o dos valores morais, que est\u00e3o subjacentes \u00e0 constru\u00e7\u00e3o da sociedade, sendo claramente um assunto fracturante. Exemplo disso \u00e9 o resultado da vota\u00e7\u00e3o no Parlamento, com 99 votos a favor, 94 contra e nove absten\u00e7\u00f5es.<\/p>\n<p>A Comiss\u00e3o de Assuntos Constitucionais decidiu por consenso criar um grupo de trabalho para discutir na especialidade o referido projecto-lei. Achamos que faz todo sentido que psic\u00f3logos, juristas, psiquiatras e outros especialistas sejam ouvidos, mas conv\u00e9m lembrar que esta quest\u00e3o n\u00e3o \u00e9 uma quest\u00e3o apenas de natureza jur\u00eddica e psicol\u00f3gica, mas tamb\u00e9m de natureza \u00e9tica e moral.<\/p>\n<p>Como representante do maior grupo religioso n\u00e3o-cat\u00f3lico em Portugal, a Alian\u00e7a Evang\u00e9lica Portuguesa decidiu solicitar \u00e0 Comiss\u00e3o de Assuntos Parlamentares uma audi\u00eancia, afim de ser ouvida relativamente aos princ\u00edpios \u00e9ticos e morais que o referido Projecto-Lei  p\u00f5e em causa.<\/p>\n<p>A Direc\u00e7\u00e3o da Alian\u00e7a Evang\u00e9lica Portuguesa<\/p>\n","protected":false},"excerpt":{"rendered":"<p>Parlamento aprovou no dia 17 de Maio, na generalidade, um projecto-lei do PS para que os homossexuais possam co-adotar os filhos adoptivos ou biol\u00f3gicos da pessoa com quem est\u00e3o casados ou com quem vivem em uni\u00e3o de facto&#8230; Como \u00e9 do conhecimento p\u00fablico, o Parlamento aprovou no dia 17 de Maio, na generalidade, um projecto-lei<\/p>\n","protected":false},"author":2,"featured_media":16260,"comment_status":"closed","ping_status":"open","sticky":false,"template":"","format":"standard","meta":{"_uag_custom_page_level_css":"","_themeisle_gutenberg_block_has_review":false,"_vp_format_video_url":"","_vp_image_focal_point":[],"footnotes":""},"categories":[52],"tags":[],"class_list":["post-16259","post","type-post","status-publish","format-standard","has-post-thumbnail","hentry","category-tomadas-de-posicao"],"yoast_head":"<!-- This site is optimized with the Yoast SEO plugin v27.5 - https:\/\/yoast.com\/product\/yoast-seo-wordpress\/ -->\n<title>Co-adop\u00e7\u00e3o por Casais Homossexuais - AEP<\/title>\n<meta name=\"robots\" content=\"index, follow, max-snippet:-1, max-image-preview:large, max-video-preview:-1\" \/>\n<link rel=\"canonical\" href=\"https:\/\/aliancaevangelica.pt\/site\/co-adopcao-por-casais-homossexuais-tomada-de-posicao\/\" \/>\n<meta property=\"og:locale\" content=\"pt_PT\" \/>\n<meta property=\"og:type\" content=\"article\" \/>\n<meta property=\"og:title\" content=\"Co-adop\u00e7\u00e3o por Casais Homossexuais - AEP\" \/>\n<meta property=\"og:description\" content=\"Parlamento aprovou no dia 17 de Maio, na generalidade, um projecto-lei do PS para que os homossexuais possam co-adotar os filhos adoptivos ou biol\u00f3gicos da pessoa com quem est\u00e3o casados ou com quem vivem em uni\u00e3o de facto&#8230; Como \u00e9 do conhecimento p\u00fablico, o Parlamento aprovou no dia 17 de Maio, na generalidade, um projecto-lei\" \/>\n<meta property=\"og:url\" content=\"https:\/\/aliancaevangelica.pt\/site\/co-adopcao-por-casais-homossexuais-tomada-de-posicao\/\" \/>\n<meta property=\"og:site_name\" content=\"AEP\" \/>\n<meta property=\"article:publisher\" content=\"http:\/\/facebook.com\/aeportuguesa\" \/>\n<meta property=\"article:author\" content=\"aeportugal\" \/>\n<meta property=\"article:published_time\" content=\"2016-06-20T07:40:43+00:00\" \/>\n<meta property=\"article:modified_time\" content=\"2026-04-07T09:54:42+00:00\" \/>\n<meta property=\"og:image\" content=\"https:\/\/aliancaevangelica.pt\/site\/wp-content\/uploads\/2018\/07\/img-padrao-artigo.jpg\" \/>\n\t<meta property=\"og:image:width\" content=\"1280\" \/>\n\t<meta property=\"og:image:height\" content=\"800\" \/>\n\t<meta property=\"og:image:type\" content=\"image\/jpeg\" \/>\n<meta name=\"author\" content=\"AEP\" \/>\n<meta name=\"twitter:card\" content=\"summary_large_image\" \/>\n<meta name=\"twitter:label1\" content=\"Escrito por\" \/>\n\t<meta name=\"twitter:data1\" content=\"AEP\" \/>\n\t<meta name=\"twitter:label2\" content=\"Tempo estimado de leitura\" \/>\n\t<meta name=\"twitter:data2\" content=\"1 minuto\" \/>\n<script type=\"application\/ld+json\" class=\"yoast-schema-graph\">{\"@context\":\"https:\\\/\\\/schema.org\",\"@graph\":[{\"@type\":\"Article\",\"@id\":\"https:\\\/\\\/aliancaevangelica.pt\\\/site\\\/co-adopcao-por-casais-homossexuais-tomada-de-posicao\\\/#article\",\"isPartOf\":{\"@id\":\"https:\\\/\\\/aliancaevangelica.pt\\\/site\\\/co-adopcao-por-casais-homossexuais-tomada-de-posicao\\\/\"},\"author\":{\"name\":\"AEP\",\"@id\":\"https:\\\/\\\/aliancaevangelica.pt\\\/site\\\/#\\\/schema\\\/person\\\/3b47cfc7535eff1e820f31c2d67eafcf\"},\"headline\":\"Co-adop\u00e7\u00e3o por Casais Homossexuais\",\"datePublished\":\"2016-06-20T07:40:43+00:00\",\"dateModified\":\"2026-04-07T09:54:42+00:00\",\"mainEntityOfPage\":{\"@id\":\"https:\\\/\\\/aliancaevangelica.pt\\\/site\\\/co-adopcao-por-casais-homossexuais-tomada-de-posicao\\\/\"},\"wordCount\":291,\"publisher\":{\"@id\":\"https:\\\/\\\/aliancaevangelica.pt\\\/site\\\/#organization\"},\"image\":{\"@id\":\"https:\\\/\\\/aliancaevangelica.pt\\\/site\\\/co-adopcao-por-casais-homossexuais-tomada-de-posicao\\\/#primaryimage\"},\"thumbnailUrl\":\"https:\\\/\\\/aliancaevangelica.pt\\\/site\\\/wp-content\\\/uploads\\\/2018\\\/07\\\/img-padrao-artigo.jpg\",\"articleSection\":[\"Tomadas de Posi\u00e7\u00e3o\"],\"inLanguage\":\"pt-PT\"},{\"@type\":\"WebPage\",\"@id\":\"https:\\\/\\\/aliancaevangelica.pt\\\/site\\\/co-adopcao-por-casais-homossexuais-tomada-de-posicao\\\/\",\"url\":\"https:\\\/\\\/aliancaevangelica.pt\\\/site\\\/co-adopcao-por-casais-homossexuais-tomada-de-posicao\\\/\",\"name\":\"Co-adop\u00e7\u00e3o por Casais Homossexuais - AEP\",\"isPartOf\":{\"@id\":\"https:\\\/\\\/aliancaevangelica.pt\\\/site\\\/#website\"},\"primaryImageOfPage\":{\"@id\":\"https:\\\/\\\/aliancaevangelica.pt\\\/site\\\/co-adopcao-por-casais-homossexuais-tomada-de-posicao\\\/#primaryimage\"},\"image\":{\"@id\":\"https:\\\/\\\/aliancaevangelica.pt\\\/site\\\/co-adopcao-por-casais-homossexuais-tomada-de-posicao\\\/#primaryimage\"},\"thumbnailUrl\":\"https:\\\/\\\/aliancaevangelica.pt\\\/site\\\/wp-content\\\/uploads\\\/2018\\\/07\\\/img-padrao-artigo.jpg\",\"datePublished\":\"2016-06-20T07:40:43+00:00\",\"dateModified\":\"2026-04-07T09:54:42+00:00\",\"breadcrumb\":{\"@id\":\"https:\\\/\\\/aliancaevangelica.pt\\\/site\\\/co-adopcao-por-casais-homossexuais-tomada-de-posicao\\\/#breadcrumb\"},\"inLanguage\":\"pt-PT\",\"potentialAction\":[{\"@type\":\"ReadAction\",\"target\":[\"https:\\\/\\\/aliancaevangelica.pt\\\/site\\\/co-adopcao-por-casais-homossexuais-tomada-de-posicao\\\/\"]}]},{\"@type\":\"ImageObject\",\"inLanguage\":\"pt-PT\",\"@id\":\"https:\\\/\\\/aliancaevangelica.pt\\\/site\\\/co-adopcao-por-casais-homossexuais-tomada-de-posicao\\\/#primaryimage\",\"url\":\"https:\\\/\\\/aliancaevangelica.pt\\\/site\\\/wp-content\\\/uploads\\\/2018\\\/07\\\/img-padrao-artigo.jpg\",\"contentUrl\":\"https:\\\/\\\/aliancaevangelica.pt\\\/site\\\/wp-content\\\/uploads\\\/2018\\\/07\\\/img-padrao-artigo.jpg\",\"width\":1280,\"height\":800},{\"@type\":\"BreadcrumbList\",\"@id\":\"https:\\\/\\\/aliancaevangelica.pt\\\/site\\\/co-adopcao-por-casais-homossexuais-tomada-de-posicao\\\/#breadcrumb\",\"itemListElement\":[{\"@type\":\"ListItem\",\"position\":1,\"name\":\"In\u00edcio\",\"item\":\"https:\\\/\\\/aliancaevangelica.pt\\\/site\\\/\"},{\"@type\":\"ListItem\",\"position\":2,\"name\":\"Co-adop\u00e7\u00e3o por Casais Homossexuais\"}]},{\"@type\":\"WebSite\",\"@id\":\"https:\\\/\\\/aliancaevangelica.pt\\\/site\\\/#website\",\"url\":\"https:\\\/\\\/aliancaevangelica.pt\\\/site\\\/\",\"name\":\"Alian\u00e7a Evang\u00e9lica Portuguesa\",\"description\":\"Alian\u00e7a Evang\u00e9lica Portuguesa\",\"publisher\":{\"@id\":\"https:\\\/\\\/aliancaevangelica.pt\\\/site\\\/#organization\"},\"potentialAction\":[{\"@type\":\"SearchAction\",\"target\":{\"@type\":\"EntryPoint\",\"urlTemplate\":\"https:\\\/\\\/aliancaevangelica.pt\\\/site\\\/?s={search_term_string}\"},\"query-input\":{\"@type\":\"PropertyValueSpecification\",\"valueRequired\":true,\"valueName\":\"search_term_string\"}}],\"inLanguage\":\"pt-PT\"},{\"@type\":\"Organization\",\"@id\":\"https:\\\/\\\/aliancaevangelica.pt\\\/site\\\/#organization\",\"name\":\"Alian\u00e7a Evang\u00e9lica Portuguesa\",\"url\":\"https:\\\/\\\/aliancaevangelica.pt\\\/site\\\/\",\"logo\":{\"@type\":\"ImageObject\",\"inLanguage\":\"pt-PT\",\"@id\":\"https:\\\/\\\/aliancaevangelica.pt\\\/site\\\/#\\\/schema\\\/logo\\\/image\\\/\",\"url\":\"https:\\\/\\\/aliancaevangelica.pt\\\/site\\\/wp-content\\\/uploads\\\/2017\\\/11\\\/logo-AEP-cor.png\",\"contentUrl\":\"https:\\\/\\\/aliancaevangelica.pt\\\/site\\\/wp-content\\\/uploads\\\/2017\\\/11\\\/logo-AEP-cor.png\",\"width\":1156,\"height\":672,\"caption\":\"Alian\u00e7a Evang\u00e9lica Portuguesa\"},\"image\":{\"@id\":\"https:\\\/\\\/aliancaevangelica.pt\\\/site\\\/#\\\/schema\\\/logo\\\/image\\\/\"},\"sameAs\":[\"http:\\\/\\\/facebook.com\\\/aeportuguesa\",\"http:\\\/\\\/instagram.com\\\/aliancaep\",\"http:\\\/\\\/youtube.com\\\/aeportuguesa\"]},{\"@type\":\"Person\",\"@id\":\"https:\\\/\\\/aliancaevangelica.pt\\\/site\\\/#\\\/schema\\\/person\\\/3b47cfc7535eff1e820f31c2d67eafcf\",\"name\":\"AEP\",\"sameAs\":[\"aeportugal\"],\"url\":\"https:\\\/\\\/aliancaevangelica.pt\\\/site\\\/author\\\/aeportugal\\\/\"}]}<\/script>\n<!-- \/ Yoast SEO plugin. -->","yoast_head_json":{"title":"Co-adop\u00e7\u00e3o por Casais Homossexuais - AEP","robots":{"index":"index","follow":"follow","max-snippet":"max-snippet:-1","max-image-preview":"max-image-preview:large","max-video-preview":"max-video-preview:-1"},"canonical":"https:\/\/aliancaevangelica.pt\/site\/co-adopcao-por-casais-homossexuais-tomada-de-posicao\/","og_locale":"pt_PT","og_type":"article","og_title":"Co-adop\u00e7\u00e3o por Casais Homossexuais - AEP","og_description":"Parlamento aprovou no dia 17 de Maio, na generalidade, um projecto-lei do PS para que os homossexuais possam co-adotar os filhos adoptivos ou biol\u00f3gicos da pessoa com quem est\u00e3o casados ou com quem vivem em uni\u00e3o de facto&#8230; Como \u00e9 do conhecimento p\u00fablico, o Parlamento aprovou no dia 17 de Maio, na generalidade, um projecto-lei","og_url":"https:\/\/aliancaevangelica.pt\/site\/co-adopcao-por-casais-homossexuais-tomada-de-posicao\/","og_site_name":"AEP","article_publisher":"http:\/\/facebook.com\/aeportuguesa","article_author":"aeportugal","article_published_time":"2016-06-20T07:40:43+00:00","article_modified_time":"2026-04-07T09:54:42+00:00","og_image":[{"width":1280,"height":800,"url":"https:\/\/aliancaevangelica.pt\/site\/wp-content\/uploads\/2018\/07\/img-padrao-artigo.jpg","type":"image\/jpeg"}],"author":"AEP","twitter_card":"summary_large_image","twitter_misc":{"Escrito por":"AEP","Tempo estimado de leitura":"1 minuto"},"schema":{"@context":"https:\/\/schema.org","@graph":[{"@type":"Article","@id":"https:\/\/aliancaevangelica.pt\/site\/co-adopcao-por-casais-homossexuais-tomada-de-posicao\/#article","isPartOf":{"@id":"https:\/\/aliancaevangelica.pt\/site\/co-adopcao-por-casais-homossexuais-tomada-de-posicao\/"},"author":{"name":"AEP","@id":"https:\/\/aliancaevangelica.pt\/site\/#\/schema\/person\/3b47cfc7535eff1e820f31c2d67eafcf"},"headline":"Co-adop\u00e7\u00e3o por Casais Homossexuais","datePublished":"2016-06-20T07:40:43+00:00","dateModified":"2026-04-07T09:54:42+00:00","mainEntityOfPage":{"@id":"https:\/\/aliancaevangelica.pt\/site\/co-adopcao-por-casais-homossexuais-tomada-de-posicao\/"},"wordCount":291,"publisher":{"@id":"https:\/\/aliancaevangelica.pt\/site\/#organization"},"image":{"@id":"https:\/\/aliancaevangelica.pt\/site\/co-adopcao-por-casais-homossexuais-tomada-de-posicao\/#primaryimage"},"thumbnailUrl":"https:\/\/aliancaevangelica.pt\/site\/wp-content\/uploads\/2018\/07\/img-padrao-artigo.jpg","articleSection":["Tomadas de Posi\u00e7\u00e3o"],"inLanguage":"pt-PT"},{"@type":"WebPage","@id":"https:\/\/aliancaevangelica.pt\/site\/co-adopcao-por-casais-homossexuais-tomada-de-posicao\/","url":"https:\/\/aliancaevangelica.pt\/site\/co-adopcao-por-casais-homossexuais-tomada-de-posicao\/","name":"Co-adop\u00e7\u00e3o por Casais Homossexuais - AEP","isPartOf":{"@id":"https:\/\/aliancaevangelica.pt\/site\/#website"},"primaryImageOfPage":{"@id":"https:\/\/aliancaevangelica.pt\/site\/co-adopcao-por-casais-homossexuais-tomada-de-posicao\/#primaryimage"},"image":{"@id":"https:\/\/aliancaevangelica.pt\/site\/co-adopcao-por-casais-homossexuais-tomada-de-posicao\/#primaryimage"},"thumbnailUrl":"https:\/\/aliancaevangelica.pt\/site\/wp-content\/uploads\/2018\/07\/img-padrao-artigo.jpg","datePublished":"2016-06-20T07:40:43+00:00","dateModified":"2026-04-07T09:54:42+00:00","breadcrumb":{"@id":"https:\/\/aliancaevangelica.pt\/site\/co-adopcao-por-casais-homossexuais-tomada-de-posicao\/#breadcrumb"},"inLanguage":"pt-PT","potentialAction":[{"@type":"ReadAction","target":["https:\/\/aliancaevangelica.pt\/site\/co-adopcao-por-casais-homossexuais-tomada-de-posicao\/"]}]},{"@type":"ImageObject","inLanguage":"pt-PT","@id":"https:\/\/aliancaevangelica.pt\/site\/co-adopcao-por-casais-homossexuais-tomada-de-posicao\/#primaryimage","url":"https:\/\/aliancaevangelica.pt\/site\/wp-content\/uploads\/2018\/07\/img-padrao-artigo.jpg","contentUrl":"https:\/\/aliancaevangelica.pt\/site\/wp-content\/uploads\/2018\/07\/img-padrao-artigo.jpg","width":1280,"height":800},{"@type":"BreadcrumbList","@id":"https:\/\/aliancaevangelica.pt\/site\/co-adopcao-por-casais-homossexuais-tomada-de-posicao\/#breadcrumb","itemListElement":[{"@type":"ListItem","position":1,"name":"In\u00edcio","item":"https:\/\/aliancaevangelica.pt\/site\/"},{"@type":"ListItem","position":2,"name":"Co-adop\u00e7\u00e3o por Casais Homossexuais"}]},{"@type":"WebSite","@id":"https:\/\/aliancaevangelica.pt\/site\/#website","url":"https:\/\/aliancaevangelica.pt\/site\/","name":"Alian\u00e7a Evang\u00e9lica Portuguesa","description":"Alian\u00e7a Evang\u00e9lica Portuguesa","publisher":{"@id":"https:\/\/aliancaevangelica.pt\/site\/#organization"},"potentialAction":[{"@type":"SearchAction","target":{"@type":"EntryPoint","urlTemplate":"https:\/\/aliancaevangelica.pt\/site\/?s={search_term_string}"},"query-input":{"@type":"PropertyValueSpecification","valueRequired":true,"valueName":"search_term_string"}}],"inLanguage":"pt-PT"},{"@type":"Organization","@id":"https:\/\/aliancaevangelica.pt\/site\/#organization","name":"Alian\u00e7a Evang\u00e9lica Portuguesa","url":"https:\/\/aliancaevangelica.pt\/site\/","logo":{"@type":"ImageObject","inLanguage":"pt-PT","@id":"https:\/\/aliancaevangelica.pt\/site\/#\/schema\/logo\/image\/","url":"https:\/\/aliancaevangelica.pt\/site\/wp-content\/uploads\/2017\/11\/logo-AEP-cor.png","contentUrl":"https:\/\/aliancaevangelica.pt\/site\/wp-content\/uploads\/2017\/11\/logo-AEP-cor.png","width":1156,"height":672,"caption":"Alian\u00e7a Evang\u00e9lica Portuguesa"},"image":{"@id":"https:\/\/aliancaevangelica.pt\/site\/#\/schema\/logo\/image\/"},"sameAs":["http:\/\/facebook.com\/aeportuguesa","http:\/\/instagram.com\/aliancaep","http:\/\/youtube.com\/aeportuguesa"]},{"@type":"Person","@id":"https:\/\/aliancaevangelica.pt\/site\/#\/schema\/person\/3b47cfc7535eff1e820f31c2d67eafcf","name":"AEP","sameAs":["aeportugal"],"url":"https:\/\/aliancaevangelica.pt\/site\/author\/aeportugal\/"}]}},"uagb_featured_image_src":{"full":["https:\/\/aliancaevangelica.pt\/site\/wp-content\/uploads\/2018\/07\/img-padrao-artigo.jpg",1280,800,false],"thumbnail":["https:\/\/aliancaevangelica.pt\/site\/wp-content\/uploads\/2018\/07\/img-padrao-artigo-150x150.jpg",150,150,true],"medium":["https:\/\/aliancaevangelica.pt\/site\/wp-content\/uploads\/2018\/07\/img-padrao-artigo-300x188.jpg",300,188,true],"medium_large":["https:\/\/aliancaevangelica.pt\/site\/wp-content\/uploads\/2018\/07\/img-padrao-artigo-768x480.jpg",768,480,true],"large":["https:\/\/aliancaevangelica.pt\/site\/wp-content\/uploads\/2018\/07\/img-padrao-artigo-1024x640.jpg",960,600,true],"1536x1536":["https:\/\/aliancaevangelica.pt\/site\/wp-content\/uploads\/2018\/07\/img-padrao-artigo.jpg",1280,800,false],"2048x2048":["https:\/\/aliancaevangelica.pt\/site\/wp-content\/uploads\/2018\/07\/img-padrao-artigo.jpg",1280,800,false],"vp_sm":["https:\/\/aliancaevangelica.pt\/site\/wp-content\/uploads\/2018\/07\/img-padrao-artigo.jpg",500,313,false],"vp_md":["https:\/\/aliancaevangelica.pt\/site\/wp-content\/uploads\/2018\/07\/img-padrao-artigo.jpg",800,500,false],"vp_lg":["https:\/\/aliancaevangelica.pt\/site\/wp-content\/uploads\/2018\/07\/img-padrao-artigo.jpg",1280,800,false],"vp_xl":["https:\/\/aliancaevangelica.pt\/site\/wp-content\/uploads\/2018\/07\/img-padrao-artigo.jpg",1280,800,false],"vp_sm_popup":["https:\/\/aliancaevangelica.pt\/site\/wp-content\/uploads\/2018\/07\/img-padrao-artigo.jpg",500,313,false],"vp_md_popup":["https:\/\/aliancaevangelica.pt\/site\/wp-content\/uploads\/2018\/07\/img-padrao-artigo.jpg",800,500,false],"vp_xl_popup":["https:\/\/aliancaevangelica.pt\/site\/wp-content\/uploads\/2018\/07\/img-padrao-artigo.jpg",1280,800,false],"newsx-150x100":["https:\/\/aliancaevangelica.pt\/site\/wp-content\/uploads\/2018\/07\/img-padrao-artigo.jpg",150,94,false],"newsx-330x220":["https:\/\/aliancaevangelica.pt\/site\/wp-content\/uploads\/2018\/07\/img-padrao-artigo.jpg",330,206,false],"newsx-420x280":["https:\/\/aliancaevangelica.pt\/site\/wp-content\/uploads\/2018\/07\/img-padrao-artigo.jpg",420,263,false],"newsx-510x340":["https:\/\/aliancaevangelica.pt\/site\/wp-content\/uploads\/2018\/07\/img-padrao-artigo.jpg",510,319,false],"newsx-640x480":["https:\/\/aliancaevangelica.pt\/site\/wp-content\/uploads\/2018\/07\/img-padrao-artigo.jpg",640,400,false],"newsx-670x370":["https:\/\/aliancaevangelica.pt\/site\/wp-content\/uploads\/2018\/07\/img-padrao-artigo.jpg",592,370,false],"newsx-860x570":["https:\/\/aliancaevangelica.pt\/site\/wp-content\/uploads\/2018\/07\/img-padrao-artigo.jpg",860,538,false],"newsx-1000x750":["https:\/\/aliancaevangelica.pt\/site\/wp-content\/uploads\/2018\/07\/img-padrao-artigo.jpg",1000,625,false],"newsx-1200x600":["https:\/\/aliancaevangelica.pt\/site\/wp-content\/uploads\/2018\/07\/img-padrao-artigo.jpg",960,600,false]},"uagb_author_info":{"display_name":"AEP","author_link":"https:\/\/aliancaevangelica.pt\/site\/author\/aeportugal\/"},"uagb_comment_info":0,"uagb_excerpt":"Parlamento aprovou no dia 17 de Maio, na generalidade, um projecto-lei do PS para que os homossexuais possam co-adotar os filhos adoptivos ou biol\u00f3gicos da pessoa com quem est\u00e3o casados ou com quem vivem em uni\u00e3o de facto&#8230; Como \u00e9 do conhecimento p\u00fablico, o Parlamento aprovou no dia 17 de Maio, na generalidade, um projecto-lei","_links":{"self":[{"href":"https:\/\/aliancaevangelica.pt\/site\/wp-json\/wp\/v2\/posts\/16259","targetHints":{"allow":["GET"]}}],"collection":[{"href":"https:\/\/aliancaevangelica.pt\/site\/wp-json\/wp\/v2\/posts"}],"about":[{"href":"https:\/\/aliancaevangelica.pt\/site\/wp-json\/wp\/v2\/types\/post"}],"author":[{"embeddable":true,"href":"https:\/\/aliancaevangelica.pt\/site\/wp-json\/wp\/v2\/users\/2"}],"replies":[{"embeddable":true,"href":"https:\/\/aliancaevangelica.pt\/site\/wp-json\/wp\/v2\/comments?post=16259"}],"version-history":[{"count":2,"href":"https:\/\/aliancaevangelica.pt\/site\/wp-json\/wp\/v2\/posts\/16259\/revisions"}],"predecessor-version":[{"id":16280,"href":"https:\/\/aliancaevangelica.pt\/site\/wp-json\/wp\/v2\/posts\/16259\/revisions\/16280"}],"wp:featuredmedia":[{"embeddable":true,"href":"https:\/\/aliancaevangelica.pt\/site\/wp-json\/wp\/v2\/media\/16260"}],"wp:attachment":[{"href":"https:\/\/aliancaevangelica.pt\/site\/wp-json\/wp\/v2\/media?parent=16259"}],"wp:term":[{"taxonomy":"category","embeddable":true,"href":"https:\/\/aliancaevangelica.pt\/site\/wp-json\/wp\/v2\/categories?post=16259"},{"taxonomy":"post_tag","embeddable":true,"href":"https:\/\/aliancaevangelica.pt\/site\/wp-json\/wp\/v2\/tags?post=16259"}],"curies":[{"name":"wp","href":"https:\/\/api.w.org\/{rel}","templated":true}]}}