{"id":16218,"date":"2018-06-22T07:29:17","date_gmt":"2018-06-22T07:29:17","guid":{"rendered":"https:\/\/aliancaevangelica.pt\/site\/?p=16218"},"modified":"2018-06-21T21:39:07","modified_gmt":"2018-06-21T21:39:07","slug":"os-microplasticos-isabel-cunha-soares","status":"publish","type":"post","link":"https:\/\/aliancaevangelica.pt\/site\/os-microplasticos-isabel-cunha-soares\/","title":{"rendered":"Os Micropl\u00e1sticos &#8211; Isabel Cunha Soares"},"content":{"rendered":"<p>Nas \u00faltimas d\u00e9cadas e sobretudo nas sociedades ocidentais, tem crescido em n\u00f3s uma mentalidade do descart\u00e1vel, levando-nos muitas vezes a crer que tudo \u00e9 substitu\u00edvel e dispens\u00e1vel. Isto reflete-se nas decis\u00f5es que tomamos, nos relacionamentos que temos, nas escolhas que fazemos, na forma como vivemos, afetando muitas \u00e1reas sejam elas sociais, culturais, econ\u00f3micas ou at\u00e9 mesmo espirituais. Ao mesmo tempo, a ci\u00eancia e a tecnologia, t\u00eam evolu\u00eddo de forma a tornarem as nossas vidas mais f\u00e1ceis e com maior acessibilidade a produtos, que muitas vezes n\u00e3o sendo absolutamente necess\u00e1rios, se tornam imprescind\u00edveis e que pela sua natureza e carater\u00edsticas se v\u00e3o tornando habituais no nosso dia-a-dia. Um desses produtos \u00e9 o pl\u00e1stico.<\/p>\n<p>Essencialmente o pl\u00e1stico \u00e9 um pol\u00edmero derivado do petr\u00f3leo e como o seu nome em grego indica, capaz de ser moldado e de adquirir uma forma ap\u00f3s a moldagem. E porque \u00e9 um material barato, duradouro, resistente, leve e male\u00e1vel a sua produ\u00e7\u00e3o tem continuado a aumentar em todo o mundo. \u00a0A t\u00edtulo de exemplo em 2009 na Europa, cerca de 40% de todo o pl\u00e1stico produzido foram embalagens \u2013 muitas delas, embalagens de refei\u00e7\u00f5es r\u00e1pidas (fast food), cujo tempo de vida \u00fatil \u00e9 muito curto, t\u00e3o curto que n\u00e3o \u00e9 suficiente para valoriza-las.<\/p>\n<p>Mas o que acontece a todo este pl\u00e1stico quando o deitamos fora? Ser\u00e1 que \u00e9 um problema apenas dos munic\u00edpios ou tamb\u00e9m \u00e9 um problema nosso?<\/p>\n<p>O lixo que fazemos e forma como o deitamos fora faz toda a diferen\u00e7a para o nosso bem-estar, para a sa\u00fade p\u00fablica e para a sa\u00fade do meio ambiente.<\/p>\n<p>No final do s\u00e9culo 20 uma embarca\u00e7\u00e3o, descobriu por acaso, uma quantidade de lixo no oceano pacifico com cerca de 680 km2 de \u00e1rea, equivalente a 6,5 vezes a \u00e1rea metropolitana de Lisboa. Este lixo era na sua maioria composto por embalagens pl\u00e1sticas que levadas pelas correntes oce\u00e2nicas ficaram retidas neste ponto do pacifico. Apenas em 2010 as Na\u00e7\u00f5es Unidas decidiram fazer uma monitoriza\u00e7\u00e3o por todo o mundo para se perceber qual a magnitude do problema.<\/p>\n<p><strong>Como \u00e9 que o lixo vai parar ao mar?<\/strong><\/p>\n<p>De todo o lixo produzido, apenas um pouco mais de metade \u00e9 reciclado, incinerado ou encaminhado para aterros e o que sobra fica livre no ambiente e a maior parte deste acabar\u00e1 eventualmente no mar. O lixo que chega ao mar tem muitas origens; lixo que fica solto nas ruas e por a\u00e7\u00e3o da chuva ou do vento \u00e9 arrastado para o mar, lixo deitado ilicitamente no mar ou nos rios, m\u00e1 gest\u00e3o na recolha de lixo por parte das entidades respons\u00e1veis, perdas e despejos no tratamento de \u00e1guas residuais e esgotos, despejo de lixo das nossas casas atrav\u00e9s das sanitas e lavat\u00f3rios, despejos e perdas de lixo industrial no mar ou nos rios, despejos ou perdas de lixo em atividades econ\u00f3micas ou de lazer junto ao mar ou nos rios, despejo das plataformas de extra\u00e7\u00e3o de grude no mar entre outras. Uma vez no mar, o lixo ou afunda ou fica \u00e0 superf\u00edcie. Ainda pouco se sabe acerca da quantidade de lixo que chega ao mar, que parte fica \u00e0 superf\u00edcie e que parte afunda. No entanto estima-se que o que se v\u00ea \u00e0 superf\u00edcie \u00e9 apenas 15% de todo o lixo que afunda.<\/p>\n<p><strong>Porque \u00e9 que este lixo \u00e9 perigoso?<\/strong><\/p>\n<p>J\u00e1 h\u00e1 muito tempo que se ouve falar de animais marinhos que ficam presos em linhas ou peda\u00e7os de pl\u00e1stico e acabam por morrer, ou de tartarugas que confundem os sacos pl\u00e1sticos com alforrecas e ao ingeri-los morrem asfixiadas ou ainda de aves que ingerem tampas, ou outros peda\u00e7os de pl\u00e1stico ou vidro colorido pensando que \u00e9 alimento. Para todos estes casos o fim \u00e9 a morte. Mas recentemente descobrir-se que alguns desses pl\u00e1sticos s\u00e3o de dimens\u00f5es t\u00e3o pequenas que podem ser ingeridos por animais marinhos que se encontram na base da cadeira alimentar, podendo mesmo ficar retidos nas suas c\u00e9lulas sendo transportados atrav\u00e9s das cadeias alimentares e acabando no nosso prato (s\u00f3 em 2014 o mar forneceu-nos 80 milh\u00f5es de toneladas de produtos marinhos). A estes pl\u00e1sticos de pequenas dimens\u00f5es chamamos micropl\u00e1sticos e estes podem ter uma origem prim\u00e1ria ou secund\u00e1ria. Os micropl\u00e1sticos prim\u00e1rios de tamanho inferior a 5 mm, s\u00e3o usados na ind\u00fastria na produ\u00e7\u00e3o de outros pl\u00e1sticos mas tamb\u00e9m podem se encontrar nas pastas de dentes, cremes esfoliantes ou geles de limpeza. Os secund\u00e1rios com tamanho superior a 5mm, s\u00e3o resultantes da fragmenta\u00e7\u00e3o dos pl\u00e1sticos que se encontram no mar devido ao sol, for\u00e7a das ondas e \u00e1gua do mar. \u00c9 ainda desconhecido o total efeito que estas part\u00edculas de pl\u00e1sticos podem ter na nossa sa\u00fade e na sa\u00fade p\u00fablica em geral o que se sabe \u00e9 que estes pl\u00e1sticos cont\u00eam qu\u00edmicos poluentes org\u00e2nicos persistentes (POP) que s\u00e3o por si s\u00f3 extremamente perigosos para a sa\u00fade humana e ambiental.<\/p>\n<p>&nbsp;<\/p>\n<p><strong>O que podemos fazer?<\/strong><\/p>\n<p>Esta \u00e9 a pergunta mais importante a ser feita. O problema \u00e9 complexo e n\u00e3o \u00e9 de f\u00e1cil resolu\u00e7\u00e3o, por isso n\u00e3o existe apenas uma resposta nem apenas uma solu\u00e7\u00e3o e estas ter\u00e3o sempre que ser partilhadas por todos os setores p\u00fablicos e privados, comunidades cient\u00edficas e educativas, e sociedade civil em geral, pois sendo parte do problema temos que ser tamb\u00e9m parte da solu\u00e7\u00e3o. Importa primeiramente investigar para se conhecer melhor o problema e as suas consequ\u00eancias, legislar e educar para que saibamos o que fazer e como fazer e por fim agir. Para j\u00e1, podemos come\u00e7ar por agir, consumindo menos pl\u00e1sticos, lendo bem os r\u00f3tulos dos produtos para saber escolhe-los, selecionar, reciclar e depositar o nosso lixo nos locais certos, n\u00e3o deitar artigos pequenos nas sanitas \u2013 como cotonetes e por fim passando a palavra a outros.<\/p>\n<p>Como mulheres crist\u00e3s que somos, temos a dupla responsabilidade de agir, para a gl\u00f3ria de Deus, cuidando do mundo que Ele criou e cuidar da nossa fam\u00edlia fazendo boas escolhas. \u00a0O lixo \u00e9 resultado do nosso consumo, quando menos e melhor consumirmos menos lixo faremos.<\/p>\n<p>&nbsp;<\/p>\n<p>[movedo_single_image image=&#8221;16224&#8243; animation=&#8221;grve-zoom-in&#8221;]Isabel Cunha Soares<br \/>\nCoordenadora do programa de Educa\u00e7\u00e3o Ambiental da Associa\u00e7\u00e3o A Rocha<br \/>\n<a href=\"http:\/\/www.arocha.pt\" target=\"_blank\" rel=\"noopener\">www.arocha.pt<\/a><br \/>\n<a href=\"http:\/\/www.educacaoambientalnarocha.blogspot.pt\" target=\"_blank\" rel=\"noopener\">www.educacaoambientalnarocha.blogspot.pt<\/a><\/p>\n","protected":false},"excerpt":{"rendered":"<p>Nas \u00faltimas d\u00e9cadas e sobretudo nas sociedades ocidentais, tem crescido em n\u00f3s uma mentalidade do descart\u00e1vel, levando-nos muitas vezes a crer que tudo \u00e9 substitu\u00edvel e dispens\u00e1vel. Isto reflete-se nas decis\u00f5es que tomamos, nos relacionamentos que temos, nas escolhas que fazemos, na forma como vivemos, afetando muitas \u00e1reas sejam elas sociais, culturais, econ\u00f3micas ou at\u00e9<\/p>\n","protected":false},"author":2,"featured_media":16219,"comment_status":"open","ping_status":"open","sticky":false,"template":"","format":"standard","meta":{"_uag_custom_page_level_css":"","_themeisle_gutenberg_block_has_review":false,"_vp_format_video_url":"","_vp_image_focal_point":[],"footnotes":""},"categories":[45,47],"tags":[],"class_list":["post-16218","post","type-post","status-publish","format-standard","has-post-thumbnail","hentry","category-geral","category-mulheres-casais-e-familia"],"yoast_head":"<!-- This site is optimized with the Yoast SEO plugin v27.5 - https:\/\/yoast.com\/product\/yoast-seo-wordpress\/ -->\n<title>Os Micropl\u00e1sticos - Isabel Cunha Soares - AEP<\/title>\n<meta name=\"robots\" content=\"index, follow, max-snippet:-1, max-image-preview:large, max-video-preview:-1\" \/>\n<link rel=\"canonical\" href=\"https:\/\/aliancaevangelica.pt\/site\/os-microplasticos-isabel-cunha-soares\/\" \/>\n<meta property=\"og:locale\" content=\"pt_PT\" \/>\n<meta property=\"og:type\" content=\"article\" \/>\n<meta property=\"og:title\" content=\"Os Micropl\u00e1sticos - Isabel Cunha Soares - AEP\" \/>\n<meta property=\"og:description\" content=\"Nas \u00faltimas d\u00e9cadas e sobretudo nas sociedades ocidentais, tem crescido em n\u00f3s uma mentalidade do descart\u00e1vel, levando-nos muitas vezes a crer que tudo \u00e9 substitu\u00edvel e dispens\u00e1vel. Isto reflete-se nas decis\u00f5es que tomamos, nos relacionamentos que temos, nas escolhas que fazemos, na forma como vivemos, afetando muitas \u00e1reas sejam elas sociais, culturais, econ\u00f3micas ou at\u00e9\" \/>\n<meta property=\"og:url\" content=\"https:\/\/aliancaevangelica.pt\/site\/os-microplasticos-isabel-cunha-soares\/\" \/>\n<meta property=\"og:site_name\" content=\"AEP\" \/>\n<meta property=\"article:publisher\" content=\"http:\/\/facebook.com\/aeportuguesa\" \/>\n<meta property=\"article:author\" content=\"aeportugal\" \/>\n<meta property=\"article:published_time\" content=\"2018-06-22T07:29:17+00:00\" \/>\n<meta property=\"og:image\" content=\"https:\/\/aliancaevangelica.pt\/site\/wp-content\/uploads\/2018\/06\/pl\u00e1sticos.jpg\" \/>\n\t<meta property=\"og:image:width\" content=\"960\" \/>\n\t<meta property=\"og:image:height\" content=\"720\" \/>\n\t<meta property=\"og:image:type\" content=\"image\/jpeg\" \/>\n<meta name=\"author\" content=\"AEP\" \/>\n<meta name=\"twitter:card\" content=\"summary_large_image\" \/>\n<meta name=\"twitter:label1\" content=\"Escrito por\" \/>\n\t<meta name=\"twitter:data1\" content=\"AEP\" \/>\n\t<meta name=\"twitter:label2\" content=\"Tempo estimado de leitura\" \/>\n\t<meta name=\"twitter:data2\" content=\"5 minutos\" \/>\n<script type=\"application\/ld+json\" class=\"yoast-schema-graph\">{\"@context\":\"https:\\\/\\\/schema.org\",\"@graph\":[{\"@type\":\"Article\",\"@id\":\"https:\\\/\\\/aliancaevangelica.pt\\\/site\\\/os-microplasticos-isabel-cunha-soares\\\/#article\",\"isPartOf\":{\"@id\":\"https:\\\/\\\/aliancaevangelica.pt\\\/site\\\/os-microplasticos-isabel-cunha-soares\\\/\"},\"author\":{\"name\":\"AEP\",\"@id\":\"https:\\\/\\\/aliancaevangelica.pt\\\/site\\\/#\\\/schema\\\/person\\\/3b47cfc7535eff1e820f31c2d67eafcf\"},\"headline\":\"Os Micropl\u00e1sticos &#8211; Isabel Cunha Soares\",\"datePublished\":\"2018-06-22T07:29:17+00:00\",\"mainEntityOfPage\":{\"@id\":\"https:\\\/\\\/aliancaevangelica.pt\\\/site\\\/os-microplasticos-isabel-cunha-soares\\\/\"},\"wordCount\":1098,\"commentCount\":0,\"publisher\":{\"@id\":\"https:\\\/\\\/aliancaevangelica.pt\\\/site\\\/#organization\"},\"image\":{\"@id\":\"https:\\\/\\\/aliancaevangelica.pt\\\/site\\\/os-microplasticos-isabel-cunha-soares\\\/#primaryimage\"},\"thumbnailUrl\":\"https:\\\/\\\/aliancaevangelica.pt\\\/site\\\/wp-content\\\/uploads\\\/2018\\\/06\\\/pl\u00e1sticos.jpg\",\"articleSection\":[\"1-Geral\",\"MULHERES, CASAIS E FAM\u00cdLIA\"],\"inLanguage\":\"pt-PT\",\"potentialAction\":[{\"@type\":\"CommentAction\",\"name\":\"Comment\",\"target\":[\"https:\\\/\\\/aliancaevangelica.pt\\\/site\\\/os-microplasticos-isabel-cunha-soares\\\/#respond\"]}]},{\"@type\":\"WebPage\",\"@id\":\"https:\\\/\\\/aliancaevangelica.pt\\\/site\\\/os-microplasticos-isabel-cunha-soares\\\/\",\"url\":\"https:\\\/\\\/aliancaevangelica.pt\\\/site\\\/os-microplasticos-isabel-cunha-soares\\\/\",\"name\":\"Os Micropl\u00e1sticos - Isabel Cunha Soares - AEP\",\"isPartOf\":{\"@id\":\"https:\\\/\\\/aliancaevangelica.pt\\\/site\\\/#website\"},\"primaryImageOfPage\":{\"@id\":\"https:\\\/\\\/aliancaevangelica.pt\\\/site\\\/os-microplasticos-isabel-cunha-soares\\\/#primaryimage\"},\"image\":{\"@id\":\"https:\\\/\\\/aliancaevangelica.pt\\\/site\\\/os-microplasticos-isabel-cunha-soares\\\/#primaryimage\"},\"thumbnailUrl\":\"https:\\\/\\\/aliancaevangelica.pt\\\/site\\\/wp-content\\\/uploads\\\/2018\\\/06\\\/pl\u00e1sticos.jpg\",\"datePublished\":\"2018-06-22T07:29:17+00:00\",\"breadcrumb\":{\"@id\":\"https:\\\/\\\/aliancaevangelica.pt\\\/site\\\/os-microplasticos-isabel-cunha-soares\\\/#breadcrumb\"},\"inLanguage\":\"pt-PT\",\"potentialAction\":[{\"@type\":\"ReadAction\",\"target\":[\"https:\\\/\\\/aliancaevangelica.pt\\\/site\\\/os-microplasticos-isabel-cunha-soares\\\/\"]}]},{\"@type\":\"ImageObject\",\"inLanguage\":\"pt-PT\",\"@id\":\"https:\\\/\\\/aliancaevangelica.pt\\\/site\\\/os-microplasticos-isabel-cunha-soares\\\/#primaryimage\",\"url\":\"https:\\\/\\\/aliancaevangelica.pt\\\/site\\\/wp-content\\\/uploads\\\/2018\\\/06\\\/pl\u00e1sticos.jpg\",\"contentUrl\":\"https:\\\/\\\/aliancaevangelica.pt\\\/site\\\/wp-content\\\/uploads\\\/2018\\\/06\\\/pl\u00e1sticos.jpg\",\"width\":960,\"height\":720},{\"@type\":\"BreadcrumbList\",\"@id\":\"https:\\\/\\\/aliancaevangelica.pt\\\/site\\\/os-microplasticos-isabel-cunha-soares\\\/#breadcrumb\",\"itemListElement\":[{\"@type\":\"ListItem\",\"position\":1,\"name\":\"In\u00edcio\",\"item\":\"https:\\\/\\\/aliancaevangelica.pt\\\/site\\\/\"},{\"@type\":\"ListItem\",\"position\":2,\"name\":\"Os Micropl\u00e1sticos &#8211; Isabel Cunha Soares\"}]},{\"@type\":\"WebSite\",\"@id\":\"https:\\\/\\\/aliancaevangelica.pt\\\/site\\\/#website\",\"url\":\"https:\\\/\\\/aliancaevangelica.pt\\\/site\\\/\",\"name\":\"Alian\u00e7a Evang\u00e9lica Portuguesa\",\"description\":\"Alian\u00e7a Evang\u00e9lica Portuguesa\",\"publisher\":{\"@id\":\"https:\\\/\\\/aliancaevangelica.pt\\\/site\\\/#organization\"},\"potentialAction\":[{\"@type\":\"SearchAction\",\"target\":{\"@type\":\"EntryPoint\",\"urlTemplate\":\"https:\\\/\\\/aliancaevangelica.pt\\\/site\\\/?s={search_term_string}\"},\"query-input\":{\"@type\":\"PropertyValueSpecification\",\"valueRequired\":true,\"valueName\":\"search_term_string\"}}],\"inLanguage\":\"pt-PT\"},{\"@type\":\"Organization\",\"@id\":\"https:\\\/\\\/aliancaevangelica.pt\\\/site\\\/#organization\",\"name\":\"Alian\u00e7a Evang\u00e9lica Portuguesa\",\"url\":\"https:\\\/\\\/aliancaevangelica.pt\\\/site\\\/\",\"logo\":{\"@type\":\"ImageObject\",\"inLanguage\":\"pt-PT\",\"@id\":\"https:\\\/\\\/aliancaevangelica.pt\\\/site\\\/#\\\/schema\\\/logo\\\/image\\\/\",\"url\":\"https:\\\/\\\/aliancaevangelica.pt\\\/site\\\/wp-content\\\/uploads\\\/2017\\\/11\\\/logo-AEP-cor.png\",\"contentUrl\":\"https:\\\/\\\/aliancaevangelica.pt\\\/site\\\/wp-content\\\/uploads\\\/2017\\\/11\\\/logo-AEP-cor.png\",\"width\":1156,\"height\":672,\"caption\":\"Alian\u00e7a Evang\u00e9lica Portuguesa\"},\"image\":{\"@id\":\"https:\\\/\\\/aliancaevangelica.pt\\\/site\\\/#\\\/schema\\\/logo\\\/image\\\/\"},\"sameAs\":[\"http:\\\/\\\/facebook.com\\\/aeportuguesa\",\"http:\\\/\\\/instagram.com\\\/aliancaep\",\"http:\\\/\\\/youtube.com\\\/aeportuguesa\"]},{\"@type\":\"Person\",\"@id\":\"https:\\\/\\\/aliancaevangelica.pt\\\/site\\\/#\\\/schema\\\/person\\\/3b47cfc7535eff1e820f31c2d67eafcf\",\"name\":\"AEP\",\"sameAs\":[\"aeportugal\"],\"url\":\"https:\\\/\\\/aliancaevangelica.pt\\\/site\\\/author\\\/aeportugal\\\/\"}]}<\/script>\n<!-- \/ Yoast SEO plugin. -->","yoast_head_json":{"title":"Os Micropl\u00e1sticos - Isabel Cunha Soares - AEP","robots":{"index":"index","follow":"follow","max-snippet":"max-snippet:-1","max-image-preview":"max-image-preview:large","max-video-preview":"max-video-preview:-1"},"canonical":"https:\/\/aliancaevangelica.pt\/site\/os-microplasticos-isabel-cunha-soares\/","og_locale":"pt_PT","og_type":"article","og_title":"Os Micropl\u00e1sticos - Isabel Cunha Soares - AEP","og_description":"Nas \u00faltimas d\u00e9cadas e sobretudo nas sociedades ocidentais, tem crescido em n\u00f3s uma mentalidade do descart\u00e1vel, levando-nos muitas vezes a crer que tudo \u00e9 substitu\u00edvel e dispens\u00e1vel. Isto reflete-se nas decis\u00f5es que tomamos, nos relacionamentos que temos, nas escolhas que fazemos, na forma como vivemos, afetando muitas \u00e1reas sejam elas sociais, culturais, econ\u00f3micas ou at\u00e9","og_url":"https:\/\/aliancaevangelica.pt\/site\/os-microplasticos-isabel-cunha-soares\/","og_site_name":"AEP","article_publisher":"http:\/\/facebook.com\/aeportuguesa","article_author":"aeportugal","article_published_time":"2018-06-22T07:29:17+00:00","og_image":[{"width":960,"height":720,"url":"https:\/\/aliancaevangelica.pt\/site\/wp-content\/uploads\/2018\/06\/pl\u00e1sticos.jpg","type":"image\/jpeg"}],"author":"AEP","twitter_card":"summary_large_image","twitter_misc":{"Escrito por":"AEP","Tempo estimado de leitura":"5 minutos"},"schema":{"@context":"https:\/\/schema.org","@graph":[{"@type":"Article","@id":"https:\/\/aliancaevangelica.pt\/site\/os-microplasticos-isabel-cunha-soares\/#article","isPartOf":{"@id":"https:\/\/aliancaevangelica.pt\/site\/os-microplasticos-isabel-cunha-soares\/"},"author":{"name":"AEP","@id":"https:\/\/aliancaevangelica.pt\/site\/#\/schema\/person\/3b47cfc7535eff1e820f31c2d67eafcf"},"headline":"Os Micropl\u00e1sticos &#8211; Isabel Cunha Soares","datePublished":"2018-06-22T07:29:17+00:00","mainEntityOfPage":{"@id":"https:\/\/aliancaevangelica.pt\/site\/os-microplasticos-isabel-cunha-soares\/"},"wordCount":1098,"commentCount":0,"publisher":{"@id":"https:\/\/aliancaevangelica.pt\/site\/#organization"},"image":{"@id":"https:\/\/aliancaevangelica.pt\/site\/os-microplasticos-isabel-cunha-soares\/#primaryimage"},"thumbnailUrl":"https:\/\/aliancaevangelica.pt\/site\/wp-content\/uploads\/2018\/06\/pl\u00e1sticos.jpg","articleSection":["1-Geral","MULHERES, CASAIS E FAM\u00cdLIA"],"inLanguage":"pt-PT","potentialAction":[{"@type":"CommentAction","name":"Comment","target":["https:\/\/aliancaevangelica.pt\/site\/os-microplasticos-isabel-cunha-soares\/#respond"]}]},{"@type":"WebPage","@id":"https:\/\/aliancaevangelica.pt\/site\/os-microplasticos-isabel-cunha-soares\/","url":"https:\/\/aliancaevangelica.pt\/site\/os-microplasticos-isabel-cunha-soares\/","name":"Os Micropl\u00e1sticos - Isabel Cunha Soares - AEP","isPartOf":{"@id":"https:\/\/aliancaevangelica.pt\/site\/#website"},"primaryImageOfPage":{"@id":"https:\/\/aliancaevangelica.pt\/site\/os-microplasticos-isabel-cunha-soares\/#primaryimage"},"image":{"@id":"https:\/\/aliancaevangelica.pt\/site\/os-microplasticos-isabel-cunha-soares\/#primaryimage"},"thumbnailUrl":"https:\/\/aliancaevangelica.pt\/site\/wp-content\/uploads\/2018\/06\/pl\u00e1sticos.jpg","datePublished":"2018-06-22T07:29:17+00:00","breadcrumb":{"@id":"https:\/\/aliancaevangelica.pt\/site\/os-microplasticos-isabel-cunha-soares\/#breadcrumb"},"inLanguage":"pt-PT","potentialAction":[{"@type":"ReadAction","target":["https:\/\/aliancaevangelica.pt\/site\/os-microplasticos-isabel-cunha-soares\/"]}]},{"@type":"ImageObject","inLanguage":"pt-PT","@id":"https:\/\/aliancaevangelica.pt\/site\/os-microplasticos-isabel-cunha-soares\/#primaryimage","url":"https:\/\/aliancaevangelica.pt\/site\/wp-content\/uploads\/2018\/06\/pl\u00e1sticos.jpg","contentUrl":"https:\/\/aliancaevangelica.pt\/site\/wp-content\/uploads\/2018\/06\/pl\u00e1sticos.jpg","width":960,"height":720},{"@type":"BreadcrumbList","@id":"https:\/\/aliancaevangelica.pt\/site\/os-microplasticos-isabel-cunha-soares\/#breadcrumb","itemListElement":[{"@type":"ListItem","position":1,"name":"In\u00edcio","item":"https:\/\/aliancaevangelica.pt\/site\/"},{"@type":"ListItem","position":2,"name":"Os Micropl\u00e1sticos &#8211; Isabel Cunha Soares"}]},{"@type":"WebSite","@id":"https:\/\/aliancaevangelica.pt\/site\/#website","url":"https:\/\/aliancaevangelica.pt\/site\/","name":"Alian\u00e7a Evang\u00e9lica Portuguesa","description":"Alian\u00e7a Evang\u00e9lica Portuguesa","publisher":{"@id":"https:\/\/aliancaevangelica.pt\/site\/#organization"},"potentialAction":[{"@type":"SearchAction","target":{"@type":"EntryPoint","urlTemplate":"https:\/\/aliancaevangelica.pt\/site\/?s={search_term_string}"},"query-input":{"@type":"PropertyValueSpecification","valueRequired":true,"valueName":"search_term_string"}}],"inLanguage":"pt-PT"},{"@type":"Organization","@id":"https:\/\/aliancaevangelica.pt\/site\/#organization","name":"Alian\u00e7a Evang\u00e9lica Portuguesa","url":"https:\/\/aliancaevangelica.pt\/site\/","logo":{"@type":"ImageObject","inLanguage":"pt-PT","@id":"https:\/\/aliancaevangelica.pt\/site\/#\/schema\/logo\/image\/","url":"https:\/\/aliancaevangelica.pt\/site\/wp-content\/uploads\/2017\/11\/logo-AEP-cor.png","contentUrl":"https:\/\/aliancaevangelica.pt\/site\/wp-content\/uploads\/2017\/11\/logo-AEP-cor.png","width":1156,"height":672,"caption":"Alian\u00e7a Evang\u00e9lica Portuguesa"},"image":{"@id":"https:\/\/aliancaevangelica.pt\/site\/#\/schema\/logo\/image\/"},"sameAs":["http:\/\/facebook.com\/aeportuguesa","http:\/\/instagram.com\/aliancaep","http:\/\/youtube.com\/aeportuguesa"]},{"@type":"Person","@id":"https:\/\/aliancaevangelica.pt\/site\/#\/schema\/person\/3b47cfc7535eff1e820f31c2d67eafcf","name":"AEP","sameAs":["aeportugal"],"url":"https:\/\/aliancaevangelica.pt\/site\/author\/aeportugal\/"}]}},"uagb_featured_image_src":{"full":["https:\/\/aliancaevangelica.pt\/site\/wp-content\/uploads\/2018\/06\/pl\u00e1sticos.jpg",960,720,false],"thumbnail":["https:\/\/aliancaevangelica.pt\/site\/wp-content\/uploads\/2018\/06\/pl\u00e1sticos-150x150.jpg",150,150,true],"medium":["https:\/\/aliancaevangelica.pt\/site\/wp-content\/uploads\/2018\/06\/pl\u00e1sticos-300x225.jpg",300,225,true],"medium_large":["https:\/\/aliancaevangelica.pt\/site\/wp-content\/uploads\/2018\/06\/pl\u00e1sticos-768x576.jpg",768,576,true],"large":["https:\/\/aliancaevangelica.pt\/site\/wp-content\/uploads\/2018\/06\/pl\u00e1sticos.jpg",960,720,false],"1536x1536":["https:\/\/aliancaevangelica.pt\/site\/wp-content\/uploads\/2018\/06\/pl\u00e1sticos.jpg",960,720,false],"2048x2048":["https:\/\/aliancaevangelica.pt\/site\/wp-content\/uploads\/2018\/06\/pl\u00e1sticos.jpg",960,720,false],"vp_sm":["https:\/\/aliancaevangelica.pt\/site\/wp-content\/uploads\/2018\/06\/pl\u00e1sticos.jpg",500,375,false],"vp_md":["https:\/\/aliancaevangelica.pt\/site\/wp-content\/uploads\/2018\/06\/pl\u00e1sticos.jpg",800,600,false],"vp_lg":["https:\/\/aliancaevangelica.pt\/site\/wp-content\/uploads\/2018\/06\/pl\u00e1sticos.jpg",960,720,false],"vp_xl":["https:\/\/aliancaevangelica.pt\/site\/wp-content\/uploads\/2018\/06\/pl\u00e1sticos.jpg",960,720,false],"vp_sm_popup":["https:\/\/aliancaevangelica.pt\/site\/wp-content\/uploads\/2018\/06\/pl\u00e1sticos.jpg",500,375,false],"vp_md_popup":["https:\/\/aliancaevangelica.pt\/site\/wp-content\/uploads\/2018\/06\/pl\u00e1sticos.jpg",800,600,false],"vp_xl_popup":["https:\/\/aliancaevangelica.pt\/site\/wp-content\/uploads\/2018\/06\/pl\u00e1sticos.jpg",960,720,false],"newsx-150x100":["https:\/\/aliancaevangelica.pt\/site\/wp-content\/uploads\/2018\/06\/pl\u00e1sticos.jpg",133,100,false],"newsx-330x220":["https:\/\/aliancaevangelica.pt\/site\/wp-content\/uploads\/2018\/06\/pl\u00e1sticos.jpg",293,220,false],"newsx-420x280":["https:\/\/aliancaevangelica.pt\/site\/wp-content\/uploads\/2018\/06\/pl\u00e1sticos.jpg",373,280,false],"newsx-510x340":["https:\/\/aliancaevangelica.pt\/site\/wp-content\/uploads\/2018\/06\/pl\u00e1sticos.jpg",453,340,false],"newsx-640x480":["https:\/\/aliancaevangelica.pt\/site\/wp-content\/uploads\/2018\/06\/pl\u00e1sticos.jpg",640,480,false],"newsx-670x370":["https:\/\/aliancaevangelica.pt\/site\/wp-content\/uploads\/2018\/06\/pl\u00e1sticos.jpg",493,370,false],"newsx-860x570":["https:\/\/aliancaevangelica.pt\/site\/wp-content\/uploads\/2018\/06\/pl\u00e1sticos.jpg",760,570,false],"newsx-1000x750":["https:\/\/aliancaevangelica.pt\/site\/wp-content\/uploads\/2018\/06\/pl\u00e1sticos.jpg",960,720,false],"newsx-1200x600":["https:\/\/aliancaevangelica.pt\/site\/wp-content\/uploads\/2018\/06\/pl\u00e1sticos.jpg",800,600,false]},"uagb_author_info":{"display_name":"AEP","author_link":"https:\/\/aliancaevangelica.pt\/site\/author\/aeportugal\/"},"uagb_comment_info":0,"uagb_excerpt":"Nas \u00faltimas d\u00e9cadas e sobretudo nas sociedades ocidentais, tem crescido em n\u00f3s uma mentalidade do descart\u00e1vel, levando-nos muitas vezes a crer que tudo \u00e9 substitu\u00edvel e dispens\u00e1vel. Isto reflete-se nas decis\u00f5es que tomamos, nos relacionamentos que temos, nas escolhas que fazemos, na forma como vivemos, afetando muitas \u00e1reas sejam elas sociais, culturais, econ\u00f3micas ou at\u00e9","_links":{"self":[{"href":"https:\/\/aliancaevangelica.pt\/site\/wp-json\/wp\/v2\/posts\/16218","targetHints":{"allow":["GET"]}}],"collection":[{"href":"https:\/\/aliancaevangelica.pt\/site\/wp-json\/wp\/v2\/posts"}],"about":[{"href":"https:\/\/aliancaevangelica.pt\/site\/wp-json\/wp\/v2\/types\/post"}],"author":[{"embeddable":true,"href":"https:\/\/aliancaevangelica.pt\/site\/wp-json\/wp\/v2\/users\/2"}],"replies":[{"embeddable":true,"href":"https:\/\/aliancaevangelica.pt\/site\/wp-json\/wp\/v2\/comments?post=16218"}],"version-history":[{"count":4,"href":"https:\/\/aliancaevangelica.pt\/site\/wp-json\/wp\/v2\/posts\/16218\/revisions"}],"predecessor-version":[{"id":16225,"href":"https:\/\/aliancaevangelica.pt\/site\/wp-json\/wp\/v2\/posts\/16218\/revisions\/16225"}],"wp:featuredmedia":[{"embeddable":true,"href":"https:\/\/aliancaevangelica.pt\/site\/wp-json\/wp\/v2\/media\/16219"}],"wp:attachment":[{"href":"https:\/\/aliancaevangelica.pt\/site\/wp-json\/wp\/v2\/media?parent=16218"}],"wp:term":[{"taxonomy":"category","embeddable":true,"href":"https:\/\/aliancaevangelica.pt\/site\/wp-json\/wp\/v2\/categories?post=16218"},{"taxonomy":"post_tag","embeddable":true,"href":"https:\/\/aliancaevangelica.pt\/site\/wp-json\/wp\/v2\/tags?post=16218"}],"curies":[{"name":"wp","href":"https:\/\/api.w.org\/{rel}","templated":true}]}}