{"id":16156,"date":"2018-06-08T13:30:03","date_gmt":"2018-06-08T13:30:03","guid":{"rendered":"https:\/\/aliancaevangelica.pt\/site\/?p=16156"},"modified":"2026-03-02T18:31:46","modified_gmt":"2026-03-02T18:31:46","slug":"o-que-veem-os-seus-olhos-bertina-tome","status":"publish","type":"post","link":"https:\/\/aliancaevangelica.pt\/site\/o-que-veem-os-seus-olhos-bertina-tome\/","title":{"rendered":"O que Veem os Seus Olhos? &#8211; Bertina Tom\u00e9"},"content":{"rendered":"<p>Amigas<\/p>\n<p>Este espa\u00e7o dedicado a mulheres, completa agora seis meses. Ainda est\u00e1 a dar os primeiros passos, mas j\u00e1 \u00e9 uma refer\u00eancia para muitas, que aqui encontram conforto, ensino, inspira\u00e7\u00e3o. E sentimos imensa gratid\u00e3o a Deus por isso. Eis alguns dos coment\u00e1rios que temos recebido:<\/p>\n<p>&#8220;As publica\u00e7\u00f5es na AEP no espa\u00e7o Mulheres, t\u00eam sido para mim uma b\u00ean\u00e7\u00e3o.&#8221;<\/p>\n<p>&#8220;Sinto-me muito grata, aben\u00e7oada pelos bons artigos, sempre elucidativos, no espa\u00e7o Mulheres, da Alian\u00e7a Evang\u00e9lica.&#8221;<\/p>\n<p>&#8220;PARAB\u00c9NS com as maiores b\u00ean\u00e7\u00e3os do Pai, para este novo espa\u00e7o dedicado a MULHERES! Muito bem concebido, em diversas vertentes excepcionais&#8230; Precis\u00e1vamos mesmo de um cantinho s\u00f3 para n\u00f3s, mulheres! Ficarei atenta cada 15 dias&#8230;&#8221;<\/p>\n<p>Mulheres que se t\u00eam sentido revigoradas pelo que l\u00eaem aqui&#8230;<\/p>\n<p>Ver e ler<\/p>\n<p>Na verdade, aquilo que vemos e lemos tem um papel relevante na nossa vida. Pode promover em n\u00f3s reflex\u00e3o, despertar-nos, levar-nos a outros patamares de conhecimento e, sobretudo, de proximidade com Deus. Ou n\u00e3o, se n\u00e3o passar de um amontoado de &#8220;novidades&#8221;, de veracidade quantas vezes duvidosa, e que, embora coloridas como missangas, n\u00e3o s\u00e3o p\u00e3o. Ou se se tratar do &#8220;conselho do \u00edmpios&#8221; (Salmo 1:1), nunca por a\u00ed nos alimentaremos. Ciente disso, o salmista tomou uma decis\u00e3o: &#8220;N\u00e3o porei coisa m\u00e1 diante dos meus olhos&#8230;&#8221; (Salmo 101:3) e, mais \u00e0 frente, acrescentou &#8220;Os meus olhos estar\u00e3o sobre os fi\u00e9is da terra, para que se assentem comigo;&#8221; (Salmos 101:6)<\/p>\n<p>Pois bem, procurando ser fi\u00e9is a Deus, tamb\u00e9m trazemos este espa\u00e7o a cada mulher, crist\u00e3 evang\u00e9lica ou n\u00e3o, para que venha at\u00e9 aqui e se &#8220;assente connosco&#8221;. E j\u00e1 somos uma multid\u00e3o, onde, com certeza, h\u00e1 tamb\u00e9m muitos homens, e s\u00e3o bem-vindos!<\/p>\n<p>A hist\u00f3ria de Hagar<\/p>\n<p>Voltando \u00e0 quest\u00e3o daquilo que vemos e lemos, num programa televisivo muito apreciado em Portugal, dedicado a entrevistas a figuras p\u00fablicas, havia uma pergunta sempre presente: &#8220;O que \u00e9 que dizem os seus olhos?&#8221; Hoje, proponho-lhe uma outra pergunta: &#8220;O que \u00e9 que veem os seus olhos?&#8221;<\/p>\n<p>Lembro-me de uma mulher cuja perspectiva sobre a sua vida mudou totalmente quando ela viu! Viu o qu\u00ea?<\/p>\n<p>Numa zona des\u00e9rtica, caminhava errante com o seu filho. S\u00f3 se tinham um ao outro. A vida dera umas quantas voltas, talvez estranhas e at\u00e9 distantes dos seus sonhos de menina. E hoje dava por si como m\u00e3e sozinha, a procurar construir um novo projecto de vida para ambos. Onde, como, com a ajuda de quem? Ainda n\u00e3o sabia&#8230;<\/p>\n<p>As poss\u00edveis rumina\u00e7\u00f5es sobre o futuro tinham-se desvanecido agora, sob o peso de uma quest\u00e3o imediata, de sobreviv\u00eancia: acabara-se a \u00e1gua no odre! N\u00e3o havia como matar a sede e ela n\u00e3o sabia o que fazer, num lugar \u00e1rido, onde nada parecia existir&#8230; Os seus passos sobre o terreno arenoso tornam-se mais lentos e, finalmente, p\u00e1ra. Em desespero, deita o filho sob a sombra de umas \u00e1rvores e, l\u00e1 mais adiante, senta-se a chorar. Acredita que o seu filho ir\u00e1 falecer ali. Uma ang\u00fastia indescrit\u00edvel at\u00e9 que&#8230; Ela v\u00ea! E o seu \u00e2nimo ressurge. Ah, est\u00e1 ali um po\u00e7o de \u00e1gua!<\/p>\n<p>Curiosamente, ela v\u00ea porque &#8220;abriu-lhe Deus os olhos&#8221;(G\u00e9nesis 21:19) E ela corre a encher de \u00e1gua o seu odre e ambos se refrescam e veem as for\u00e7as renovadas. E o relato b\u00edblico deixa-nos espreitar os anos seguintes, revelando-nos que: &#8220;Era Deus com o menino, que cresceu; e habitou no deserto, e foi flecheiro.&#8221; (G\u00e9nesis 21:20)<\/p>\n<p>Uma ora\u00e7\u00e3o<\/p>\n<p>Seja qual for o cen\u00e1rio de vida que cada uma de n\u00f3s tenha hoje diante de si, a minha ora\u00e7\u00e3o \u00e9 para que Deus abra os nossos olhos. Que Ele nos fa\u00e7a ver as fontes de \u00e1gua que tem preparado para n\u00f3s, para al\u00e9m da areia seca, dos arbustos espinhosos do deserto, do calor&#8230; Que cada uma de n\u00f3s possa correr a refrescar-se Nele, e a\u00ed ver-se reabastecida de alento e confian\u00e7a.<\/p>\n<p>Por onde come\u00e7ar? Abra a sua B\u00edblia, leia no Salmo 119:18 e descubra a\u00ed uma ora\u00e7\u00e3o que vem ao encontro do nosso tema de hoje. Esse pode ser um ponto de partida para uma boa conversa com Deus.<\/p>\n<p>Um grande abra\u00e7o para si e at\u00e9 daqui a 15 dias!<\/p>\n<p>[movedo_single_image image=&#8221;15246&#8243; animation=&#8221;grve-zoom-in&#8221;]Bertina Coias Tom\u00e9<br \/>\nPsic\u00f3loga, Especialista em Psicologia Cl\u00ednica e da Sa\u00fade e Psicologia Comunit\u00e1ria<br \/>\nMembro da Direc\u00e7\u00e3o da Alian\u00e7a Evang\u00e9lica Portuguesa<\/p>\n","protected":false},"excerpt":{"rendered":"<p>Amigas Este espa\u00e7o dedicado a mulheres, completa agora seis meses. Ainda est\u00e1 a dar os primeiros passos, mas j\u00e1 \u00e9 uma refer\u00eancia para muitas, que aqui encontram conforto, ensino, inspira\u00e7\u00e3o. E sentimos imensa gratid\u00e3o a Deus por isso. Eis alguns dos coment\u00e1rios que temos recebido: &#8220;As publica\u00e7\u00f5es na AEP no espa\u00e7o Mulheres, t\u00eam sido para<\/p>\n","protected":false},"author":2,"featured_media":16157,"comment_status":"open","ping_status":"open","sticky":false,"template":"","format":"standard","meta":{"_uag_custom_page_level_css":"","_themeisle_gutenberg_block_has_review":false,"_vp_format_video_url":"","_vp_image_focal_point":[],"footnotes":""},"categories":[45],"tags":[181],"class_list":["post-16156","post","type-post","status-publish","format-standard","has-post-thumbnail","hentry","category-geral","tag-1-geral"],"yoast_head":"<!-- This site is optimized with the Yoast SEO plugin v27.5 - https:\/\/yoast.com\/product\/yoast-seo-wordpress\/ -->\n<title>O que Veem os Seus Olhos? - Bertina Tom\u00e9 - AEP<\/title>\n<meta name=\"robots\" content=\"index, follow, max-snippet:-1, max-image-preview:large, max-video-preview:-1\" \/>\n<link rel=\"canonical\" href=\"https:\/\/aliancaevangelica.pt\/site\/o-que-veem-os-seus-olhos-bertina-tome\/\" \/>\n<meta property=\"og:locale\" content=\"pt_PT\" \/>\n<meta property=\"og:type\" content=\"article\" \/>\n<meta property=\"og:title\" content=\"O que Veem os Seus Olhos? - Bertina Tom\u00e9 - AEP\" \/>\n<meta property=\"og:description\" content=\"Amigas Este espa\u00e7o dedicado a mulheres, completa agora seis meses. Ainda est\u00e1 a dar os primeiros passos, mas j\u00e1 \u00e9 uma refer\u00eancia para muitas, que aqui encontram conforto, ensino, inspira\u00e7\u00e3o. E sentimos imensa gratid\u00e3o a Deus por isso. Eis alguns dos coment\u00e1rios que temos recebido: &#8220;As publica\u00e7\u00f5es na AEP no espa\u00e7o Mulheres, t\u00eam sido para\" \/>\n<meta property=\"og:url\" content=\"https:\/\/aliancaevangelica.pt\/site\/o-que-veem-os-seus-olhos-bertina-tome\/\" \/>\n<meta property=\"og:site_name\" content=\"AEP\" \/>\n<meta property=\"article:publisher\" content=\"http:\/\/facebook.com\/aeportuguesa\" \/>\n<meta property=\"article:author\" content=\"aeportugal\" \/>\n<meta property=\"article:published_time\" content=\"2018-06-08T13:30:03+00:00\" \/>\n<meta property=\"article:modified_time\" content=\"2026-03-02T18:31:46+00:00\" \/>\n<meta property=\"og:image\" content=\"https:\/\/aliancaevangelica.pt\/site\/wp-content\/uploads\/2018\/06\/o-que-e-que-veem-os-seus-olhos.jpg\" \/>\n\t<meta property=\"og:image:width\" content=\"960\" \/>\n\t<meta property=\"og:image:height\" content=\"640\" \/>\n\t<meta property=\"og:image:type\" content=\"image\/jpeg\" \/>\n<meta name=\"author\" content=\"AEP\" \/>\n<meta name=\"twitter:card\" content=\"summary_large_image\" \/>\n<meta name=\"twitter:label1\" content=\"Escrito por\" \/>\n\t<meta name=\"twitter:data1\" content=\"AEP\" \/>\n\t<meta name=\"twitter:label2\" content=\"Tempo estimado de leitura\" \/>\n\t<meta name=\"twitter:data2\" content=\"4 minutos\" \/>\n<script type=\"application\/ld+json\" class=\"yoast-schema-graph\">{\"@context\":\"https:\\\/\\\/schema.org\",\"@graph\":[{\"@type\":\"Article\",\"@id\":\"https:\\\/\\\/aliancaevangelica.pt\\\/site\\\/o-que-veem-os-seus-olhos-bertina-tome\\\/#article\",\"isPartOf\":{\"@id\":\"https:\\\/\\\/aliancaevangelica.pt\\\/site\\\/o-que-veem-os-seus-olhos-bertina-tome\\\/\"},\"author\":{\"name\":\"AEP\",\"@id\":\"https:\\\/\\\/aliancaevangelica.pt\\\/site\\\/#\\\/schema\\\/person\\\/3b47cfc7535eff1e820f31c2d67eafcf\"},\"headline\":\"O que Veem os Seus Olhos? &#8211; Bertina Tom\u00e9\",\"datePublished\":\"2018-06-08T13:30:03+00:00\",\"dateModified\":\"2026-03-02T18:31:46+00:00\",\"mainEntityOfPage\":{\"@id\":\"https:\\\/\\\/aliancaevangelica.pt\\\/site\\\/o-que-veem-os-seus-olhos-bertina-tome\\\/\"},\"wordCount\":783,\"commentCount\":0,\"publisher\":{\"@id\":\"https:\\\/\\\/aliancaevangelica.pt\\\/site\\\/#organization\"},\"image\":{\"@id\":\"https:\\\/\\\/aliancaevangelica.pt\\\/site\\\/o-que-veem-os-seus-olhos-bertina-tome\\\/#primaryimage\"},\"thumbnailUrl\":\"https:\\\/\\\/aliancaevangelica.pt\\\/site\\\/wp-content\\\/uploads\\\/2018\\\/06\\\/o-que-e-que-veem-os-seus-olhos.jpg\",\"keywords\":[\"1-Geral\"],\"articleSection\":[\"GERAL\"],\"inLanguage\":\"pt-PT\",\"potentialAction\":[{\"@type\":\"CommentAction\",\"name\":\"Comment\",\"target\":[\"https:\\\/\\\/aliancaevangelica.pt\\\/site\\\/o-que-veem-os-seus-olhos-bertina-tome\\\/#respond\"]}]},{\"@type\":\"WebPage\",\"@id\":\"https:\\\/\\\/aliancaevangelica.pt\\\/site\\\/o-que-veem-os-seus-olhos-bertina-tome\\\/\",\"url\":\"https:\\\/\\\/aliancaevangelica.pt\\\/site\\\/o-que-veem-os-seus-olhos-bertina-tome\\\/\",\"name\":\"O que Veem os Seus Olhos? - Bertina Tom\u00e9 - AEP\",\"isPartOf\":{\"@id\":\"https:\\\/\\\/aliancaevangelica.pt\\\/site\\\/#website\"},\"primaryImageOfPage\":{\"@id\":\"https:\\\/\\\/aliancaevangelica.pt\\\/site\\\/o-que-veem-os-seus-olhos-bertina-tome\\\/#primaryimage\"},\"image\":{\"@id\":\"https:\\\/\\\/aliancaevangelica.pt\\\/site\\\/o-que-veem-os-seus-olhos-bertina-tome\\\/#primaryimage\"},\"thumbnailUrl\":\"https:\\\/\\\/aliancaevangelica.pt\\\/site\\\/wp-content\\\/uploads\\\/2018\\\/06\\\/o-que-e-que-veem-os-seus-olhos.jpg\",\"datePublished\":\"2018-06-08T13:30:03+00:00\",\"dateModified\":\"2026-03-02T18:31:46+00:00\",\"breadcrumb\":{\"@id\":\"https:\\\/\\\/aliancaevangelica.pt\\\/site\\\/o-que-veem-os-seus-olhos-bertina-tome\\\/#breadcrumb\"},\"inLanguage\":\"pt-PT\",\"potentialAction\":[{\"@type\":\"ReadAction\",\"target\":[\"https:\\\/\\\/aliancaevangelica.pt\\\/site\\\/o-que-veem-os-seus-olhos-bertina-tome\\\/\"]}]},{\"@type\":\"ImageObject\",\"inLanguage\":\"pt-PT\",\"@id\":\"https:\\\/\\\/aliancaevangelica.pt\\\/site\\\/o-que-veem-os-seus-olhos-bertina-tome\\\/#primaryimage\",\"url\":\"https:\\\/\\\/aliancaevangelica.pt\\\/site\\\/wp-content\\\/uploads\\\/2018\\\/06\\\/o-que-e-que-veem-os-seus-olhos.jpg\",\"contentUrl\":\"https:\\\/\\\/aliancaevangelica.pt\\\/site\\\/wp-content\\\/uploads\\\/2018\\\/06\\\/o-que-e-que-veem-os-seus-olhos.jpg\",\"width\":960,\"height\":640},{\"@type\":\"BreadcrumbList\",\"@id\":\"https:\\\/\\\/aliancaevangelica.pt\\\/site\\\/o-que-veem-os-seus-olhos-bertina-tome\\\/#breadcrumb\",\"itemListElement\":[{\"@type\":\"ListItem\",\"position\":1,\"name\":\"In\u00edcio\",\"item\":\"https:\\\/\\\/aliancaevangelica.pt\\\/site\\\/\"},{\"@type\":\"ListItem\",\"position\":2,\"name\":\"O que Veem os Seus Olhos? &#8211; Bertina Tom\u00e9\"}]},{\"@type\":\"WebSite\",\"@id\":\"https:\\\/\\\/aliancaevangelica.pt\\\/site\\\/#website\",\"url\":\"https:\\\/\\\/aliancaevangelica.pt\\\/site\\\/\",\"name\":\"Alian\u00e7a Evang\u00e9lica Portuguesa\",\"description\":\"Alian\u00e7a Evang\u00e9lica Portuguesa\",\"publisher\":{\"@id\":\"https:\\\/\\\/aliancaevangelica.pt\\\/site\\\/#organization\"},\"potentialAction\":[{\"@type\":\"SearchAction\",\"target\":{\"@type\":\"EntryPoint\",\"urlTemplate\":\"https:\\\/\\\/aliancaevangelica.pt\\\/site\\\/?s={search_term_string}\"},\"query-input\":{\"@type\":\"PropertyValueSpecification\",\"valueRequired\":true,\"valueName\":\"search_term_string\"}}],\"inLanguage\":\"pt-PT\"},{\"@type\":\"Organization\",\"@id\":\"https:\\\/\\\/aliancaevangelica.pt\\\/site\\\/#organization\",\"name\":\"Alian\u00e7a Evang\u00e9lica Portuguesa\",\"url\":\"https:\\\/\\\/aliancaevangelica.pt\\\/site\\\/\",\"logo\":{\"@type\":\"ImageObject\",\"inLanguage\":\"pt-PT\",\"@id\":\"https:\\\/\\\/aliancaevangelica.pt\\\/site\\\/#\\\/schema\\\/logo\\\/image\\\/\",\"url\":\"https:\\\/\\\/aliancaevangelica.pt\\\/site\\\/wp-content\\\/uploads\\\/2017\\\/11\\\/logo-AEP-cor.png\",\"contentUrl\":\"https:\\\/\\\/aliancaevangelica.pt\\\/site\\\/wp-content\\\/uploads\\\/2017\\\/11\\\/logo-AEP-cor.png\",\"width\":1156,\"height\":672,\"caption\":\"Alian\u00e7a Evang\u00e9lica Portuguesa\"},\"image\":{\"@id\":\"https:\\\/\\\/aliancaevangelica.pt\\\/site\\\/#\\\/schema\\\/logo\\\/image\\\/\"},\"sameAs\":[\"http:\\\/\\\/facebook.com\\\/aeportuguesa\",\"http:\\\/\\\/instagram.com\\\/aliancaep\",\"http:\\\/\\\/youtube.com\\\/aeportuguesa\"]},{\"@type\":\"Person\",\"@id\":\"https:\\\/\\\/aliancaevangelica.pt\\\/site\\\/#\\\/schema\\\/person\\\/3b47cfc7535eff1e820f31c2d67eafcf\",\"name\":\"AEP\",\"sameAs\":[\"aeportugal\"],\"url\":\"https:\\\/\\\/aliancaevangelica.pt\\\/site\\\/author\\\/aeportugal\\\/\"}]}<\/script>\n<!-- \/ Yoast SEO plugin. -->","yoast_head_json":{"title":"O que Veem os Seus Olhos? - Bertina Tom\u00e9 - AEP","robots":{"index":"index","follow":"follow","max-snippet":"max-snippet:-1","max-image-preview":"max-image-preview:large","max-video-preview":"max-video-preview:-1"},"canonical":"https:\/\/aliancaevangelica.pt\/site\/o-que-veem-os-seus-olhos-bertina-tome\/","og_locale":"pt_PT","og_type":"article","og_title":"O que Veem os Seus Olhos? - Bertina Tom\u00e9 - AEP","og_description":"Amigas Este espa\u00e7o dedicado a mulheres, completa agora seis meses. Ainda est\u00e1 a dar os primeiros passos, mas j\u00e1 \u00e9 uma refer\u00eancia para muitas, que aqui encontram conforto, ensino, inspira\u00e7\u00e3o. E sentimos imensa gratid\u00e3o a Deus por isso. Eis alguns dos coment\u00e1rios que temos recebido: &#8220;As publica\u00e7\u00f5es na AEP no espa\u00e7o Mulheres, t\u00eam sido para","og_url":"https:\/\/aliancaevangelica.pt\/site\/o-que-veem-os-seus-olhos-bertina-tome\/","og_site_name":"AEP","article_publisher":"http:\/\/facebook.com\/aeportuguesa","article_author":"aeportugal","article_published_time":"2018-06-08T13:30:03+00:00","article_modified_time":"2026-03-02T18:31:46+00:00","og_image":[{"width":960,"height":640,"url":"https:\/\/aliancaevangelica.pt\/site\/wp-content\/uploads\/2018\/06\/o-que-e-que-veem-os-seus-olhos.jpg","type":"image\/jpeg"}],"author":"AEP","twitter_card":"summary_large_image","twitter_misc":{"Escrito por":"AEP","Tempo estimado de leitura":"4 minutos"},"schema":{"@context":"https:\/\/schema.org","@graph":[{"@type":"Article","@id":"https:\/\/aliancaevangelica.pt\/site\/o-que-veem-os-seus-olhos-bertina-tome\/#article","isPartOf":{"@id":"https:\/\/aliancaevangelica.pt\/site\/o-que-veem-os-seus-olhos-bertina-tome\/"},"author":{"name":"AEP","@id":"https:\/\/aliancaevangelica.pt\/site\/#\/schema\/person\/3b47cfc7535eff1e820f31c2d67eafcf"},"headline":"O que Veem os Seus Olhos? &#8211; Bertina Tom\u00e9","datePublished":"2018-06-08T13:30:03+00:00","dateModified":"2026-03-02T18:31:46+00:00","mainEntityOfPage":{"@id":"https:\/\/aliancaevangelica.pt\/site\/o-que-veem-os-seus-olhos-bertina-tome\/"},"wordCount":783,"commentCount":0,"publisher":{"@id":"https:\/\/aliancaevangelica.pt\/site\/#organization"},"image":{"@id":"https:\/\/aliancaevangelica.pt\/site\/o-que-veem-os-seus-olhos-bertina-tome\/#primaryimage"},"thumbnailUrl":"https:\/\/aliancaevangelica.pt\/site\/wp-content\/uploads\/2018\/06\/o-que-e-que-veem-os-seus-olhos.jpg","keywords":["1-Geral"],"articleSection":["GERAL"],"inLanguage":"pt-PT","potentialAction":[{"@type":"CommentAction","name":"Comment","target":["https:\/\/aliancaevangelica.pt\/site\/o-que-veem-os-seus-olhos-bertina-tome\/#respond"]}]},{"@type":"WebPage","@id":"https:\/\/aliancaevangelica.pt\/site\/o-que-veem-os-seus-olhos-bertina-tome\/","url":"https:\/\/aliancaevangelica.pt\/site\/o-que-veem-os-seus-olhos-bertina-tome\/","name":"O que Veem os Seus Olhos? - Bertina Tom\u00e9 - AEP","isPartOf":{"@id":"https:\/\/aliancaevangelica.pt\/site\/#website"},"primaryImageOfPage":{"@id":"https:\/\/aliancaevangelica.pt\/site\/o-que-veem-os-seus-olhos-bertina-tome\/#primaryimage"},"image":{"@id":"https:\/\/aliancaevangelica.pt\/site\/o-que-veem-os-seus-olhos-bertina-tome\/#primaryimage"},"thumbnailUrl":"https:\/\/aliancaevangelica.pt\/site\/wp-content\/uploads\/2018\/06\/o-que-e-que-veem-os-seus-olhos.jpg","datePublished":"2018-06-08T13:30:03+00:00","dateModified":"2026-03-02T18:31:46+00:00","breadcrumb":{"@id":"https:\/\/aliancaevangelica.pt\/site\/o-que-veem-os-seus-olhos-bertina-tome\/#breadcrumb"},"inLanguage":"pt-PT","potentialAction":[{"@type":"ReadAction","target":["https:\/\/aliancaevangelica.pt\/site\/o-que-veem-os-seus-olhos-bertina-tome\/"]}]},{"@type":"ImageObject","inLanguage":"pt-PT","@id":"https:\/\/aliancaevangelica.pt\/site\/o-que-veem-os-seus-olhos-bertina-tome\/#primaryimage","url":"https:\/\/aliancaevangelica.pt\/site\/wp-content\/uploads\/2018\/06\/o-que-e-que-veem-os-seus-olhos.jpg","contentUrl":"https:\/\/aliancaevangelica.pt\/site\/wp-content\/uploads\/2018\/06\/o-que-e-que-veem-os-seus-olhos.jpg","width":960,"height":640},{"@type":"BreadcrumbList","@id":"https:\/\/aliancaevangelica.pt\/site\/o-que-veem-os-seus-olhos-bertina-tome\/#breadcrumb","itemListElement":[{"@type":"ListItem","position":1,"name":"In\u00edcio","item":"https:\/\/aliancaevangelica.pt\/site\/"},{"@type":"ListItem","position":2,"name":"O que Veem os Seus Olhos? &#8211; Bertina Tom\u00e9"}]},{"@type":"WebSite","@id":"https:\/\/aliancaevangelica.pt\/site\/#website","url":"https:\/\/aliancaevangelica.pt\/site\/","name":"Alian\u00e7a Evang\u00e9lica Portuguesa","description":"Alian\u00e7a Evang\u00e9lica Portuguesa","publisher":{"@id":"https:\/\/aliancaevangelica.pt\/site\/#organization"},"potentialAction":[{"@type":"SearchAction","target":{"@type":"EntryPoint","urlTemplate":"https:\/\/aliancaevangelica.pt\/site\/?s={search_term_string}"},"query-input":{"@type":"PropertyValueSpecification","valueRequired":true,"valueName":"search_term_string"}}],"inLanguage":"pt-PT"},{"@type":"Organization","@id":"https:\/\/aliancaevangelica.pt\/site\/#organization","name":"Alian\u00e7a Evang\u00e9lica Portuguesa","url":"https:\/\/aliancaevangelica.pt\/site\/","logo":{"@type":"ImageObject","inLanguage":"pt-PT","@id":"https:\/\/aliancaevangelica.pt\/site\/#\/schema\/logo\/image\/","url":"https:\/\/aliancaevangelica.pt\/site\/wp-content\/uploads\/2017\/11\/logo-AEP-cor.png","contentUrl":"https:\/\/aliancaevangelica.pt\/site\/wp-content\/uploads\/2017\/11\/logo-AEP-cor.png","width":1156,"height":672,"caption":"Alian\u00e7a Evang\u00e9lica Portuguesa"},"image":{"@id":"https:\/\/aliancaevangelica.pt\/site\/#\/schema\/logo\/image\/"},"sameAs":["http:\/\/facebook.com\/aeportuguesa","http:\/\/instagram.com\/aliancaep","http:\/\/youtube.com\/aeportuguesa"]},{"@type":"Person","@id":"https:\/\/aliancaevangelica.pt\/site\/#\/schema\/person\/3b47cfc7535eff1e820f31c2d67eafcf","name":"AEP","sameAs":["aeportugal"],"url":"https:\/\/aliancaevangelica.pt\/site\/author\/aeportugal\/"}]}},"uagb_featured_image_src":{"full":["https:\/\/aliancaevangelica.pt\/site\/wp-content\/uploads\/2018\/06\/o-que-e-que-veem-os-seus-olhos.jpg",960,640,false],"thumbnail":["https:\/\/aliancaevangelica.pt\/site\/wp-content\/uploads\/2018\/06\/o-que-e-que-veem-os-seus-olhos-150x150.jpg",150,150,true],"medium":["https:\/\/aliancaevangelica.pt\/site\/wp-content\/uploads\/2018\/06\/o-que-e-que-veem-os-seus-olhos-300x200.jpg",300,200,true],"medium_large":["https:\/\/aliancaevangelica.pt\/site\/wp-content\/uploads\/2018\/06\/o-que-e-que-veem-os-seus-olhos-768x512.jpg",768,512,true],"large":["https:\/\/aliancaevangelica.pt\/site\/wp-content\/uploads\/2018\/06\/o-que-e-que-veem-os-seus-olhos.jpg",960,640,false],"1536x1536":["https:\/\/aliancaevangelica.pt\/site\/wp-content\/uploads\/2018\/06\/o-que-e-que-veem-os-seus-olhos.jpg",960,640,false],"2048x2048":["https:\/\/aliancaevangelica.pt\/site\/wp-content\/uploads\/2018\/06\/o-que-e-que-veem-os-seus-olhos.jpg",960,640,false],"vp_sm":["https:\/\/aliancaevangelica.pt\/site\/wp-content\/uploads\/2018\/06\/o-que-e-que-veem-os-seus-olhos.jpg",500,333,false],"vp_md":["https:\/\/aliancaevangelica.pt\/site\/wp-content\/uploads\/2018\/06\/o-que-e-que-veem-os-seus-olhos.jpg",800,533,false],"vp_lg":["https:\/\/aliancaevangelica.pt\/site\/wp-content\/uploads\/2018\/06\/o-que-e-que-veem-os-seus-olhos.jpg",960,640,false],"vp_xl":["https:\/\/aliancaevangelica.pt\/site\/wp-content\/uploads\/2018\/06\/o-que-e-que-veem-os-seus-olhos.jpg",960,640,false],"vp_sm_popup":["https:\/\/aliancaevangelica.pt\/site\/wp-content\/uploads\/2018\/06\/o-que-e-que-veem-os-seus-olhos.jpg",500,333,false],"vp_md_popup":["https:\/\/aliancaevangelica.pt\/site\/wp-content\/uploads\/2018\/06\/o-que-e-que-veem-os-seus-olhos.jpg",800,533,false],"vp_xl_popup":["https:\/\/aliancaevangelica.pt\/site\/wp-content\/uploads\/2018\/06\/o-que-e-que-veem-os-seus-olhos.jpg",960,640,false],"newsx-150x100":["https:\/\/aliancaevangelica.pt\/site\/wp-content\/uploads\/2018\/06\/o-que-e-que-veem-os-seus-olhos.jpg",150,100,false],"newsx-330x220":["https:\/\/aliancaevangelica.pt\/site\/wp-content\/uploads\/2018\/06\/o-que-e-que-veem-os-seus-olhos.jpg",330,220,false],"newsx-420x280":["https:\/\/aliancaevangelica.pt\/site\/wp-content\/uploads\/2018\/06\/o-que-e-que-veem-os-seus-olhos.jpg",420,280,false],"newsx-510x340":["https:\/\/aliancaevangelica.pt\/site\/wp-content\/uploads\/2018\/06\/o-que-e-que-veem-os-seus-olhos.jpg",510,340,false],"newsx-640x480":["https:\/\/aliancaevangelica.pt\/site\/wp-content\/uploads\/2018\/06\/o-que-e-que-veem-os-seus-olhos.jpg",640,427,false],"newsx-670x370":["https:\/\/aliancaevangelica.pt\/site\/wp-content\/uploads\/2018\/06\/o-que-e-que-veem-os-seus-olhos.jpg",555,370,false],"newsx-860x570":["https:\/\/aliancaevangelica.pt\/site\/wp-content\/uploads\/2018\/06\/o-que-e-que-veem-os-seus-olhos.jpg",855,570,false],"newsx-1000x750":["https:\/\/aliancaevangelica.pt\/site\/wp-content\/uploads\/2018\/06\/o-que-e-que-veem-os-seus-olhos.jpg",960,640,false],"newsx-1200x600":["https:\/\/aliancaevangelica.pt\/site\/wp-content\/uploads\/2018\/06\/o-que-e-que-veem-os-seus-olhos.jpg",900,600,false]},"uagb_author_info":{"display_name":"AEP","author_link":"https:\/\/aliancaevangelica.pt\/site\/author\/aeportugal\/"},"uagb_comment_info":0,"uagb_excerpt":"Amigas Este espa\u00e7o dedicado a mulheres, completa agora seis meses. Ainda est\u00e1 a dar os primeiros passos, mas j\u00e1 \u00e9 uma refer\u00eancia para muitas, que aqui encontram conforto, ensino, inspira\u00e7\u00e3o. E sentimos imensa gratid\u00e3o a Deus por isso. Eis alguns dos coment\u00e1rios que temos recebido: &#8220;As publica\u00e7\u00f5es na AEP no espa\u00e7o Mulheres, t\u00eam sido para","_links":{"self":[{"href":"https:\/\/aliancaevangelica.pt\/site\/wp-json\/wp\/v2\/posts\/16156","targetHints":{"allow":["GET"]}}],"collection":[{"href":"https:\/\/aliancaevangelica.pt\/site\/wp-json\/wp\/v2\/posts"}],"about":[{"href":"https:\/\/aliancaevangelica.pt\/site\/wp-json\/wp\/v2\/types\/post"}],"author":[{"embeddable":true,"href":"https:\/\/aliancaevangelica.pt\/site\/wp-json\/wp\/v2\/users\/2"}],"replies":[{"embeddable":true,"href":"https:\/\/aliancaevangelica.pt\/site\/wp-json\/wp\/v2\/comments?post=16156"}],"version-history":[{"count":1,"href":"https:\/\/aliancaevangelica.pt\/site\/wp-json\/wp\/v2\/posts\/16156\/revisions"}],"predecessor-version":[{"id":16158,"href":"https:\/\/aliancaevangelica.pt\/site\/wp-json\/wp\/v2\/posts\/16156\/revisions\/16158"}],"wp:featuredmedia":[{"embeddable":true,"href":"https:\/\/aliancaevangelica.pt\/site\/wp-json\/wp\/v2\/media\/16157"}],"wp:attachment":[{"href":"https:\/\/aliancaevangelica.pt\/site\/wp-json\/wp\/v2\/media?parent=16156"}],"wp:term":[{"taxonomy":"category","embeddable":true,"href":"https:\/\/aliancaevangelica.pt\/site\/wp-json\/wp\/v2\/categories?post=16156"},{"taxonomy":"post_tag","embeddable":true,"href":"https:\/\/aliancaevangelica.pt\/site\/wp-json\/wp\/v2\/tags?post=16156"}],"curies":[{"name":"wp","href":"https:\/\/api.w.org\/{rel}","templated":true}]}}