{"id":16073,"date":"2018-05-25T07:03:21","date_gmt":"2018-05-25T07:03:21","guid":{"rendered":"https:\/\/aliancaevangelica.pt\/site\/?p=16073"},"modified":"2018-05-24T22:07:03","modified_gmt":"2018-05-24T22:07:03","slug":"oracoes-que-nao-se-perdem-carmina-coias","status":"publish","type":"post","link":"https:\/\/aliancaevangelica.pt\/site\/oracoes-que-nao-se-perdem-carmina-coias\/","title":{"rendered":"Ora\u00e7\u00f5es Que N\u00e3o Se Perdem &#8211; Carmina Coias"},"content":{"rendered":"<p>Aquele momento era particularmente precioso. Costumava acontecer \u00e0 noite. Sent\u00e1vamo-nos na nossa sala, e ali faz\u00edamos o nosso culto dom\u00e9stico. O meu marido pegava na sua B\u00edblia de capas pretas, lia alguns vers\u00edculos e depois or\u00e1vamos. Recordo-me bem da forma convicta e detalhada como o meu marido falava com Deus. Ele mencionava o nome de cada filho e de cada neto diante do Senhor, pedindo-lhe a Sua b\u00ean\u00e7\u00e3o, a Sua protec\u00e7\u00e3o.<\/p>\n<p>Entretanto, ele partiu para estar com Deus. Contudo, acredito que cada uma daquelas ora\u00e7\u00f5es ainda est\u00e3o v\u00e1lidas diante do Senhor. Na Sua s\u00e1bia e soberana ac\u00e7\u00e3o, n\u00e3o existe a tecla Delete\/Apagar. Nada do que lhe oferecemos ou levamos em ora\u00e7\u00e3o se desvanece ou se perde. Nada \u00e9 apagado. As nossas palavras sinceras permanecem diante Dele, guardadas na Sua mem\u00f3ria.<\/p>\n<p>Assim sucedeu com Corn\u00e9lio. Ele era um homem que orava. Era frequente trazer diante do Senhor as suas peti\u00e7\u00f5es, os seus anseios. Algumas ainda permaneciam por responder mas ele persistia no seu clamor ao Senhor. Certo dia, foi surpreendido pela visita de um anjo, que lhe disse: \u201cAs tuas ora\u00e7\u00f5es e as tuas esmolas t\u00eam subido para mem\u00f3ria diante de Deus;\u201d (Atos 10:4)<\/p>\n<p>Em mem\u00f3ria diante de Deus\u2026 Mesmo que ainda n\u00e3o tivessem sido respondidas, n\u00e3o estavam esquecidas diante Daquele que tudo sabe e tudo pode.<\/p>\n<p>H\u00e1 quanto tempo Isabel e Zacarias haviam orado, pedindo um filho? N\u00e3o sabemos, mas possivelmente h\u00e1 muito, pois agora j\u00e1 eram idosos. Teriam sido ora\u00e7\u00f5es da sua juventude, possivelmente. O anjo disse: \u201cZacarias, n\u00e3o temas, porque a tua ora\u00e7\u00e3o foi ouvida, e Isabel, tua mulher, dar\u00e1 \u00e0 luz um filho, e lhe por\u00e1s o nome de Jo\u00e3o. E ter\u00e1s prazer e alegria, e muitos se alegrar\u00e3o no seu nascimento.\u201d (Lucas 1:13-14)<\/p>\n<p>A ora\u00e7\u00e3o de Zacarias fora ouvida! O facto de ainda n\u00e3o haver resposta n\u00e3o significava que a ora\u00e7\u00e3o se perdera algures, entre a terra e o c\u00e9u. N\u00e3o! As suas palavras haviam chegado \u00e0 presen\u00e7a do Poderoso Deus. E, anos depois, ali se estavam a cumprir. <\/p>\n<p>Ao falar com Deus, David pensava nas palavras que pronunciava. O que lhes aconteceria? Dispersar-se-iam no ar como part\u00edculas min\u00fasculas que o vento espalha, fazendo-as rodopiar at\u00e9 virem, finalmente, a repousar no ch\u00e3o? N\u00e3o! Ele sentia que as suas palavras subiam diante Dele como o fumo perfumado do incenso aceso. E disse, certa vez: &#8220;Suba a minha ora\u00e7\u00e3o perante a tua face como incenso, e as minhas m\u00e3os levantadas sejam como o sacrif\u00edcio da tarde.&#8221; (Salmo 141:2) <\/p>\n<p>David n\u00e3o estava enganado. Muitos anos ,mais tarde, o ap\u00f3stolo Jo\u00e3o teve essa revela\u00e7\u00e3o e conta-nos o que viu: &#8220;tendo todos eles harpas e salvas de ouro cheias de incenso, que s\u00e3o as ora\u00e7\u00f5es dos santos.&#8221; (Apocalipse 5:8)  Ah, as ora\u00e7\u00f5es, aos milhares, n\u00e3o se haviam perdido. Como material precioso, enchiam salvas de ouro.<\/p>\n<p>Que preocupa\u00e7\u00f5es temos levado diante de Deus, em ora\u00e7\u00e3o? H\u00e1 quanto tempo? Est\u00e3o diante Dele! <\/p>\n<p>Vamos continuar a orar, sem desfalecer. Palavras sinceras diante de Deus, s\u00e3o preciosas para n\u00f3s e para Ele. &#8220;&#8230; a um cora\u00e7\u00e3o quebrantado e contrito n\u00e3o desprezar\u00e1s, \u00f3 Deus.&#8221; (Salmo 51:17) <\/p>\n<p>E, no tempo certo, a resposta vir\u00e1 pois &#8220;a ora\u00e7\u00e3o de um justo pode muito em seus efeitos.&#8221; (S. Tiago 5: 16)<\/p>\n<p>Precisamente hoje, dia 25 de Maio de 2018, far\u00edamos 60 anos de casados! Este artigo \u00e9 tamb\u00e9m uma homenagem, ao meu marido, Pastor Miguel Coias &#8211; uma vida de dedicada ao Senhor e a servir os outros, em humildade e amor. <\/p>\n<p>[movedo_single_image image=&#8221;16075&#8243; animation=&#8221;grve-zoom-in&#8221;]<strong>Carmina Coias<\/strong><br \/>\nMission\u00e1ria<\/p>\n","protected":false},"excerpt":{"rendered":"<p>Aquele momento era particularmente precioso. Costumava acontecer \u00e0 noite. Sent\u00e1vamo-nos na nossa sala, e ali faz\u00edamos o nosso culto dom\u00e9stico. O meu marido pegava na sua B\u00edblia de capas pretas, lia alguns vers\u00edculos e depois or\u00e1vamos. Recordo-me bem da forma convicta e detalhada como o meu marido falava com Deus. Ele mencionava o nome de<\/p>\n","protected":false},"author":2,"featured_media":16074,"comment_status":"open","ping_status":"open","sticky":false,"template":"","format":"standard","meta":{"_uag_custom_page_level_css":"","_themeisle_gutenberg_block_has_review":false,"_vp_format_video_url":"","_vp_image_focal_point":[],"footnotes":""},"categories":[45,47],"tags":[],"class_list":["post-16073","post","type-post","status-publish","format-standard","has-post-thumbnail","hentry","category-geral","category-mulheres-casais-e-familia"],"yoast_head":"<!-- This site is optimized with the Yoast SEO plugin v27.5 - https:\/\/yoast.com\/product\/yoast-seo-wordpress\/ -->\n<title>Ora\u00e7\u00f5es Que N\u00e3o Se Perdem - Carmina Coias - AEP<\/title>\n<meta name=\"robots\" content=\"index, follow, max-snippet:-1, max-image-preview:large, max-video-preview:-1\" \/>\n<link rel=\"canonical\" href=\"https:\/\/aliancaevangelica.pt\/site\/oracoes-que-nao-se-perdem-carmina-coias\/\" \/>\n<meta property=\"og:locale\" content=\"pt_PT\" \/>\n<meta property=\"og:type\" content=\"article\" \/>\n<meta property=\"og:title\" content=\"Ora\u00e7\u00f5es Que N\u00e3o Se Perdem - Carmina Coias - AEP\" \/>\n<meta property=\"og:description\" content=\"Aquele momento era particularmente precioso. Costumava acontecer \u00e0 noite. Sent\u00e1vamo-nos na nossa sala, e ali faz\u00edamos o nosso culto dom\u00e9stico. O meu marido pegava na sua B\u00edblia de capas pretas, lia alguns vers\u00edculos e depois or\u00e1vamos. Recordo-me bem da forma convicta e detalhada como o meu marido falava com Deus. Ele mencionava o nome de\" \/>\n<meta property=\"og:url\" content=\"https:\/\/aliancaevangelica.pt\/site\/oracoes-que-nao-se-perdem-carmina-coias\/\" \/>\n<meta property=\"og:site_name\" content=\"AEP\" \/>\n<meta property=\"article:publisher\" content=\"http:\/\/facebook.com\/aeportuguesa\" \/>\n<meta property=\"article:author\" content=\"aeportugal\" \/>\n<meta property=\"article:published_time\" content=\"2018-05-25T07:03:21+00:00\" \/>\n<meta property=\"og:image\" content=\"https:\/\/aliancaevangelica.pt\/site\/wp-content\/uploads\/2018\/05\/Ora\u00e7\u00f5es.jpg\" \/>\n\t<meta property=\"og:image:width\" content=\"960\" \/>\n\t<meta property=\"og:image:height\" content=\"640\" \/>\n\t<meta property=\"og:image:type\" content=\"image\/jpeg\" \/>\n<meta name=\"author\" content=\"AEP\" \/>\n<meta name=\"twitter:card\" content=\"summary_large_image\" \/>\n<meta name=\"twitter:label1\" content=\"Escrito por\" \/>\n\t<meta name=\"twitter:data1\" content=\"AEP\" \/>\n\t<meta name=\"twitter:label2\" content=\"Tempo estimado de leitura\" \/>\n\t<meta name=\"twitter:data2\" content=\"3 minutos\" \/>\n<script type=\"application\/ld+json\" class=\"yoast-schema-graph\">{\"@context\":\"https:\\\/\\\/schema.org\",\"@graph\":[{\"@type\":\"Article\",\"@id\":\"https:\\\/\\\/aliancaevangelica.pt\\\/site\\\/oracoes-que-nao-se-perdem-carmina-coias\\\/#article\",\"isPartOf\":{\"@id\":\"https:\\\/\\\/aliancaevangelica.pt\\\/site\\\/oracoes-que-nao-se-perdem-carmina-coias\\\/\"},\"author\":{\"name\":\"AEP\",\"@id\":\"https:\\\/\\\/aliancaevangelica.pt\\\/site\\\/#\\\/schema\\\/person\\\/3b47cfc7535eff1e820f31c2d67eafcf\"},\"headline\":\"Ora\u00e7\u00f5es Que N\u00e3o Se Perdem &#8211; Carmina Coias\",\"datePublished\":\"2018-05-25T07:03:21+00:00\",\"mainEntityOfPage\":{\"@id\":\"https:\\\/\\\/aliancaevangelica.pt\\\/site\\\/oracoes-que-nao-se-perdem-carmina-coias\\\/\"},\"wordCount\":644,\"commentCount\":0,\"publisher\":{\"@id\":\"https:\\\/\\\/aliancaevangelica.pt\\\/site\\\/#organization\"},\"image\":{\"@id\":\"https:\\\/\\\/aliancaevangelica.pt\\\/site\\\/oracoes-que-nao-se-perdem-carmina-coias\\\/#primaryimage\"},\"thumbnailUrl\":\"https:\\\/\\\/aliancaevangelica.pt\\\/site\\\/wp-content\\\/uploads\\\/2018\\\/05\\\/Ora\u00e7\u00f5es.jpg\",\"articleSection\":[\"1-Geral\",\"MULHERES, CASAIS E FAM\u00cdLIA\"],\"inLanguage\":\"pt-PT\",\"potentialAction\":[{\"@type\":\"CommentAction\",\"name\":\"Comment\",\"target\":[\"https:\\\/\\\/aliancaevangelica.pt\\\/site\\\/oracoes-que-nao-se-perdem-carmina-coias\\\/#respond\"]}]},{\"@type\":\"WebPage\",\"@id\":\"https:\\\/\\\/aliancaevangelica.pt\\\/site\\\/oracoes-que-nao-se-perdem-carmina-coias\\\/\",\"url\":\"https:\\\/\\\/aliancaevangelica.pt\\\/site\\\/oracoes-que-nao-se-perdem-carmina-coias\\\/\",\"name\":\"Ora\u00e7\u00f5es Que N\u00e3o Se Perdem - Carmina Coias - AEP\",\"isPartOf\":{\"@id\":\"https:\\\/\\\/aliancaevangelica.pt\\\/site\\\/#website\"},\"primaryImageOfPage\":{\"@id\":\"https:\\\/\\\/aliancaevangelica.pt\\\/site\\\/oracoes-que-nao-se-perdem-carmina-coias\\\/#primaryimage\"},\"image\":{\"@id\":\"https:\\\/\\\/aliancaevangelica.pt\\\/site\\\/oracoes-que-nao-se-perdem-carmina-coias\\\/#primaryimage\"},\"thumbnailUrl\":\"https:\\\/\\\/aliancaevangelica.pt\\\/site\\\/wp-content\\\/uploads\\\/2018\\\/05\\\/Ora\u00e7\u00f5es.jpg\",\"datePublished\":\"2018-05-25T07:03:21+00:00\",\"breadcrumb\":{\"@id\":\"https:\\\/\\\/aliancaevangelica.pt\\\/site\\\/oracoes-que-nao-se-perdem-carmina-coias\\\/#breadcrumb\"},\"inLanguage\":\"pt-PT\",\"potentialAction\":[{\"@type\":\"ReadAction\",\"target\":[\"https:\\\/\\\/aliancaevangelica.pt\\\/site\\\/oracoes-que-nao-se-perdem-carmina-coias\\\/\"]}]},{\"@type\":\"ImageObject\",\"inLanguage\":\"pt-PT\",\"@id\":\"https:\\\/\\\/aliancaevangelica.pt\\\/site\\\/oracoes-que-nao-se-perdem-carmina-coias\\\/#primaryimage\",\"url\":\"https:\\\/\\\/aliancaevangelica.pt\\\/site\\\/wp-content\\\/uploads\\\/2018\\\/05\\\/Ora\u00e7\u00f5es.jpg\",\"contentUrl\":\"https:\\\/\\\/aliancaevangelica.pt\\\/site\\\/wp-content\\\/uploads\\\/2018\\\/05\\\/Ora\u00e7\u00f5es.jpg\",\"width\":960,\"height\":640},{\"@type\":\"BreadcrumbList\",\"@id\":\"https:\\\/\\\/aliancaevangelica.pt\\\/site\\\/oracoes-que-nao-se-perdem-carmina-coias\\\/#breadcrumb\",\"itemListElement\":[{\"@type\":\"ListItem\",\"position\":1,\"name\":\"In\u00edcio\",\"item\":\"https:\\\/\\\/aliancaevangelica.pt\\\/site\\\/\"},{\"@type\":\"ListItem\",\"position\":2,\"name\":\"Ora\u00e7\u00f5es Que N\u00e3o Se Perdem &#8211; Carmina Coias\"}]},{\"@type\":\"WebSite\",\"@id\":\"https:\\\/\\\/aliancaevangelica.pt\\\/site\\\/#website\",\"url\":\"https:\\\/\\\/aliancaevangelica.pt\\\/site\\\/\",\"name\":\"Alian\u00e7a Evang\u00e9lica Portuguesa\",\"description\":\"Alian\u00e7a Evang\u00e9lica Portuguesa\",\"publisher\":{\"@id\":\"https:\\\/\\\/aliancaevangelica.pt\\\/site\\\/#organization\"},\"potentialAction\":[{\"@type\":\"SearchAction\",\"target\":{\"@type\":\"EntryPoint\",\"urlTemplate\":\"https:\\\/\\\/aliancaevangelica.pt\\\/site\\\/?s={search_term_string}\"},\"query-input\":{\"@type\":\"PropertyValueSpecification\",\"valueRequired\":true,\"valueName\":\"search_term_string\"}}],\"inLanguage\":\"pt-PT\"},{\"@type\":\"Organization\",\"@id\":\"https:\\\/\\\/aliancaevangelica.pt\\\/site\\\/#organization\",\"name\":\"Alian\u00e7a Evang\u00e9lica Portuguesa\",\"url\":\"https:\\\/\\\/aliancaevangelica.pt\\\/site\\\/\",\"logo\":{\"@type\":\"ImageObject\",\"inLanguage\":\"pt-PT\",\"@id\":\"https:\\\/\\\/aliancaevangelica.pt\\\/site\\\/#\\\/schema\\\/logo\\\/image\\\/\",\"url\":\"https:\\\/\\\/aliancaevangelica.pt\\\/site\\\/wp-content\\\/uploads\\\/2017\\\/11\\\/logo-AEP-cor.png\",\"contentUrl\":\"https:\\\/\\\/aliancaevangelica.pt\\\/site\\\/wp-content\\\/uploads\\\/2017\\\/11\\\/logo-AEP-cor.png\",\"width\":1156,\"height\":672,\"caption\":\"Alian\u00e7a Evang\u00e9lica Portuguesa\"},\"image\":{\"@id\":\"https:\\\/\\\/aliancaevangelica.pt\\\/site\\\/#\\\/schema\\\/logo\\\/image\\\/\"},\"sameAs\":[\"http:\\\/\\\/facebook.com\\\/aeportuguesa\",\"http:\\\/\\\/instagram.com\\\/aliancaep\",\"http:\\\/\\\/youtube.com\\\/aeportuguesa\"]},{\"@type\":\"Person\",\"@id\":\"https:\\\/\\\/aliancaevangelica.pt\\\/site\\\/#\\\/schema\\\/person\\\/3b47cfc7535eff1e820f31c2d67eafcf\",\"name\":\"AEP\",\"sameAs\":[\"aeportugal\"],\"url\":\"https:\\\/\\\/aliancaevangelica.pt\\\/site\\\/author\\\/aeportugal\\\/\"}]}<\/script>\n<!-- \/ Yoast SEO plugin. -->","yoast_head_json":{"title":"Ora\u00e7\u00f5es Que N\u00e3o Se Perdem - Carmina Coias - AEP","robots":{"index":"index","follow":"follow","max-snippet":"max-snippet:-1","max-image-preview":"max-image-preview:large","max-video-preview":"max-video-preview:-1"},"canonical":"https:\/\/aliancaevangelica.pt\/site\/oracoes-que-nao-se-perdem-carmina-coias\/","og_locale":"pt_PT","og_type":"article","og_title":"Ora\u00e7\u00f5es Que N\u00e3o Se Perdem - Carmina Coias - AEP","og_description":"Aquele momento era particularmente precioso. Costumava acontecer \u00e0 noite. Sent\u00e1vamo-nos na nossa sala, e ali faz\u00edamos o nosso culto dom\u00e9stico. O meu marido pegava na sua B\u00edblia de capas pretas, lia alguns vers\u00edculos e depois or\u00e1vamos. Recordo-me bem da forma convicta e detalhada como o meu marido falava com Deus. Ele mencionava o nome de","og_url":"https:\/\/aliancaevangelica.pt\/site\/oracoes-que-nao-se-perdem-carmina-coias\/","og_site_name":"AEP","article_publisher":"http:\/\/facebook.com\/aeportuguesa","article_author":"aeportugal","article_published_time":"2018-05-25T07:03:21+00:00","og_image":[{"width":960,"height":640,"url":"https:\/\/aliancaevangelica.pt\/site\/wp-content\/uploads\/2018\/05\/Ora\u00e7\u00f5es.jpg","type":"image\/jpeg"}],"author":"AEP","twitter_card":"summary_large_image","twitter_misc":{"Escrito por":"AEP","Tempo estimado de leitura":"3 minutos"},"schema":{"@context":"https:\/\/schema.org","@graph":[{"@type":"Article","@id":"https:\/\/aliancaevangelica.pt\/site\/oracoes-que-nao-se-perdem-carmina-coias\/#article","isPartOf":{"@id":"https:\/\/aliancaevangelica.pt\/site\/oracoes-que-nao-se-perdem-carmina-coias\/"},"author":{"name":"AEP","@id":"https:\/\/aliancaevangelica.pt\/site\/#\/schema\/person\/3b47cfc7535eff1e820f31c2d67eafcf"},"headline":"Ora\u00e7\u00f5es Que N\u00e3o Se Perdem &#8211; Carmina Coias","datePublished":"2018-05-25T07:03:21+00:00","mainEntityOfPage":{"@id":"https:\/\/aliancaevangelica.pt\/site\/oracoes-que-nao-se-perdem-carmina-coias\/"},"wordCount":644,"commentCount":0,"publisher":{"@id":"https:\/\/aliancaevangelica.pt\/site\/#organization"},"image":{"@id":"https:\/\/aliancaevangelica.pt\/site\/oracoes-que-nao-se-perdem-carmina-coias\/#primaryimage"},"thumbnailUrl":"https:\/\/aliancaevangelica.pt\/site\/wp-content\/uploads\/2018\/05\/Ora\u00e7\u00f5es.jpg","articleSection":["1-Geral","MULHERES, CASAIS E FAM\u00cdLIA"],"inLanguage":"pt-PT","potentialAction":[{"@type":"CommentAction","name":"Comment","target":["https:\/\/aliancaevangelica.pt\/site\/oracoes-que-nao-se-perdem-carmina-coias\/#respond"]}]},{"@type":"WebPage","@id":"https:\/\/aliancaevangelica.pt\/site\/oracoes-que-nao-se-perdem-carmina-coias\/","url":"https:\/\/aliancaevangelica.pt\/site\/oracoes-que-nao-se-perdem-carmina-coias\/","name":"Ora\u00e7\u00f5es Que N\u00e3o Se Perdem - Carmina Coias - AEP","isPartOf":{"@id":"https:\/\/aliancaevangelica.pt\/site\/#website"},"primaryImageOfPage":{"@id":"https:\/\/aliancaevangelica.pt\/site\/oracoes-que-nao-se-perdem-carmina-coias\/#primaryimage"},"image":{"@id":"https:\/\/aliancaevangelica.pt\/site\/oracoes-que-nao-se-perdem-carmina-coias\/#primaryimage"},"thumbnailUrl":"https:\/\/aliancaevangelica.pt\/site\/wp-content\/uploads\/2018\/05\/Ora\u00e7\u00f5es.jpg","datePublished":"2018-05-25T07:03:21+00:00","breadcrumb":{"@id":"https:\/\/aliancaevangelica.pt\/site\/oracoes-que-nao-se-perdem-carmina-coias\/#breadcrumb"},"inLanguage":"pt-PT","potentialAction":[{"@type":"ReadAction","target":["https:\/\/aliancaevangelica.pt\/site\/oracoes-que-nao-se-perdem-carmina-coias\/"]}]},{"@type":"ImageObject","inLanguage":"pt-PT","@id":"https:\/\/aliancaevangelica.pt\/site\/oracoes-que-nao-se-perdem-carmina-coias\/#primaryimage","url":"https:\/\/aliancaevangelica.pt\/site\/wp-content\/uploads\/2018\/05\/Ora\u00e7\u00f5es.jpg","contentUrl":"https:\/\/aliancaevangelica.pt\/site\/wp-content\/uploads\/2018\/05\/Ora\u00e7\u00f5es.jpg","width":960,"height":640},{"@type":"BreadcrumbList","@id":"https:\/\/aliancaevangelica.pt\/site\/oracoes-que-nao-se-perdem-carmina-coias\/#breadcrumb","itemListElement":[{"@type":"ListItem","position":1,"name":"In\u00edcio","item":"https:\/\/aliancaevangelica.pt\/site\/"},{"@type":"ListItem","position":2,"name":"Ora\u00e7\u00f5es Que N\u00e3o Se Perdem &#8211; Carmina Coias"}]},{"@type":"WebSite","@id":"https:\/\/aliancaevangelica.pt\/site\/#website","url":"https:\/\/aliancaevangelica.pt\/site\/","name":"Alian\u00e7a Evang\u00e9lica Portuguesa","description":"Alian\u00e7a Evang\u00e9lica Portuguesa","publisher":{"@id":"https:\/\/aliancaevangelica.pt\/site\/#organization"},"potentialAction":[{"@type":"SearchAction","target":{"@type":"EntryPoint","urlTemplate":"https:\/\/aliancaevangelica.pt\/site\/?s={search_term_string}"},"query-input":{"@type":"PropertyValueSpecification","valueRequired":true,"valueName":"search_term_string"}}],"inLanguage":"pt-PT"},{"@type":"Organization","@id":"https:\/\/aliancaevangelica.pt\/site\/#organization","name":"Alian\u00e7a Evang\u00e9lica Portuguesa","url":"https:\/\/aliancaevangelica.pt\/site\/","logo":{"@type":"ImageObject","inLanguage":"pt-PT","@id":"https:\/\/aliancaevangelica.pt\/site\/#\/schema\/logo\/image\/","url":"https:\/\/aliancaevangelica.pt\/site\/wp-content\/uploads\/2017\/11\/logo-AEP-cor.png","contentUrl":"https:\/\/aliancaevangelica.pt\/site\/wp-content\/uploads\/2017\/11\/logo-AEP-cor.png","width":1156,"height":672,"caption":"Alian\u00e7a Evang\u00e9lica Portuguesa"},"image":{"@id":"https:\/\/aliancaevangelica.pt\/site\/#\/schema\/logo\/image\/"},"sameAs":["http:\/\/facebook.com\/aeportuguesa","http:\/\/instagram.com\/aliancaep","http:\/\/youtube.com\/aeportuguesa"]},{"@type":"Person","@id":"https:\/\/aliancaevangelica.pt\/site\/#\/schema\/person\/3b47cfc7535eff1e820f31c2d67eafcf","name":"AEP","sameAs":["aeportugal"],"url":"https:\/\/aliancaevangelica.pt\/site\/author\/aeportugal\/"}]}},"uagb_featured_image_src":{"full":["https:\/\/aliancaevangelica.pt\/site\/wp-content\/uploads\/2018\/05\/Ora\u00e7\u00f5es.jpg",960,640,false],"thumbnail":["https:\/\/aliancaevangelica.pt\/site\/wp-content\/uploads\/2018\/05\/Ora\u00e7\u00f5es-150x150.jpg",150,150,true],"medium":["https:\/\/aliancaevangelica.pt\/site\/wp-content\/uploads\/2018\/05\/Ora\u00e7\u00f5es-300x200.jpg",300,200,true],"medium_large":["https:\/\/aliancaevangelica.pt\/site\/wp-content\/uploads\/2018\/05\/Ora\u00e7\u00f5es-768x512.jpg",768,512,true],"large":["https:\/\/aliancaevangelica.pt\/site\/wp-content\/uploads\/2018\/05\/Ora\u00e7\u00f5es.jpg",960,640,false],"1536x1536":["https:\/\/aliancaevangelica.pt\/site\/wp-content\/uploads\/2018\/05\/Ora\u00e7\u00f5es.jpg",960,640,false],"2048x2048":["https:\/\/aliancaevangelica.pt\/site\/wp-content\/uploads\/2018\/05\/Ora\u00e7\u00f5es.jpg",960,640,false],"vp_sm":["https:\/\/aliancaevangelica.pt\/site\/wp-content\/uploads\/2018\/05\/Ora\u00e7\u00f5es.jpg",500,333,false],"vp_md":["https:\/\/aliancaevangelica.pt\/site\/wp-content\/uploads\/2018\/05\/Ora\u00e7\u00f5es.jpg",800,533,false],"vp_lg":["https:\/\/aliancaevangelica.pt\/site\/wp-content\/uploads\/2018\/05\/Ora\u00e7\u00f5es.jpg",960,640,false],"vp_xl":["https:\/\/aliancaevangelica.pt\/site\/wp-content\/uploads\/2018\/05\/Ora\u00e7\u00f5es.jpg",960,640,false],"vp_sm_popup":["https:\/\/aliancaevangelica.pt\/site\/wp-content\/uploads\/2018\/05\/Ora\u00e7\u00f5es.jpg",500,333,false],"vp_md_popup":["https:\/\/aliancaevangelica.pt\/site\/wp-content\/uploads\/2018\/05\/Ora\u00e7\u00f5es.jpg",800,533,false],"vp_xl_popup":["https:\/\/aliancaevangelica.pt\/site\/wp-content\/uploads\/2018\/05\/Ora\u00e7\u00f5es.jpg",960,640,false],"newsx-150x100":["https:\/\/aliancaevangelica.pt\/site\/wp-content\/uploads\/2018\/05\/Ora\u00e7\u00f5es.jpg",150,100,false],"newsx-330x220":["https:\/\/aliancaevangelica.pt\/site\/wp-content\/uploads\/2018\/05\/Ora\u00e7\u00f5es.jpg",330,220,false],"newsx-420x280":["https:\/\/aliancaevangelica.pt\/site\/wp-content\/uploads\/2018\/05\/Ora\u00e7\u00f5es.jpg",420,280,false],"newsx-510x340":["https:\/\/aliancaevangelica.pt\/site\/wp-content\/uploads\/2018\/05\/Ora\u00e7\u00f5es.jpg",510,340,false],"newsx-640x480":["https:\/\/aliancaevangelica.pt\/site\/wp-content\/uploads\/2018\/05\/Ora\u00e7\u00f5es.jpg",640,427,false],"newsx-670x370":["https:\/\/aliancaevangelica.pt\/site\/wp-content\/uploads\/2018\/05\/Ora\u00e7\u00f5es.jpg",555,370,false],"newsx-860x570":["https:\/\/aliancaevangelica.pt\/site\/wp-content\/uploads\/2018\/05\/Ora\u00e7\u00f5es.jpg",855,570,false],"newsx-1000x750":["https:\/\/aliancaevangelica.pt\/site\/wp-content\/uploads\/2018\/05\/Ora\u00e7\u00f5es.jpg",960,640,false],"newsx-1200x600":["https:\/\/aliancaevangelica.pt\/site\/wp-content\/uploads\/2018\/05\/Ora\u00e7\u00f5es.jpg",900,600,false]},"uagb_author_info":{"display_name":"AEP","author_link":"https:\/\/aliancaevangelica.pt\/site\/author\/aeportugal\/"},"uagb_comment_info":0,"uagb_excerpt":"Aquele momento era particularmente precioso. Costumava acontecer \u00e0 noite. Sent\u00e1vamo-nos na nossa sala, e ali faz\u00edamos o nosso culto dom\u00e9stico. O meu marido pegava na sua B\u00edblia de capas pretas, lia alguns vers\u00edculos e depois or\u00e1vamos. Recordo-me bem da forma convicta e detalhada como o meu marido falava com Deus. Ele mencionava o nome de","_links":{"self":[{"href":"https:\/\/aliancaevangelica.pt\/site\/wp-json\/wp\/v2\/posts\/16073","targetHints":{"allow":["GET"]}}],"collection":[{"href":"https:\/\/aliancaevangelica.pt\/site\/wp-json\/wp\/v2\/posts"}],"about":[{"href":"https:\/\/aliancaevangelica.pt\/site\/wp-json\/wp\/v2\/types\/post"}],"author":[{"embeddable":true,"href":"https:\/\/aliancaevangelica.pt\/site\/wp-json\/wp\/v2\/users\/2"}],"replies":[{"embeddable":true,"href":"https:\/\/aliancaevangelica.pt\/site\/wp-json\/wp\/v2\/comments?post=16073"}],"version-history":[{"count":2,"href":"https:\/\/aliancaevangelica.pt\/site\/wp-json\/wp\/v2\/posts\/16073\/revisions"}],"predecessor-version":[{"id":16077,"href":"https:\/\/aliancaevangelica.pt\/site\/wp-json\/wp\/v2\/posts\/16073\/revisions\/16077"}],"wp:featuredmedia":[{"embeddable":true,"href":"https:\/\/aliancaevangelica.pt\/site\/wp-json\/wp\/v2\/media\/16074"}],"wp:attachment":[{"href":"https:\/\/aliancaevangelica.pt\/site\/wp-json\/wp\/v2\/media?parent=16073"}],"wp:term":[{"taxonomy":"category","embeddable":true,"href":"https:\/\/aliancaevangelica.pt\/site\/wp-json\/wp\/v2\/categories?post=16073"},{"taxonomy":"post_tag","embeddable":true,"href":"https:\/\/aliancaevangelica.pt\/site\/wp-json\/wp\/v2\/tags?post=16073"}],"curies":[{"name":"wp","href":"https:\/\/api.w.org\/{rel}","templated":true}]}}