{"id":16039,"date":"2018-05-11T01:53:53","date_gmt":"2018-05-11T01:53:53","guid":{"rendered":"https:\/\/aliancaevangelica.pt\/site\/?p=16039"},"modified":"2018-05-11T01:53:53","modified_gmt":"2018-05-11T01:53:53","slug":"monstros-e-companhia-ana-ramalho-rosa","status":"publish","type":"post","link":"https:\/\/aliancaevangelica.pt\/site\/monstros-e-companhia-ana-ramalho-rosa\/","title":{"rendered":"Monstros e Companhia &#8211; Ana Ramalho Rosa"},"content":{"rendered":"<p>Quem n\u00e3o conhece o filme de anima\u00e7\u00e3o Monstros e Companhia? Pessoalmente, \u00e9 um dos meus favoritos. E isso n\u00e3o aconteceu porque me tornei m\u00e3e e passei e \u201cter que ver\u201d desenhos animados. Sempre gostei (e gosto!) de boa anima\u00e7\u00e3o e de uma boa hist\u00f3ria. E n\u00e3o, este n\u00e3o vai ser um texto sobre o que os nossos filhos devem ou n\u00e3o ver \u2014 isso \u00e9 um exerc\u00edcio interessante que como pais precisamos fazer porque h\u00e1 por a\u00ed muito lixo e muita mensagem n\u00e3o subliminar que precisamos filtrar.<\/p>\n<p>Associo o t\u00edtulo do filme a uma \u00e9poca da maternidade, que pass\u00e1mos, ainda o Francisco n\u00e3o tinha nascido. Sermos pais pela primeira vez \u00e9 uma experi\u00eancia que n\u00e3o se aprende nos livros e que, mesmo que se tenham todos os cursos do mundo, s\u00f3 se sabe quando se passa por l\u00e1.<\/p>\n<p>A expectativa era grande e fomos para a primeira ecografia. Dias antes tinha feito an\u00e1lises e estava a chegar \u201ca hora da verdade\u201d. Era cedo e apanh\u00e1mos uma t\u00e9cnica provavelmente com TPM (desculpem o sarcasmo!), porque foi antip\u00e1tica desde o primeiro momento at\u00e9 ao \u00faltimo minuto. Mas, pronto, a antipatia aguenta-se, especialmente quando, pela primeira vez, come\u00e7amos a escutar o cora\u00e7\u00e3o do nosso beb\u00e9 a bater e a v\u00ea-lo. Que sensa\u00e7\u00e3o \u00fanica! Inexplic\u00e1vel! Ali estava ele!<\/p>\n<p>Depois da ecografia veio o cruzamento com o resultado das an\u00e1lises. E veio um balde de gelo (\u00e1gua fria \u00e9 pouco!). \u201cO seu beb\u00e9 tem uma grande probabilidade de ter Trissomia 13 ou 18. O melhor ser\u00e1 fazer amniocentese.\u201d Sinceramente, depois daquela not\u00edcia j\u00e1 nem me lembro bem do que a senhora com necessidade de suplementos em simpatia nos disse. S\u00f3 me recordo de entrarmos no carro e de ter rebentado a chorar. O meu marido come\u00e7ou a animar-me e or\u00e1mos a Deus, mais uma vez. Era um sentimento de impot\u00eancia devastador. Os monstros do medo e da incerteza entraram no \u201cs\u00f3t\u00e3o\u201d e come\u00e7aram a querer assustar-nos!<\/p>\n<p>Nos dias que se seguiram procur\u00e1mos ajuda junto de v\u00e1rias pessoas da \u00e1rea, a qual foi preciosa para nos apoiar e perceber o que seriam aquelas probabilidades e como seria poss\u00edvel verificar a exist\u00eancia de algum daqueles problemas no nosso filho. Mas era preciso tomar uma atitude. E foi o que fiz. Entrei numa loja e comprei um pijama para 6 meses. Foi pela f\u00e9. Decidimos tamb\u00e9m, uma vez que era poss\u00edvel atrav\u00e9s das ecografias verificar se havia alguma m\u00e1 forma\u00e7\u00e3o no beb\u00e9, que n\u00e3o ir\u00edamos fazer amniocentese. Foi uma decis\u00e3o pessoal, \u00e9 certo, mas entreg\u00e1mos o futuro do nosso beb\u00e9 nas m\u00e3os de Deus e confi\u00e1mos. \u201cExpuls\u00e1mos\u201d esses monstros e preferimos a melhor companhia \u2013 Deus!<\/p>\n<p>A gravidez teve alguns riscos e, no final, ele n\u00e3o queria sair, de t\u00e3o bem que estava. Mas finalmente saiu, saud\u00e1vel, gra\u00e7as a Deus. Desde esse dia at\u00e9 hoje temos sido tantas vezes sobressaltados com situa\u00e7\u00f5es de sa\u00fade, quest\u00f5es de desenvolvimento e intera\u00e7\u00e3o social. E muitas das vezes os monstros da inseguran\u00e7a, da impot\u00eancia e do desespero tentam fazer ninho na mente e no cora\u00e7\u00e3o. Somos humanos e sentimos as coisas. Temos um grande Deus, \u00e9 certo, mas Ele tornou-Se homem e sabe o que significa ser tentado, provado e sofrer. N\u00e3o acontece s\u00f3 aos outros. E podia ter-nos realmente acontecido a n\u00f3s.<\/p>\n<p>Mas o susto levou-nos mais uma vez a olhar para Jesus. Como precisamos fazer sempre, e em todas as circunst\u00e2ncias. Quando tudo vai bem. Quando o mundo desaba em cima de n\u00f3s e parece que n\u00e3o conseguimos suportar os desafios que enfrentamos, sem que os tenhamos criado pelas nossas pr\u00f3prias decis\u00f5es. Podemos ter momentos muito dif\u00edceis, porque eles existem, mas a verdade \u00e9 que \u201c(&#8230;) temos um t\u00e3o excelente supremo sacerdote, que \u00e9 Jesus o Filho de Deus, que penetrou nos c\u00e9us, mantenhamo-nos firmemente fi\u00e9is \u00e0 f\u00e9 que confessamos ter.\u00a0Este nosso sacerdote supremo n\u00e3o \u00e9 um simples homem que n\u00e3o possa compreender as nossas fraquezas. Pelo contr\u00e1rio, ele passou por todas as mesmas provas que n\u00f3s, mas sem ter pecado.\u00a0Portanto cheguemo-nos com confian\u00e7a ao trono de Deus para podermos receber miseric\u00f3rdia e gra\u00e7a, e para sermos ajudados sempre que tivermos necessidade.\u201d (Hebreus 4:14-16, O Livro)<\/p>\n<p>&nbsp;<\/p>\n<p>[movedo_single_image image=&#8221;16040&#8243; animation=&#8221;grve-zoom-in&#8221;]<strong>Ana Ramalho Rosa<\/strong><br \/>\nDiretora-adjunta de Publica\u00e7\u00f5es CAPU|CPAD Livraria Crist\u00e3<br \/>\nAutora e coautora de v\u00e1rios livros e recursos para Adolescentes<br \/>\n<a href=\"http:\/\/www.anaericardorosa.blogspot.pt\" rel=\"noopener\" target=\"_blank\">www.anaericardorosa.blogspot.pt<\/a><\/p>\n","protected":false},"excerpt":{"rendered":"<p>Quem n\u00e3o conhece o filme de anima\u00e7\u00e3o Monstros e Companhia? Pessoalmente, \u00e9 um dos meus favoritos. E isso n\u00e3o aconteceu porque me tornei m\u00e3e e passei e \u201cter que ver\u201d desenhos animados. Sempre gostei (e gosto!) de boa anima\u00e7\u00e3o e de uma boa hist\u00f3ria. E n\u00e3o, este n\u00e3o vai ser um texto sobre o que<\/p>\n","protected":false},"author":2,"featured_media":16041,"comment_status":"open","ping_status":"open","sticky":false,"template":"","format":"standard","meta":{"_uag_custom_page_level_css":"","_themeisle_gutenberg_block_has_review":false,"_vp_format_video_url":"","_vp_image_focal_point":[],"footnotes":""},"categories":[45,47],"tags":[],"class_list":["post-16039","post","type-post","status-publish","format-standard","has-post-thumbnail","hentry","category-geral","category-mulheres-casais-e-familia"],"yoast_head":"<!-- This site is optimized with the Yoast SEO plugin v27.5 - https:\/\/yoast.com\/product\/yoast-seo-wordpress\/ -->\n<title>Monstros e Companhia - Ana Ramalho Rosa - AEP<\/title>\n<meta name=\"robots\" content=\"index, follow, max-snippet:-1, max-image-preview:large, max-video-preview:-1\" \/>\n<link rel=\"canonical\" href=\"https:\/\/aliancaevangelica.pt\/site\/monstros-e-companhia-ana-ramalho-rosa\/\" \/>\n<meta property=\"og:locale\" content=\"pt_PT\" \/>\n<meta property=\"og:type\" content=\"article\" \/>\n<meta property=\"og:title\" content=\"Monstros e Companhia - Ana Ramalho Rosa - AEP\" \/>\n<meta property=\"og:description\" content=\"Quem n\u00e3o conhece o filme de anima\u00e7\u00e3o Monstros e Companhia? Pessoalmente, \u00e9 um dos meus favoritos. E isso n\u00e3o aconteceu porque me tornei m\u00e3e e passei e \u201cter que ver\u201d desenhos animados. Sempre gostei (e gosto!) de boa anima\u00e7\u00e3o e de uma boa hist\u00f3ria. E n\u00e3o, este n\u00e3o vai ser um texto sobre o que\" \/>\n<meta property=\"og:url\" content=\"https:\/\/aliancaevangelica.pt\/site\/monstros-e-companhia-ana-ramalho-rosa\/\" \/>\n<meta property=\"og:site_name\" content=\"AEP\" \/>\n<meta property=\"article:publisher\" content=\"http:\/\/facebook.com\/aeportuguesa\" \/>\n<meta property=\"article:author\" content=\"aeportugal\" \/>\n<meta property=\"article:published_time\" content=\"2018-05-11T01:53:53+00:00\" \/>\n<meta property=\"og:image\" content=\"https:\/\/aliancaevangelica.pt\/site\/wp-content\/uploads\/2018\/05\/beb\u00e9-menino.jpg\" \/>\n\t<meta property=\"og:image:width\" content=\"1280\" \/>\n\t<meta property=\"og:image:height\" content=\"853\" \/>\n\t<meta property=\"og:image:type\" content=\"image\/jpeg\" \/>\n<meta name=\"author\" content=\"AEP\" \/>\n<meta name=\"twitter:card\" content=\"summary_large_image\" \/>\n<meta name=\"twitter:label1\" content=\"Escrito por\" \/>\n\t<meta name=\"twitter:data1\" content=\"AEP\" \/>\n\t<meta name=\"twitter:label2\" content=\"Tempo estimado de leitura\" \/>\n\t<meta name=\"twitter:data2\" content=\"4 minutos\" \/>\n<script type=\"application\/ld+json\" class=\"yoast-schema-graph\">{\"@context\":\"https:\\\/\\\/schema.org\",\"@graph\":[{\"@type\":\"Article\",\"@id\":\"https:\\\/\\\/aliancaevangelica.pt\\\/site\\\/monstros-e-companhia-ana-ramalho-rosa\\\/#article\",\"isPartOf\":{\"@id\":\"https:\\\/\\\/aliancaevangelica.pt\\\/site\\\/monstros-e-companhia-ana-ramalho-rosa\\\/\"},\"author\":{\"name\":\"AEP\",\"@id\":\"https:\\\/\\\/aliancaevangelica.pt\\\/site\\\/#\\\/schema\\\/person\\\/3b47cfc7535eff1e820f31c2d67eafcf\"},\"headline\":\"Monstros e Companhia &#8211; Ana Ramalho Rosa\",\"datePublished\":\"2018-05-11T01:53:53+00:00\",\"mainEntityOfPage\":{\"@id\":\"https:\\\/\\\/aliancaevangelica.pt\\\/site\\\/monstros-e-companhia-ana-ramalho-rosa\\\/\"},\"wordCount\":789,\"commentCount\":0,\"publisher\":{\"@id\":\"https:\\\/\\\/aliancaevangelica.pt\\\/site\\\/#organization\"},\"image\":{\"@id\":\"https:\\\/\\\/aliancaevangelica.pt\\\/site\\\/monstros-e-companhia-ana-ramalho-rosa\\\/#primaryimage\"},\"thumbnailUrl\":\"https:\\\/\\\/aliancaevangelica.pt\\\/site\\\/wp-content\\\/uploads\\\/2018\\\/05\\\/beb\u00e9-menino.jpg\",\"articleSection\":[\"1-Geral\",\"MULHERES, CASAIS E FAM\u00cdLIA\"],\"inLanguage\":\"pt-PT\",\"potentialAction\":[{\"@type\":\"CommentAction\",\"name\":\"Comment\",\"target\":[\"https:\\\/\\\/aliancaevangelica.pt\\\/site\\\/monstros-e-companhia-ana-ramalho-rosa\\\/#respond\"]}]},{\"@type\":\"WebPage\",\"@id\":\"https:\\\/\\\/aliancaevangelica.pt\\\/site\\\/monstros-e-companhia-ana-ramalho-rosa\\\/\",\"url\":\"https:\\\/\\\/aliancaevangelica.pt\\\/site\\\/monstros-e-companhia-ana-ramalho-rosa\\\/\",\"name\":\"Monstros e Companhia - Ana Ramalho Rosa - AEP\",\"isPartOf\":{\"@id\":\"https:\\\/\\\/aliancaevangelica.pt\\\/site\\\/#website\"},\"primaryImageOfPage\":{\"@id\":\"https:\\\/\\\/aliancaevangelica.pt\\\/site\\\/monstros-e-companhia-ana-ramalho-rosa\\\/#primaryimage\"},\"image\":{\"@id\":\"https:\\\/\\\/aliancaevangelica.pt\\\/site\\\/monstros-e-companhia-ana-ramalho-rosa\\\/#primaryimage\"},\"thumbnailUrl\":\"https:\\\/\\\/aliancaevangelica.pt\\\/site\\\/wp-content\\\/uploads\\\/2018\\\/05\\\/beb\u00e9-menino.jpg\",\"datePublished\":\"2018-05-11T01:53:53+00:00\",\"breadcrumb\":{\"@id\":\"https:\\\/\\\/aliancaevangelica.pt\\\/site\\\/monstros-e-companhia-ana-ramalho-rosa\\\/#breadcrumb\"},\"inLanguage\":\"pt-PT\",\"potentialAction\":[{\"@type\":\"ReadAction\",\"target\":[\"https:\\\/\\\/aliancaevangelica.pt\\\/site\\\/monstros-e-companhia-ana-ramalho-rosa\\\/\"]}]},{\"@type\":\"ImageObject\",\"inLanguage\":\"pt-PT\",\"@id\":\"https:\\\/\\\/aliancaevangelica.pt\\\/site\\\/monstros-e-companhia-ana-ramalho-rosa\\\/#primaryimage\",\"url\":\"https:\\\/\\\/aliancaevangelica.pt\\\/site\\\/wp-content\\\/uploads\\\/2018\\\/05\\\/beb\u00e9-menino.jpg\",\"contentUrl\":\"https:\\\/\\\/aliancaevangelica.pt\\\/site\\\/wp-content\\\/uploads\\\/2018\\\/05\\\/beb\u00e9-menino.jpg\",\"width\":1280,\"height\":853},{\"@type\":\"BreadcrumbList\",\"@id\":\"https:\\\/\\\/aliancaevangelica.pt\\\/site\\\/monstros-e-companhia-ana-ramalho-rosa\\\/#breadcrumb\",\"itemListElement\":[{\"@type\":\"ListItem\",\"position\":1,\"name\":\"In\u00edcio\",\"item\":\"https:\\\/\\\/aliancaevangelica.pt\\\/site\\\/\"},{\"@type\":\"ListItem\",\"position\":2,\"name\":\"Monstros e Companhia &#8211; Ana Ramalho Rosa\"}]},{\"@type\":\"WebSite\",\"@id\":\"https:\\\/\\\/aliancaevangelica.pt\\\/site\\\/#website\",\"url\":\"https:\\\/\\\/aliancaevangelica.pt\\\/site\\\/\",\"name\":\"Alian\u00e7a Evang\u00e9lica Portuguesa\",\"description\":\"Alian\u00e7a Evang\u00e9lica Portuguesa\",\"publisher\":{\"@id\":\"https:\\\/\\\/aliancaevangelica.pt\\\/site\\\/#organization\"},\"potentialAction\":[{\"@type\":\"SearchAction\",\"target\":{\"@type\":\"EntryPoint\",\"urlTemplate\":\"https:\\\/\\\/aliancaevangelica.pt\\\/site\\\/?s={search_term_string}\"},\"query-input\":{\"@type\":\"PropertyValueSpecification\",\"valueRequired\":true,\"valueName\":\"search_term_string\"}}],\"inLanguage\":\"pt-PT\"},{\"@type\":\"Organization\",\"@id\":\"https:\\\/\\\/aliancaevangelica.pt\\\/site\\\/#organization\",\"name\":\"Alian\u00e7a Evang\u00e9lica Portuguesa\",\"url\":\"https:\\\/\\\/aliancaevangelica.pt\\\/site\\\/\",\"logo\":{\"@type\":\"ImageObject\",\"inLanguage\":\"pt-PT\",\"@id\":\"https:\\\/\\\/aliancaevangelica.pt\\\/site\\\/#\\\/schema\\\/logo\\\/image\\\/\",\"url\":\"https:\\\/\\\/aliancaevangelica.pt\\\/site\\\/wp-content\\\/uploads\\\/2017\\\/11\\\/logo-AEP-cor.png\",\"contentUrl\":\"https:\\\/\\\/aliancaevangelica.pt\\\/site\\\/wp-content\\\/uploads\\\/2017\\\/11\\\/logo-AEP-cor.png\",\"width\":1156,\"height\":672,\"caption\":\"Alian\u00e7a Evang\u00e9lica Portuguesa\"},\"image\":{\"@id\":\"https:\\\/\\\/aliancaevangelica.pt\\\/site\\\/#\\\/schema\\\/logo\\\/image\\\/\"},\"sameAs\":[\"http:\\\/\\\/facebook.com\\\/aeportuguesa\",\"http:\\\/\\\/instagram.com\\\/aliancaep\",\"http:\\\/\\\/youtube.com\\\/aeportuguesa\"]},{\"@type\":\"Person\",\"@id\":\"https:\\\/\\\/aliancaevangelica.pt\\\/site\\\/#\\\/schema\\\/person\\\/3b47cfc7535eff1e820f31c2d67eafcf\",\"name\":\"AEP\",\"sameAs\":[\"aeportugal\"],\"url\":\"https:\\\/\\\/aliancaevangelica.pt\\\/site\\\/author\\\/aeportugal\\\/\"}]}<\/script>\n<!-- \/ Yoast SEO plugin. -->","yoast_head_json":{"title":"Monstros e Companhia - Ana Ramalho Rosa - AEP","robots":{"index":"index","follow":"follow","max-snippet":"max-snippet:-1","max-image-preview":"max-image-preview:large","max-video-preview":"max-video-preview:-1"},"canonical":"https:\/\/aliancaevangelica.pt\/site\/monstros-e-companhia-ana-ramalho-rosa\/","og_locale":"pt_PT","og_type":"article","og_title":"Monstros e Companhia - Ana Ramalho Rosa - AEP","og_description":"Quem n\u00e3o conhece o filme de anima\u00e7\u00e3o Monstros e Companhia? Pessoalmente, \u00e9 um dos meus favoritos. E isso n\u00e3o aconteceu porque me tornei m\u00e3e e passei e \u201cter que ver\u201d desenhos animados. Sempre gostei (e gosto!) de boa anima\u00e7\u00e3o e de uma boa hist\u00f3ria. E n\u00e3o, este n\u00e3o vai ser um texto sobre o que","og_url":"https:\/\/aliancaevangelica.pt\/site\/monstros-e-companhia-ana-ramalho-rosa\/","og_site_name":"AEP","article_publisher":"http:\/\/facebook.com\/aeportuguesa","article_author":"aeportugal","article_published_time":"2018-05-11T01:53:53+00:00","og_image":[{"width":1280,"height":853,"url":"https:\/\/aliancaevangelica.pt\/site\/wp-content\/uploads\/2018\/05\/beb\u00e9-menino.jpg","type":"image\/jpeg"}],"author":"AEP","twitter_card":"summary_large_image","twitter_misc":{"Escrito por":"AEP","Tempo estimado de leitura":"4 minutos"},"schema":{"@context":"https:\/\/schema.org","@graph":[{"@type":"Article","@id":"https:\/\/aliancaevangelica.pt\/site\/monstros-e-companhia-ana-ramalho-rosa\/#article","isPartOf":{"@id":"https:\/\/aliancaevangelica.pt\/site\/monstros-e-companhia-ana-ramalho-rosa\/"},"author":{"name":"AEP","@id":"https:\/\/aliancaevangelica.pt\/site\/#\/schema\/person\/3b47cfc7535eff1e820f31c2d67eafcf"},"headline":"Monstros e Companhia &#8211; Ana Ramalho Rosa","datePublished":"2018-05-11T01:53:53+00:00","mainEntityOfPage":{"@id":"https:\/\/aliancaevangelica.pt\/site\/monstros-e-companhia-ana-ramalho-rosa\/"},"wordCount":789,"commentCount":0,"publisher":{"@id":"https:\/\/aliancaevangelica.pt\/site\/#organization"},"image":{"@id":"https:\/\/aliancaevangelica.pt\/site\/monstros-e-companhia-ana-ramalho-rosa\/#primaryimage"},"thumbnailUrl":"https:\/\/aliancaevangelica.pt\/site\/wp-content\/uploads\/2018\/05\/beb\u00e9-menino.jpg","articleSection":["1-Geral","MULHERES, CASAIS E FAM\u00cdLIA"],"inLanguage":"pt-PT","potentialAction":[{"@type":"CommentAction","name":"Comment","target":["https:\/\/aliancaevangelica.pt\/site\/monstros-e-companhia-ana-ramalho-rosa\/#respond"]}]},{"@type":"WebPage","@id":"https:\/\/aliancaevangelica.pt\/site\/monstros-e-companhia-ana-ramalho-rosa\/","url":"https:\/\/aliancaevangelica.pt\/site\/monstros-e-companhia-ana-ramalho-rosa\/","name":"Monstros e Companhia - Ana Ramalho Rosa - AEP","isPartOf":{"@id":"https:\/\/aliancaevangelica.pt\/site\/#website"},"primaryImageOfPage":{"@id":"https:\/\/aliancaevangelica.pt\/site\/monstros-e-companhia-ana-ramalho-rosa\/#primaryimage"},"image":{"@id":"https:\/\/aliancaevangelica.pt\/site\/monstros-e-companhia-ana-ramalho-rosa\/#primaryimage"},"thumbnailUrl":"https:\/\/aliancaevangelica.pt\/site\/wp-content\/uploads\/2018\/05\/beb\u00e9-menino.jpg","datePublished":"2018-05-11T01:53:53+00:00","breadcrumb":{"@id":"https:\/\/aliancaevangelica.pt\/site\/monstros-e-companhia-ana-ramalho-rosa\/#breadcrumb"},"inLanguage":"pt-PT","potentialAction":[{"@type":"ReadAction","target":["https:\/\/aliancaevangelica.pt\/site\/monstros-e-companhia-ana-ramalho-rosa\/"]}]},{"@type":"ImageObject","inLanguage":"pt-PT","@id":"https:\/\/aliancaevangelica.pt\/site\/monstros-e-companhia-ana-ramalho-rosa\/#primaryimage","url":"https:\/\/aliancaevangelica.pt\/site\/wp-content\/uploads\/2018\/05\/beb\u00e9-menino.jpg","contentUrl":"https:\/\/aliancaevangelica.pt\/site\/wp-content\/uploads\/2018\/05\/beb\u00e9-menino.jpg","width":1280,"height":853},{"@type":"BreadcrumbList","@id":"https:\/\/aliancaevangelica.pt\/site\/monstros-e-companhia-ana-ramalho-rosa\/#breadcrumb","itemListElement":[{"@type":"ListItem","position":1,"name":"In\u00edcio","item":"https:\/\/aliancaevangelica.pt\/site\/"},{"@type":"ListItem","position":2,"name":"Monstros e Companhia &#8211; Ana Ramalho Rosa"}]},{"@type":"WebSite","@id":"https:\/\/aliancaevangelica.pt\/site\/#website","url":"https:\/\/aliancaevangelica.pt\/site\/","name":"Alian\u00e7a Evang\u00e9lica Portuguesa","description":"Alian\u00e7a Evang\u00e9lica Portuguesa","publisher":{"@id":"https:\/\/aliancaevangelica.pt\/site\/#organization"},"potentialAction":[{"@type":"SearchAction","target":{"@type":"EntryPoint","urlTemplate":"https:\/\/aliancaevangelica.pt\/site\/?s={search_term_string}"},"query-input":{"@type":"PropertyValueSpecification","valueRequired":true,"valueName":"search_term_string"}}],"inLanguage":"pt-PT"},{"@type":"Organization","@id":"https:\/\/aliancaevangelica.pt\/site\/#organization","name":"Alian\u00e7a Evang\u00e9lica Portuguesa","url":"https:\/\/aliancaevangelica.pt\/site\/","logo":{"@type":"ImageObject","inLanguage":"pt-PT","@id":"https:\/\/aliancaevangelica.pt\/site\/#\/schema\/logo\/image\/","url":"https:\/\/aliancaevangelica.pt\/site\/wp-content\/uploads\/2017\/11\/logo-AEP-cor.png","contentUrl":"https:\/\/aliancaevangelica.pt\/site\/wp-content\/uploads\/2017\/11\/logo-AEP-cor.png","width":1156,"height":672,"caption":"Alian\u00e7a Evang\u00e9lica Portuguesa"},"image":{"@id":"https:\/\/aliancaevangelica.pt\/site\/#\/schema\/logo\/image\/"},"sameAs":["http:\/\/facebook.com\/aeportuguesa","http:\/\/instagram.com\/aliancaep","http:\/\/youtube.com\/aeportuguesa"]},{"@type":"Person","@id":"https:\/\/aliancaevangelica.pt\/site\/#\/schema\/person\/3b47cfc7535eff1e820f31c2d67eafcf","name":"AEP","sameAs":["aeportugal"],"url":"https:\/\/aliancaevangelica.pt\/site\/author\/aeportugal\/"}]}},"uagb_featured_image_src":{"full":["https:\/\/aliancaevangelica.pt\/site\/wp-content\/uploads\/2018\/05\/beb\u00e9-menino.jpg",1280,853,false],"thumbnail":["https:\/\/aliancaevangelica.pt\/site\/wp-content\/uploads\/2018\/05\/beb\u00e9-menino-150x150.jpg",150,150,true],"medium":["https:\/\/aliancaevangelica.pt\/site\/wp-content\/uploads\/2018\/05\/beb\u00e9-menino-300x200.jpg",300,200,true],"medium_large":["https:\/\/aliancaevangelica.pt\/site\/wp-content\/uploads\/2018\/05\/beb\u00e9-menino-768x512.jpg",768,512,true],"large":["https:\/\/aliancaevangelica.pt\/site\/wp-content\/uploads\/2018\/05\/beb\u00e9-menino-1024x682.jpg",960,639,true],"1536x1536":["https:\/\/aliancaevangelica.pt\/site\/wp-content\/uploads\/2018\/05\/beb\u00e9-menino.jpg",1280,853,false],"2048x2048":["https:\/\/aliancaevangelica.pt\/site\/wp-content\/uploads\/2018\/05\/beb\u00e9-menino.jpg",1280,853,false],"vp_sm":["https:\/\/aliancaevangelica.pt\/site\/wp-content\/uploads\/2018\/05\/beb\u00e9-menino.jpg",500,333,false],"vp_md":["https:\/\/aliancaevangelica.pt\/site\/wp-content\/uploads\/2018\/05\/beb\u00e9-menino.jpg",800,533,false],"vp_lg":["https:\/\/aliancaevangelica.pt\/site\/wp-content\/uploads\/2018\/05\/beb\u00e9-menino.jpg",1280,853,false],"vp_xl":["https:\/\/aliancaevangelica.pt\/site\/wp-content\/uploads\/2018\/05\/beb\u00e9-menino.jpg",1280,853,false],"vp_sm_popup":["https:\/\/aliancaevangelica.pt\/site\/wp-content\/uploads\/2018\/05\/beb\u00e9-menino.jpg",500,333,false],"vp_md_popup":["https:\/\/aliancaevangelica.pt\/site\/wp-content\/uploads\/2018\/05\/beb\u00e9-menino.jpg",800,533,false],"vp_xl_popup":["https:\/\/aliancaevangelica.pt\/site\/wp-content\/uploads\/2018\/05\/beb\u00e9-menino.jpg",1280,853,false],"newsx-150x100":["https:\/\/aliancaevangelica.pt\/site\/wp-content\/uploads\/2018\/05\/beb\u00e9-menino.jpg",150,100,false],"newsx-330x220":["https:\/\/aliancaevangelica.pt\/site\/wp-content\/uploads\/2018\/05\/beb\u00e9-menino.jpg",330,220,false],"newsx-420x280":["https:\/\/aliancaevangelica.pt\/site\/wp-content\/uploads\/2018\/05\/beb\u00e9-menino.jpg",420,280,false],"newsx-510x340":["https:\/\/aliancaevangelica.pt\/site\/wp-content\/uploads\/2018\/05\/beb\u00e9-menino.jpg",510,340,false],"newsx-640x480":["https:\/\/aliancaevangelica.pt\/site\/wp-content\/uploads\/2018\/05\/beb\u00e9-menino.jpg",640,427,false],"newsx-670x370":["https:\/\/aliancaevangelica.pt\/site\/wp-content\/uploads\/2018\/05\/beb\u00e9-menino.jpg",555,370,false],"newsx-860x570":["https:\/\/aliancaevangelica.pt\/site\/wp-content\/uploads\/2018\/05\/beb\u00e9-menino.jpg",855,570,false],"newsx-1000x750":["https:\/\/aliancaevangelica.pt\/site\/wp-content\/uploads\/2018\/05\/beb\u00e9-menino.jpg",1000,666,false],"newsx-1200x600":["https:\/\/aliancaevangelica.pt\/site\/wp-content\/uploads\/2018\/05\/beb\u00e9-menino.jpg",900,600,false]},"uagb_author_info":{"display_name":"AEP","author_link":"https:\/\/aliancaevangelica.pt\/site\/author\/aeportugal\/"},"uagb_comment_info":0,"uagb_excerpt":"Quem n\u00e3o conhece o filme de anima\u00e7\u00e3o Monstros e Companhia? Pessoalmente, \u00e9 um dos meus favoritos. E isso n\u00e3o aconteceu porque me tornei m\u00e3e e passei e \u201cter que ver\u201d desenhos animados. Sempre gostei (e gosto!) de boa anima\u00e7\u00e3o e de uma boa hist\u00f3ria. E n\u00e3o, este n\u00e3o vai ser um texto sobre o que","_links":{"self":[{"href":"https:\/\/aliancaevangelica.pt\/site\/wp-json\/wp\/v2\/posts\/16039","targetHints":{"allow":["GET"]}}],"collection":[{"href":"https:\/\/aliancaevangelica.pt\/site\/wp-json\/wp\/v2\/posts"}],"about":[{"href":"https:\/\/aliancaevangelica.pt\/site\/wp-json\/wp\/v2\/types\/post"}],"author":[{"embeddable":true,"href":"https:\/\/aliancaevangelica.pt\/site\/wp-json\/wp\/v2\/users\/2"}],"replies":[{"embeddable":true,"href":"https:\/\/aliancaevangelica.pt\/site\/wp-json\/wp\/v2\/comments?post=16039"}],"version-history":[{"count":1,"href":"https:\/\/aliancaevangelica.pt\/site\/wp-json\/wp\/v2\/posts\/16039\/revisions"}],"predecessor-version":[{"id":16042,"href":"https:\/\/aliancaevangelica.pt\/site\/wp-json\/wp\/v2\/posts\/16039\/revisions\/16042"}],"wp:featuredmedia":[{"embeddable":true,"href":"https:\/\/aliancaevangelica.pt\/site\/wp-json\/wp\/v2\/media\/16041"}],"wp:attachment":[{"href":"https:\/\/aliancaevangelica.pt\/site\/wp-json\/wp\/v2\/media?parent=16039"}],"wp:term":[{"taxonomy":"category","embeddable":true,"href":"https:\/\/aliancaevangelica.pt\/site\/wp-json\/wp\/v2\/categories?post=16039"},{"taxonomy":"post_tag","embeddable":true,"href":"https:\/\/aliancaevangelica.pt\/site\/wp-json\/wp\/v2\/tags?post=16039"}],"curies":[{"name":"wp","href":"https:\/\/api.w.org\/{rel}","templated":true}]}}