{"id":15924,"date":"2018-04-13T15:03:03","date_gmt":"2018-04-13T15:03:03","guid":{"rendered":"https:\/\/aliancaevangelica.pt\/site\/?p=15924"},"modified":"2026-03-02T18:35:50","modified_gmt":"2026-03-02T18:35:50","slug":"fardas-sarah-catarino","status":"publish","type":"post","link":"https:\/\/aliancaevangelica.pt\/site\/fardas-sarah-catarino\/","title":{"rendered":"Fardas &#8211; Sarah Catarino"},"content":{"rendered":"<p>Sentada no \u00e1trio de um grande e moderno hospital, d\u00e1 para seguir o movimento das pessoas que entram e saem. Todos os que andam por ali carregam em si uma hist\u00f3ria, uma trag\u00e9dia ou um drama. H\u00e1 pequenos grupos de pessoas que parecem querer mostrar-se mais fortes do que realmente s\u00e3o. O len\u00e7o que sobe at\u00e9 aos olhos \u00e9 logo desviado e olham de um lado para o outro, como se a dor pudesse ser assim aliviada mais depressa. Hospital n\u00e3o \u00e9 mesmo lugar para festa nem piquenique&#8230;<\/p>\n<p>Mas na minha observa\u00e7\u00e3o, detenho a minha aten\u00e7\u00e3o sobre outras pessoas, os profissionais do hospital.Uns andam apressados, com passos firmes, sem olhar para ningu\u00e9m. T\u00eam algo importante em mente e perseguem o seu objectivo. Outros, em grupo, conversam, riem e dirigem-se para a cafetaria onde podem comer e beber alguma coisa que lhes d\u00ea \u00e2nimo para continuar. Reparo ainda num outro pormenor: esses tais grupos s\u00e3o compostos por pessoas com a mesma farda. Nada de misturas. Fico ali, distra\u00edda, a identificar o que cada farda representa: o pessoal da administra\u00e7\u00e3o, os enfermeiros, os m\u00e9dicos, auxiliares, fisioterapeutas e ainda uns senhores todos vestidos de azul, que, julgo eu, ter\u00e3o alguma coisa a ver com cirurgia&#8230; Se nos chegarmos junto de uma dessas pessoas, \u00e9 bom que saibamos o que queremos, porque eles n\u00e3o gostam de responder a quest\u00f5es que nada t\u00eam a ver coma sua fun\u00e7\u00e3o. Aquela farda ajuda-nos a conhecer a sua identidade, quem s\u00e3o, o que fazem. <\/p>\n<p>Nunca usei farda. Nos v\u00e1rios servi\u00e7os e trabalhos da minha vida, nunca foi preciso. Mas tenho uma identidade. Ser\u00e1 que as pessoas que se chegam a mim, sabem o que esperar, o que pedir, o que v\u00e3o receber? Ser\u00e1 que mesmo sem uniforme, a minha vida transmite aos que me rodeiam a seguran\u00e7a de uma resposta, o \u00e2nimo da direc\u00e7\u00e3o e at\u00e9 o carinho inesperado?<br \/>\nL\u00e1, sentada no \u00e1trio do hospital, pensei em Jesus Cristo, vestido como qualquer galileu do Seu tempo, sem a \u201cfarda\u201d pesada dos fariseus e doutores da lei, sem a t\u00fanica pomposa dos centuri\u00f5es romanos, mas ainda assim, atraindo multid\u00f5es, chamando crian\u00e7as, rindo e comendo trigo com os disc\u00edpulos no meio das searas, tocando os pobres, os marginais, alimentando uma multid\u00e3o faminta, curvando-se para uma escrita misteriosa, feita com o Seu dedo no p\u00f3 do caminho, enquanto uma mulher apanhada em adult\u00e9rio espera a senten\u00e7a de morte. <\/p>\n<p>Quando as pessoas chegavam perto Dele, muitas vezes n\u00e3o sabiam como cham\u00e1-lo. Alguns tratavam-no por \u201cnazareno\u201d com um misto de desprezo, outras vezes de \u201crabi\u201d sem compreender muito bem a Sua sabedoria. Ele transcendia tudo o que se esperava de um homem do Seu tempo. Ainda hoje os homens t\u00eam dificuldade em entender quem Ele \u00c9. Acham que se estivesse aqui, vestiria a sua cor pol\u00edtica. Pensam que Ele \u00e9 propriedade das suas igrejas. Mas Ele n\u00e3o usa farda. Continua a ser superior a tudo o que possamos imaginar num ser humano. Ele \u00e9 o Homem perfeito, completo, pleno.<br \/>\nComo desejo que aquilo que sou me diferencie do resto, para que os necessitados, os que n\u00e3o t\u00eam amigos, abrigo, se cheguem a mim, sem receio de ser enganados, sem medo de ser ofendidos. Que a roupa que me cobre a cada dia, de tecido ou cor diferentes, n\u00e3o esconda o mais importante, a semelhan\u00e7a com o Cristo de Deus!<\/p>\n<p>[movedo_single_image image=&#8221;15926&#8243; animation=&#8221;grve-zoom-in&#8221;]<strong>Sarah Catarino<\/strong><br \/>\nL\u00edder da AGLOW International (Portugal)<\/p>\n","protected":false},"excerpt":{"rendered":"<p>Sentada no \u00e1trio de um grande e moderno hospital, d\u00e1 para seguir o movimento das pessoas que entram e saem. Todos os que andam por ali carregam em si uma hist\u00f3ria, uma trag\u00e9dia ou um drama. H\u00e1 pequenos grupos de pessoas que parecem querer mostrar-se mais fortes do que realmente s\u00e3o. O len\u00e7o que sobe<\/p>\n","protected":false},"author":2,"featured_media":15925,"comment_status":"open","ping_status":"open","sticky":false,"template":"","format":"standard","meta":{"_uag_custom_page_level_css":"","_themeisle_gutenberg_block_has_review":false,"_vp_format_video_url":"","_vp_image_focal_point":[],"footnotes":""},"categories":[45,47],"tags":[],"class_list":["post-15924","post","type-post","status-publish","format-standard","has-post-thumbnail","hentry","category-geral","category-mulheres-casais-e-familia"],"yoast_head":"<!-- This site is optimized with the Yoast SEO plugin v27.5 - https:\/\/yoast.com\/product\/yoast-seo-wordpress\/ -->\n<title>Fardas - Sarah Catarino - AEP<\/title>\n<meta name=\"robots\" content=\"index, follow, max-snippet:-1, max-image-preview:large, max-video-preview:-1\" \/>\n<link rel=\"canonical\" href=\"https:\/\/aliancaevangelica.pt\/site\/fardas-sarah-catarino\/\" \/>\n<meta property=\"og:locale\" content=\"pt_PT\" \/>\n<meta property=\"og:type\" content=\"article\" \/>\n<meta property=\"og:title\" content=\"Fardas - Sarah Catarino - AEP\" \/>\n<meta property=\"og:description\" content=\"Sentada no \u00e1trio de um grande e moderno hospital, d\u00e1 para seguir o movimento das pessoas que entram e saem. Todos os que andam por ali carregam em si uma hist\u00f3ria, uma trag\u00e9dia ou um drama. H\u00e1 pequenos grupos de pessoas que parecem querer mostrar-se mais fortes do que realmente s\u00e3o. O len\u00e7o que sobe\" \/>\n<meta property=\"og:url\" content=\"https:\/\/aliancaevangelica.pt\/site\/fardas-sarah-catarino\/\" \/>\n<meta property=\"og:site_name\" content=\"AEP\" \/>\n<meta property=\"article:publisher\" content=\"http:\/\/facebook.com\/aeportuguesa\" \/>\n<meta property=\"article:author\" content=\"aeportugal\" \/>\n<meta property=\"article:published_time\" content=\"2018-04-13T15:03:03+00:00\" \/>\n<meta property=\"article:modified_time\" content=\"2026-03-02T18:35:50+00:00\" \/>\n<meta property=\"og:image\" content=\"https:\/\/aliancaevangelica.pt\/site\/wp-content\/uploads\/2018\/04\/Fardas.jpg\" \/>\n\t<meta property=\"og:image:width\" content=\"1280\" \/>\n\t<meta property=\"og:image:height\" content=\"854\" \/>\n\t<meta property=\"og:image:type\" content=\"image\/jpeg\" \/>\n<meta name=\"author\" content=\"AEP\" \/>\n<meta name=\"twitter:card\" content=\"summary_large_image\" \/>\n<meta name=\"twitter:label1\" content=\"Escrito por\" \/>\n\t<meta name=\"twitter:data1\" content=\"AEP\" \/>\n\t<meta name=\"twitter:label2\" content=\"Tempo estimado de leitura\" \/>\n\t<meta name=\"twitter:data2\" content=\"3 minutos\" \/>\n<script type=\"application\/ld+json\" class=\"yoast-schema-graph\">{\"@context\":\"https:\\\/\\\/schema.org\",\"@graph\":[{\"@type\":\"Article\",\"@id\":\"https:\\\/\\\/aliancaevangelica.pt\\\/site\\\/fardas-sarah-catarino\\\/#article\",\"isPartOf\":{\"@id\":\"https:\\\/\\\/aliancaevangelica.pt\\\/site\\\/fardas-sarah-catarino\\\/\"},\"author\":{\"name\":\"AEP\",\"@id\":\"https:\\\/\\\/aliancaevangelica.pt\\\/site\\\/#\\\/schema\\\/person\\\/3b47cfc7535eff1e820f31c2d67eafcf\"},\"headline\":\"Fardas &#8211; Sarah Catarino\",\"datePublished\":\"2018-04-13T15:03:03+00:00\",\"dateModified\":\"2026-03-02T18:35:50+00:00\",\"mainEntityOfPage\":{\"@id\":\"https:\\\/\\\/aliancaevangelica.pt\\\/site\\\/fardas-sarah-catarino\\\/\"},\"wordCount\":610,\"commentCount\":0,\"publisher\":{\"@id\":\"https:\\\/\\\/aliancaevangelica.pt\\\/site\\\/#organization\"},\"image\":{\"@id\":\"https:\\\/\\\/aliancaevangelica.pt\\\/site\\\/fardas-sarah-catarino\\\/#primaryimage\"},\"thumbnailUrl\":\"https:\\\/\\\/aliancaevangelica.pt\\\/site\\\/wp-content\\\/uploads\\\/2018\\\/04\\\/Fardas.jpg\",\"articleSection\":[\"1-Geral\",\"Mulheres, Casais e Fam\u00edlia\"],\"inLanguage\":\"pt-PT\",\"potentialAction\":[{\"@type\":\"CommentAction\",\"name\":\"Comment\",\"target\":[\"https:\\\/\\\/aliancaevangelica.pt\\\/site\\\/fardas-sarah-catarino\\\/#respond\"]}]},{\"@type\":\"WebPage\",\"@id\":\"https:\\\/\\\/aliancaevangelica.pt\\\/site\\\/fardas-sarah-catarino\\\/\",\"url\":\"https:\\\/\\\/aliancaevangelica.pt\\\/site\\\/fardas-sarah-catarino\\\/\",\"name\":\"Fardas - Sarah Catarino - AEP\",\"isPartOf\":{\"@id\":\"https:\\\/\\\/aliancaevangelica.pt\\\/site\\\/#website\"},\"primaryImageOfPage\":{\"@id\":\"https:\\\/\\\/aliancaevangelica.pt\\\/site\\\/fardas-sarah-catarino\\\/#primaryimage\"},\"image\":{\"@id\":\"https:\\\/\\\/aliancaevangelica.pt\\\/site\\\/fardas-sarah-catarino\\\/#primaryimage\"},\"thumbnailUrl\":\"https:\\\/\\\/aliancaevangelica.pt\\\/site\\\/wp-content\\\/uploads\\\/2018\\\/04\\\/Fardas.jpg\",\"datePublished\":\"2018-04-13T15:03:03+00:00\",\"dateModified\":\"2026-03-02T18:35:50+00:00\",\"breadcrumb\":{\"@id\":\"https:\\\/\\\/aliancaevangelica.pt\\\/site\\\/fardas-sarah-catarino\\\/#breadcrumb\"},\"inLanguage\":\"pt-PT\",\"potentialAction\":[{\"@type\":\"ReadAction\",\"target\":[\"https:\\\/\\\/aliancaevangelica.pt\\\/site\\\/fardas-sarah-catarino\\\/\"]}]},{\"@type\":\"ImageObject\",\"inLanguage\":\"pt-PT\",\"@id\":\"https:\\\/\\\/aliancaevangelica.pt\\\/site\\\/fardas-sarah-catarino\\\/#primaryimage\",\"url\":\"https:\\\/\\\/aliancaevangelica.pt\\\/site\\\/wp-content\\\/uploads\\\/2018\\\/04\\\/Fardas.jpg\",\"contentUrl\":\"https:\\\/\\\/aliancaevangelica.pt\\\/site\\\/wp-content\\\/uploads\\\/2018\\\/04\\\/Fardas.jpg\",\"width\":1280,\"height\":854},{\"@type\":\"BreadcrumbList\",\"@id\":\"https:\\\/\\\/aliancaevangelica.pt\\\/site\\\/fardas-sarah-catarino\\\/#breadcrumb\",\"itemListElement\":[{\"@type\":\"ListItem\",\"position\":1,\"name\":\"In\u00edcio\",\"item\":\"https:\\\/\\\/aliancaevangelica.pt\\\/site\\\/\"},{\"@type\":\"ListItem\",\"position\":2,\"name\":\"Fardas &#8211; Sarah Catarino\"}]},{\"@type\":\"WebSite\",\"@id\":\"https:\\\/\\\/aliancaevangelica.pt\\\/site\\\/#website\",\"url\":\"https:\\\/\\\/aliancaevangelica.pt\\\/site\\\/\",\"name\":\"Alian\u00e7a Evang\u00e9lica Portuguesa\",\"description\":\"Alian\u00e7a Evang\u00e9lica Portuguesa\",\"publisher\":{\"@id\":\"https:\\\/\\\/aliancaevangelica.pt\\\/site\\\/#organization\"},\"potentialAction\":[{\"@type\":\"SearchAction\",\"target\":{\"@type\":\"EntryPoint\",\"urlTemplate\":\"https:\\\/\\\/aliancaevangelica.pt\\\/site\\\/?s={search_term_string}\"},\"query-input\":{\"@type\":\"PropertyValueSpecification\",\"valueRequired\":true,\"valueName\":\"search_term_string\"}}],\"inLanguage\":\"pt-PT\"},{\"@type\":\"Organization\",\"@id\":\"https:\\\/\\\/aliancaevangelica.pt\\\/site\\\/#organization\",\"name\":\"Alian\u00e7a Evang\u00e9lica Portuguesa\",\"url\":\"https:\\\/\\\/aliancaevangelica.pt\\\/site\\\/\",\"logo\":{\"@type\":\"ImageObject\",\"inLanguage\":\"pt-PT\",\"@id\":\"https:\\\/\\\/aliancaevangelica.pt\\\/site\\\/#\\\/schema\\\/logo\\\/image\\\/\",\"url\":\"https:\\\/\\\/aliancaevangelica.pt\\\/site\\\/wp-content\\\/uploads\\\/2017\\\/11\\\/logo-AEP-cor.png\",\"contentUrl\":\"https:\\\/\\\/aliancaevangelica.pt\\\/site\\\/wp-content\\\/uploads\\\/2017\\\/11\\\/logo-AEP-cor.png\",\"width\":1156,\"height\":672,\"caption\":\"Alian\u00e7a Evang\u00e9lica Portuguesa\"},\"image\":{\"@id\":\"https:\\\/\\\/aliancaevangelica.pt\\\/site\\\/#\\\/schema\\\/logo\\\/image\\\/\"},\"sameAs\":[\"http:\\\/\\\/facebook.com\\\/aeportuguesa\",\"http:\\\/\\\/instagram.com\\\/aliancaep\",\"http:\\\/\\\/youtube.com\\\/aeportuguesa\"]},{\"@type\":\"Person\",\"@id\":\"https:\\\/\\\/aliancaevangelica.pt\\\/site\\\/#\\\/schema\\\/person\\\/3b47cfc7535eff1e820f31c2d67eafcf\",\"name\":\"AEP\",\"sameAs\":[\"aeportugal\"],\"url\":\"https:\\\/\\\/aliancaevangelica.pt\\\/site\\\/author\\\/aeportugal\\\/\"}]}<\/script>\n<!-- \/ Yoast SEO plugin. -->","yoast_head_json":{"title":"Fardas - Sarah Catarino - AEP","robots":{"index":"index","follow":"follow","max-snippet":"max-snippet:-1","max-image-preview":"max-image-preview:large","max-video-preview":"max-video-preview:-1"},"canonical":"https:\/\/aliancaevangelica.pt\/site\/fardas-sarah-catarino\/","og_locale":"pt_PT","og_type":"article","og_title":"Fardas - Sarah Catarino - AEP","og_description":"Sentada no \u00e1trio de um grande e moderno hospital, d\u00e1 para seguir o movimento das pessoas que entram e saem. Todos os que andam por ali carregam em si uma hist\u00f3ria, uma trag\u00e9dia ou um drama. H\u00e1 pequenos grupos de pessoas que parecem querer mostrar-se mais fortes do que realmente s\u00e3o. O len\u00e7o que sobe","og_url":"https:\/\/aliancaevangelica.pt\/site\/fardas-sarah-catarino\/","og_site_name":"AEP","article_publisher":"http:\/\/facebook.com\/aeportuguesa","article_author":"aeportugal","article_published_time":"2018-04-13T15:03:03+00:00","article_modified_time":"2026-03-02T18:35:50+00:00","og_image":[{"width":1280,"height":854,"url":"https:\/\/aliancaevangelica.pt\/site\/wp-content\/uploads\/2018\/04\/Fardas.jpg","type":"image\/jpeg"}],"author":"AEP","twitter_card":"summary_large_image","twitter_misc":{"Escrito por":"AEP","Tempo estimado de leitura":"3 minutos"},"schema":{"@context":"https:\/\/schema.org","@graph":[{"@type":"Article","@id":"https:\/\/aliancaevangelica.pt\/site\/fardas-sarah-catarino\/#article","isPartOf":{"@id":"https:\/\/aliancaevangelica.pt\/site\/fardas-sarah-catarino\/"},"author":{"name":"AEP","@id":"https:\/\/aliancaevangelica.pt\/site\/#\/schema\/person\/3b47cfc7535eff1e820f31c2d67eafcf"},"headline":"Fardas &#8211; Sarah Catarino","datePublished":"2018-04-13T15:03:03+00:00","dateModified":"2026-03-02T18:35:50+00:00","mainEntityOfPage":{"@id":"https:\/\/aliancaevangelica.pt\/site\/fardas-sarah-catarino\/"},"wordCount":610,"commentCount":0,"publisher":{"@id":"https:\/\/aliancaevangelica.pt\/site\/#organization"},"image":{"@id":"https:\/\/aliancaevangelica.pt\/site\/fardas-sarah-catarino\/#primaryimage"},"thumbnailUrl":"https:\/\/aliancaevangelica.pt\/site\/wp-content\/uploads\/2018\/04\/Fardas.jpg","articleSection":["1-Geral","Mulheres, Casais e Fam\u00edlia"],"inLanguage":"pt-PT","potentialAction":[{"@type":"CommentAction","name":"Comment","target":["https:\/\/aliancaevangelica.pt\/site\/fardas-sarah-catarino\/#respond"]}]},{"@type":"WebPage","@id":"https:\/\/aliancaevangelica.pt\/site\/fardas-sarah-catarino\/","url":"https:\/\/aliancaevangelica.pt\/site\/fardas-sarah-catarino\/","name":"Fardas - Sarah Catarino - AEP","isPartOf":{"@id":"https:\/\/aliancaevangelica.pt\/site\/#website"},"primaryImageOfPage":{"@id":"https:\/\/aliancaevangelica.pt\/site\/fardas-sarah-catarino\/#primaryimage"},"image":{"@id":"https:\/\/aliancaevangelica.pt\/site\/fardas-sarah-catarino\/#primaryimage"},"thumbnailUrl":"https:\/\/aliancaevangelica.pt\/site\/wp-content\/uploads\/2018\/04\/Fardas.jpg","datePublished":"2018-04-13T15:03:03+00:00","dateModified":"2026-03-02T18:35:50+00:00","breadcrumb":{"@id":"https:\/\/aliancaevangelica.pt\/site\/fardas-sarah-catarino\/#breadcrumb"},"inLanguage":"pt-PT","potentialAction":[{"@type":"ReadAction","target":["https:\/\/aliancaevangelica.pt\/site\/fardas-sarah-catarino\/"]}]},{"@type":"ImageObject","inLanguage":"pt-PT","@id":"https:\/\/aliancaevangelica.pt\/site\/fardas-sarah-catarino\/#primaryimage","url":"https:\/\/aliancaevangelica.pt\/site\/wp-content\/uploads\/2018\/04\/Fardas.jpg","contentUrl":"https:\/\/aliancaevangelica.pt\/site\/wp-content\/uploads\/2018\/04\/Fardas.jpg","width":1280,"height":854},{"@type":"BreadcrumbList","@id":"https:\/\/aliancaevangelica.pt\/site\/fardas-sarah-catarino\/#breadcrumb","itemListElement":[{"@type":"ListItem","position":1,"name":"In\u00edcio","item":"https:\/\/aliancaevangelica.pt\/site\/"},{"@type":"ListItem","position":2,"name":"Fardas &#8211; Sarah Catarino"}]},{"@type":"WebSite","@id":"https:\/\/aliancaevangelica.pt\/site\/#website","url":"https:\/\/aliancaevangelica.pt\/site\/","name":"Alian\u00e7a Evang\u00e9lica Portuguesa","description":"Alian\u00e7a Evang\u00e9lica Portuguesa","publisher":{"@id":"https:\/\/aliancaevangelica.pt\/site\/#organization"},"potentialAction":[{"@type":"SearchAction","target":{"@type":"EntryPoint","urlTemplate":"https:\/\/aliancaevangelica.pt\/site\/?s={search_term_string}"},"query-input":{"@type":"PropertyValueSpecification","valueRequired":true,"valueName":"search_term_string"}}],"inLanguage":"pt-PT"},{"@type":"Organization","@id":"https:\/\/aliancaevangelica.pt\/site\/#organization","name":"Alian\u00e7a Evang\u00e9lica Portuguesa","url":"https:\/\/aliancaevangelica.pt\/site\/","logo":{"@type":"ImageObject","inLanguage":"pt-PT","@id":"https:\/\/aliancaevangelica.pt\/site\/#\/schema\/logo\/image\/","url":"https:\/\/aliancaevangelica.pt\/site\/wp-content\/uploads\/2017\/11\/logo-AEP-cor.png","contentUrl":"https:\/\/aliancaevangelica.pt\/site\/wp-content\/uploads\/2017\/11\/logo-AEP-cor.png","width":1156,"height":672,"caption":"Alian\u00e7a Evang\u00e9lica Portuguesa"},"image":{"@id":"https:\/\/aliancaevangelica.pt\/site\/#\/schema\/logo\/image\/"},"sameAs":["http:\/\/facebook.com\/aeportuguesa","http:\/\/instagram.com\/aliancaep","http:\/\/youtube.com\/aeportuguesa"]},{"@type":"Person","@id":"https:\/\/aliancaevangelica.pt\/site\/#\/schema\/person\/3b47cfc7535eff1e820f31c2d67eafcf","name":"AEP","sameAs":["aeportugal"],"url":"https:\/\/aliancaevangelica.pt\/site\/author\/aeportugal\/"}]}},"uagb_featured_image_src":{"full":["https:\/\/aliancaevangelica.pt\/site\/wp-content\/uploads\/2018\/04\/Fardas.jpg",1280,854,false],"thumbnail":["https:\/\/aliancaevangelica.pt\/site\/wp-content\/uploads\/2018\/04\/Fardas-150x150.jpg",150,150,true],"medium":["https:\/\/aliancaevangelica.pt\/site\/wp-content\/uploads\/2018\/04\/Fardas-300x200.jpg",300,200,true],"medium_large":["https:\/\/aliancaevangelica.pt\/site\/wp-content\/uploads\/2018\/04\/Fardas-768x512.jpg",768,512,true],"large":["https:\/\/aliancaevangelica.pt\/site\/wp-content\/uploads\/2018\/04\/Fardas-1024x683.jpg",960,640,true],"1536x1536":["https:\/\/aliancaevangelica.pt\/site\/wp-content\/uploads\/2018\/04\/Fardas.jpg",1280,854,false],"2048x2048":["https:\/\/aliancaevangelica.pt\/site\/wp-content\/uploads\/2018\/04\/Fardas.jpg",1280,854,false],"vp_sm":["https:\/\/aliancaevangelica.pt\/site\/wp-content\/uploads\/2018\/04\/Fardas.jpg",500,334,false],"vp_md":["https:\/\/aliancaevangelica.pt\/site\/wp-content\/uploads\/2018\/04\/Fardas.jpg",800,534,false],"vp_lg":["https:\/\/aliancaevangelica.pt\/site\/wp-content\/uploads\/2018\/04\/Fardas.jpg",1280,854,false],"vp_xl":["https:\/\/aliancaevangelica.pt\/site\/wp-content\/uploads\/2018\/04\/Fardas.jpg",1280,854,false],"vp_sm_popup":["https:\/\/aliancaevangelica.pt\/site\/wp-content\/uploads\/2018\/04\/Fardas.jpg",500,334,false],"vp_md_popup":["https:\/\/aliancaevangelica.pt\/site\/wp-content\/uploads\/2018\/04\/Fardas.jpg",800,534,false],"vp_xl_popup":["https:\/\/aliancaevangelica.pt\/site\/wp-content\/uploads\/2018\/04\/Fardas.jpg",1280,854,false],"newsx-150x100":["https:\/\/aliancaevangelica.pt\/site\/wp-content\/uploads\/2018\/04\/Fardas.jpg",150,100,false],"newsx-330x220":["https:\/\/aliancaevangelica.pt\/site\/wp-content\/uploads\/2018\/04\/Fardas.jpg",330,220,false],"newsx-420x280":["https:\/\/aliancaevangelica.pt\/site\/wp-content\/uploads\/2018\/04\/Fardas.jpg",420,280,false],"newsx-510x340":["https:\/\/aliancaevangelica.pt\/site\/wp-content\/uploads\/2018\/04\/Fardas.jpg",510,340,false],"newsx-640x480":["https:\/\/aliancaevangelica.pt\/site\/wp-content\/uploads\/2018\/04\/Fardas.jpg",640,427,false],"newsx-670x370":["https:\/\/aliancaevangelica.pt\/site\/wp-content\/uploads\/2018\/04\/Fardas.jpg",555,370,false],"newsx-860x570":["https:\/\/aliancaevangelica.pt\/site\/wp-content\/uploads\/2018\/04\/Fardas.jpg",854,570,false],"newsx-1000x750":["https:\/\/aliancaevangelica.pt\/site\/wp-content\/uploads\/2018\/04\/Fardas.jpg",1000,667,false],"newsx-1200x600":["https:\/\/aliancaevangelica.pt\/site\/wp-content\/uploads\/2018\/04\/Fardas.jpg",899,600,false]},"uagb_author_info":{"display_name":"AEP","author_link":"https:\/\/aliancaevangelica.pt\/site\/author\/aeportugal\/"},"uagb_comment_info":0,"uagb_excerpt":"Sentada no \u00e1trio de um grande e moderno hospital, d\u00e1 para seguir o movimento das pessoas que entram e saem. Todos os que andam por ali carregam em si uma hist\u00f3ria, uma trag\u00e9dia ou um drama. H\u00e1 pequenos grupos de pessoas que parecem querer mostrar-se mais fortes do que realmente s\u00e3o. O len\u00e7o que sobe","_links":{"self":[{"href":"https:\/\/aliancaevangelica.pt\/site\/wp-json\/wp\/v2\/posts\/15924","targetHints":{"allow":["GET"]}}],"collection":[{"href":"https:\/\/aliancaevangelica.pt\/site\/wp-json\/wp\/v2\/posts"}],"about":[{"href":"https:\/\/aliancaevangelica.pt\/site\/wp-json\/wp\/v2\/types\/post"}],"author":[{"embeddable":true,"href":"https:\/\/aliancaevangelica.pt\/site\/wp-json\/wp\/v2\/users\/2"}],"replies":[{"embeddable":true,"href":"https:\/\/aliancaevangelica.pt\/site\/wp-json\/wp\/v2\/comments?post=15924"}],"version-history":[{"count":1,"href":"https:\/\/aliancaevangelica.pt\/site\/wp-json\/wp\/v2\/posts\/15924\/revisions"}],"predecessor-version":[{"id":15927,"href":"https:\/\/aliancaevangelica.pt\/site\/wp-json\/wp\/v2\/posts\/15924\/revisions\/15927"}],"wp:featuredmedia":[{"embeddable":true,"href":"https:\/\/aliancaevangelica.pt\/site\/wp-json\/wp\/v2\/media\/15925"}],"wp:attachment":[{"href":"https:\/\/aliancaevangelica.pt\/site\/wp-json\/wp\/v2\/media?parent=15924"}],"wp:term":[{"taxonomy":"category","embeddable":true,"href":"https:\/\/aliancaevangelica.pt\/site\/wp-json\/wp\/v2\/categories?post=15924"},{"taxonomy":"post_tag","embeddable":true,"href":"https:\/\/aliancaevangelica.pt\/site\/wp-json\/wp\/v2\/tags?post=15924"}],"curies":[{"name":"wp","href":"https:\/\/api.w.org\/{rel}","templated":true}]}}