{"id":15830,"date":"2018-04-02T23:36:13","date_gmt":"2018-04-02T23:36:13","guid":{"rendered":"https:\/\/aliancaevangelica.pt\/site\/?p=15830"},"modified":"2026-03-02T18:40:03","modified_gmt":"2026-03-02T18:40:03","slug":"rodrigues-pereira-festival-da-esperanca-2018","status":"publish","type":"post","link":"https:\/\/aliancaevangelica.pt\/site\/rodrigues-pereira-festival-da-esperanca-2018\/","title":{"rendered":"Rodrigues Pereira | Festival da Esperan\u00e7a 2018"},"content":{"rendered":"<p><iframe loading=\"lazy\" title=\"Rodrigues Pereira | Festival da Esperan\u00e7a 2018\" width=\"960\" height=\"540\" src=\"https:\/\/www.youtube.com\/embed\/ubE_A4-EAWs?feature=oembed\" frameborder=\"0\" allow=\"accelerometer; autoplay; clipboard-write; encrypted-media; gyroscope; picture-in-picture; web-share\" referrerpolicy=\"strict-origin-when-cross-origin\" allowfullscreen><\/iframe><\/p>\n<p>A procura por um lugar no Festival da Esperan\u00e7a tem sido t\u00e3o grande, que resolvemos abrir uma segunda sess\u00e3o no domingo, dia 8 de Abril, \u00e0s 19h! N\u00e3o percas esta oportunidade de estar presente neste evento e fica atento porque os bilhetes v\u00e3o ficar dispon\u00edveis em breve e v\u00e3o voar! Vem e #fazparte!<\/p>\n<p><a href=\"https:\/\/www.festivaldaesperan\u00e7a.pt\" target=\"_blank\" rel=\"noopener\">www.festivaldaesperan\u00e7a.pt<\/a><\/p>\n","protected":false},"excerpt":{"rendered":"<p>A procura por um lugar no Festival da Esperan\u00e7a tem sido t\u00e3o grande, que resolvemos abrir uma segunda sess\u00e3o no domingo, dia 8 de Abril, \u00e0s 19h! N\u00e3o percas esta oportunidade de estar presente neste evento e fica atento porque os bilhetes v\u00e3o ficar dispon\u00edveis em breve e v\u00e3o voar! Vem e #fazparte! www.festivaldaesperan\u00e7a.pt<\/p>\n","protected":false},"author":2,"featured_media":15831,"comment_status":"open","ping_status":"open","sticky":false,"template":"","format":"standard","meta":{"_uag_custom_page_level_css":"","_themeisle_gutenberg_block_has_review":false,"_vp_format_video_url":"","_vp_image_focal_point":[],"footnotes":""},"categories":[45,3],"tags":[],"class_list":["post-15830","post","type-post","status-publish","format-standard","has-post-thumbnail","hentry","category-geral","category-artigos-gerais"],"yoast_head":"<!-- This site is optimized with the Yoast SEO plugin v27.5 - https:\/\/yoast.com\/product\/yoast-seo-wordpress\/ -->\n<title>Rodrigues Pereira | Festival da Esperan\u00e7a 2018 - AEP<\/title>\n<meta name=\"robots\" content=\"index, follow, max-snippet:-1, max-image-preview:large, max-video-preview:-1\" \/>\n<link rel=\"canonical\" href=\"https:\/\/aliancaevangelica.pt\/site\/rodrigues-pereira-festival-da-esperanca-2018\/\" \/>\n<meta property=\"og:locale\" content=\"pt_PT\" \/>\n<meta property=\"og:type\" content=\"article\" \/>\n<meta property=\"og:title\" content=\"Rodrigues Pereira | Festival da Esperan\u00e7a 2018 - AEP\" \/>\n<meta property=\"og:description\" content=\"A procura por um lugar no Festival da Esperan\u00e7a tem sido t\u00e3o grande, que resolvemos abrir uma segunda sess\u00e3o no domingo, dia 8 de Abril, \u00e0s 19h! N\u00e3o percas esta oportunidade de estar presente neste evento e fica atento porque os bilhetes v\u00e3o ficar dispon\u00edveis em breve e v\u00e3o voar! Vem e #fazparte! www.festivaldaesperan\u00e7a.pt\" \/>\n<meta property=\"og:url\" content=\"https:\/\/aliancaevangelica.pt\/site\/rodrigues-pereira-festival-da-esperanca-2018\/\" \/>\n<meta property=\"og:site_name\" content=\"AEP\" \/>\n<meta property=\"article:publisher\" content=\"http:\/\/facebook.com\/aeportuguesa\" \/>\n<meta property=\"article:author\" content=\"aeportugal\" \/>\n<meta property=\"article:published_time\" content=\"2018-04-02T23:36:13+00:00\" \/>\n<meta property=\"article:modified_time\" content=\"2026-03-02T18:40:03+00:00\" \/>\n<meta property=\"og:image\" content=\"https:\/\/aliancaevangelica.pt\/site\/wp-content\/uploads\/2018\/04\/FE-_-HD-Rodrigues-Pereira.00_00_37_11.Still001.jpg\" \/>\n\t<meta property=\"og:image:width\" content=\"1280\" \/>\n\t<meta property=\"og:image:height\" content=\"720\" \/>\n\t<meta property=\"og:image:type\" content=\"image\/jpeg\" \/>\n<meta name=\"author\" content=\"AEP\" \/>\n<meta name=\"twitter:card\" content=\"summary_large_image\" \/>\n<meta name=\"twitter:label1\" content=\"Escrito por\" \/>\n\t<meta name=\"twitter:data1\" content=\"AEP\" \/>\n<script type=\"application\/ld+json\" class=\"yoast-schema-graph\">{\"@context\":\"https:\\\/\\\/schema.org\",\"@graph\":[{\"@type\":\"Article\",\"@id\":\"https:\\\/\\\/aliancaevangelica.pt\\\/site\\\/rodrigues-pereira-festival-da-esperanca-2018\\\/#article\",\"isPartOf\":{\"@id\":\"https:\\\/\\\/aliancaevangelica.pt\\\/site\\\/rodrigues-pereira-festival-da-esperanca-2018\\\/\"},\"author\":{\"name\":\"AEP\",\"@id\":\"https:\\\/\\\/aliancaevangelica.pt\\\/site\\\/#\\\/schema\\\/person\\\/3b47cfc7535eff1e820f31c2d67eafcf\"},\"headline\":\"Rodrigues Pereira | Festival da Esperan\u00e7a 2018\",\"datePublished\":\"2018-04-02T23:36:13+00:00\",\"dateModified\":\"2026-03-02T18:40:03+00:00\",\"mainEntityOfPage\":{\"@id\":\"https:\\\/\\\/aliancaevangelica.pt\\\/site\\\/rodrigues-pereira-festival-da-esperanca-2018\\\/\"},\"wordCount\":78,\"commentCount\":0,\"publisher\":{\"@id\":\"https:\\\/\\\/aliancaevangelica.pt\\\/site\\\/#organization\"},\"image\":{\"@id\":\"https:\\\/\\\/aliancaevangelica.pt\\\/site\\\/rodrigues-pereira-festival-da-esperanca-2018\\\/#primaryimage\"},\"thumbnailUrl\":\"https:\\\/\\\/aliancaevangelica.pt\\\/site\\\/wp-content\\\/uploads\\\/2018\\\/04\\\/FE-_-HD-Rodrigues-Pereira.00_00_37_11.Still001.jpg\",\"articleSection\":[\"1-Geral\",\"2-Artigos Gerais\"],\"inLanguage\":\"pt-PT\",\"potentialAction\":[{\"@type\":\"CommentAction\",\"name\":\"Comment\",\"target\":[\"https:\\\/\\\/aliancaevangelica.pt\\\/site\\\/rodrigues-pereira-festival-da-esperanca-2018\\\/#respond\"]}]},{\"@type\":\"WebPage\",\"@id\":\"https:\\\/\\\/aliancaevangelica.pt\\\/site\\\/rodrigues-pereira-festival-da-esperanca-2018\\\/\",\"url\":\"https:\\\/\\\/aliancaevangelica.pt\\\/site\\\/rodrigues-pereira-festival-da-esperanca-2018\\\/\",\"name\":\"Rodrigues Pereira | Festival da Esperan\u00e7a 2018 - AEP\",\"isPartOf\":{\"@id\":\"https:\\\/\\\/aliancaevangelica.pt\\\/site\\\/#website\"},\"primaryImageOfPage\":{\"@id\":\"https:\\\/\\\/aliancaevangelica.pt\\\/site\\\/rodrigues-pereira-festival-da-esperanca-2018\\\/#primaryimage\"},\"image\":{\"@id\":\"https:\\\/\\\/aliancaevangelica.pt\\\/site\\\/rodrigues-pereira-festival-da-esperanca-2018\\\/#primaryimage\"},\"thumbnailUrl\":\"https:\\\/\\\/aliancaevangelica.pt\\\/site\\\/wp-content\\\/uploads\\\/2018\\\/04\\\/FE-_-HD-Rodrigues-Pereira.00_00_37_11.Still001.jpg\",\"datePublished\":\"2018-04-02T23:36:13+00:00\",\"dateModified\":\"2026-03-02T18:40:03+00:00\",\"breadcrumb\":{\"@id\":\"https:\\\/\\\/aliancaevangelica.pt\\\/site\\\/rodrigues-pereira-festival-da-esperanca-2018\\\/#breadcrumb\"},\"inLanguage\":\"pt-PT\",\"potentialAction\":[{\"@type\":\"ReadAction\",\"target\":[\"https:\\\/\\\/aliancaevangelica.pt\\\/site\\\/rodrigues-pereira-festival-da-esperanca-2018\\\/\"]}]},{\"@type\":\"ImageObject\",\"inLanguage\":\"pt-PT\",\"@id\":\"https:\\\/\\\/aliancaevangelica.pt\\\/site\\\/rodrigues-pereira-festival-da-esperanca-2018\\\/#primaryimage\",\"url\":\"https:\\\/\\\/aliancaevangelica.pt\\\/site\\\/wp-content\\\/uploads\\\/2018\\\/04\\\/FE-_-HD-Rodrigues-Pereira.00_00_37_11.Still001.jpg\",\"contentUrl\":\"https:\\\/\\\/aliancaevangelica.pt\\\/site\\\/wp-content\\\/uploads\\\/2018\\\/04\\\/FE-_-HD-Rodrigues-Pereira.00_00_37_11.Still001.jpg\",\"width\":1280,\"height\":720},{\"@type\":\"BreadcrumbList\",\"@id\":\"https:\\\/\\\/aliancaevangelica.pt\\\/site\\\/rodrigues-pereira-festival-da-esperanca-2018\\\/#breadcrumb\",\"itemListElement\":[{\"@type\":\"ListItem\",\"position\":1,\"name\":\"In\u00edcio\",\"item\":\"https:\\\/\\\/aliancaevangelica.pt\\\/site\\\/\"},{\"@type\":\"ListItem\",\"position\":2,\"name\":\"Rodrigues Pereira | Festival da Esperan\u00e7a 2018\"}]},{\"@type\":\"WebSite\",\"@id\":\"https:\\\/\\\/aliancaevangelica.pt\\\/site\\\/#website\",\"url\":\"https:\\\/\\\/aliancaevangelica.pt\\\/site\\\/\",\"name\":\"Alian\u00e7a Evang\u00e9lica Portuguesa\",\"description\":\"Alian\u00e7a Evang\u00e9lica Portuguesa\",\"publisher\":{\"@id\":\"https:\\\/\\\/aliancaevangelica.pt\\\/site\\\/#organization\"},\"potentialAction\":[{\"@type\":\"SearchAction\",\"target\":{\"@type\":\"EntryPoint\",\"urlTemplate\":\"https:\\\/\\\/aliancaevangelica.pt\\\/site\\\/?s={search_term_string}\"},\"query-input\":{\"@type\":\"PropertyValueSpecification\",\"valueRequired\":true,\"valueName\":\"search_term_string\"}}],\"inLanguage\":\"pt-PT\"},{\"@type\":\"Organization\",\"@id\":\"https:\\\/\\\/aliancaevangelica.pt\\\/site\\\/#organization\",\"name\":\"Alian\u00e7a Evang\u00e9lica Portuguesa\",\"url\":\"https:\\\/\\\/aliancaevangelica.pt\\\/site\\\/\",\"logo\":{\"@type\":\"ImageObject\",\"inLanguage\":\"pt-PT\",\"@id\":\"https:\\\/\\\/aliancaevangelica.pt\\\/site\\\/#\\\/schema\\\/logo\\\/image\\\/\",\"url\":\"https:\\\/\\\/aliancaevangelica.pt\\\/site\\\/wp-content\\\/uploads\\\/2017\\\/11\\\/logo-AEP-cor.png\",\"contentUrl\":\"https:\\\/\\\/aliancaevangelica.pt\\\/site\\\/wp-content\\\/uploads\\\/2017\\\/11\\\/logo-AEP-cor.png\",\"width\":1156,\"height\":672,\"caption\":\"Alian\u00e7a Evang\u00e9lica Portuguesa\"},\"image\":{\"@id\":\"https:\\\/\\\/aliancaevangelica.pt\\\/site\\\/#\\\/schema\\\/logo\\\/image\\\/\"},\"sameAs\":[\"http:\\\/\\\/facebook.com\\\/aeportuguesa\",\"http:\\\/\\\/instagram.com\\\/aliancaep\",\"http:\\\/\\\/youtube.com\\\/aeportuguesa\"]},{\"@type\":\"Person\",\"@id\":\"https:\\\/\\\/aliancaevangelica.pt\\\/site\\\/#\\\/schema\\\/person\\\/3b47cfc7535eff1e820f31c2d67eafcf\",\"name\":\"AEP\",\"sameAs\":[\"aeportugal\"],\"url\":\"https:\\\/\\\/aliancaevangelica.pt\\\/site\\\/author\\\/aeportugal\\\/\"}]}<\/script>\n<!-- \/ Yoast SEO plugin. -->","yoast_head_json":{"title":"Rodrigues Pereira | Festival da Esperan\u00e7a 2018 - AEP","robots":{"index":"index","follow":"follow","max-snippet":"max-snippet:-1","max-image-preview":"max-image-preview:large","max-video-preview":"max-video-preview:-1"},"canonical":"https:\/\/aliancaevangelica.pt\/site\/rodrigues-pereira-festival-da-esperanca-2018\/","og_locale":"pt_PT","og_type":"article","og_title":"Rodrigues Pereira | Festival da Esperan\u00e7a 2018 - AEP","og_description":"A procura por um lugar no Festival da Esperan\u00e7a tem sido t\u00e3o grande, que resolvemos abrir uma segunda sess\u00e3o no domingo, dia 8 de Abril, \u00e0s 19h! N\u00e3o percas esta oportunidade de estar presente neste evento e fica atento porque os bilhetes v\u00e3o ficar dispon\u00edveis em breve e v\u00e3o voar! Vem e #fazparte! www.festivaldaesperan\u00e7a.pt","og_url":"https:\/\/aliancaevangelica.pt\/site\/rodrigues-pereira-festival-da-esperanca-2018\/","og_site_name":"AEP","article_publisher":"http:\/\/facebook.com\/aeportuguesa","article_author":"aeportugal","article_published_time":"2018-04-02T23:36:13+00:00","article_modified_time":"2026-03-02T18:40:03+00:00","og_image":[{"width":1280,"height":720,"url":"https:\/\/aliancaevangelica.pt\/site\/wp-content\/uploads\/2018\/04\/FE-_-HD-Rodrigues-Pereira.00_00_37_11.Still001.jpg","type":"image\/jpeg"}],"author":"AEP","twitter_card":"summary_large_image","twitter_misc":{"Escrito por":"AEP"},"schema":{"@context":"https:\/\/schema.org","@graph":[{"@type":"Article","@id":"https:\/\/aliancaevangelica.pt\/site\/rodrigues-pereira-festival-da-esperanca-2018\/#article","isPartOf":{"@id":"https:\/\/aliancaevangelica.pt\/site\/rodrigues-pereira-festival-da-esperanca-2018\/"},"author":{"name":"AEP","@id":"https:\/\/aliancaevangelica.pt\/site\/#\/schema\/person\/3b47cfc7535eff1e820f31c2d67eafcf"},"headline":"Rodrigues Pereira | Festival da Esperan\u00e7a 2018","datePublished":"2018-04-02T23:36:13+00:00","dateModified":"2026-03-02T18:40:03+00:00","mainEntityOfPage":{"@id":"https:\/\/aliancaevangelica.pt\/site\/rodrigues-pereira-festival-da-esperanca-2018\/"},"wordCount":78,"commentCount":0,"publisher":{"@id":"https:\/\/aliancaevangelica.pt\/site\/#organization"},"image":{"@id":"https:\/\/aliancaevangelica.pt\/site\/rodrigues-pereira-festival-da-esperanca-2018\/#primaryimage"},"thumbnailUrl":"https:\/\/aliancaevangelica.pt\/site\/wp-content\/uploads\/2018\/04\/FE-_-HD-Rodrigues-Pereira.00_00_37_11.Still001.jpg","articleSection":["1-Geral","2-Artigos Gerais"],"inLanguage":"pt-PT","potentialAction":[{"@type":"CommentAction","name":"Comment","target":["https:\/\/aliancaevangelica.pt\/site\/rodrigues-pereira-festival-da-esperanca-2018\/#respond"]}]},{"@type":"WebPage","@id":"https:\/\/aliancaevangelica.pt\/site\/rodrigues-pereira-festival-da-esperanca-2018\/","url":"https:\/\/aliancaevangelica.pt\/site\/rodrigues-pereira-festival-da-esperanca-2018\/","name":"Rodrigues Pereira | Festival da Esperan\u00e7a 2018 - AEP","isPartOf":{"@id":"https:\/\/aliancaevangelica.pt\/site\/#website"},"primaryImageOfPage":{"@id":"https:\/\/aliancaevangelica.pt\/site\/rodrigues-pereira-festival-da-esperanca-2018\/#primaryimage"},"image":{"@id":"https:\/\/aliancaevangelica.pt\/site\/rodrigues-pereira-festival-da-esperanca-2018\/#primaryimage"},"thumbnailUrl":"https:\/\/aliancaevangelica.pt\/site\/wp-content\/uploads\/2018\/04\/FE-_-HD-Rodrigues-Pereira.00_00_37_11.Still001.jpg","datePublished":"2018-04-02T23:36:13+00:00","dateModified":"2026-03-02T18:40:03+00:00","breadcrumb":{"@id":"https:\/\/aliancaevangelica.pt\/site\/rodrigues-pereira-festival-da-esperanca-2018\/#breadcrumb"},"inLanguage":"pt-PT","potentialAction":[{"@type":"ReadAction","target":["https:\/\/aliancaevangelica.pt\/site\/rodrigues-pereira-festival-da-esperanca-2018\/"]}]},{"@type":"ImageObject","inLanguage":"pt-PT","@id":"https:\/\/aliancaevangelica.pt\/site\/rodrigues-pereira-festival-da-esperanca-2018\/#primaryimage","url":"https:\/\/aliancaevangelica.pt\/site\/wp-content\/uploads\/2018\/04\/FE-_-HD-Rodrigues-Pereira.00_00_37_11.Still001.jpg","contentUrl":"https:\/\/aliancaevangelica.pt\/site\/wp-content\/uploads\/2018\/04\/FE-_-HD-Rodrigues-Pereira.00_00_37_11.Still001.jpg","width":1280,"height":720},{"@type":"BreadcrumbList","@id":"https:\/\/aliancaevangelica.pt\/site\/rodrigues-pereira-festival-da-esperanca-2018\/#breadcrumb","itemListElement":[{"@type":"ListItem","position":1,"name":"In\u00edcio","item":"https:\/\/aliancaevangelica.pt\/site\/"},{"@type":"ListItem","position":2,"name":"Rodrigues Pereira | Festival da Esperan\u00e7a 2018"}]},{"@type":"WebSite","@id":"https:\/\/aliancaevangelica.pt\/site\/#website","url":"https:\/\/aliancaevangelica.pt\/site\/","name":"Alian\u00e7a Evang\u00e9lica Portuguesa","description":"Alian\u00e7a Evang\u00e9lica Portuguesa","publisher":{"@id":"https:\/\/aliancaevangelica.pt\/site\/#organization"},"potentialAction":[{"@type":"SearchAction","target":{"@type":"EntryPoint","urlTemplate":"https:\/\/aliancaevangelica.pt\/site\/?s={search_term_string}"},"query-input":{"@type":"PropertyValueSpecification","valueRequired":true,"valueName":"search_term_string"}}],"inLanguage":"pt-PT"},{"@type":"Organization","@id":"https:\/\/aliancaevangelica.pt\/site\/#organization","name":"Alian\u00e7a Evang\u00e9lica Portuguesa","url":"https:\/\/aliancaevangelica.pt\/site\/","logo":{"@type":"ImageObject","inLanguage":"pt-PT","@id":"https:\/\/aliancaevangelica.pt\/site\/#\/schema\/logo\/image\/","url":"https:\/\/aliancaevangelica.pt\/site\/wp-content\/uploads\/2017\/11\/logo-AEP-cor.png","contentUrl":"https:\/\/aliancaevangelica.pt\/site\/wp-content\/uploads\/2017\/11\/logo-AEP-cor.png","width":1156,"height":672,"caption":"Alian\u00e7a Evang\u00e9lica Portuguesa"},"image":{"@id":"https:\/\/aliancaevangelica.pt\/site\/#\/schema\/logo\/image\/"},"sameAs":["http:\/\/facebook.com\/aeportuguesa","http:\/\/instagram.com\/aliancaep","http:\/\/youtube.com\/aeportuguesa"]},{"@type":"Person","@id":"https:\/\/aliancaevangelica.pt\/site\/#\/schema\/person\/3b47cfc7535eff1e820f31c2d67eafcf","name":"AEP","sameAs":["aeportugal"],"url":"https:\/\/aliancaevangelica.pt\/site\/author\/aeportugal\/"}]}},"uagb_featured_image_src":{"full":["https:\/\/aliancaevangelica.pt\/site\/wp-content\/uploads\/2018\/04\/FE-_-HD-Rodrigues-Pereira.00_00_37_11.Still001.jpg",1280,720,false],"thumbnail":["https:\/\/aliancaevangelica.pt\/site\/wp-content\/uploads\/2018\/04\/FE-_-HD-Rodrigues-Pereira.00_00_37_11.Still001-150x150.jpg",150,150,true],"medium":["https:\/\/aliancaevangelica.pt\/site\/wp-content\/uploads\/2018\/04\/FE-_-HD-Rodrigues-Pereira.00_00_37_11.Still001-300x169.jpg",300,169,true],"medium_large":["https:\/\/aliancaevangelica.pt\/site\/wp-content\/uploads\/2018\/04\/FE-_-HD-Rodrigues-Pereira.00_00_37_11.Still001-768x432.jpg",768,432,true],"large":["https:\/\/aliancaevangelica.pt\/site\/wp-content\/uploads\/2018\/04\/FE-_-HD-Rodrigues-Pereira.00_00_37_11.Still001-1024x576.jpg",960,540,true],"1536x1536":["https:\/\/aliancaevangelica.pt\/site\/wp-content\/uploads\/2018\/04\/FE-_-HD-Rodrigues-Pereira.00_00_37_11.Still001.jpg",1280,720,false],"2048x2048":["https:\/\/aliancaevangelica.pt\/site\/wp-content\/uploads\/2018\/04\/FE-_-HD-Rodrigues-Pereira.00_00_37_11.Still001.jpg",1280,720,false],"vp_sm":["https:\/\/aliancaevangelica.pt\/site\/wp-content\/uploads\/2018\/04\/FE-_-HD-Rodrigues-Pereira.00_00_37_11.Still001.jpg",500,281,false],"vp_md":["https:\/\/aliancaevangelica.pt\/site\/wp-content\/uploads\/2018\/04\/FE-_-HD-Rodrigues-Pereira.00_00_37_11.Still001.jpg",800,450,false],"vp_lg":["https:\/\/aliancaevangelica.pt\/site\/wp-content\/uploads\/2018\/04\/FE-_-HD-Rodrigues-Pereira.00_00_37_11.Still001.jpg",1280,720,false],"vp_xl":["https:\/\/aliancaevangelica.pt\/site\/wp-content\/uploads\/2018\/04\/FE-_-HD-Rodrigues-Pereira.00_00_37_11.Still001.jpg",1280,720,false],"vp_sm_popup":["https:\/\/aliancaevangelica.pt\/site\/wp-content\/uploads\/2018\/04\/FE-_-HD-Rodrigues-Pereira.00_00_37_11.Still001.jpg",500,281,false],"vp_md_popup":["https:\/\/aliancaevangelica.pt\/site\/wp-content\/uploads\/2018\/04\/FE-_-HD-Rodrigues-Pereira.00_00_37_11.Still001.jpg",800,450,false],"vp_xl_popup":["https:\/\/aliancaevangelica.pt\/site\/wp-content\/uploads\/2018\/04\/FE-_-HD-Rodrigues-Pereira.00_00_37_11.Still001.jpg",1280,720,false],"newsx-150x100":["https:\/\/aliancaevangelica.pt\/site\/wp-content\/uploads\/2018\/04\/FE-_-HD-Rodrigues-Pereira.00_00_37_11.Still001.jpg",150,84,false],"newsx-330x220":["https:\/\/aliancaevangelica.pt\/site\/wp-content\/uploads\/2018\/04\/FE-_-HD-Rodrigues-Pereira.00_00_37_11.Still001.jpg",330,186,false],"newsx-420x280":["https:\/\/aliancaevangelica.pt\/site\/wp-content\/uploads\/2018\/04\/FE-_-HD-Rodrigues-Pereira.00_00_37_11.Still001.jpg",420,236,false],"newsx-510x340":["https:\/\/aliancaevangelica.pt\/site\/wp-content\/uploads\/2018\/04\/FE-_-HD-Rodrigues-Pereira.00_00_37_11.Still001.jpg",510,287,false],"newsx-640x480":["https:\/\/aliancaevangelica.pt\/site\/wp-content\/uploads\/2018\/04\/FE-_-HD-Rodrigues-Pereira.00_00_37_11.Still001.jpg",640,360,false],"newsx-670x370":["https:\/\/aliancaevangelica.pt\/site\/wp-content\/uploads\/2018\/04\/FE-_-HD-Rodrigues-Pereira.00_00_37_11.Still001.jpg",658,370,false],"newsx-860x570":["https:\/\/aliancaevangelica.pt\/site\/wp-content\/uploads\/2018\/04\/FE-_-HD-Rodrigues-Pereira.00_00_37_11.Still001.jpg",860,484,false],"newsx-1000x750":["https:\/\/aliancaevangelica.pt\/site\/wp-content\/uploads\/2018\/04\/FE-_-HD-Rodrigues-Pereira.00_00_37_11.Still001.jpg",1000,563,false],"newsx-1200x600":["https:\/\/aliancaevangelica.pt\/site\/wp-content\/uploads\/2018\/04\/FE-_-HD-Rodrigues-Pereira.00_00_37_11.Still001.jpg",1067,600,false]},"uagb_author_info":{"display_name":"AEP","author_link":"https:\/\/aliancaevangelica.pt\/site\/author\/aeportugal\/"},"uagb_comment_info":0,"uagb_excerpt":"A procura por um lugar no Festival da Esperan\u00e7a tem sido t\u00e3o grande, que resolvemos abrir uma segunda sess\u00e3o no domingo, dia 8 de Abril, \u00e0s 19h! N\u00e3o percas esta oportunidade de estar presente neste evento e fica atento porque os bilhetes v\u00e3o ficar dispon\u00edveis em breve e v\u00e3o voar! Vem e #fazparte! www.festivaldaesperan\u00e7a.pt","_links":{"self":[{"href":"https:\/\/aliancaevangelica.pt\/site\/wp-json\/wp\/v2\/posts\/15830","targetHints":{"allow":["GET"]}}],"collection":[{"href":"https:\/\/aliancaevangelica.pt\/site\/wp-json\/wp\/v2\/posts"}],"about":[{"href":"https:\/\/aliancaevangelica.pt\/site\/wp-json\/wp\/v2\/types\/post"}],"author":[{"embeddable":true,"href":"https:\/\/aliancaevangelica.pt\/site\/wp-json\/wp\/v2\/users\/2"}],"replies":[{"embeddable":true,"href":"https:\/\/aliancaevangelica.pt\/site\/wp-json\/wp\/v2\/comments?post=15830"}],"version-history":[{"count":1,"href":"https:\/\/aliancaevangelica.pt\/site\/wp-json\/wp\/v2\/posts\/15830\/revisions"}],"predecessor-version":[{"id":15832,"href":"https:\/\/aliancaevangelica.pt\/site\/wp-json\/wp\/v2\/posts\/15830\/revisions\/15832"}],"wp:featuredmedia":[{"embeddable":true,"href":"https:\/\/aliancaevangelica.pt\/site\/wp-json\/wp\/v2\/media\/15831"}],"wp:attachment":[{"href":"https:\/\/aliancaevangelica.pt\/site\/wp-json\/wp\/v2\/media?parent=15830"}],"wp:term":[{"taxonomy":"category","embeddable":true,"href":"https:\/\/aliancaevangelica.pt\/site\/wp-json\/wp\/v2\/categories?post=15830"},{"taxonomy":"post_tag","embeddable":true,"href":"https:\/\/aliancaevangelica.pt\/site\/wp-json\/wp\/v2\/tags?post=15830"}],"curies":[{"name":"wp","href":"https:\/\/api.w.org\/{rel}","templated":true}]}}