{"id":15670,"date":"2018-02-21T20:43:14","date_gmt":"2018-02-21T20:43:14","guid":{"rendered":"https:\/\/aliancaevangelica.pt\/site\/?p=15670"},"modified":"2026-03-02T18:43:19","modified_gmt":"2026-03-02T18:43:19","slug":"morreu-grande-evangelista-billy-graham","status":"publish","type":"post","link":"https:\/\/aliancaevangelica.pt\/site\/morreu-grande-evangelista-billy-graham\/","title":{"rendered":"Morreu o Grande Evangelista Billy Graham"},"content":{"rendered":"<p>Conhecido mundialmente pela grande paix\u00e3o que tinha na prega\u00e7\u00e3o do evangelho, o pregador\u00a0 Billy Graham morreu esta quarta-feira, dia 21, na Carolina do Norte, aos 99 anos. Graham morreu \u00e0s 8:00 da manh\u00e3\u00a0 na sua casa em Montreat, segundo anunciou Jeremy Blume, porta-voz da \u201cBilly Graham Evangelistic Association\u201d.<\/p>\n<p>Billy Graham ser\u00e1 eternamente recordado como um dos principais evangelistas do Sec XX, grandemente usado por Deus para pregar a milh\u00f5es de pessoas em todo o mundo sobre o Seu amor de Cristo. Al\u00e9m disso, foi tamb\u00e9m conselheiro de v\u00e1rios presidentes dos EUA.<\/p>\n<p>William Franklin Graham nasceu a 7 de novembro de 1918, numa fam\u00edlia presbiteriana. Segundo as suas pr\u00f3prias palavras, na adolesc\u00eancia estava mais preocupado com raparigas e basebol, at\u00e9 ao dia em que ouviu uma prega\u00e7\u00e3o que o levou a ter um encontro pessoal com Cristo. Foi consagrado ao minist\u00e9rio em 1939 numa igreja batista, quatro anos antes de casar com Ruth Bell, filha de mission\u00e1rios que tinham estado na China. Pouco depois, decidiu obedecer \u00e0 chamada de Deus para a sua vida, tornando-se um influente evangelista no mundo inteiro. Para tal, usou todos os meios poss\u00edveis para alcan\u00e7ar muitos para Cristo. Desde encher est\u00e1dios, a programas de televis\u00e3o e de r\u00e1dio. Foram in\u00fameras as suas \u201ccruzadas\u201d evangel\u00edsticas e muitos os que, atrav\u00e9s do seu minist\u00e9rio, decidiram tornar-se tamb\u00e9m disc\u00edpulos de Jesus.<\/p>\n<p>Um dos seus mais recentes legados \u00e9 a Associa\u00e7\u00e3o Evangel\u00edstica Billy Graham (Billy Graham Evangelistic Association) que atualmente encontra-se tamb\u00e9m em Portugal na prepara\u00e7\u00e3o do Festival da Esperan\u00e7a que ser\u00e1 nos dias 7 e 8 de abril no Campo Pequeno em Lisboa. Trata-se de uma parceria com a Alian\u00e7a Evang\u00e9lica Portuguesa e as igrejas locais, em que o pregador principal ser\u00e1 Franklin Graham, filho do evangelista Billy Graham.<\/p>\n<p>\u00c9 com saudade que deixamos um \u201cat\u00e9 j\u00e1\u201d ao nosso irm\u00e3o Billy Graham, com a certeza de ele se encontra a descansar no Senhor e que um dia nos encontraremos todos no c\u00e9u. Pois Jesus, a quem ele tanto anunciou, deixou-nos essa promessa! At\u00e9 l\u00e1, a Miss\u00e3o continua\u2026<\/p>\n<p>Mais informa\u00e7\u00f5es em <a href=\"https:\/\/memorial.billygraham.org\/\">https:\/\/memorial.billygraham.org\/<\/a><\/p>\n<p>&nbsp;<\/p>\n<p style=\"text-align: right;\">Sara Narciso, AEP Comunica\u00e7\u00f5es<\/p>\n<p style=\"text-align: right;\">21 fevereiro 2018<\/p>\n<p>&nbsp;<\/p>\n<h4><em>\u201cPartiu para a Gl\u00f3ria o grande Billy Graham aos 99 anos. Entre n\u00f3s, foi o maior evangelista de que h\u00e1 mem\u00f3ria. Pregou em 185 pa\u00edses (Portugal infelizmente n\u00e3o fez parte deste n\u00famero).<\/em><\/h4>\n<h4><em> Em vida um exemplo de humildade, sem esc\u00e2ndalo a apontar, exemplo de transpar\u00eancia financeira. Dizia \u201cN\u00f3s somos as B\u00edblias que o mundo pode ler&#8230;e os serm\u00f5es a que o mundo presta aten\u00e7\u00e3o\u201d<\/em><\/h4>\n<h4><em> Seu neto Willy referiu\u201dMeu av\u00f4 partiu da terra dos mortos, para a terra dos vivos\u201d<\/em><\/h4>\n<p style=\"padding-left: 30px; text-align: right;\">\u2013 Ant\u00f3nio Calaim, Presidente da AEP<\/p>\n<style>#grve-footer .grve-footer-bar, #grve-top-bar .grve-wrapper{background-color:#000000 !important;}\n#grve-main-header.grve-dark #grve-main-menu .grve-wrapper > ul > li > a {color:rgba(255, 255, 255, 0.5);}\n<\/style>\n","protected":false},"excerpt":{"rendered":"<p>Conhecido mundialmente pela grande paix\u00e3o que tinha na prega\u00e7\u00e3o do evangelho, o pregador\u00a0 Billy Graham morreu esta quarta-feira, dia 21, na Carolina do Norte, aos 99 anos. Graham morreu \u00e0s 8:00 da manh\u00e3\u00a0 na sua casa em Montreat, segundo anunciou Jeremy Blume, porta-voz da \u201cBilly Graham Evangelistic Association\u201d. Billy Graham ser\u00e1 eternamente recordado como um<\/p>\n","protected":false},"author":2,"featured_media":15691,"comment_status":"open","ping_status":"open","sticky":false,"template":"","format":"standard","meta":{"_uag_custom_page_level_css":"","_themeisle_gutenberg_block_has_review":false,"_vp_format_video_url":"","_vp_image_focal_point":[],"footnotes":""},"categories":[],"tags":[143],"class_list":["post-15670","post","type-post","status-publish","format-standard","has-post-thumbnail","hentry","tag-noticias"],"yoast_head":"<!-- This site is optimized with the Yoast SEO plugin v27.5 - https:\/\/yoast.com\/product\/yoast-seo-wordpress\/ -->\n<title>Morreu o Grande Evangelista Billy Graham - AEP<\/title>\n<meta name=\"robots\" content=\"index, follow, max-snippet:-1, max-image-preview:large, max-video-preview:-1\" \/>\n<link rel=\"canonical\" href=\"https:\/\/aliancaevangelica.pt\/site\/morreu-grande-evangelista-billy-graham\/\" \/>\n<meta property=\"og:locale\" content=\"pt_PT\" \/>\n<meta property=\"og:type\" content=\"article\" \/>\n<meta property=\"og:title\" content=\"Morreu o Grande Evangelista Billy Graham - AEP\" \/>\n<meta property=\"og:description\" content=\"Conhecido mundialmente pela grande paix\u00e3o que tinha na prega\u00e7\u00e3o do evangelho, o pregador\u00a0 Billy Graham morreu esta quarta-feira, dia 21, na Carolina do Norte, aos 99 anos. Graham morreu \u00e0s 8:00 da manh\u00e3\u00a0 na sua casa em Montreat, segundo anunciou Jeremy Blume, porta-voz da \u201cBilly Graham Evangelistic Association\u201d. Billy Graham ser\u00e1 eternamente recordado como um\" \/>\n<meta property=\"og:url\" content=\"https:\/\/aliancaevangelica.pt\/site\/morreu-grande-evangelista-billy-graham\/\" \/>\n<meta property=\"og:site_name\" content=\"AEP\" \/>\n<meta property=\"article:publisher\" content=\"http:\/\/facebook.com\/aeportuguesa\" \/>\n<meta property=\"article:author\" content=\"aeportugal\" \/>\n<meta property=\"article:published_time\" content=\"2018-02-21T20:43:14+00:00\" \/>\n<meta property=\"article:modified_time\" content=\"2026-03-02T18:43:19+00:00\" \/>\n<meta property=\"og:image\" content=\"https:\/\/aliancaevangelica.pt\/site\/wp-content\/uploads\/2018\/02\/bg2018-1.jpg\" \/>\n\t<meta property=\"og:image:width\" content=\"793\" \/>\n\t<meta property=\"og:image:height\" content=\"600\" \/>\n\t<meta property=\"og:image:type\" content=\"image\/jpeg\" \/>\n<meta name=\"author\" content=\"AEP\" \/>\n<meta name=\"twitter:card\" content=\"summary_large_image\" \/>\n<meta name=\"twitter:label1\" content=\"Escrito por\" \/>\n\t<meta name=\"twitter:data1\" content=\"AEP\" \/>\n\t<meta name=\"twitter:label2\" content=\"Tempo estimado de leitura\" \/>\n\t<meta name=\"twitter:data2\" content=\"2 minutos\" \/>\n<script type=\"application\/ld+json\" class=\"yoast-schema-graph\">{\"@context\":\"https:\\\/\\\/schema.org\",\"@graph\":[{\"@type\":\"Article\",\"@id\":\"https:\\\/\\\/aliancaevangelica.pt\\\/site\\\/morreu-grande-evangelista-billy-graham\\\/#article\",\"isPartOf\":{\"@id\":\"https:\\\/\\\/aliancaevangelica.pt\\\/site\\\/morreu-grande-evangelista-billy-graham\\\/\"},\"author\":{\"name\":\"AEP\",\"@id\":\"https:\\\/\\\/aliancaevangelica.pt\\\/site\\\/#\\\/schema\\\/person\\\/3b47cfc7535eff1e820f31c2d67eafcf\"},\"headline\":\"Morreu o Grande Evangelista Billy Graham\",\"datePublished\":\"2018-02-21T20:43:14+00:00\",\"dateModified\":\"2026-03-02T18:43:19+00:00\",\"mainEntityOfPage\":{\"@id\":\"https:\\\/\\\/aliancaevangelica.pt\\\/site\\\/morreu-grande-evangelista-billy-graham\\\/\"},\"wordCount\":479,\"commentCount\":0,\"publisher\":{\"@id\":\"https:\\\/\\\/aliancaevangelica.pt\\\/site\\\/#organization\"},\"image\":{\"@id\":\"https:\\\/\\\/aliancaevangelica.pt\\\/site\\\/morreu-grande-evangelista-billy-graham\\\/#primaryimage\"},\"thumbnailUrl\":\"https:\\\/\\\/aliancaevangelica.pt\\\/site\\\/wp-content\\\/uploads\\\/2018\\\/02\\\/bg2018-1.jpg\",\"keywords\":[\"Not\u00edcias\"],\"inLanguage\":\"pt-PT\",\"potentialAction\":[{\"@type\":\"CommentAction\",\"name\":\"Comment\",\"target\":[\"https:\\\/\\\/aliancaevangelica.pt\\\/site\\\/morreu-grande-evangelista-billy-graham\\\/#respond\"]}]},{\"@type\":\"WebPage\",\"@id\":\"https:\\\/\\\/aliancaevangelica.pt\\\/site\\\/morreu-grande-evangelista-billy-graham\\\/\",\"url\":\"https:\\\/\\\/aliancaevangelica.pt\\\/site\\\/morreu-grande-evangelista-billy-graham\\\/\",\"name\":\"Morreu o Grande Evangelista Billy Graham - AEP\",\"isPartOf\":{\"@id\":\"https:\\\/\\\/aliancaevangelica.pt\\\/site\\\/#website\"},\"primaryImageOfPage\":{\"@id\":\"https:\\\/\\\/aliancaevangelica.pt\\\/site\\\/morreu-grande-evangelista-billy-graham\\\/#primaryimage\"},\"image\":{\"@id\":\"https:\\\/\\\/aliancaevangelica.pt\\\/site\\\/morreu-grande-evangelista-billy-graham\\\/#primaryimage\"},\"thumbnailUrl\":\"https:\\\/\\\/aliancaevangelica.pt\\\/site\\\/wp-content\\\/uploads\\\/2018\\\/02\\\/bg2018-1.jpg\",\"datePublished\":\"2018-02-21T20:43:14+00:00\",\"dateModified\":\"2026-03-02T18:43:19+00:00\",\"breadcrumb\":{\"@id\":\"https:\\\/\\\/aliancaevangelica.pt\\\/site\\\/morreu-grande-evangelista-billy-graham\\\/#breadcrumb\"},\"inLanguage\":\"pt-PT\",\"potentialAction\":[{\"@type\":\"ReadAction\",\"target\":[\"https:\\\/\\\/aliancaevangelica.pt\\\/site\\\/morreu-grande-evangelista-billy-graham\\\/\"]}]},{\"@type\":\"ImageObject\",\"inLanguage\":\"pt-PT\",\"@id\":\"https:\\\/\\\/aliancaevangelica.pt\\\/site\\\/morreu-grande-evangelista-billy-graham\\\/#primaryimage\",\"url\":\"https:\\\/\\\/aliancaevangelica.pt\\\/site\\\/wp-content\\\/uploads\\\/2018\\\/02\\\/bg2018-1.jpg\",\"contentUrl\":\"https:\\\/\\\/aliancaevangelica.pt\\\/site\\\/wp-content\\\/uploads\\\/2018\\\/02\\\/bg2018-1.jpg\",\"width\":793,\"height\":600},{\"@type\":\"BreadcrumbList\",\"@id\":\"https:\\\/\\\/aliancaevangelica.pt\\\/site\\\/morreu-grande-evangelista-billy-graham\\\/#breadcrumb\",\"itemListElement\":[{\"@type\":\"ListItem\",\"position\":1,\"name\":\"In\u00edcio\",\"item\":\"https:\\\/\\\/aliancaevangelica.pt\\\/site\\\/\"},{\"@type\":\"ListItem\",\"position\":2,\"name\":\"Morreu o Grande Evangelista Billy Graham\"}]},{\"@type\":\"WebSite\",\"@id\":\"https:\\\/\\\/aliancaevangelica.pt\\\/site\\\/#website\",\"url\":\"https:\\\/\\\/aliancaevangelica.pt\\\/site\\\/\",\"name\":\"Alian\u00e7a Evang\u00e9lica Portuguesa\",\"description\":\"Alian\u00e7a Evang\u00e9lica Portuguesa\",\"publisher\":{\"@id\":\"https:\\\/\\\/aliancaevangelica.pt\\\/site\\\/#organization\"},\"potentialAction\":[{\"@type\":\"SearchAction\",\"target\":{\"@type\":\"EntryPoint\",\"urlTemplate\":\"https:\\\/\\\/aliancaevangelica.pt\\\/site\\\/?s={search_term_string}\"},\"query-input\":{\"@type\":\"PropertyValueSpecification\",\"valueRequired\":true,\"valueName\":\"search_term_string\"}}],\"inLanguage\":\"pt-PT\"},{\"@type\":\"Organization\",\"@id\":\"https:\\\/\\\/aliancaevangelica.pt\\\/site\\\/#organization\",\"name\":\"Alian\u00e7a Evang\u00e9lica Portuguesa\",\"url\":\"https:\\\/\\\/aliancaevangelica.pt\\\/site\\\/\",\"logo\":{\"@type\":\"ImageObject\",\"inLanguage\":\"pt-PT\",\"@id\":\"https:\\\/\\\/aliancaevangelica.pt\\\/site\\\/#\\\/schema\\\/logo\\\/image\\\/\",\"url\":\"https:\\\/\\\/aliancaevangelica.pt\\\/site\\\/wp-content\\\/uploads\\\/2017\\\/11\\\/logo-AEP-cor.png\",\"contentUrl\":\"https:\\\/\\\/aliancaevangelica.pt\\\/site\\\/wp-content\\\/uploads\\\/2017\\\/11\\\/logo-AEP-cor.png\",\"width\":1156,\"height\":672,\"caption\":\"Alian\u00e7a Evang\u00e9lica Portuguesa\"},\"image\":{\"@id\":\"https:\\\/\\\/aliancaevangelica.pt\\\/site\\\/#\\\/schema\\\/logo\\\/image\\\/\"},\"sameAs\":[\"http:\\\/\\\/facebook.com\\\/aeportuguesa\",\"http:\\\/\\\/instagram.com\\\/aliancaep\",\"http:\\\/\\\/youtube.com\\\/aeportuguesa\"]},{\"@type\":\"Person\",\"@id\":\"https:\\\/\\\/aliancaevangelica.pt\\\/site\\\/#\\\/schema\\\/person\\\/3b47cfc7535eff1e820f31c2d67eafcf\",\"name\":\"AEP\",\"sameAs\":[\"aeportugal\"],\"url\":\"https:\\\/\\\/aliancaevangelica.pt\\\/site\\\/author\\\/aeportugal\\\/\"}]}<\/script>\n<!-- \/ Yoast SEO plugin. -->","yoast_head_json":{"title":"Morreu o Grande Evangelista Billy Graham - AEP","robots":{"index":"index","follow":"follow","max-snippet":"max-snippet:-1","max-image-preview":"max-image-preview:large","max-video-preview":"max-video-preview:-1"},"canonical":"https:\/\/aliancaevangelica.pt\/site\/morreu-grande-evangelista-billy-graham\/","og_locale":"pt_PT","og_type":"article","og_title":"Morreu o Grande Evangelista Billy Graham - AEP","og_description":"Conhecido mundialmente pela grande paix\u00e3o que tinha na prega\u00e7\u00e3o do evangelho, o pregador\u00a0 Billy Graham morreu esta quarta-feira, dia 21, na Carolina do Norte, aos 99 anos. Graham morreu \u00e0s 8:00 da manh\u00e3\u00a0 na sua casa em Montreat, segundo anunciou Jeremy Blume, porta-voz da \u201cBilly Graham Evangelistic Association\u201d. Billy Graham ser\u00e1 eternamente recordado como um","og_url":"https:\/\/aliancaevangelica.pt\/site\/morreu-grande-evangelista-billy-graham\/","og_site_name":"AEP","article_publisher":"http:\/\/facebook.com\/aeportuguesa","article_author":"aeportugal","article_published_time":"2018-02-21T20:43:14+00:00","article_modified_time":"2026-03-02T18:43:19+00:00","og_image":[{"width":793,"height":600,"url":"https:\/\/aliancaevangelica.pt\/site\/wp-content\/uploads\/2018\/02\/bg2018-1.jpg","type":"image\/jpeg"}],"author":"AEP","twitter_card":"summary_large_image","twitter_misc":{"Escrito por":"AEP","Tempo estimado de leitura":"2 minutos"},"schema":{"@context":"https:\/\/schema.org","@graph":[{"@type":"Article","@id":"https:\/\/aliancaevangelica.pt\/site\/morreu-grande-evangelista-billy-graham\/#article","isPartOf":{"@id":"https:\/\/aliancaevangelica.pt\/site\/morreu-grande-evangelista-billy-graham\/"},"author":{"name":"AEP","@id":"https:\/\/aliancaevangelica.pt\/site\/#\/schema\/person\/3b47cfc7535eff1e820f31c2d67eafcf"},"headline":"Morreu o Grande Evangelista Billy Graham","datePublished":"2018-02-21T20:43:14+00:00","dateModified":"2026-03-02T18:43:19+00:00","mainEntityOfPage":{"@id":"https:\/\/aliancaevangelica.pt\/site\/morreu-grande-evangelista-billy-graham\/"},"wordCount":479,"commentCount":0,"publisher":{"@id":"https:\/\/aliancaevangelica.pt\/site\/#organization"},"image":{"@id":"https:\/\/aliancaevangelica.pt\/site\/morreu-grande-evangelista-billy-graham\/#primaryimage"},"thumbnailUrl":"https:\/\/aliancaevangelica.pt\/site\/wp-content\/uploads\/2018\/02\/bg2018-1.jpg","keywords":["Not\u00edcias"],"inLanguage":"pt-PT","potentialAction":[{"@type":"CommentAction","name":"Comment","target":["https:\/\/aliancaevangelica.pt\/site\/morreu-grande-evangelista-billy-graham\/#respond"]}]},{"@type":"WebPage","@id":"https:\/\/aliancaevangelica.pt\/site\/morreu-grande-evangelista-billy-graham\/","url":"https:\/\/aliancaevangelica.pt\/site\/morreu-grande-evangelista-billy-graham\/","name":"Morreu o Grande Evangelista Billy Graham - AEP","isPartOf":{"@id":"https:\/\/aliancaevangelica.pt\/site\/#website"},"primaryImageOfPage":{"@id":"https:\/\/aliancaevangelica.pt\/site\/morreu-grande-evangelista-billy-graham\/#primaryimage"},"image":{"@id":"https:\/\/aliancaevangelica.pt\/site\/morreu-grande-evangelista-billy-graham\/#primaryimage"},"thumbnailUrl":"https:\/\/aliancaevangelica.pt\/site\/wp-content\/uploads\/2018\/02\/bg2018-1.jpg","datePublished":"2018-02-21T20:43:14+00:00","dateModified":"2026-03-02T18:43:19+00:00","breadcrumb":{"@id":"https:\/\/aliancaevangelica.pt\/site\/morreu-grande-evangelista-billy-graham\/#breadcrumb"},"inLanguage":"pt-PT","potentialAction":[{"@type":"ReadAction","target":["https:\/\/aliancaevangelica.pt\/site\/morreu-grande-evangelista-billy-graham\/"]}]},{"@type":"ImageObject","inLanguage":"pt-PT","@id":"https:\/\/aliancaevangelica.pt\/site\/morreu-grande-evangelista-billy-graham\/#primaryimage","url":"https:\/\/aliancaevangelica.pt\/site\/wp-content\/uploads\/2018\/02\/bg2018-1.jpg","contentUrl":"https:\/\/aliancaevangelica.pt\/site\/wp-content\/uploads\/2018\/02\/bg2018-1.jpg","width":793,"height":600},{"@type":"BreadcrumbList","@id":"https:\/\/aliancaevangelica.pt\/site\/morreu-grande-evangelista-billy-graham\/#breadcrumb","itemListElement":[{"@type":"ListItem","position":1,"name":"In\u00edcio","item":"https:\/\/aliancaevangelica.pt\/site\/"},{"@type":"ListItem","position":2,"name":"Morreu o Grande Evangelista Billy Graham"}]},{"@type":"WebSite","@id":"https:\/\/aliancaevangelica.pt\/site\/#website","url":"https:\/\/aliancaevangelica.pt\/site\/","name":"Alian\u00e7a Evang\u00e9lica Portuguesa","description":"Alian\u00e7a Evang\u00e9lica Portuguesa","publisher":{"@id":"https:\/\/aliancaevangelica.pt\/site\/#organization"},"potentialAction":[{"@type":"SearchAction","target":{"@type":"EntryPoint","urlTemplate":"https:\/\/aliancaevangelica.pt\/site\/?s={search_term_string}"},"query-input":{"@type":"PropertyValueSpecification","valueRequired":true,"valueName":"search_term_string"}}],"inLanguage":"pt-PT"},{"@type":"Organization","@id":"https:\/\/aliancaevangelica.pt\/site\/#organization","name":"Alian\u00e7a Evang\u00e9lica Portuguesa","url":"https:\/\/aliancaevangelica.pt\/site\/","logo":{"@type":"ImageObject","inLanguage":"pt-PT","@id":"https:\/\/aliancaevangelica.pt\/site\/#\/schema\/logo\/image\/","url":"https:\/\/aliancaevangelica.pt\/site\/wp-content\/uploads\/2017\/11\/logo-AEP-cor.png","contentUrl":"https:\/\/aliancaevangelica.pt\/site\/wp-content\/uploads\/2017\/11\/logo-AEP-cor.png","width":1156,"height":672,"caption":"Alian\u00e7a Evang\u00e9lica Portuguesa"},"image":{"@id":"https:\/\/aliancaevangelica.pt\/site\/#\/schema\/logo\/image\/"},"sameAs":["http:\/\/facebook.com\/aeportuguesa","http:\/\/instagram.com\/aliancaep","http:\/\/youtube.com\/aeportuguesa"]},{"@type":"Person","@id":"https:\/\/aliancaevangelica.pt\/site\/#\/schema\/person\/3b47cfc7535eff1e820f31c2d67eafcf","name":"AEP","sameAs":["aeportugal"],"url":"https:\/\/aliancaevangelica.pt\/site\/author\/aeportugal\/"}]}},"uagb_featured_image_src":{"full":["https:\/\/aliancaevangelica.pt\/site\/wp-content\/uploads\/2018\/02\/bg2018-1.jpg",793,600,false],"thumbnail":["https:\/\/aliancaevangelica.pt\/site\/wp-content\/uploads\/2018\/02\/bg2018-1-150x150.jpg",150,150,true],"medium":["https:\/\/aliancaevangelica.pt\/site\/wp-content\/uploads\/2018\/02\/bg2018-1-300x227.jpg",300,227,true],"medium_large":["https:\/\/aliancaevangelica.pt\/site\/wp-content\/uploads\/2018\/02\/bg2018-1-768x581.jpg",768,581,true],"large":["https:\/\/aliancaevangelica.pt\/site\/wp-content\/uploads\/2018\/02\/bg2018-1.jpg",793,600,false],"1536x1536":["https:\/\/aliancaevangelica.pt\/site\/wp-content\/uploads\/2018\/02\/bg2018-1.jpg",793,600,false],"2048x2048":["https:\/\/aliancaevangelica.pt\/site\/wp-content\/uploads\/2018\/02\/bg2018-1.jpg",793,600,false],"vp_sm":["https:\/\/aliancaevangelica.pt\/site\/wp-content\/uploads\/2018\/02\/bg2018-1.jpg",500,378,false],"vp_md":["https:\/\/aliancaevangelica.pt\/site\/wp-content\/uploads\/2018\/02\/bg2018-1.jpg",793,600,false],"vp_lg":["https:\/\/aliancaevangelica.pt\/site\/wp-content\/uploads\/2018\/02\/bg2018-1.jpg",793,600,false],"vp_xl":["https:\/\/aliancaevangelica.pt\/site\/wp-content\/uploads\/2018\/02\/bg2018-1.jpg",793,600,false],"vp_sm_popup":["https:\/\/aliancaevangelica.pt\/site\/wp-content\/uploads\/2018\/02\/bg2018-1.jpg",500,378,false],"vp_md_popup":["https:\/\/aliancaevangelica.pt\/site\/wp-content\/uploads\/2018\/02\/bg2018-1.jpg",793,600,false],"vp_xl_popup":["https:\/\/aliancaevangelica.pt\/site\/wp-content\/uploads\/2018\/02\/bg2018-1.jpg",793,600,false],"newsx-150x100":["https:\/\/aliancaevangelica.pt\/site\/wp-content\/uploads\/2018\/02\/bg2018-1.jpg",132,100,false],"newsx-330x220":["https:\/\/aliancaevangelica.pt\/site\/wp-content\/uploads\/2018\/02\/bg2018-1.jpg",291,220,false],"newsx-420x280":["https:\/\/aliancaevangelica.pt\/site\/wp-content\/uploads\/2018\/02\/bg2018-1.jpg",370,280,false],"newsx-510x340":["https:\/\/aliancaevangelica.pt\/site\/wp-content\/uploads\/2018\/02\/bg2018-1.jpg",449,340,false],"newsx-640x480":["https:\/\/aliancaevangelica.pt\/site\/wp-content\/uploads\/2018\/02\/bg2018-1.jpg",634,480,false],"newsx-670x370":["https:\/\/aliancaevangelica.pt\/site\/wp-content\/uploads\/2018\/02\/bg2018-1.jpg",489,370,false],"newsx-860x570":["https:\/\/aliancaevangelica.pt\/site\/wp-content\/uploads\/2018\/02\/bg2018-1.jpg",753,570,false],"newsx-1000x750":["https:\/\/aliancaevangelica.pt\/site\/wp-content\/uploads\/2018\/02\/bg2018-1.jpg",793,600,false],"newsx-1200x600":["https:\/\/aliancaevangelica.pt\/site\/wp-content\/uploads\/2018\/02\/bg2018-1.jpg",793,600,false]},"uagb_author_info":{"display_name":"AEP","author_link":"https:\/\/aliancaevangelica.pt\/site\/author\/aeportugal\/"},"uagb_comment_info":0,"uagb_excerpt":"Conhecido mundialmente pela grande paix\u00e3o que tinha na prega\u00e7\u00e3o do evangelho, o pregador\u00a0 Billy Graham morreu esta quarta-feira, dia 21, na Carolina do Norte, aos 99 anos. Graham morreu \u00e0s 8:00 da manh\u00e3\u00a0 na sua casa em Montreat, segundo anunciou Jeremy Blume, porta-voz da \u201cBilly Graham Evangelistic Association\u201d. Billy Graham ser\u00e1 eternamente recordado como um","_links":{"self":[{"href":"https:\/\/aliancaevangelica.pt\/site\/wp-json\/wp\/v2\/posts\/15670","targetHints":{"allow":["GET"]}}],"collection":[{"href":"https:\/\/aliancaevangelica.pt\/site\/wp-json\/wp\/v2\/posts"}],"about":[{"href":"https:\/\/aliancaevangelica.pt\/site\/wp-json\/wp\/v2\/types\/post"}],"author":[{"embeddable":true,"href":"https:\/\/aliancaevangelica.pt\/site\/wp-json\/wp\/v2\/users\/2"}],"replies":[{"embeddable":true,"href":"https:\/\/aliancaevangelica.pt\/site\/wp-json\/wp\/v2\/comments?post=15670"}],"version-history":[{"count":15,"href":"https:\/\/aliancaevangelica.pt\/site\/wp-json\/wp\/v2\/posts\/15670\/revisions"}],"predecessor-version":[{"id":15692,"href":"https:\/\/aliancaevangelica.pt\/site\/wp-json\/wp\/v2\/posts\/15670\/revisions\/15692"}],"wp:featuredmedia":[{"embeddable":true,"href":"https:\/\/aliancaevangelica.pt\/site\/wp-json\/wp\/v2\/media\/15691"}],"wp:attachment":[{"href":"https:\/\/aliancaevangelica.pt\/site\/wp-json\/wp\/v2\/media?parent=15670"}],"wp:term":[{"taxonomy":"category","embeddable":true,"href":"https:\/\/aliancaevangelica.pt\/site\/wp-json\/wp\/v2\/categories?post=15670"},{"taxonomy":"post_tag","embeddable":true,"href":"https:\/\/aliancaevangelica.pt\/site\/wp-json\/wp\/v2\/tags?post=15670"}],"curies":[{"name":"wp","href":"https:\/\/api.w.org\/{rel}","templated":true}]}}