{"id":15565,"date":"2018-03-16T07:10:52","date_gmt":"2018-03-16T07:10:52","guid":{"rendered":"https:\/\/aliancaevangelica.pt\/site\/?p=15565"},"modified":"2026-03-02T18:41:40","modified_gmt":"2026-03-02T18:41:40","slug":"tempo-solteira-lurdes-lima-capucho","status":"publish","type":"post","link":"https:\/\/aliancaevangelica.pt\/site\/tempo-solteira-lurdes-lima-capucho\/","title":{"rendered":"Tempo de Ser Solteira &#8211; Lurdes Lima Capucho"},"content":{"rendered":"<p>Cresci numa pequena localidade, nos arredores de Coimbra. Terminado o percurso escolar, fui aprender a costurar, com apenas 13 anos de idade. A\u00ed conheci uma colega que me falou de Jesus.<\/p>\n<p>Aos 16 anos, fui com ela e o seu marido a um culto, num domingo de P\u00e1scoa e aceitei Jesus como meu Salvador. Esse casal sempre me incentivou a servir a Deus.<\/p>\n<p>A partir dessa altura ficou claro para mim que s\u00f3 casaria com algu\u00e9m que tamb\u00e9m fosse crist\u00e3o. Por esse motivo, n\u00e3o aceitei algumas propostas de namoro. Os meus pais, que n\u00e3o eram crentes, n\u00e3o entendiam bem essas recusas. Conheciam mulheres solteiras que frequentavam a igreja e preocupavam-se que esse fosse o meu futuro. Eles desejavam que eu casasse.<\/p>\n<p>Aos 31 anos vim servir a Deus para o Desafio Jovem. Era um desejo de anos e veio a concretizar-se nessa altura. A\u00ed trabalhei durante 13 anos consecutivos, investindo na reabilita\u00e7\u00e3o de muitas mulheres tanto alco\u00f3licas como toxicodependentes. Durante esse tempo, partilhei diferentes casas com diferentes cooperadoras, n\u00e3o dispondo de um espa\u00e7o definitivamente meu. Foi um minist\u00e9rio que desenvolvi, tendo a oportunidade de ser influ\u00eancia pr\u00f3xima na vida delas.<\/p>\n<p>Por ser solteira tinha maior disponibilidade. Eu sabia disso e tamb\u00e9m reconhecia que era encarada desse modo. Vivia cercada de muitas solicita\u00e7\u00f5es, diariamente. Para mim era um prazer poder ajudar, de dedicar o meu tempo a outros mas, por vezes, dava comigo a pensar. &#8220;Ser\u00e1 que um dia algu\u00e9m vai ter tempo para mim?&#8221;.<\/p>\n<p>Havia momentos que me criavam algum embara\u00e7o. Um deles era ir a casamentos. A\u00ed, habitualmente havia coment\u00e1rios: quando ser\u00e1 o teu dia? Sorria, mas sentia o desgaste de me ver confrontada repetidamente com as mesmas perguntas.<\/p>\n<p>Fiz muitos vestidos de noiva para clientes e amigas. Preparava-os com entusiasmo e alegria por elas mas cheguei a chorar ao pensar: &#8220;Ser\u00e1 que algum dia vai ser o meu?&#8221;<\/p>\n<p>Sim, eu queria casar. Contudo, teria de ser com algu\u00e9m que amasse o Senhor e fosse a Sua vontade para mim. Orei por isso durante alguns anos. O meu pastor sempre me incentivou nesse sentido. Fez-me entender que havia homens que, da minha idade, tamb\u00e9m pensavam como eu e oravam como eu, na expectativa de algu\u00e9m que Deus trouxesse \u00e0s suas vidas. Eu poderia vir a ser refrig\u00e9rio e b\u00ean\u00e7\u00e3o na vida de algu\u00e9m.<\/p>\n<p>Os anos foram passando. Surgiram oportunidades de relacionamento mas que eu sabia que n\u00e3o eram as certas para mim. A partir de certa altura, tendo em conta a minha idade, achei que j\u00e1 n\u00e3o iria acontecer e esse assunto deixou de ocupar as minhas ora\u00e7\u00f5es.<\/p>\n<p>Um dia adoeci. Por esse motivo tive de abrandar o meu ritmo di\u00e1rio e reduzir compromissos profissionais durante uns meses. Passei a ter mais tempo para mim e dei comigo a orar de novo por casamento. Fi-lo durante tr\u00eas anos, diariamente. Houve dois vers\u00edculos que foram marcos importantes nessa altura, que falavam de esperan\u00e7a:<\/p>\n<p>&#8220;A esperan\u00e7a demorada enfraquece o cora\u00e7\u00e3o, mas o desejo chegado \u00e9 \u00e1rvore de vida&#8221; Prov. 13:12.<\/p>\n<p>&#8221; Sustenta-me conforme a tua palavra, para que viva, e n\u00e3o me deixes envergonhado da minha esperan\u00e7a.&#8221; Salmo 119:116<\/p>\n<p>Partilhei com algumas pessoas amigas o motivo de ora\u00e7\u00e3o e a minha esperan\u00e7a. Algumas ficavam surpreendidas. Nem todas entendiam.<\/p>\n<p>Estava prestes a completar 50 anos, quando uma amiga me incentivou a preparar uma festa especial. Assim, no dia do meu anivers\u00e1rio reuni 56 amigas num restaurante, num ambiente muito alegre, animado e totalmente feminino. Diziam-me que estava linda como uma noiva. O grande n\u00famero de prendas, que faziam lembrar um casamento, comentavam.<\/p>\n<p>A\u00ed agradeci a todas a grande amizade, ao longo dos anos. Naquela noite, eu sabia que iria acontecer alguma coisa num futuro pr\u00f3ximo. Eu sentira a festa como a despedida de uma etapa para dar in\u00edcio a outra. Mas qual?<\/p>\n<p>Uns meses depois, nesse mesmo ano, conheci o Alberto. Num culto, fui convidada a partilhar a Palavra de Deus e falei sobre sonhos \u2013 aquilo que Ele quer concretizar na nossa vida. Hoje sei que foi nesse dia que o Alberto come\u00e7ou a orar por mim, achando que seria eu a esposa certa para ele. S\u00f3 mais tarde me apercebi do interesse dele. Cativou-me o facto de ser um homem cuidado, calmo, ponderado e s\u00e1bio na sua forma de se relacionar. Comecei a sentir que ele seria o homem de Deus para a minha vida e falei com o meu pastor sobre isso. N\u00e3o estava sozinha neste passo, sentia-me segura. E o sonho concretizou-se!<\/p>\n<p>No dia do meu casamento tive a felicidade de desfrutar da presen\u00e7a de muitos amigos que foram importantes para mim ao longo dos anos. Foi pelo seu carinho, o incentivo e as muitas palavras de apoio que chegara at\u00e9 ali. Estou-lhes muito grata. Os meus padrinhos foram o casal que me levou a Jesus quando era adolescente. A esposa fez e ofereceu-me o vestido de noiva. Toda a minha fam\u00edlia teve a oportunidade de ver que Deus \u00e9 fiel e faz as coisas acontecer no momento oportuno, regozijando-se comigo nesse dia especial.<\/p>\n<p>Estamos casados h\u00e1 doze anos. Dou gra\u00e7as a Deus porque o Alberto veio \u00e0 minha vida, como uma mais -valia. Ele \u00e9, de facto, o homem que Deus tinha para mim. Valeu a pena esperar! Continuo a servir a Deus na igreja local\u00a0 mas n\u00e3o estou sozinha pois o meu marido acompanha-me com a sua disponibilidade e o seu desejo de O servir.<\/p>\n<p>Gostaria de ter sido m\u00e3e. Por\u00e9m hoje, olhando para tr\u00e1s, concluo que tenho muitos filhos. Ainda este ano, no Dia da M\u00e3e, recebi uma prenda de uma jovem que ajudei h\u00e1 muitos anos no Desafio Jovem, e hoje \u00e9 casada e m\u00e3e de tr\u00eas filhos. Ela disse-me: &#8220;Toma, porque tens sido mais do que uma m\u00e3e para mim.&#8221; Na verdade, Deus tem uma forma muito pr\u00f3pria de nos dar filhos e mimos!<\/p>\n<p>Vi a minha fam\u00edlia ampliada, pois ganhei n\u00e3o s\u00f3 um marido mas duas cunhadas, os seus tr\u00eas filhos, j\u00e1 adultos, tr\u00eas noras e uma neta \u2013 um relacionamento muito precioso para mim. O meu marido foi igualmente muito bem acolhido pela minha fam\u00edlia.<\/p>\n<p>Hoje, olho para tr\u00e1s e concluo que Deus tem um tempo para todas as coisas. Aquilo que tive oportunidade de fazer ao longo dos anos, como solteira, foi minist\u00e9rio para Deus. A maneira como investi na vida de tantas pessoas, de dia e de noite, a dedica\u00e7\u00e3o que foi necess\u00e1ria, s\u00f3 foi poss\u00edvel por n\u00e3o ser casada. Constru\u00ed relacionamentos com centenas de pessoas que perduram at\u00e9 ao dia de hoje, apenas poss\u00edveis por essa disponibilidade e que estendem j\u00e1 aos seus filhos.<\/p>\n<p>Se tens um sonho, luta por ele mas jamais o fa\u00e7as sozinha. Acima de tudo, deixa que Deus tome conta dos teus anseios e rodeia-te de pessoas espiritualmente maduras e que te amem. Como pessoa solteira, n\u00e3o te isoles, n\u00e3o te feches, a lamentar a tua situa\u00e7\u00e3o. Vive a tua vida em disponibilidade para os outros. Convive, partilha o que \u00e9s. H\u00e1 vidas que precisam de ser enriquecidas por ti, pelo facto de estares solteira. Marca positivamente a vida das pessoas \u00e0 tua volta com o teu carinho e a tua disponibilidade. Espera em Deus. Ele abre caminhos no tempo certo. Confia sempre na Sua fidelidade!<\/p>\n<p>[movedo_single_image image=&#8221;15570&#8243; animation=&#8221;grve-zoom-in&#8221;]<strong>Lurdes Lima Capucho<\/strong><\/p>\n","protected":false},"excerpt":{"rendered":"<p>Cresci numa pequena localidade, nos arredores de Coimbra. Terminado o percurso escolar, fui aprender a costurar, com apenas 13 anos de idade. A\u00ed conheci uma colega que me falou de Jesus. Aos 16 anos, fui com ela e o seu marido a um culto, num domingo de P\u00e1scoa e aceitei Jesus como meu Salvador. Esse<\/p>\n","protected":false},"author":2,"featured_media":15566,"comment_status":"closed","ping_status":"open","sticky":false,"template":"","format":"standard","meta":{"_uag_custom_page_level_css":"","_themeisle_gutenberg_block_has_review":false,"_vp_format_video_url":"","_vp_image_focal_point":[],"footnotes":""},"categories":[47],"tags":[],"class_list":["post-15565","post","type-post","status-publish","format-standard","has-post-thumbnail","hentry","category-mulheres-casais-e-familia"],"yoast_head":"<!-- This site is optimized with the Yoast SEO plugin v27.5 - https:\/\/yoast.com\/product\/yoast-seo-wordpress\/ -->\n<title>Tempo de Ser Solteira - Lurdes Lima Capucho - AEP<\/title>\n<meta name=\"robots\" content=\"index, follow, max-snippet:-1, max-image-preview:large, max-video-preview:-1\" \/>\n<link rel=\"canonical\" href=\"https:\/\/aliancaevangelica.pt\/site\/tempo-solteira-lurdes-lima-capucho\/\" \/>\n<meta property=\"og:locale\" content=\"pt_PT\" \/>\n<meta property=\"og:type\" content=\"article\" \/>\n<meta property=\"og:title\" content=\"Tempo de Ser Solteira - Lurdes Lima Capucho - AEP\" \/>\n<meta property=\"og:description\" content=\"Cresci numa pequena localidade, nos arredores de Coimbra. Terminado o percurso escolar, fui aprender a costurar, com apenas 13 anos de idade. A\u00ed conheci uma colega que me falou de Jesus. Aos 16 anos, fui com ela e o seu marido a um culto, num domingo de P\u00e1scoa e aceitei Jesus como meu Salvador. Esse\" \/>\n<meta property=\"og:url\" content=\"https:\/\/aliancaevangelica.pt\/site\/tempo-solteira-lurdes-lima-capucho\/\" \/>\n<meta property=\"og:site_name\" content=\"AEP\" \/>\n<meta property=\"article:publisher\" content=\"http:\/\/facebook.com\/aeportuguesa\" \/>\n<meta property=\"article:author\" content=\"aeportugal\" \/>\n<meta property=\"article:published_time\" content=\"2018-03-16T07:10:52+00:00\" \/>\n<meta property=\"article:modified_time\" content=\"2026-03-02T18:41:40+00:00\" \/>\n<meta property=\"og:image\" content=\"https:\/\/aliancaevangelica.pt\/site\/wp-content\/uploads\/2018\/01\/AEP_Ser-Solteira.jpg\" \/>\n\t<meta property=\"og:image:width\" content=\"1280\" \/>\n\t<meta property=\"og:image:height\" content=\"719\" \/>\n\t<meta property=\"og:image:type\" content=\"image\/jpeg\" \/>\n<meta name=\"author\" content=\"AEP\" \/>\n<meta name=\"twitter:card\" content=\"summary_large_image\" \/>\n<meta name=\"twitter:label1\" content=\"Escrito por\" \/>\n\t<meta name=\"twitter:data1\" content=\"AEP\" \/>\n\t<meta name=\"twitter:label2\" content=\"Tempo estimado de leitura\" \/>\n\t<meta name=\"twitter:data2\" content=\"6 minutos\" \/>\n<script type=\"application\/ld+json\" class=\"yoast-schema-graph\">{\"@context\":\"https:\\\/\\\/schema.org\",\"@graph\":[{\"@type\":\"Article\",\"@id\":\"https:\\\/\\\/aliancaevangelica.pt\\\/site\\\/tempo-solteira-lurdes-lima-capucho\\\/#article\",\"isPartOf\":{\"@id\":\"https:\\\/\\\/aliancaevangelica.pt\\\/site\\\/tempo-solteira-lurdes-lima-capucho\\\/\"},\"author\":{\"name\":\"AEP\",\"@id\":\"https:\\\/\\\/aliancaevangelica.pt\\\/site\\\/#\\\/schema\\\/person\\\/3b47cfc7535eff1e820f31c2d67eafcf\"},\"headline\":\"Tempo de Ser Solteira &#8211; Lurdes Lima Capucho\",\"datePublished\":\"2018-03-16T07:10:52+00:00\",\"dateModified\":\"2026-03-02T18:41:40+00:00\",\"mainEntityOfPage\":{\"@id\":\"https:\\\/\\\/aliancaevangelica.pt\\\/site\\\/tempo-solteira-lurdes-lima-capucho\\\/\"},\"wordCount\":1276,\"publisher\":{\"@id\":\"https:\\\/\\\/aliancaevangelica.pt\\\/site\\\/#organization\"},\"image\":{\"@id\":\"https:\\\/\\\/aliancaevangelica.pt\\\/site\\\/tempo-solteira-lurdes-lima-capucho\\\/#primaryimage\"},\"thumbnailUrl\":\"https:\\\/\\\/aliancaevangelica.pt\\\/site\\\/wp-content\\\/uploads\\\/2018\\\/01\\\/AEP_Ser-Solteira.jpg\",\"articleSection\":[\"MULHERES, CASAIS E FAM\u00cdLIA\"],\"inLanguage\":\"pt-PT\"},{\"@type\":\"WebPage\",\"@id\":\"https:\\\/\\\/aliancaevangelica.pt\\\/site\\\/tempo-solteira-lurdes-lima-capucho\\\/\",\"url\":\"https:\\\/\\\/aliancaevangelica.pt\\\/site\\\/tempo-solteira-lurdes-lima-capucho\\\/\",\"name\":\"Tempo de Ser Solteira - Lurdes Lima Capucho - AEP\",\"isPartOf\":{\"@id\":\"https:\\\/\\\/aliancaevangelica.pt\\\/site\\\/#website\"},\"primaryImageOfPage\":{\"@id\":\"https:\\\/\\\/aliancaevangelica.pt\\\/site\\\/tempo-solteira-lurdes-lima-capucho\\\/#primaryimage\"},\"image\":{\"@id\":\"https:\\\/\\\/aliancaevangelica.pt\\\/site\\\/tempo-solteira-lurdes-lima-capucho\\\/#primaryimage\"},\"thumbnailUrl\":\"https:\\\/\\\/aliancaevangelica.pt\\\/site\\\/wp-content\\\/uploads\\\/2018\\\/01\\\/AEP_Ser-Solteira.jpg\",\"datePublished\":\"2018-03-16T07:10:52+00:00\",\"dateModified\":\"2026-03-02T18:41:40+00:00\",\"breadcrumb\":{\"@id\":\"https:\\\/\\\/aliancaevangelica.pt\\\/site\\\/tempo-solteira-lurdes-lima-capucho\\\/#breadcrumb\"},\"inLanguage\":\"pt-PT\",\"potentialAction\":[{\"@type\":\"ReadAction\",\"target\":[\"https:\\\/\\\/aliancaevangelica.pt\\\/site\\\/tempo-solteira-lurdes-lima-capucho\\\/\"]}]},{\"@type\":\"ImageObject\",\"inLanguage\":\"pt-PT\",\"@id\":\"https:\\\/\\\/aliancaevangelica.pt\\\/site\\\/tempo-solteira-lurdes-lima-capucho\\\/#primaryimage\",\"url\":\"https:\\\/\\\/aliancaevangelica.pt\\\/site\\\/wp-content\\\/uploads\\\/2018\\\/01\\\/AEP_Ser-Solteira.jpg\",\"contentUrl\":\"https:\\\/\\\/aliancaevangelica.pt\\\/site\\\/wp-content\\\/uploads\\\/2018\\\/01\\\/AEP_Ser-Solteira.jpg\",\"width\":1280,\"height\":719},{\"@type\":\"BreadcrumbList\",\"@id\":\"https:\\\/\\\/aliancaevangelica.pt\\\/site\\\/tempo-solteira-lurdes-lima-capucho\\\/#breadcrumb\",\"itemListElement\":[{\"@type\":\"ListItem\",\"position\":1,\"name\":\"In\u00edcio\",\"item\":\"https:\\\/\\\/aliancaevangelica.pt\\\/site\\\/\"},{\"@type\":\"ListItem\",\"position\":2,\"name\":\"Tempo de Ser Solteira &#8211; Lurdes Lima Capucho\"}]},{\"@type\":\"WebSite\",\"@id\":\"https:\\\/\\\/aliancaevangelica.pt\\\/site\\\/#website\",\"url\":\"https:\\\/\\\/aliancaevangelica.pt\\\/site\\\/\",\"name\":\"Alian\u00e7a Evang\u00e9lica Portuguesa\",\"description\":\"Alian\u00e7a Evang\u00e9lica Portuguesa\",\"publisher\":{\"@id\":\"https:\\\/\\\/aliancaevangelica.pt\\\/site\\\/#organization\"},\"potentialAction\":[{\"@type\":\"SearchAction\",\"target\":{\"@type\":\"EntryPoint\",\"urlTemplate\":\"https:\\\/\\\/aliancaevangelica.pt\\\/site\\\/?s={search_term_string}\"},\"query-input\":{\"@type\":\"PropertyValueSpecification\",\"valueRequired\":true,\"valueName\":\"search_term_string\"}}],\"inLanguage\":\"pt-PT\"},{\"@type\":\"Organization\",\"@id\":\"https:\\\/\\\/aliancaevangelica.pt\\\/site\\\/#organization\",\"name\":\"Alian\u00e7a Evang\u00e9lica Portuguesa\",\"url\":\"https:\\\/\\\/aliancaevangelica.pt\\\/site\\\/\",\"logo\":{\"@type\":\"ImageObject\",\"inLanguage\":\"pt-PT\",\"@id\":\"https:\\\/\\\/aliancaevangelica.pt\\\/site\\\/#\\\/schema\\\/logo\\\/image\\\/\",\"url\":\"https:\\\/\\\/aliancaevangelica.pt\\\/site\\\/wp-content\\\/uploads\\\/2017\\\/11\\\/logo-AEP-cor.png\",\"contentUrl\":\"https:\\\/\\\/aliancaevangelica.pt\\\/site\\\/wp-content\\\/uploads\\\/2017\\\/11\\\/logo-AEP-cor.png\",\"width\":1156,\"height\":672,\"caption\":\"Alian\u00e7a Evang\u00e9lica Portuguesa\"},\"image\":{\"@id\":\"https:\\\/\\\/aliancaevangelica.pt\\\/site\\\/#\\\/schema\\\/logo\\\/image\\\/\"},\"sameAs\":[\"http:\\\/\\\/facebook.com\\\/aeportuguesa\",\"http:\\\/\\\/instagram.com\\\/aliancaep\",\"http:\\\/\\\/youtube.com\\\/aeportuguesa\"]},{\"@type\":\"Person\",\"@id\":\"https:\\\/\\\/aliancaevangelica.pt\\\/site\\\/#\\\/schema\\\/person\\\/3b47cfc7535eff1e820f31c2d67eafcf\",\"name\":\"AEP\",\"sameAs\":[\"aeportugal\"],\"url\":\"https:\\\/\\\/aliancaevangelica.pt\\\/site\\\/author\\\/aeportugal\\\/\"}]}<\/script>\n<!-- \/ Yoast SEO plugin. -->","yoast_head_json":{"title":"Tempo de Ser Solteira - Lurdes Lima Capucho - AEP","robots":{"index":"index","follow":"follow","max-snippet":"max-snippet:-1","max-image-preview":"max-image-preview:large","max-video-preview":"max-video-preview:-1"},"canonical":"https:\/\/aliancaevangelica.pt\/site\/tempo-solteira-lurdes-lima-capucho\/","og_locale":"pt_PT","og_type":"article","og_title":"Tempo de Ser Solteira - Lurdes Lima Capucho - AEP","og_description":"Cresci numa pequena localidade, nos arredores de Coimbra. Terminado o percurso escolar, fui aprender a costurar, com apenas 13 anos de idade. A\u00ed conheci uma colega que me falou de Jesus. Aos 16 anos, fui com ela e o seu marido a um culto, num domingo de P\u00e1scoa e aceitei Jesus como meu Salvador. Esse","og_url":"https:\/\/aliancaevangelica.pt\/site\/tempo-solteira-lurdes-lima-capucho\/","og_site_name":"AEP","article_publisher":"http:\/\/facebook.com\/aeportuguesa","article_author":"aeportugal","article_published_time":"2018-03-16T07:10:52+00:00","article_modified_time":"2026-03-02T18:41:40+00:00","og_image":[{"width":1280,"height":719,"url":"https:\/\/aliancaevangelica.pt\/site\/wp-content\/uploads\/2018\/01\/AEP_Ser-Solteira.jpg","type":"image\/jpeg"}],"author":"AEP","twitter_card":"summary_large_image","twitter_misc":{"Escrito por":"AEP","Tempo estimado de leitura":"6 minutos"},"schema":{"@context":"https:\/\/schema.org","@graph":[{"@type":"Article","@id":"https:\/\/aliancaevangelica.pt\/site\/tempo-solteira-lurdes-lima-capucho\/#article","isPartOf":{"@id":"https:\/\/aliancaevangelica.pt\/site\/tempo-solteira-lurdes-lima-capucho\/"},"author":{"name":"AEP","@id":"https:\/\/aliancaevangelica.pt\/site\/#\/schema\/person\/3b47cfc7535eff1e820f31c2d67eafcf"},"headline":"Tempo de Ser Solteira &#8211; Lurdes Lima Capucho","datePublished":"2018-03-16T07:10:52+00:00","dateModified":"2026-03-02T18:41:40+00:00","mainEntityOfPage":{"@id":"https:\/\/aliancaevangelica.pt\/site\/tempo-solteira-lurdes-lima-capucho\/"},"wordCount":1276,"publisher":{"@id":"https:\/\/aliancaevangelica.pt\/site\/#organization"},"image":{"@id":"https:\/\/aliancaevangelica.pt\/site\/tempo-solteira-lurdes-lima-capucho\/#primaryimage"},"thumbnailUrl":"https:\/\/aliancaevangelica.pt\/site\/wp-content\/uploads\/2018\/01\/AEP_Ser-Solteira.jpg","articleSection":["MULHERES, CASAIS E FAM\u00cdLIA"],"inLanguage":"pt-PT"},{"@type":"WebPage","@id":"https:\/\/aliancaevangelica.pt\/site\/tempo-solteira-lurdes-lima-capucho\/","url":"https:\/\/aliancaevangelica.pt\/site\/tempo-solteira-lurdes-lima-capucho\/","name":"Tempo de Ser Solteira - Lurdes Lima Capucho - AEP","isPartOf":{"@id":"https:\/\/aliancaevangelica.pt\/site\/#website"},"primaryImageOfPage":{"@id":"https:\/\/aliancaevangelica.pt\/site\/tempo-solteira-lurdes-lima-capucho\/#primaryimage"},"image":{"@id":"https:\/\/aliancaevangelica.pt\/site\/tempo-solteira-lurdes-lima-capucho\/#primaryimage"},"thumbnailUrl":"https:\/\/aliancaevangelica.pt\/site\/wp-content\/uploads\/2018\/01\/AEP_Ser-Solteira.jpg","datePublished":"2018-03-16T07:10:52+00:00","dateModified":"2026-03-02T18:41:40+00:00","breadcrumb":{"@id":"https:\/\/aliancaevangelica.pt\/site\/tempo-solteira-lurdes-lima-capucho\/#breadcrumb"},"inLanguage":"pt-PT","potentialAction":[{"@type":"ReadAction","target":["https:\/\/aliancaevangelica.pt\/site\/tempo-solteira-lurdes-lima-capucho\/"]}]},{"@type":"ImageObject","inLanguage":"pt-PT","@id":"https:\/\/aliancaevangelica.pt\/site\/tempo-solteira-lurdes-lima-capucho\/#primaryimage","url":"https:\/\/aliancaevangelica.pt\/site\/wp-content\/uploads\/2018\/01\/AEP_Ser-Solteira.jpg","contentUrl":"https:\/\/aliancaevangelica.pt\/site\/wp-content\/uploads\/2018\/01\/AEP_Ser-Solteira.jpg","width":1280,"height":719},{"@type":"BreadcrumbList","@id":"https:\/\/aliancaevangelica.pt\/site\/tempo-solteira-lurdes-lima-capucho\/#breadcrumb","itemListElement":[{"@type":"ListItem","position":1,"name":"In\u00edcio","item":"https:\/\/aliancaevangelica.pt\/site\/"},{"@type":"ListItem","position":2,"name":"Tempo de Ser Solteira &#8211; Lurdes Lima Capucho"}]},{"@type":"WebSite","@id":"https:\/\/aliancaevangelica.pt\/site\/#website","url":"https:\/\/aliancaevangelica.pt\/site\/","name":"Alian\u00e7a Evang\u00e9lica Portuguesa","description":"Alian\u00e7a Evang\u00e9lica Portuguesa","publisher":{"@id":"https:\/\/aliancaevangelica.pt\/site\/#organization"},"potentialAction":[{"@type":"SearchAction","target":{"@type":"EntryPoint","urlTemplate":"https:\/\/aliancaevangelica.pt\/site\/?s={search_term_string}"},"query-input":{"@type":"PropertyValueSpecification","valueRequired":true,"valueName":"search_term_string"}}],"inLanguage":"pt-PT"},{"@type":"Organization","@id":"https:\/\/aliancaevangelica.pt\/site\/#organization","name":"Alian\u00e7a Evang\u00e9lica Portuguesa","url":"https:\/\/aliancaevangelica.pt\/site\/","logo":{"@type":"ImageObject","inLanguage":"pt-PT","@id":"https:\/\/aliancaevangelica.pt\/site\/#\/schema\/logo\/image\/","url":"https:\/\/aliancaevangelica.pt\/site\/wp-content\/uploads\/2017\/11\/logo-AEP-cor.png","contentUrl":"https:\/\/aliancaevangelica.pt\/site\/wp-content\/uploads\/2017\/11\/logo-AEP-cor.png","width":1156,"height":672,"caption":"Alian\u00e7a Evang\u00e9lica Portuguesa"},"image":{"@id":"https:\/\/aliancaevangelica.pt\/site\/#\/schema\/logo\/image\/"},"sameAs":["http:\/\/facebook.com\/aeportuguesa","http:\/\/instagram.com\/aliancaep","http:\/\/youtube.com\/aeportuguesa"]},{"@type":"Person","@id":"https:\/\/aliancaevangelica.pt\/site\/#\/schema\/person\/3b47cfc7535eff1e820f31c2d67eafcf","name":"AEP","sameAs":["aeportugal"],"url":"https:\/\/aliancaevangelica.pt\/site\/author\/aeportugal\/"}]}},"uagb_featured_image_src":{"full":["https:\/\/aliancaevangelica.pt\/site\/wp-content\/uploads\/2018\/01\/AEP_Ser-Solteira.jpg",1280,719,false],"thumbnail":["https:\/\/aliancaevangelica.pt\/site\/wp-content\/uploads\/2018\/01\/AEP_Ser-Solteira-150x150.jpg",150,150,true],"medium":["https:\/\/aliancaevangelica.pt\/site\/wp-content\/uploads\/2018\/01\/AEP_Ser-Solteira-300x169.jpg",300,169,true],"medium_large":["https:\/\/aliancaevangelica.pt\/site\/wp-content\/uploads\/2018\/01\/AEP_Ser-Solteira-768x431.jpg",768,431,true],"large":["https:\/\/aliancaevangelica.pt\/site\/wp-content\/uploads\/2018\/01\/AEP_Ser-Solteira-1024x575.jpg",960,539,true],"1536x1536":["https:\/\/aliancaevangelica.pt\/site\/wp-content\/uploads\/2018\/01\/AEP_Ser-Solteira.jpg",1280,719,false],"2048x2048":["https:\/\/aliancaevangelica.pt\/site\/wp-content\/uploads\/2018\/01\/AEP_Ser-Solteira.jpg",1280,719,false],"vp_sm":["https:\/\/aliancaevangelica.pt\/site\/wp-content\/uploads\/2018\/01\/AEP_Ser-Solteira.jpg",500,281,false],"vp_md":["https:\/\/aliancaevangelica.pt\/site\/wp-content\/uploads\/2018\/01\/AEP_Ser-Solteira.jpg",800,449,false],"vp_lg":["https:\/\/aliancaevangelica.pt\/site\/wp-content\/uploads\/2018\/01\/AEP_Ser-Solteira.jpg",1280,719,false],"vp_xl":["https:\/\/aliancaevangelica.pt\/site\/wp-content\/uploads\/2018\/01\/AEP_Ser-Solteira.jpg",1280,719,false],"vp_sm_popup":["https:\/\/aliancaevangelica.pt\/site\/wp-content\/uploads\/2018\/01\/AEP_Ser-Solteira.jpg",500,281,false],"vp_md_popup":["https:\/\/aliancaevangelica.pt\/site\/wp-content\/uploads\/2018\/01\/AEP_Ser-Solteira.jpg",800,449,false],"vp_xl_popup":["https:\/\/aliancaevangelica.pt\/site\/wp-content\/uploads\/2018\/01\/AEP_Ser-Solteira.jpg",1280,719,false],"newsx-150x100":["https:\/\/aliancaevangelica.pt\/site\/wp-content\/uploads\/2018\/01\/AEP_Ser-Solteira.jpg",150,84,false],"newsx-330x220":["https:\/\/aliancaevangelica.pt\/site\/wp-content\/uploads\/2018\/01\/AEP_Ser-Solteira.jpg",330,185,false],"newsx-420x280":["https:\/\/aliancaevangelica.pt\/site\/wp-content\/uploads\/2018\/01\/AEP_Ser-Solteira.jpg",420,236,false],"newsx-510x340":["https:\/\/aliancaevangelica.pt\/site\/wp-content\/uploads\/2018\/01\/AEP_Ser-Solteira.jpg",510,286,false],"newsx-640x480":["https:\/\/aliancaevangelica.pt\/site\/wp-content\/uploads\/2018\/01\/AEP_Ser-Solteira.jpg",640,360,false],"newsx-670x370":["https:\/\/aliancaevangelica.pt\/site\/wp-content\/uploads\/2018\/01\/AEP_Ser-Solteira.jpg",659,370,false],"newsx-860x570":["https:\/\/aliancaevangelica.pt\/site\/wp-content\/uploads\/2018\/01\/AEP_Ser-Solteira.jpg",860,483,false],"newsx-1000x750":["https:\/\/aliancaevangelica.pt\/site\/wp-content\/uploads\/2018\/01\/AEP_Ser-Solteira.jpg",1000,562,false],"newsx-1200x600":["https:\/\/aliancaevangelica.pt\/site\/wp-content\/uploads\/2018\/01\/AEP_Ser-Solteira.jpg",1068,600,false]},"uagb_author_info":{"display_name":"AEP","author_link":"https:\/\/aliancaevangelica.pt\/site\/author\/aeportugal\/"},"uagb_comment_info":0,"uagb_excerpt":"Cresci numa pequena localidade, nos arredores de Coimbra. Terminado o percurso escolar, fui aprender a costurar, com apenas 13 anos de idade. A\u00ed conheci uma colega que me falou de Jesus. Aos 16 anos, fui com ela e o seu marido a um culto, num domingo de P\u00e1scoa e aceitei Jesus como meu Salvador. Esse","_links":{"self":[{"href":"https:\/\/aliancaevangelica.pt\/site\/wp-json\/wp\/v2\/posts\/15565","targetHints":{"allow":["GET"]}}],"collection":[{"href":"https:\/\/aliancaevangelica.pt\/site\/wp-json\/wp\/v2\/posts"}],"about":[{"href":"https:\/\/aliancaevangelica.pt\/site\/wp-json\/wp\/v2\/types\/post"}],"author":[{"embeddable":true,"href":"https:\/\/aliancaevangelica.pt\/site\/wp-json\/wp\/v2\/users\/2"}],"replies":[{"embeddable":true,"href":"https:\/\/aliancaevangelica.pt\/site\/wp-json\/wp\/v2\/comments?post=15565"}],"version-history":[{"count":5,"href":"https:\/\/aliancaevangelica.pt\/site\/wp-json\/wp\/v2\/posts\/15565\/revisions"}],"predecessor-version":[{"id":15762,"href":"https:\/\/aliancaevangelica.pt\/site\/wp-json\/wp\/v2\/posts\/15565\/revisions\/15762"}],"wp:featuredmedia":[{"embeddable":true,"href":"https:\/\/aliancaevangelica.pt\/site\/wp-json\/wp\/v2\/media\/15566"}],"wp:attachment":[{"href":"https:\/\/aliancaevangelica.pt\/site\/wp-json\/wp\/v2\/media?parent=15565"}],"wp:term":[{"taxonomy":"category","embeddable":true,"href":"https:\/\/aliancaevangelica.pt\/site\/wp-json\/wp\/v2\/categories?post=15565"},{"taxonomy":"post_tag","embeddable":true,"href":"https:\/\/aliancaevangelica.pt\/site\/wp-json\/wp\/v2\/tags?post=15565"}],"curies":[{"name":"wp","href":"https:\/\/api.w.org\/{rel}","templated":true}]}}