{"id":15562,"date":"2018-03-02T07:03:27","date_gmt":"2018-03-02T07:03:27","guid":{"rendered":"https:\/\/aliancaevangelica.pt\/site\/?p=15562"},"modified":"2026-03-02T18:43:07","modified_gmt":"2026-03-02T18:43:07","slug":"os-pais-sao-perfeitos-clarisse-barros","status":"publish","type":"post","link":"https:\/\/aliancaevangelica.pt\/site\/os-pais-sao-perfeitos-clarisse-barros\/","title":{"rendered":"Os pais s\u00e3o perfeitos? &#8211; Clarisse Barros"},"content":{"rendered":"<p>Num ser\u00e3o tranquilo, a m\u00e3e estava a ler para o Jo\u00e3o, de cinco anos, algumas p\u00e1ginas de um livro novo. O livro falava sobre os pais e os filhos, os seus comportamentos, as suas atitudes e as suas escolhas&#8230; A certa altura, surgiu uma quest\u00e3o interessante: \u201cOs pais s\u00e3o perfeitos ou t\u00eam sempre raz\u00e3o?\u201d A m\u00e3e olhou para o rostinho atento do Jo\u00e3o e perguntou-lhe: \u201cO que achas, Jo\u00e3o?\u201d A resposta do menino n\u00e3o demorou: \u201cOs pais s\u00e3o perfeitos, mas nem sempre t\u00eam raz\u00e3o!\u201d<\/p>\n<p>Quanto amor, quanta compreens\u00e3o e quanta verdade numa frase t\u00e3o pequena! Que olhos t\u00e3o puros e t\u00e3o preciosos estes, que veem os pais como pessoas perfeitas, apesar das suas falhas! No in\u00edcio das Escrituras lemos que o Senhor criou o homem \u00e0 Sua imagem e semelhan\u00e7a:<\/p>\n<p>\u201cTamb\u00e9m disse Deus: Fa\u00e7amos o homem \u00e0 nossa imagem, conforme a nossa semelhan\u00e7a; (&#8230;) Criou Deus, pois, o homem \u00e0 sua imagem, \u00e0 imagem de Deus o criou; homem e mulher os criou.\u201d (G\u00e9nesis 1:26-27)<\/p>\n<p>Mas depois, um pouco mais \u00e0 frente na B\u00edblia, ap\u00f3s a entrada do pecado no mundo, lemos que Ad\u00e3o gerou um filho \u00e0 sua pr\u00f3pria imagem:<\/p>\n<p>\u201cViveu Ad\u00e3o cento e trinta anos, e gerou um filho \u00e0 sua semelhan\u00e7a, conforme a sua imagem, e lhe chamou Sete.\u201d (G\u00e9nesis 5:3)<\/p>\n<p>A perfei\u00e7\u00e3o de Deus foi substitu\u00edda pela imperfei\u00e7\u00e3o humana. O amor, no entanto, traz-nos de volta \u00e0 semelhan\u00e7a do Criador, o Deus de amor. E, nesse amor pelos filhos, os pais s\u00e3o quase \u201cperfeitos\u201d, mas todos sabemos que nem sempre temos raz\u00e3o&#8230; Ent\u00e3o, o que devemos fazer quando nos damos conta de que n\u00e3o dissemos as palavras certas, ou n\u00e3o tivemos a atitude correta, de que n\u00e3o tivemos raz\u00e3o ou n\u00e3o fomos \u201cperfeitos\u201d? Humildemente, admitir o erro e pedir perd\u00e3o \u2013 \u00e9 o que devemos fazer. Tamb\u00e9m \u00e9 importante reconquistar a confian\u00e7a dos filhos, quer sejam crian\u00e7as, quer sejam adultos. Isso requer tempo, esfor\u00e7o, doa\u00e7\u00e3o e entrega \u00e0 miss\u00e3o de sermos pais. Eles precisam saber que os valorizamos acima das outras coisas da vida. Eles precisam saber que s\u00e3o mais importantes do que a carreira profissional dos pais, ou a aquisi\u00e7\u00e3o de bens, ou as viagens, o lazer, o grupo de amigos, os projetos pessoais e tudo o que \u00e9 menor do que Deus na nossa vida. Eles precisam saber que os pais erram mais vezes do que gostariam, mas o seu amor \u00e9 incondicional, um bocadinho semelhante ao amor de Deus, apesar de tudo.<\/p>\n<p>\u201cAcima de tudo, por\u00e9m, tende amor intenso uns para com os outros, porque o amor cobre multid\u00e3o de pecados.\u201d (1 Pedro 4:8)<\/p>\n<p>[movedo_single_image image=&#8221;15561&#8243; animation=&#8221;grve-zoom-in&#8221;]<strong>Clarisse Barros<\/strong><br \/>\nProfessora e escritora<\/p>\n","protected":false},"excerpt":{"rendered":"<p>Num ser\u00e3o tranquilo, a m\u00e3e estava a ler para o Jo\u00e3o, de cinco anos, algumas p\u00e1ginas de um livro novo. O livro falava sobre os pais e os filhos, os seus comportamentos, as suas atitudes e as suas escolhas&#8230; A certa altura, surgiu uma quest\u00e3o interessante: \u201cOs pais s\u00e3o perfeitos ou t\u00eam sempre raz\u00e3o?\u201d A<\/p>\n","protected":false},"author":2,"featured_media":15564,"comment_status":"closed","ping_status":"open","sticky":false,"template":"","format":"standard","meta":{"_uag_custom_page_level_css":"","_themeisle_gutenberg_block_has_review":false,"_vp_format_video_url":"","_vp_image_focal_point":[],"footnotes":""},"categories":[47],"tags":[],"class_list":["post-15562","post","type-post","status-publish","format-standard","has-post-thumbnail","hentry","category-mulheres-casais-e-familia"],"yoast_head":"<!-- This site is optimized with the Yoast SEO plugin v27.5 - https:\/\/yoast.com\/product\/yoast-seo-wordpress\/ -->\n<title>Os pais s\u00e3o perfeitos? - Clarisse Barros - AEP<\/title>\n<meta name=\"robots\" content=\"index, follow, max-snippet:-1, max-image-preview:large, max-video-preview:-1\" \/>\n<link rel=\"canonical\" href=\"https:\/\/aliancaevangelica.pt\/site\/os-pais-sao-perfeitos-clarisse-barros\/\" \/>\n<meta property=\"og:locale\" content=\"pt_PT\" \/>\n<meta property=\"og:type\" content=\"article\" \/>\n<meta property=\"og:title\" content=\"Os pais s\u00e3o perfeitos? - Clarisse Barros - AEP\" \/>\n<meta property=\"og:description\" content=\"Num ser\u00e3o tranquilo, a m\u00e3e estava a ler para o Jo\u00e3o, de cinco anos, algumas p\u00e1ginas de um livro novo. O livro falava sobre os pais e os filhos, os seus comportamentos, as suas atitudes e as suas escolhas&#8230; A certa altura, surgiu uma quest\u00e3o interessante: \u201cOs pais s\u00e3o perfeitos ou t\u00eam sempre raz\u00e3o?\u201d A\" \/>\n<meta property=\"og:url\" content=\"https:\/\/aliancaevangelica.pt\/site\/os-pais-sao-perfeitos-clarisse-barros\/\" \/>\n<meta property=\"og:site_name\" content=\"AEP\" \/>\n<meta property=\"article:publisher\" content=\"http:\/\/facebook.com\/aeportuguesa\" \/>\n<meta property=\"article:author\" content=\"aeportugal\" \/>\n<meta property=\"article:published_time\" content=\"2018-03-02T07:03:27+00:00\" \/>\n<meta property=\"article:modified_time\" content=\"2026-03-02T18:43:07+00:00\" \/>\n<meta property=\"og:image\" content=\"https:\/\/aliancaevangelica.pt\/site\/wp-content\/uploads\/2018\/01\/AEP_Pais-Perfeitos.jpg\" \/>\n\t<meta property=\"og:image:width\" content=\"1280\" \/>\n\t<meta property=\"og:image:height\" content=\"853\" \/>\n\t<meta property=\"og:image:type\" content=\"image\/jpeg\" \/>\n<meta name=\"author\" content=\"AEP\" \/>\n<meta name=\"twitter:card\" content=\"summary_large_image\" \/>\n<meta name=\"twitter:label1\" content=\"Escrito por\" \/>\n\t<meta name=\"twitter:data1\" content=\"AEP\" \/>\n\t<meta name=\"twitter:label2\" content=\"Tempo estimado de leitura\" \/>\n\t<meta name=\"twitter:data2\" content=\"2 minutos\" \/>\n<script type=\"application\/ld+json\" class=\"yoast-schema-graph\">{\"@context\":\"https:\\\/\\\/schema.org\",\"@graph\":[{\"@type\":\"Article\",\"@id\":\"https:\\\/\\\/aliancaevangelica.pt\\\/site\\\/os-pais-sao-perfeitos-clarisse-barros\\\/#article\",\"isPartOf\":{\"@id\":\"https:\\\/\\\/aliancaevangelica.pt\\\/site\\\/os-pais-sao-perfeitos-clarisse-barros\\\/\"},\"author\":{\"name\":\"AEP\",\"@id\":\"https:\\\/\\\/aliancaevangelica.pt\\\/site\\\/#\\\/schema\\\/person\\\/3b47cfc7535eff1e820f31c2d67eafcf\"},\"headline\":\"Os pais s\u00e3o perfeitos? &#8211; Clarisse Barros\",\"datePublished\":\"2018-03-02T07:03:27+00:00\",\"dateModified\":\"2026-03-02T18:43:07+00:00\",\"mainEntityOfPage\":{\"@id\":\"https:\\\/\\\/aliancaevangelica.pt\\\/site\\\/os-pais-sao-perfeitos-clarisse-barros\\\/\"},\"wordCount\":487,\"publisher\":{\"@id\":\"https:\\\/\\\/aliancaevangelica.pt\\\/site\\\/#organization\"},\"image\":{\"@id\":\"https:\\\/\\\/aliancaevangelica.pt\\\/site\\\/os-pais-sao-perfeitos-clarisse-barros\\\/#primaryimage\"},\"thumbnailUrl\":\"https:\\\/\\\/aliancaevangelica.pt\\\/site\\\/wp-content\\\/uploads\\\/2018\\\/01\\\/AEP_Pais-Perfeitos.jpg\",\"articleSection\":[\"MULHERES, CASAIS E FAM\u00cdLIA\"],\"inLanguage\":\"pt-PT\"},{\"@type\":\"WebPage\",\"@id\":\"https:\\\/\\\/aliancaevangelica.pt\\\/site\\\/os-pais-sao-perfeitos-clarisse-barros\\\/\",\"url\":\"https:\\\/\\\/aliancaevangelica.pt\\\/site\\\/os-pais-sao-perfeitos-clarisse-barros\\\/\",\"name\":\"Os pais s\u00e3o perfeitos? - Clarisse Barros - AEP\",\"isPartOf\":{\"@id\":\"https:\\\/\\\/aliancaevangelica.pt\\\/site\\\/#website\"},\"primaryImageOfPage\":{\"@id\":\"https:\\\/\\\/aliancaevangelica.pt\\\/site\\\/os-pais-sao-perfeitos-clarisse-barros\\\/#primaryimage\"},\"image\":{\"@id\":\"https:\\\/\\\/aliancaevangelica.pt\\\/site\\\/os-pais-sao-perfeitos-clarisse-barros\\\/#primaryimage\"},\"thumbnailUrl\":\"https:\\\/\\\/aliancaevangelica.pt\\\/site\\\/wp-content\\\/uploads\\\/2018\\\/01\\\/AEP_Pais-Perfeitos.jpg\",\"datePublished\":\"2018-03-02T07:03:27+00:00\",\"dateModified\":\"2026-03-02T18:43:07+00:00\",\"breadcrumb\":{\"@id\":\"https:\\\/\\\/aliancaevangelica.pt\\\/site\\\/os-pais-sao-perfeitos-clarisse-barros\\\/#breadcrumb\"},\"inLanguage\":\"pt-PT\",\"potentialAction\":[{\"@type\":\"ReadAction\",\"target\":[\"https:\\\/\\\/aliancaevangelica.pt\\\/site\\\/os-pais-sao-perfeitos-clarisse-barros\\\/\"]}]},{\"@type\":\"ImageObject\",\"inLanguage\":\"pt-PT\",\"@id\":\"https:\\\/\\\/aliancaevangelica.pt\\\/site\\\/os-pais-sao-perfeitos-clarisse-barros\\\/#primaryimage\",\"url\":\"https:\\\/\\\/aliancaevangelica.pt\\\/site\\\/wp-content\\\/uploads\\\/2018\\\/01\\\/AEP_Pais-Perfeitos.jpg\",\"contentUrl\":\"https:\\\/\\\/aliancaevangelica.pt\\\/site\\\/wp-content\\\/uploads\\\/2018\\\/01\\\/AEP_Pais-Perfeitos.jpg\",\"width\":1280,\"height\":853},{\"@type\":\"BreadcrumbList\",\"@id\":\"https:\\\/\\\/aliancaevangelica.pt\\\/site\\\/os-pais-sao-perfeitos-clarisse-barros\\\/#breadcrumb\",\"itemListElement\":[{\"@type\":\"ListItem\",\"position\":1,\"name\":\"In\u00edcio\",\"item\":\"https:\\\/\\\/aliancaevangelica.pt\\\/site\\\/\"},{\"@type\":\"ListItem\",\"position\":2,\"name\":\"Os pais s\u00e3o perfeitos? &#8211; Clarisse Barros\"}]},{\"@type\":\"WebSite\",\"@id\":\"https:\\\/\\\/aliancaevangelica.pt\\\/site\\\/#website\",\"url\":\"https:\\\/\\\/aliancaevangelica.pt\\\/site\\\/\",\"name\":\"Alian\u00e7a Evang\u00e9lica Portuguesa\",\"description\":\"Alian\u00e7a Evang\u00e9lica Portuguesa\",\"publisher\":{\"@id\":\"https:\\\/\\\/aliancaevangelica.pt\\\/site\\\/#organization\"},\"potentialAction\":[{\"@type\":\"SearchAction\",\"target\":{\"@type\":\"EntryPoint\",\"urlTemplate\":\"https:\\\/\\\/aliancaevangelica.pt\\\/site\\\/?s={search_term_string}\"},\"query-input\":{\"@type\":\"PropertyValueSpecification\",\"valueRequired\":true,\"valueName\":\"search_term_string\"}}],\"inLanguage\":\"pt-PT\"},{\"@type\":\"Organization\",\"@id\":\"https:\\\/\\\/aliancaevangelica.pt\\\/site\\\/#organization\",\"name\":\"Alian\u00e7a Evang\u00e9lica Portuguesa\",\"url\":\"https:\\\/\\\/aliancaevangelica.pt\\\/site\\\/\",\"logo\":{\"@type\":\"ImageObject\",\"inLanguage\":\"pt-PT\",\"@id\":\"https:\\\/\\\/aliancaevangelica.pt\\\/site\\\/#\\\/schema\\\/logo\\\/image\\\/\",\"url\":\"https:\\\/\\\/aliancaevangelica.pt\\\/site\\\/wp-content\\\/uploads\\\/2017\\\/11\\\/logo-AEP-cor.png\",\"contentUrl\":\"https:\\\/\\\/aliancaevangelica.pt\\\/site\\\/wp-content\\\/uploads\\\/2017\\\/11\\\/logo-AEP-cor.png\",\"width\":1156,\"height\":672,\"caption\":\"Alian\u00e7a Evang\u00e9lica Portuguesa\"},\"image\":{\"@id\":\"https:\\\/\\\/aliancaevangelica.pt\\\/site\\\/#\\\/schema\\\/logo\\\/image\\\/\"},\"sameAs\":[\"http:\\\/\\\/facebook.com\\\/aeportuguesa\",\"http:\\\/\\\/instagram.com\\\/aliancaep\",\"http:\\\/\\\/youtube.com\\\/aeportuguesa\"]},{\"@type\":\"Person\",\"@id\":\"https:\\\/\\\/aliancaevangelica.pt\\\/site\\\/#\\\/schema\\\/person\\\/3b47cfc7535eff1e820f31c2d67eafcf\",\"name\":\"AEP\",\"sameAs\":[\"aeportugal\"],\"url\":\"https:\\\/\\\/aliancaevangelica.pt\\\/site\\\/author\\\/aeportugal\\\/\"}]}<\/script>\n<!-- \/ Yoast SEO plugin. -->","yoast_head_json":{"title":"Os pais s\u00e3o perfeitos? - Clarisse Barros - AEP","robots":{"index":"index","follow":"follow","max-snippet":"max-snippet:-1","max-image-preview":"max-image-preview:large","max-video-preview":"max-video-preview:-1"},"canonical":"https:\/\/aliancaevangelica.pt\/site\/os-pais-sao-perfeitos-clarisse-barros\/","og_locale":"pt_PT","og_type":"article","og_title":"Os pais s\u00e3o perfeitos? - Clarisse Barros - AEP","og_description":"Num ser\u00e3o tranquilo, a m\u00e3e estava a ler para o Jo\u00e3o, de cinco anos, algumas p\u00e1ginas de um livro novo. O livro falava sobre os pais e os filhos, os seus comportamentos, as suas atitudes e as suas escolhas&#8230; A certa altura, surgiu uma quest\u00e3o interessante: \u201cOs pais s\u00e3o perfeitos ou t\u00eam sempre raz\u00e3o?\u201d A","og_url":"https:\/\/aliancaevangelica.pt\/site\/os-pais-sao-perfeitos-clarisse-barros\/","og_site_name":"AEP","article_publisher":"http:\/\/facebook.com\/aeportuguesa","article_author":"aeportugal","article_published_time":"2018-03-02T07:03:27+00:00","article_modified_time":"2026-03-02T18:43:07+00:00","og_image":[{"width":1280,"height":853,"url":"https:\/\/aliancaevangelica.pt\/site\/wp-content\/uploads\/2018\/01\/AEP_Pais-Perfeitos.jpg","type":"image\/jpeg"}],"author":"AEP","twitter_card":"summary_large_image","twitter_misc":{"Escrito por":"AEP","Tempo estimado de leitura":"2 minutos"},"schema":{"@context":"https:\/\/schema.org","@graph":[{"@type":"Article","@id":"https:\/\/aliancaevangelica.pt\/site\/os-pais-sao-perfeitos-clarisse-barros\/#article","isPartOf":{"@id":"https:\/\/aliancaevangelica.pt\/site\/os-pais-sao-perfeitos-clarisse-barros\/"},"author":{"name":"AEP","@id":"https:\/\/aliancaevangelica.pt\/site\/#\/schema\/person\/3b47cfc7535eff1e820f31c2d67eafcf"},"headline":"Os pais s\u00e3o perfeitos? &#8211; Clarisse Barros","datePublished":"2018-03-02T07:03:27+00:00","dateModified":"2026-03-02T18:43:07+00:00","mainEntityOfPage":{"@id":"https:\/\/aliancaevangelica.pt\/site\/os-pais-sao-perfeitos-clarisse-barros\/"},"wordCount":487,"publisher":{"@id":"https:\/\/aliancaevangelica.pt\/site\/#organization"},"image":{"@id":"https:\/\/aliancaevangelica.pt\/site\/os-pais-sao-perfeitos-clarisse-barros\/#primaryimage"},"thumbnailUrl":"https:\/\/aliancaevangelica.pt\/site\/wp-content\/uploads\/2018\/01\/AEP_Pais-Perfeitos.jpg","articleSection":["MULHERES, CASAIS E FAM\u00cdLIA"],"inLanguage":"pt-PT"},{"@type":"WebPage","@id":"https:\/\/aliancaevangelica.pt\/site\/os-pais-sao-perfeitos-clarisse-barros\/","url":"https:\/\/aliancaevangelica.pt\/site\/os-pais-sao-perfeitos-clarisse-barros\/","name":"Os pais s\u00e3o perfeitos? - Clarisse Barros - AEP","isPartOf":{"@id":"https:\/\/aliancaevangelica.pt\/site\/#website"},"primaryImageOfPage":{"@id":"https:\/\/aliancaevangelica.pt\/site\/os-pais-sao-perfeitos-clarisse-barros\/#primaryimage"},"image":{"@id":"https:\/\/aliancaevangelica.pt\/site\/os-pais-sao-perfeitos-clarisse-barros\/#primaryimage"},"thumbnailUrl":"https:\/\/aliancaevangelica.pt\/site\/wp-content\/uploads\/2018\/01\/AEP_Pais-Perfeitos.jpg","datePublished":"2018-03-02T07:03:27+00:00","dateModified":"2026-03-02T18:43:07+00:00","breadcrumb":{"@id":"https:\/\/aliancaevangelica.pt\/site\/os-pais-sao-perfeitos-clarisse-barros\/#breadcrumb"},"inLanguage":"pt-PT","potentialAction":[{"@type":"ReadAction","target":["https:\/\/aliancaevangelica.pt\/site\/os-pais-sao-perfeitos-clarisse-barros\/"]}]},{"@type":"ImageObject","inLanguage":"pt-PT","@id":"https:\/\/aliancaevangelica.pt\/site\/os-pais-sao-perfeitos-clarisse-barros\/#primaryimage","url":"https:\/\/aliancaevangelica.pt\/site\/wp-content\/uploads\/2018\/01\/AEP_Pais-Perfeitos.jpg","contentUrl":"https:\/\/aliancaevangelica.pt\/site\/wp-content\/uploads\/2018\/01\/AEP_Pais-Perfeitos.jpg","width":1280,"height":853},{"@type":"BreadcrumbList","@id":"https:\/\/aliancaevangelica.pt\/site\/os-pais-sao-perfeitos-clarisse-barros\/#breadcrumb","itemListElement":[{"@type":"ListItem","position":1,"name":"In\u00edcio","item":"https:\/\/aliancaevangelica.pt\/site\/"},{"@type":"ListItem","position":2,"name":"Os pais s\u00e3o perfeitos? &#8211; Clarisse Barros"}]},{"@type":"WebSite","@id":"https:\/\/aliancaevangelica.pt\/site\/#website","url":"https:\/\/aliancaevangelica.pt\/site\/","name":"Alian\u00e7a Evang\u00e9lica Portuguesa","description":"Alian\u00e7a Evang\u00e9lica Portuguesa","publisher":{"@id":"https:\/\/aliancaevangelica.pt\/site\/#organization"},"potentialAction":[{"@type":"SearchAction","target":{"@type":"EntryPoint","urlTemplate":"https:\/\/aliancaevangelica.pt\/site\/?s={search_term_string}"},"query-input":{"@type":"PropertyValueSpecification","valueRequired":true,"valueName":"search_term_string"}}],"inLanguage":"pt-PT"},{"@type":"Organization","@id":"https:\/\/aliancaevangelica.pt\/site\/#organization","name":"Alian\u00e7a Evang\u00e9lica Portuguesa","url":"https:\/\/aliancaevangelica.pt\/site\/","logo":{"@type":"ImageObject","inLanguage":"pt-PT","@id":"https:\/\/aliancaevangelica.pt\/site\/#\/schema\/logo\/image\/","url":"https:\/\/aliancaevangelica.pt\/site\/wp-content\/uploads\/2017\/11\/logo-AEP-cor.png","contentUrl":"https:\/\/aliancaevangelica.pt\/site\/wp-content\/uploads\/2017\/11\/logo-AEP-cor.png","width":1156,"height":672,"caption":"Alian\u00e7a Evang\u00e9lica Portuguesa"},"image":{"@id":"https:\/\/aliancaevangelica.pt\/site\/#\/schema\/logo\/image\/"},"sameAs":["http:\/\/facebook.com\/aeportuguesa","http:\/\/instagram.com\/aliancaep","http:\/\/youtube.com\/aeportuguesa"]},{"@type":"Person","@id":"https:\/\/aliancaevangelica.pt\/site\/#\/schema\/person\/3b47cfc7535eff1e820f31c2d67eafcf","name":"AEP","sameAs":["aeportugal"],"url":"https:\/\/aliancaevangelica.pt\/site\/author\/aeportugal\/"}]}},"uagb_featured_image_src":{"full":["https:\/\/aliancaevangelica.pt\/site\/wp-content\/uploads\/2018\/01\/AEP_Pais-Perfeitos.jpg",1280,853,false],"thumbnail":["https:\/\/aliancaevangelica.pt\/site\/wp-content\/uploads\/2018\/01\/AEP_Pais-Perfeitos-150x150.jpg",150,150,true],"medium":["https:\/\/aliancaevangelica.pt\/site\/wp-content\/uploads\/2018\/01\/AEP_Pais-Perfeitos-300x200.jpg",300,200,true],"medium_large":["https:\/\/aliancaevangelica.pt\/site\/wp-content\/uploads\/2018\/01\/AEP_Pais-Perfeitos-768x512.jpg",768,512,true],"large":["https:\/\/aliancaevangelica.pt\/site\/wp-content\/uploads\/2018\/01\/AEP_Pais-Perfeitos-1024x682.jpg",960,639,true],"1536x1536":["https:\/\/aliancaevangelica.pt\/site\/wp-content\/uploads\/2018\/01\/AEP_Pais-Perfeitos.jpg",1280,853,false],"2048x2048":["https:\/\/aliancaevangelica.pt\/site\/wp-content\/uploads\/2018\/01\/AEP_Pais-Perfeitos.jpg",1280,853,false],"vp_sm":["https:\/\/aliancaevangelica.pt\/site\/wp-content\/uploads\/2018\/01\/AEP_Pais-Perfeitos.jpg",500,333,false],"vp_md":["https:\/\/aliancaevangelica.pt\/site\/wp-content\/uploads\/2018\/01\/AEP_Pais-Perfeitos.jpg",800,533,false],"vp_lg":["https:\/\/aliancaevangelica.pt\/site\/wp-content\/uploads\/2018\/01\/AEP_Pais-Perfeitos.jpg",1280,853,false],"vp_xl":["https:\/\/aliancaevangelica.pt\/site\/wp-content\/uploads\/2018\/01\/AEP_Pais-Perfeitos.jpg",1280,853,false],"vp_sm_popup":["https:\/\/aliancaevangelica.pt\/site\/wp-content\/uploads\/2018\/01\/AEP_Pais-Perfeitos.jpg",500,333,false],"vp_md_popup":["https:\/\/aliancaevangelica.pt\/site\/wp-content\/uploads\/2018\/01\/AEP_Pais-Perfeitos.jpg",800,533,false],"vp_xl_popup":["https:\/\/aliancaevangelica.pt\/site\/wp-content\/uploads\/2018\/01\/AEP_Pais-Perfeitos.jpg",1280,853,false],"newsx-150x100":["https:\/\/aliancaevangelica.pt\/site\/wp-content\/uploads\/2018\/01\/AEP_Pais-Perfeitos.jpg",150,100,false],"newsx-330x220":["https:\/\/aliancaevangelica.pt\/site\/wp-content\/uploads\/2018\/01\/AEP_Pais-Perfeitos.jpg",330,220,false],"newsx-420x280":["https:\/\/aliancaevangelica.pt\/site\/wp-content\/uploads\/2018\/01\/AEP_Pais-Perfeitos.jpg",420,280,false],"newsx-510x340":["https:\/\/aliancaevangelica.pt\/site\/wp-content\/uploads\/2018\/01\/AEP_Pais-Perfeitos.jpg",510,340,false],"newsx-640x480":["https:\/\/aliancaevangelica.pt\/site\/wp-content\/uploads\/2018\/01\/AEP_Pais-Perfeitos.jpg",640,427,false],"newsx-670x370":["https:\/\/aliancaevangelica.pt\/site\/wp-content\/uploads\/2018\/01\/AEP_Pais-Perfeitos.jpg",555,370,false],"newsx-860x570":["https:\/\/aliancaevangelica.pt\/site\/wp-content\/uploads\/2018\/01\/AEP_Pais-Perfeitos.jpg",855,570,false],"newsx-1000x750":["https:\/\/aliancaevangelica.pt\/site\/wp-content\/uploads\/2018\/01\/AEP_Pais-Perfeitos.jpg",1000,666,false],"newsx-1200x600":["https:\/\/aliancaevangelica.pt\/site\/wp-content\/uploads\/2018\/01\/AEP_Pais-Perfeitos.jpg",900,600,false]},"uagb_author_info":{"display_name":"AEP","author_link":"https:\/\/aliancaevangelica.pt\/site\/author\/aeportugal\/"},"uagb_comment_info":0,"uagb_excerpt":"Num ser\u00e3o tranquilo, a m\u00e3e estava a ler para o Jo\u00e3o, de cinco anos, algumas p\u00e1ginas de um livro novo. O livro falava sobre os pais e os filhos, os seus comportamentos, as suas atitudes e as suas escolhas&#8230; A certa altura, surgiu uma quest\u00e3o interessante: \u201cOs pais s\u00e3o perfeitos ou t\u00eam sempre raz\u00e3o?\u201d A","_links":{"self":[{"href":"https:\/\/aliancaevangelica.pt\/site\/wp-json\/wp\/v2\/posts\/15562","targetHints":{"allow":["GET"]}}],"collection":[{"href":"https:\/\/aliancaevangelica.pt\/site\/wp-json\/wp\/v2\/posts"}],"about":[{"href":"https:\/\/aliancaevangelica.pt\/site\/wp-json\/wp\/v2\/types\/post"}],"author":[{"embeddable":true,"href":"https:\/\/aliancaevangelica.pt\/site\/wp-json\/wp\/v2\/users\/2"}],"replies":[{"embeddable":true,"href":"https:\/\/aliancaevangelica.pt\/site\/wp-json\/wp\/v2\/comments?post=15562"}],"version-history":[{"count":1,"href":"https:\/\/aliancaevangelica.pt\/site\/wp-json\/wp\/v2\/posts\/15562\/revisions"}],"predecessor-version":[{"id":15563,"href":"https:\/\/aliancaevangelica.pt\/site\/wp-json\/wp\/v2\/posts\/15562\/revisions\/15563"}],"wp:featuredmedia":[{"embeddable":true,"href":"https:\/\/aliancaevangelica.pt\/site\/wp-json\/wp\/v2\/media\/15564"}],"wp:attachment":[{"href":"https:\/\/aliancaevangelica.pt\/site\/wp-json\/wp\/v2\/media?parent=15562"}],"wp:term":[{"taxonomy":"category","embeddable":true,"href":"https:\/\/aliancaevangelica.pt\/site\/wp-json\/wp\/v2\/categories?post=15562"},{"taxonomy":"post_tag","embeddable":true,"href":"https:\/\/aliancaevangelica.pt\/site\/wp-json\/wp\/v2\/tags?post=15562"}],"curies":[{"name":"wp","href":"https:\/\/api.w.org\/{rel}","templated":true}]}}