{"id":15552,"date":"2018-03-30T08:41:54","date_gmt":"2018-03-30T08:41:54","guid":{"rendered":"https:\/\/aliancaevangelica.pt\/site\/?p=15552"},"modified":"2026-03-02T18:42:18","modified_gmt":"2026-03-02T18:42:18","slug":"matematica-deus-elsa-correia-pereira","status":"publish","type":"post","link":"https:\/\/aliancaevangelica.pt\/site\/matematica-deus-elsa-correia-pereira\/","title":{"rendered":"A Matem\u00e1tica de Deus &#8211; Elsa Correia Pereira"},"content":{"rendered":"<p>&nbsp;<\/p>\n<p>J\u00e1 ouviu falar da Matem\u00e1tica de Deus? Certamente que sim. O epis\u00f3dio da multiplica\u00e7\u00e3o dos p\u00e3es mostra-nos com funciona (falaremos dele mais adiante). N\u00e3o funciona exatamente como as opera\u00e7\u00f5es aritm\u00e9ticas a que estamos habituados\u2026<\/p>\n<p>Temos tend\u00eancia a n\u00e3o gostar da subtra\u00e7\u00e3o nem da divis\u00e3o porque o seu resultado \u00e9 sempre menor do que os n\u00fameros iniciais. Gostamos muito da soma e da multiplica\u00e7\u00e3o porque na maioria das vezes os resultados s\u00e3o maiores que os n\u00fameros iniciais. E todas n\u00f3s gostamos de somar e multiplicar na nossa vida. N\u00e3o \u00e9? Somar alegrias, somar sa\u00fade, somar b\u00ean\u00e7\u00e3os, somar amigos, multiplicar o bem, multiplicar os nossos bens, multiplicar o sal\u00e1rio, multiplicar os abra\u00e7os, os afetos, o respeito e a compreens\u00e3o dos outros.<\/p>\n<p>S\u00f3 que com Deus\u2026 as contas n\u00e3o s\u00e3o exatamente assim\u2026 Muitas vezes precisamos perder primeiro para ganhar depois. Precisamos subtrair o pecado, a ira, a m\u00e1goa, precisamos diminuir o ego\u00edsmo, a ambi\u00e7\u00e3o, as d\u00favidas. Precisamos dividir as b\u00ean\u00e7\u00e3os, partilh\u00e1-las por um divisor quanto maior melhor! Precisamos dividir o que temos de bom, as alegrias, o amor, a paz, o tempo\u2026 e depois Deus far\u00e1 o restante. Ele multiplica o que precisamos, muito mais do que pedimos ou pensamos (Ef\u00e9sios 3:20), porque pode suprir todas as nossas necessidades pelas suas riquezas em gl\u00f3ria (Filipenses 4:19).<\/p>\n<p>Se lermos Jo\u00e3o 6, vamos descobrir 3 segredos para a multiplica\u00e7\u00e3o na nossa vida. O vers\u00edculo chave \u00e9 Jo\u00e3o 6:11 \u201cEnt\u00e3o Jesus tomou os p\u00e3es, deu gra\u00e7as e os repartiu\u2026\u201d. Para uma multid\u00e3o de 5000 homens, Jesus e os disc\u00edpulos tinham apenas 5 p\u00e3es e 2 peixes. O que aconteceu ent\u00e3o? Jesus tomou o que tinha, deu gra\u00e7as e repartiu.<\/p>\n<p>1 \u2013 Comece com o que voc\u00ea tem.<\/p>\n<p>Tem um problema dif\u00edcil? Deus pode transform\u00e1-lo em b\u00ean\u00e7\u00e3o para Sua gl\u00f3ria. Tem pouco dinheiro? Com certeza ter\u00e1 dons e talentos muito \u00fateis. Tem uma dor emocional relativamente a algo que lhe aconteceu? Deus pode cur\u00e1-la e us\u00e1-la para ministrar a outros nas mesmas circunst\u00e2ncias. J\u00e1 tem alguma idade e limita\u00e7\u00f5es? Pode usar o seu tempo para orar por outros e\/ou aconselh\u00e1-los com a sua experi\u00eancia. O rapazinho entregou a Jesus os 5 p\u00e3es e 2 peixes. Talvez a sua comida para o dia todo\u2026 Posso imaginar a sua cara de d\u00favida, a pensar \u201cSer\u00e1 que vou ficar sem comida?\u201d Entregue o que tem, por pouco que lhe pare\u00e7a. Deus ainda faz milagres assim!<\/p>\n<p>2 \u2013 D\u00ea gra\u00e7as.<\/p>\n<p>Dar gra\u00e7as, adorar, quando alcan\u00e7amos um objetivo, quando vemos com os nossos olhos aquilo que desej\u00e1mos, \u00e9 bem mais f\u00e1cil do que agradecer em f\u00e9 por aquilo que Deus ir\u00e1 fazer. Pois \u00e9, f\u00e9 \u00e9 isto mesmo: \u00e9 crer firmemente que as coisas que se esperam e ainda n\u00e3o se v\u00eaem, ir\u00e3o acontecer (Hebreus 1:11).<\/p>\n<p>Vivemos de f\u00e9 &#8211; cada dia \u00e9 um milagre cujo segundo seguinte desconhecemos, mas que Deus prov\u00ea graciosamente.<\/p>\n<p>3 \u2013 Reparta.<\/p>\n<p>Quer tenha muito, quer tenha pouco, reparta, partilhe, d\u00ea. Dar, \u00e9 a natureza de Deus e a B\u00edblia garante muitas vezes que quem d\u00e1 \u00e9 amplamente recompensado: \u201cDai e ser-vos-\u00e1 dado\u2026\u201d (Lucas 6:38), e ainda Prov\u00e9rbios 19:17, Mateus 25:35 \u2013 40, Lucas 3:10-11, Lucas 12:33-34, Romanos 12:13, Isa\u00edas 58:7.<\/p>\n<p>No texto da multiplica\u00e7\u00e3o dos p\u00e3es sobraram 12 cestos de peda\u00e7os. Como ouvi recentemente, n\u00e3o creio que todos os filhos de Deus tenham de ser ricos, mas creio que Ele deseja suprir as necessidades de todos. Deus deseja suprir as nossas necessidades e espera que n\u00f3s fa\u00e7amos a nossa parte contribuindo para prover as necessidades daqueles que est\u00e3o ao nosso redor, sejam elas necessidades materiais, emocionais ou outras.<\/p>\n<p>ORA\u00c7\u00c3O<\/p>\n<p>Querido Deus, obrigada porque tens suprido as minhas necessidades. Ainda que eu n\u00e3o veja agora, creio que tu sabes o que \u00e9 melhor para mim e tens planos de paz e prosperidade para a minha vida. Te entrego tudo o que tenho: os meus bens, o meu tempo, os meus dons. Multiplica-os e usa-os para a Tua gl\u00f3ria. Ajuda-me a ser sens\u00edvel \u00e0s necessidades dos outros e a partilhar o que tenho conforme ensinas na Tua Palavra. Em nome de Jesus, Am\u00e9m.<\/p>\n<p>[movedo_single_image image=&#8221;15548&#8243; animation=&#8221;grve-zoom-in&#8221;]<strong>Elsa Correia Pereira<\/strong><br \/>\nSoci\u00f3loga<\/p>\n","protected":false},"excerpt":{"rendered":"<p>&nbsp; J\u00e1 ouviu falar da Matem\u00e1tica de Deus? Certamente que sim. O epis\u00f3dio da multiplica\u00e7\u00e3o dos p\u00e3es mostra-nos com funciona (falaremos dele mais adiante). N\u00e3o funciona exatamente como as opera\u00e7\u00f5es aritm\u00e9ticas a que estamos habituados\u2026 Temos tend\u00eancia a n\u00e3o gostar da subtra\u00e7\u00e3o nem da divis\u00e3o porque o seu resultado \u00e9 sempre menor do que os<\/p>\n","protected":false},"author":2,"featured_media":15553,"comment_status":"closed","ping_status":"open","sticky":false,"template":"","format":"standard","meta":{"_uag_custom_page_level_css":"","_themeisle_gutenberg_block_has_review":false,"_vp_format_video_url":"","_vp_image_focal_point":[],"footnotes":""},"categories":[47],"tags":[],"class_list":["post-15552","post","type-post","status-publish","format-standard","has-post-thumbnail","hentry","category-mulheres-casais-e-familia"],"yoast_head":"<!-- This site is optimized with the Yoast SEO plugin v27.5 - https:\/\/yoast.com\/product\/yoast-seo-wordpress\/ -->\n<title>A Matem\u00e1tica de Deus - Elsa Correia Pereira - AEP<\/title>\n<meta name=\"robots\" content=\"index, follow, max-snippet:-1, max-image-preview:large, max-video-preview:-1\" \/>\n<link rel=\"canonical\" href=\"https:\/\/aliancaevangelica.pt\/site\/matematica-deus-elsa-correia-pereira\/\" \/>\n<meta property=\"og:locale\" content=\"pt_PT\" \/>\n<meta property=\"og:type\" content=\"article\" \/>\n<meta property=\"og:title\" content=\"A Matem\u00e1tica de Deus - Elsa Correia Pereira - AEP\" \/>\n<meta property=\"og:description\" content=\"&nbsp; J\u00e1 ouviu falar da Matem\u00e1tica de Deus? Certamente que sim. O epis\u00f3dio da multiplica\u00e7\u00e3o dos p\u00e3es mostra-nos com funciona (falaremos dele mais adiante). N\u00e3o funciona exatamente como as opera\u00e7\u00f5es aritm\u00e9ticas a que estamos habituados\u2026 Temos tend\u00eancia a n\u00e3o gostar da subtra\u00e7\u00e3o nem da divis\u00e3o porque o seu resultado \u00e9 sempre menor do que os\" \/>\n<meta property=\"og:url\" content=\"https:\/\/aliancaevangelica.pt\/site\/matematica-deus-elsa-correia-pereira\/\" \/>\n<meta property=\"og:site_name\" content=\"AEP\" \/>\n<meta property=\"article:publisher\" content=\"http:\/\/facebook.com\/aeportuguesa\" \/>\n<meta property=\"article:author\" content=\"aeportugal\" \/>\n<meta property=\"article:published_time\" content=\"2018-03-30T08:41:54+00:00\" \/>\n<meta property=\"article:modified_time\" content=\"2026-03-02T18:42:18+00:00\" \/>\n<meta property=\"og:image\" content=\"https:\/\/aliancaevangelica.pt\/site\/wp-content\/uploads\/2018\/01\/AEP_30mar.jpg\" \/>\n\t<meta property=\"og:image:width\" content=\"1280\" \/>\n\t<meta property=\"og:image:height\" content=\"853\" \/>\n\t<meta property=\"og:image:type\" content=\"image\/jpeg\" \/>\n<meta name=\"author\" content=\"AEP\" \/>\n<meta name=\"twitter:card\" content=\"summary_large_image\" \/>\n<meta name=\"twitter:label1\" content=\"Escrito por\" \/>\n\t<meta name=\"twitter:data1\" content=\"AEP\" \/>\n\t<meta name=\"twitter:label2\" content=\"Tempo estimado de leitura\" \/>\n\t<meta name=\"twitter:data2\" content=\"4 minutos\" \/>\n<script type=\"application\/ld+json\" class=\"yoast-schema-graph\">{\"@context\":\"https:\\\/\\\/schema.org\",\"@graph\":[{\"@type\":\"Article\",\"@id\":\"https:\\\/\\\/aliancaevangelica.pt\\\/site\\\/matematica-deus-elsa-correia-pereira\\\/#article\",\"isPartOf\":{\"@id\":\"https:\\\/\\\/aliancaevangelica.pt\\\/site\\\/matematica-deus-elsa-correia-pereira\\\/\"},\"author\":{\"name\":\"AEP\",\"@id\":\"https:\\\/\\\/aliancaevangelica.pt\\\/site\\\/#\\\/schema\\\/person\\\/3b47cfc7535eff1e820f31c2d67eafcf\"},\"headline\":\"A Matem\u00e1tica de Deus &#8211; Elsa Correia Pereira\",\"datePublished\":\"2018-03-30T08:41:54+00:00\",\"dateModified\":\"2026-03-02T18:42:18+00:00\",\"mainEntityOfPage\":{\"@id\":\"https:\\\/\\\/aliancaevangelica.pt\\\/site\\\/matematica-deus-elsa-correia-pereira\\\/\"},\"wordCount\":744,\"publisher\":{\"@id\":\"https:\\\/\\\/aliancaevangelica.pt\\\/site\\\/#organization\"},\"image\":{\"@id\":\"https:\\\/\\\/aliancaevangelica.pt\\\/site\\\/matematica-deus-elsa-correia-pereira\\\/#primaryimage\"},\"thumbnailUrl\":\"https:\\\/\\\/aliancaevangelica.pt\\\/site\\\/wp-content\\\/uploads\\\/2018\\\/01\\\/AEP_30mar.jpg\",\"articleSection\":[\"MULHERES, CASAIS E FAM\u00cdLIA\"],\"inLanguage\":\"pt-PT\"},{\"@type\":\"WebPage\",\"@id\":\"https:\\\/\\\/aliancaevangelica.pt\\\/site\\\/matematica-deus-elsa-correia-pereira\\\/\",\"url\":\"https:\\\/\\\/aliancaevangelica.pt\\\/site\\\/matematica-deus-elsa-correia-pereira\\\/\",\"name\":\"A Matem\u00e1tica de Deus - Elsa Correia Pereira - AEP\",\"isPartOf\":{\"@id\":\"https:\\\/\\\/aliancaevangelica.pt\\\/site\\\/#website\"},\"primaryImageOfPage\":{\"@id\":\"https:\\\/\\\/aliancaevangelica.pt\\\/site\\\/matematica-deus-elsa-correia-pereira\\\/#primaryimage\"},\"image\":{\"@id\":\"https:\\\/\\\/aliancaevangelica.pt\\\/site\\\/matematica-deus-elsa-correia-pereira\\\/#primaryimage\"},\"thumbnailUrl\":\"https:\\\/\\\/aliancaevangelica.pt\\\/site\\\/wp-content\\\/uploads\\\/2018\\\/01\\\/AEP_30mar.jpg\",\"datePublished\":\"2018-03-30T08:41:54+00:00\",\"dateModified\":\"2026-03-02T18:42:18+00:00\",\"breadcrumb\":{\"@id\":\"https:\\\/\\\/aliancaevangelica.pt\\\/site\\\/matematica-deus-elsa-correia-pereira\\\/#breadcrumb\"},\"inLanguage\":\"pt-PT\",\"potentialAction\":[{\"@type\":\"ReadAction\",\"target\":[\"https:\\\/\\\/aliancaevangelica.pt\\\/site\\\/matematica-deus-elsa-correia-pereira\\\/\"]}]},{\"@type\":\"ImageObject\",\"inLanguage\":\"pt-PT\",\"@id\":\"https:\\\/\\\/aliancaevangelica.pt\\\/site\\\/matematica-deus-elsa-correia-pereira\\\/#primaryimage\",\"url\":\"https:\\\/\\\/aliancaevangelica.pt\\\/site\\\/wp-content\\\/uploads\\\/2018\\\/01\\\/AEP_30mar.jpg\",\"contentUrl\":\"https:\\\/\\\/aliancaevangelica.pt\\\/site\\\/wp-content\\\/uploads\\\/2018\\\/01\\\/AEP_30mar.jpg\",\"width\":1280,\"height\":853},{\"@type\":\"BreadcrumbList\",\"@id\":\"https:\\\/\\\/aliancaevangelica.pt\\\/site\\\/matematica-deus-elsa-correia-pereira\\\/#breadcrumb\",\"itemListElement\":[{\"@type\":\"ListItem\",\"position\":1,\"name\":\"In\u00edcio\",\"item\":\"https:\\\/\\\/aliancaevangelica.pt\\\/site\\\/\"},{\"@type\":\"ListItem\",\"position\":2,\"name\":\"A Matem\u00e1tica de Deus &#8211; Elsa Correia Pereira\"}]},{\"@type\":\"WebSite\",\"@id\":\"https:\\\/\\\/aliancaevangelica.pt\\\/site\\\/#website\",\"url\":\"https:\\\/\\\/aliancaevangelica.pt\\\/site\\\/\",\"name\":\"Alian\u00e7a Evang\u00e9lica Portuguesa\",\"description\":\"Alian\u00e7a Evang\u00e9lica Portuguesa\",\"publisher\":{\"@id\":\"https:\\\/\\\/aliancaevangelica.pt\\\/site\\\/#organization\"},\"potentialAction\":[{\"@type\":\"SearchAction\",\"target\":{\"@type\":\"EntryPoint\",\"urlTemplate\":\"https:\\\/\\\/aliancaevangelica.pt\\\/site\\\/?s={search_term_string}\"},\"query-input\":{\"@type\":\"PropertyValueSpecification\",\"valueRequired\":true,\"valueName\":\"search_term_string\"}}],\"inLanguage\":\"pt-PT\"},{\"@type\":\"Organization\",\"@id\":\"https:\\\/\\\/aliancaevangelica.pt\\\/site\\\/#organization\",\"name\":\"Alian\u00e7a Evang\u00e9lica Portuguesa\",\"url\":\"https:\\\/\\\/aliancaevangelica.pt\\\/site\\\/\",\"logo\":{\"@type\":\"ImageObject\",\"inLanguage\":\"pt-PT\",\"@id\":\"https:\\\/\\\/aliancaevangelica.pt\\\/site\\\/#\\\/schema\\\/logo\\\/image\\\/\",\"url\":\"https:\\\/\\\/aliancaevangelica.pt\\\/site\\\/wp-content\\\/uploads\\\/2017\\\/11\\\/logo-AEP-cor.png\",\"contentUrl\":\"https:\\\/\\\/aliancaevangelica.pt\\\/site\\\/wp-content\\\/uploads\\\/2017\\\/11\\\/logo-AEP-cor.png\",\"width\":1156,\"height\":672,\"caption\":\"Alian\u00e7a Evang\u00e9lica Portuguesa\"},\"image\":{\"@id\":\"https:\\\/\\\/aliancaevangelica.pt\\\/site\\\/#\\\/schema\\\/logo\\\/image\\\/\"},\"sameAs\":[\"http:\\\/\\\/facebook.com\\\/aeportuguesa\",\"http:\\\/\\\/instagram.com\\\/aliancaep\",\"http:\\\/\\\/youtube.com\\\/aeportuguesa\"]},{\"@type\":\"Person\",\"@id\":\"https:\\\/\\\/aliancaevangelica.pt\\\/site\\\/#\\\/schema\\\/person\\\/3b47cfc7535eff1e820f31c2d67eafcf\",\"name\":\"AEP\",\"sameAs\":[\"aeportugal\"],\"url\":\"https:\\\/\\\/aliancaevangelica.pt\\\/site\\\/author\\\/aeportugal\\\/\"}]}<\/script>\n<!-- \/ Yoast SEO plugin. -->","yoast_head_json":{"title":"A Matem\u00e1tica de Deus - Elsa Correia Pereira - AEP","robots":{"index":"index","follow":"follow","max-snippet":"max-snippet:-1","max-image-preview":"max-image-preview:large","max-video-preview":"max-video-preview:-1"},"canonical":"https:\/\/aliancaevangelica.pt\/site\/matematica-deus-elsa-correia-pereira\/","og_locale":"pt_PT","og_type":"article","og_title":"A Matem\u00e1tica de Deus - Elsa Correia Pereira - AEP","og_description":"&nbsp; J\u00e1 ouviu falar da Matem\u00e1tica de Deus? Certamente que sim. O epis\u00f3dio da multiplica\u00e7\u00e3o dos p\u00e3es mostra-nos com funciona (falaremos dele mais adiante). N\u00e3o funciona exatamente como as opera\u00e7\u00f5es aritm\u00e9ticas a que estamos habituados\u2026 Temos tend\u00eancia a n\u00e3o gostar da subtra\u00e7\u00e3o nem da divis\u00e3o porque o seu resultado \u00e9 sempre menor do que os","og_url":"https:\/\/aliancaevangelica.pt\/site\/matematica-deus-elsa-correia-pereira\/","og_site_name":"AEP","article_publisher":"http:\/\/facebook.com\/aeportuguesa","article_author":"aeportugal","article_published_time":"2018-03-30T08:41:54+00:00","article_modified_time":"2026-03-02T18:42:18+00:00","og_image":[{"width":1280,"height":853,"url":"https:\/\/aliancaevangelica.pt\/site\/wp-content\/uploads\/2018\/01\/AEP_30mar.jpg","type":"image\/jpeg"}],"author":"AEP","twitter_card":"summary_large_image","twitter_misc":{"Escrito por":"AEP","Tempo estimado de leitura":"4 minutos"},"schema":{"@context":"https:\/\/schema.org","@graph":[{"@type":"Article","@id":"https:\/\/aliancaevangelica.pt\/site\/matematica-deus-elsa-correia-pereira\/#article","isPartOf":{"@id":"https:\/\/aliancaevangelica.pt\/site\/matematica-deus-elsa-correia-pereira\/"},"author":{"name":"AEP","@id":"https:\/\/aliancaevangelica.pt\/site\/#\/schema\/person\/3b47cfc7535eff1e820f31c2d67eafcf"},"headline":"A Matem\u00e1tica de Deus &#8211; Elsa Correia Pereira","datePublished":"2018-03-30T08:41:54+00:00","dateModified":"2026-03-02T18:42:18+00:00","mainEntityOfPage":{"@id":"https:\/\/aliancaevangelica.pt\/site\/matematica-deus-elsa-correia-pereira\/"},"wordCount":744,"publisher":{"@id":"https:\/\/aliancaevangelica.pt\/site\/#organization"},"image":{"@id":"https:\/\/aliancaevangelica.pt\/site\/matematica-deus-elsa-correia-pereira\/#primaryimage"},"thumbnailUrl":"https:\/\/aliancaevangelica.pt\/site\/wp-content\/uploads\/2018\/01\/AEP_30mar.jpg","articleSection":["MULHERES, CASAIS E FAM\u00cdLIA"],"inLanguage":"pt-PT"},{"@type":"WebPage","@id":"https:\/\/aliancaevangelica.pt\/site\/matematica-deus-elsa-correia-pereira\/","url":"https:\/\/aliancaevangelica.pt\/site\/matematica-deus-elsa-correia-pereira\/","name":"A Matem\u00e1tica de Deus - Elsa Correia Pereira - AEP","isPartOf":{"@id":"https:\/\/aliancaevangelica.pt\/site\/#website"},"primaryImageOfPage":{"@id":"https:\/\/aliancaevangelica.pt\/site\/matematica-deus-elsa-correia-pereira\/#primaryimage"},"image":{"@id":"https:\/\/aliancaevangelica.pt\/site\/matematica-deus-elsa-correia-pereira\/#primaryimage"},"thumbnailUrl":"https:\/\/aliancaevangelica.pt\/site\/wp-content\/uploads\/2018\/01\/AEP_30mar.jpg","datePublished":"2018-03-30T08:41:54+00:00","dateModified":"2026-03-02T18:42:18+00:00","breadcrumb":{"@id":"https:\/\/aliancaevangelica.pt\/site\/matematica-deus-elsa-correia-pereira\/#breadcrumb"},"inLanguage":"pt-PT","potentialAction":[{"@type":"ReadAction","target":["https:\/\/aliancaevangelica.pt\/site\/matematica-deus-elsa-correia-pereira\/"]}]},{"@type":"ImageObject","inLanguage":"pt-PT","@id":"https:\/\/aliancaevangelica.pt\/site\/matematica-deus-elsa-correia-pereira\/#primaryimage","url":"https:\/\/aliancaevangelica.pt\/site\/wp-content\/uploads\/2018\/01\/AEP_30mar.jpg","contentUrl":"https:\/\/aliancaevangelica.pt\/site\/wp-content\/uploads\/2018\/01\/AEP_30mar.jpg","width":1280,"height":853},{"@type":"BreadcrumbList","@id":"https:\/\/aliancaevangelica.pt\/site\/matematica-deus-elsa-correia-pereira\/#breadcrumb","itemListElement":[{"@type":"ListItem","position":1,"name":"In\u00edcio","item":"https:\/\/aliancaevangelica.pt\/site\/"},{"@type":"ListItem","position":2,"name":"A Matem\u00e1tica de Deus &#8211; Elsa Correia Pereira"}]},{"@type":"WebSite","@id":"https:\/\/aliancaevangelica.pt\/site\/#website","url":"https:\/\/aliancaevangelica.pt\/site\/","name":"Alian\u00e7a Evang\u00e9lica Portuguesa","description":"Alian\u00e7a Evang\u00e9lica Portuguesa","publisher":{"@id":"https:\/\/aliancaevangelica.pt\/site\/#organization"},"potentialAction":[{"@type":"SearchAction","target":{"@type":"EntryPoint","urlTemplate":"https:\/\/aliancaevangelica.pt\/site\/?s={search_term_string}"},"query-input":{"@type":"PropertyValueSpecification","valueRequired":true,"valueName":"search_term_string"}}],"inLanguage":"pt-PT"},{"@type":"Organization","@id":"https:\/\/aliancaevangelica.pt\/site\/#organization","name":"Alian\u00e7a Evang\u00e9lica Portuguesa","url":"https:\/\/aliancaevangelica.pt\/site\/","logo":{"@type":"ImageObject","inLanguage":"pt-PT","@id":"https:\/\/aliancaevangelica.pt\/site\/#\/schema\/logo\/image\/","url":"https:\/\/aliancaevangelica.pt\/site\/wp-content\/uploads\/2017\/11\/logo-AEP-cor.png","contentUrl":"https:\/\/aliancaevangelica.pt\/site\/wp-content\/uploads\/2017\/11\/logo-AEP-cor.png","width":1156,"height":672,"caption":"Alian\u00e7a Evang\u00e9lica Portuguesa"},"image":{"@id":"https:\/\/aliancaevangelica.pt\/site\/#\/schema\/logo\/image\/"},"sameAs":["http:\/\/facebook.com\/aeportuguesa","http:\/\/instagram.com\/aliancaep","http:\/\/youtube.com\/aeportuguesa"]},{"@type":"Person","@id":"https:\/\/aliancaevangelica.pt\/site\/#\/schema\/person\/3b47cfc7535eff1e820f31c2d67eafcf","name":"AEP","sameAs":["aeportugal"],"url":"https:\/\/aliancaevangelica.pt\/site\/author\/aeportugal\/"}]}},"uagb_featured_image_src":{"full":["https:\/\/aliancaevangelica.pt\/site\/wp-content\/uploads\/2018\/01\/AEP_30mar.jpg",1280,853,false],"thumbnail":["https:\/\/aliancaevangelica.pt\/site\/wp-content\/uploads\/2018\/01\/AEP_30mar-150x150.jpg",150,150,true],"medium":["https:\/\/aliancaevangelica.pt\/site\/wp-content\/uploads\/2018\/01\/AEP_30mar-300x200.jpg",300,200,true],"medium_large":["https:\/\/aliancaevangelica.pt\/site\/wp-content\/uploads\/2018\/01\/AEP_30mar-768x512.jpg",768,512,true],"large":["https:\/\/aliancaevangelica.pt\/site\/wp-content\/uploads\/2018\/01\/AEP_30mar-1024x682.jpg",960,639,true],"1536x1536":["https:\/\/aliancaevangelica.pt\/site\/wp-content\/uploads\/2018\/01\/AEP_30mar.jpg",1280,853,false],"2048x2048":["https:\/\/aliancaevangelica.pt\/site\/wp-content\/uploads\/2018\/01\/AEP_30mar.jpg",1280,853,false],"vp_sm":["https:\/\/aliancaevangelica.pt\/site\/wp-content\/uploads\/2018\/01\/AEP_30mar.jpg",500,333,false],"vp_md":["https:\/\/aliancaevangelica.pt\/site\/wp-content\/uploads\/2018\/01\/AEP_30mar.jpg",800,533,false],"vp_lg":["https:\/\/aliancaevangelica.pt\/site\/wp-content\/uploads\/2018\/01\/AEP_30mar.jpg",1280,853,false],"vp_xl":["https:\/\/aliancaevangelica.pt\/site\/wp-content\/uploads\/2018\/01\/AEP_30mar.jpg",1280,853,false],"vp_sm_popup":["https:\/\/aliancaevangelica.pt\/site\/wp-content\/uploads\/2018\/01\/AEP_30mar.jpg",500,333,false],"vp_md_popup":["https:\/\/aliancaevangelica.pt\/site\/wp-content\/uploads\/2018\/01\/AEP_30mar.jpg",800,533,false],"vp_xl_popup":["https:\/\/aliancaevangelica.pt\/site\/wp-content\/uploads\/2018\/01\/AEP_30mar.jpg",1280,853,false],"newsx-150x100":["https:\/\/aliancaevangelica.pt\/site\/wp-content\/uploads\/2018\/01\/AEP_30mar.jpg",150,100,false],"newsx-330x220":["https:\/\/aliancaevangelica.pt\/site\/wp-content\/uploads\/2018\/01\/AEP_30mar.jpg",330,220,false],"newsx-420x280":["https:\/\/aliancaevangelica.pt\/site\/wp-content\/uploads\/2018\/01\/AEP_30mar.jpg",420,280,false],"newsx-510x340":["https:\/\/aliancaevangelica.pt\/site\/wp-content\/uploads\/2018\/01\/AEP_30mar.jpg",510,340,false],"newsx-640x480":["https:\/\/aliancaevangelica.pt\/site\/wp-content\/uploads\/2018\/01\/AEP_30mar.jpg",640,427,false],"newsx-670x370":["https:\/\/aliancaevangelica.pt\/site\/wp-content\/uploads\/2018\/01\/AEP_30mar.jpg",555,370,false],"newsx-860x570":["https:\/\/aliancaevangelica.pt\/site\/wp-content\/uploads\/2018\/01\/AEP_30mar.jpg",855,570,false],"newsx-1000x750":["https:\/\/aliancaevangelica.pt\/site\/wp-content\/uploads\/2018\/01\/AEP_30mar.jpg",1000,666,false],"newsx-1200x600":["https:\/\/aliancaevangelica.pt\/site\/wp-content\/uploads\/2018\/01\/AEP_30mar.jpg",900,600,false]},"uagb_author_info":{"display_name":"AEP","author_link":"https:\/\/aliancaevangelica.pt\/site\/author\/aeportugal\/"},"uagb_comment_info":0,"uagb_excerpt":"&nbsp; J\u00e1 ouviu falar da Matem\u00e1tica de Deus? Certamente que sim. O epis\u00f3dio da multiplica\u00e7\u00e3o dos p\u00e3es mostra-nos com funciona (falaremos dele mais adiante). N\u00e3o funciona exatamente como as opera\u00e7\u00f5es aritm\u00e9ticas a que estamos habituados\u2026 Temos tend\u00eancia a n\u00e3o gostar da subtra\u00e7\u00e3o nem da divis\u00e3o porque o seu resultado \u00e9 sempre menor do que os","_links":{"self":[{"href":"https:\/\/aliancaevangelica.pt\/site\/wp-json\/wp\/v2\/posts\/15552","targetHints":{"allow":["GET"]}}],"collection":[{"href":"https:\/\/aliancaevangelica.pt\/site\/wp-json\/wp\/v2\/posts"}],"about":[{"href":"https:\/\/aliancaevangelica.pt\/site\/wp-json\/wp\/v2\/types\/post"}],"author":[{"embeddable":true,"href":"https:\/\/aliancaevangelica.pt\/site\/wp-json\/wp\/v2\/users\/2"}],"replies":[{"embeddable":true,"href":"https:\/\/aliancaevangelica.pt\/site\/wp-json\/wp\/v2\/comments?post=15552"}],"version-history":[{"count":1,"href":"https:\/\/aliancaevangelica.pt\/site\/wp-json\/wp\/v2\/posts\/15552\/revisions"}],"predecessor-version":[{"id":15554,"href":"https:\/\/aliancaevangelica.pt\/site\/wp-json\/wp\/v2\/posts\/15552\/revisions\/15554"}],"wp:featuredmedia":[{"embeddable":true,"href":"https:\/\/aliancaevangelica.pt\/site\/wp-json\/wp\/v2\/media\/15553"}],"wp:attachment":[{"href":"https:\/\/aliancaevangelica.pt\/site\/wp-json\/wp\/v2\/media?parent=15552"}],"wp:term":[{"taxonomy":"category","embeddable":true,"href":"https:\/\/aliancaevangelica.pt\/site\/wp-json\/wp\/v2\/categories?post=15552"},{"taxonomy":"post_tag","embeddable":true,"href":"https:\/\/aliancaevangelica.pt\/site\/wp-json\/wp\/v2\/tags?post=15552"}],"curies":[{"name":"wp","href":"https:\/\/api.w.org\/{rel}","templated":true}]}}