{"id":15547,"date":"2018-01-19T08:17:33","date_gmt":"2018-01-19T08:17:33","guid":{"rendered":"https:\/\/aliancaevangelica.pt\/site\/?p=15547"},"modified":"2026-03-02T18:46:10","modified_gmt":"2026-03-02T18:46:10","slug":"palavras-paz-paz-elsa-correia-pereira","status":"publish","type":"post","link":"https:\/\/aliancaevangelica.pt\/site\/palavras-paz-paz-elsa-correia-pereira\/","title":{"rendered":"Palavras de paz e sobre a paz &#8211; Elsa Correia Pereira"},"content":{"rendered":"<p>Shalom. Hoje escrevo sobre uma das minhas palavras favoritas \u2013 paz. Paz \u00e9 o que nos permite desfrutar de todas as b\u00ean\u00e7\u00e3os e d\u00e1divas que temos.<\/p>\n<p>Vivemos num mundo de guerras. Grandes guerras e guerrinhas. Por isso, a paz n\u00e3o pode vir de fora, das circunst\u00e2ncias, mas tem de vir de dentro de n\u00f3s, de algo, de Algu\u00e9m maior. Deus quer aben\u00e7oar-nos com paz &#8211; com a paz que excede todo o entendimento (Filipenses 4:7).<\/p>\n<p>H\u00e1 3 tipos de paz que devemos procurar e que precisamos ter para viver: paz com Deus, paz com os outros e paz connosco pr\u00f3prios.<\/p>\n<p>Paz com Deus \u00e9 a principal e mais importante paz que podemos ter e est\u00e1 ao nosso alcance atrav\u00e9s de Jesus Cristo (Romanos 5:1).<\/p>\n<p>Paz com os outros, por vezes pode parecer um assunto dif\u00edcil\u2026 Mas a B\u00edblia diz que, no que depender de n\u00f3s, devemos ter paz com todos (Romanos 12:18). Muitas pessoas n\u00e3o ir\u00e3o concordar connosco ou n\u00f3s n\u00e3o iremos concordar com elas, porque todos temos hist\u00f3rias diferentes, circunst\u00e2ncias de vida diferentes, personalidades diferentes. Conflitos poder\u00e3o surgir e por isso precisamos praticar o perd\u00e3o diariamente.<\/p>\n<p>A paz connosco pr\u00f3prios decorre sobretudo da paz com Deus. Se aceitarmos o seu perd\u00e3o e o Seu amor, somos capazes de perdoar os nossos erros e de compreender que temos muito valor pois Jesus deu a Sua vida por n\u00f3s.<\/p>\n<p><strong>A B\u00edblia fala-nos de paz muitas vezes. Vale a pena ler e apropriar-nos das belas promessas de paz que Jesus ganhou para n\u00f3s na cruz.<\/strong><\/p>\n<p>Em Lev\u00edtico 26:6, a paz surge como um presente de Deus para aqueles que lhe obedecem: \u201cDarei paz na terra, e dormireis seguros sem que ningu\u00e9m vos perturbe\u201d.<\/p>\n<p>A paz era um elemento fundamental quando se aben\u00e7oava algu\u00e9m: \u201cO Senhor sobre ti levante o Seu rosto e te d\u00ea <strong>a paz<\/strong>\u201d (N\u00fameros 6:26). N\u00e3o uma paz qualquer, mas a paz que prov\u00e9m do Deus da paz e que nos inunda de tranquilidade. Mois\u00e9s, quando aben\u00e7oou a tribo de Aser, disse: \u201ca tua paz durar\u00e1 como os teus dias\u201d (Deuteron\u00f3mio 33:25).<\/p>\n<p>Somente Deus nos pode conceder paz para que nos deitemos e durmamos em seguran\u00e7a (Salmo 4:8). O Salmo 119:165 ensina-nos que quem ama a Lei de Deus, a Sua Palavra, tem muita paz.<\/p>\n<p>Nos tempos do Velho Testamento, a paz era t\u00e3o importante que em vez do \u201cBom dia\u201d as pessoas diziam \u201cPaz seja contigo\u201d, e em vez do \u201cAdeus, at\u00e9 \u00e0 pr\u00f3xima\u201d diziam \u201cVai em paz\u201d. Talvez precisemos de voltar a valorizar a paz na nossa vida: escolher as nossas companhias, as nossas conversas, os projetos em que nos envolvemos, o tempo que despendemos a trabalhar, o tempo que passamos com Deus. Uma vida simples elimina os pontos de stress, deixa-nos mais tempo para estar em contacto com Deus e multiplica a nossa paz.<\/p>\n<p>No tempo dos Ju\u00edzes, quando a autoridade que estava \u00e0 frente do povo de Israel obedecia a Deus, o pa\u00eds tinha paz por muitos anos. Salom\u00e3o achou gra\u00e7a aos olhos de Deus e Ele concedeu-lhe paz em todas as Suas fronteiras (I Reis 5:4). Ele utilizou essa paz para servir a Deus construindo o Seu templo com todo o detalhe e dedica\u00e7\u00e3o. E n\u00f3s? Para que estamos a usar os nossos tempos de paz? Outro rei a quem Deus concedeu paz foi Josaf\u00e1, pois Ele buscava a Deus (II Cr\u00f3nicas 20:30). E h\u00e1 muitos outros exemplos semelhantes.<\/p>\n<p>Deus \u00e9 Deus de paz. Jesus \u00e9 chamado o Pr\u00edncipe da Paz (Isa\u00edas 9:6). Ele promete aben\u00e7oar o Seu povo com paz (Salmo 29:11). Ele ensina-nos a procurar a paz e segui-la (Salmo 34:14.) Diz que os mansos herdar\u00e3o a terra e se deleitar\u00e3o na abund\u00e2ncia de paz (Salmo 37:11).<\/p>\n<p>Ver a paz \u00e9 promessa para quem teme o Senhor (Salmo 128:6). \u00c9 Ele, e n\u00e3o o nosso esfor\u00e7o, que nos coloca em paz em todos os lados (Salmo 147:14).<\/p>\n<p>Prov\u00e9rbios 3:2 ensina-nos que os mandamentos de Deus prolongam a vida e d\u00e3o prosperidade e paz, e Prov\u00e9rbios 3:17 associa a sabedoria a caminhos de del\u00edcias e a veredas de paz. Os que aconselham a paz t\u00eam alegria (Prov. 12:20) e o cora\u00e7\u00e3o em paz traz sa\u00fade (Prov. 14:30). O escritor de Prov\u00e9rbios tamb\u00e9m adverte que \u00e9 melhor ter pouco com paz, do que muito com conflitos (Prov. 17:1).<\/p>\n<p>Quando confiamos em Deus, Ele nos conserva em paz (Isa\u00edas 26:3). O povo de Deus habitar\u00e1 em moradas de paz (Isa\u00edas 32:18).<\/p>\n<p>A paz, est\u00e1 associada \u00e0 justi\u00e7a (Isa\u00edas 32:17).<\/p>\n<p>Devemos anunciar a paz (Isa\u00edas 52:7) \u2013 o que temos feito com as palavras da nossa boca?<\/p>\n<p>O castigo, que nos traz a paz estava sobre Jesus (Isa\u00edas 53:5). Aleluia! Ele ganhou para n\u00f3s a paz, na cruz do Calv\u00e1rio!<\/p>\n<p>A alian\u00e7a de paz que Deus fez connosco n\u00e3o mudar\u00e1 (Isa\u00edas 54:13, Malaquias 2:5).<\/p>\n<p>Jesus deixou-nos a Sua paz especial, que n\u00e3o se abala por qualquer coisa, mas que fica connosco de forma permanente e perene, de modo a que o nosso cora\u00e7\u00e3o n\u00e3o se atemorize. (Jo\u00e3o 14:27).<\/p>\n<p>Grande ser\u00e1 a paz dos descendentes daqueles que temem a Deus (Isa\u00edas 54:13).<\/p>\n<p>O povo de Deus ser\u00e1 guiado em paz (Isa\u00edas 55:12).<\/p>\n<p>O Senhor estende sobre n\u00f3s a Sua paz (Isa\u00edas 66:12).<\/p>\n<p>Devemos procurar a paz do Senhor no local para onde Deus nos transportou (Jeremias 29:7).<\/p>\n<p>Deus tem pensamentos de paz e prosperidade a nosso respeito (Jeremias 29:11).<\/p>\n<p>O Senhor nos manifestar\u00e1 abund\u00e2ncia de paz e de verdade (Jeremias 33:6).<\/p>\n<p>O povo de Deus viver\u00e1 em paz e seguran\u00e7a (Jeremias 43:27).<\/p>\n<p>Mesmo depois de problemas e revezes, o Senhor dar\u00e1 a paz (Ageu 2:9).<\/p>\n<p>Por fim, um dos vers\u00edculos mais preciosos para mim \u201cGl\u00f3ria a Deus nas alturas, e paz na terra aos homens aos quais Ele concede o Seu favor\u201d (Lucas 2:14), foi o c\u00e2ntico dos anjos aquando do nascimento de Jesus. Uma promessa maravilhosa transmitida por Deus ao ser humano, na forma cantada!<\/p>\n<p>Por causa de Jesus, Deus nos concede o Seu favor, e no Seu favor h\u00e1 abund\u00e2ncia de paz! Desfrute desta paz que h\u00e1 em Jesus, todos os dias.<\/p>\n<p>Quando se sentir desanimada relembre as promessas de paz e de b\u00ean\u00e7\u00e3o que temos na Palavra de Deus e fortale\u00e7a-se no Senhor; ganhe novo \u00e2nimo e seja inundada de paz!<\/p>\n<p>[movedo_single_image image=&#8221;15548&#8243; animation=&#8221;grve-zoom-in&#8221;]<strong>Elsa Correia Pereira<\/strong><br \/>\nSoci\u00f3loga<\/p>\n","protected":false},"excerpt":{"rendered":"<p>Shalom. Hoje escrevo sobre uma das minhas palavras favoritas \u2013 paz. Paz \u00e9 o que nos permite desfrutar de todas as b\u00ean\u00e7\u00e3os e d\u00e1divas que temos. Vivemos num mundo de guerras. Grandes guerras e guerrinhas. Por isso, a paz n\u00e3o pode vir de fora, das circunst\u00e2ncias, mas tem de vir de dentro de n\u00f3s, de<\/p>\n","protected":false},"author":2,"featured_media":15551,"comment_status":"open","ping_status":"open","sticky":false,"template":"","format":"standard","meta":{"_uag_custom_page_level_css":"","_themeisle_gutenberg_block_has_review":false,"_vp_format_video_url":"","_vp_image_focal_point":[],"footnotes":""},"categories":[47],"tags":[],"class_list":["post-15547","post","type-post","status-publish","format-standard","has-post-thumbnail","hentry","category-mulheres-casais-e-familia"],"yoast_head":"<!-- This site is optimized with the Yoast SEO plugin v27.5 - https:\/\/yoast.com\/product\/yoast-seo-wordpress\/ -->\n<title>Palavras de paz e sobre a paz - Elsa Correia Pereira - AEP<\/title>\n<meta name=\"robots\" content=\"index, follow, max-snippet:-1, max-image-preview:large, max-video-preview:-1\" \/>\n<link rel=\"canonical\" href=\"https:\/\/aliancaevangelica.pt\/site\/palavras-paz-paz-elsa-correia-pereira\/\" \/>\n<meta property=\"og:locale\" content=\"pt_PT\" \/>\n<meta property=\"og:type\" content=\"article\" \/>\n<meta property=\"og:title\" content=\"Palavras de paz e sobre a paz - Elsa Correia Pereira - AEP\" \/>\n<meta property=\"og:description\" content=\"Shalom. Hoje escrevo sobre uma das minhas palavras favoritas \u2013 paz. Paz \u00e9 o que nos permite desfrutar de todas as b\u00ean\u00e7\u00e3os e d\u00e1divas que temos. Vivemos num mundo de guerras. Grandes guerras e guerrinhas. Por isso, a paz n\u00e3o pode vir de fora, das circunst\u00e2ncias, mas tem de vir de dentro de n\u00f3s, de\" \/>\n<meta property=\"og:url\" content=\"https:\/\/aliancaevangelica.pt\/site\/palavras-paz-paz-elsa-correia-pereira\/\" \/>\n<meta property=\"og:site_name\" content=\"AEP\" \/>\n<meta property=\"article:publisher\" content=\"http:\/\/facebook.com\/aeportuguesa\" \/>\n<meta property=\"article:author\" content=\"aeportugal\" \/>\n<meta property=\"article:published_time\" content=\"2018-01-19T08:17:33+00:00\" \/>\n<meta property=\"article:modified_time\" content=\"2026-03-02T18:46:10+00:00\" \/>\n<meta property=\"og:image\" content=\"https:\/\/aliancaevangelica.pt\/site\/wp-content\/uploads\/2018\/01\/AEP_foto-Elsa_paz.jpg\" \/>\n\t<meta property=\"og:image:width\" content=\"1280\" \/>\n\t<meta property=\"og:image:height\" content=\"960\" \/>\n\t<meta property=\"og:image:type\" content=\"image\/jpeg\" \/>\n<meta name=\"author\" content=\"AEP\" \/>\n<meta name=\"twitter:card\" content=\"summary_large_image\" \/>\n<meta name=\"twitter:label1\" content=\"Escrito por\" \/>\n\t<meta name=\"twitter:data1\" content=\"AEP\" \/>\n\t<meta name=\"twitter:label2\" content=\"Tempo estimado de leitura\" \/>\n\t<meta name=\"twitter:data2\" content=\"5 minutos\" \/>\n<script type=\"application\/ld+json\" class=\"yoast-schema-graph\">{\"@context\":\"https:\\\/\\\/schema.org\",\"@graph\":[{\"@type\":\"Article\",\"@id\":\"https:\\\/\\\/aliancaevangelica.pt\\\/site\\\/palavras-paz-paz-elsa-correia-pereira\\\/#article\",\"isPartOf\":{\"@id\":\"https:\\\/\\\/aliancaevangelica.pt\\\/site\\\/palavras-paz-paz-elsa-correia-pereira\\\/\"},\"author\":{\"name\":\"AEP\",\"@id\":\"https:\\\/\\\/aliancaevangelica.pt\\\/site\\\/#\\\/schema\\\/person\\\/3b47cfc7535eff1e820f31c2d67eafcf\"},\"headline\":\"Palavras de paz e sobre a paz &#8211; Elsa Correia Pereira\",\"datePublished\":\"2018-01-19T08:17:33+00:00\",\"dateModified\":\"2026-03-02T18:46:10+00:00\",\"mainEntityOfPage\":{\"@id\":\"https:\\\/\\\/aliancaevangelica.pt\\\/site\\\/palavras-paz-paz-elsa-correia-pereira\\\/\"},\"wordCount\":1099,\"commentCount\":0,\"publisher\":{\"@id\":\"https:\\\/\\\/aliancaevangelica.pt\\\/site\\\/#organization\"},\"image\":{\"@id\":\"https:\\\/\\\/aliancaevangelica.pt\\\/site\\\/palavras-paz-paz-elsa-correia-pereira\\\/#primaryimage\"},\"thumbnailUrl\":\"https:\\\/\\\/aliancaevangelica.pt\\\/site\\\/wp-content\\\/uploads\\\/2018\\\/01\\\/AEP_foto-Elsa_paz.jpg\",\"articleSection\":[\"MULHERES, CASAIS E FAM\u00cdLIA\"],\"inLanguage\":\"pt-PT\",\"potentialAction\":[{\"@type\":\"CommentAction\",\"name\":\"Comment\",\"target\":[\"https:\\\/\\\/aliancaevangelica.pt\\\/site\\\/palavras-paz-paz-elsa-correia-pereira\\\/#respond\"]}]},{\"@type\":\"WebPage\",\"@id\":\"https:\\\/\\\/aliancaevangelica.pt\\\/site\\\/palavras-paz-paz-elsa-correia-pereira\\\/\",\"url\":\"https:\\\/\\\/aliancaevangelica.pt\\\/site\\\/palavras-paz-paz-elsa-correia-pereira\\\/\",\"name\":\"Palavras de paz e sobre a paz - Elsa Correia Pereira - AEP\",\"isPartOf\":{\"@id\":\"https:\\\/\\\/aliancaevangelica.pt\\\/site\\\/#website\"},\"primaryImageOfPage\":{\"@id\":\"https:\\\/\\\/aliancaevangelica.pt\\\/site\\\/palavras-paz-paz-elsa-correia-pereira\\\/#primaryimage\"},\"image\":{\"@id\":\"https:\\\/\\\/aliancaevangelica.pt\\\/site\\\/palavras-paz-paz-elsa-correia-pereira\\\/#primaryimage\"},\"thumbnailUrl\":\"https:\\\/\\\/aliancaevangelica.pt\\\/site\\\/wp-content\\\/uploads\\\/2018\\\/01\\\/AEP_foto-Elsa_paz.jpg\",\"datePublished\":\"2018-01-19T08:17:33+00:00\",\"dateModified\":\"2026-03-02T18:46:10+00:00\",\"breadcrumb\":{\"@id\":\"https:\\\/\\\/aliancaevangelica.pt\\\/site\\\/palavras-paz-paz-elsa-correia-pereira\\\/#breadcrumb\"},\"inLanguage\":\"pt-PT\",\"potentialAction\":[{\"@type\":\"ReadAction\",\"target\":[\"https:\\\/\\\/aliancaevangelica.pt\\\/site\\\/palavras-paz-paz-elsa-correia-pereira\\\/\"]}]},{\"@type\":\"ImageObject\",\"inLanguage\":\"pt-PT\",\"@id\":\"https:\\\/\\\/aliancaevangelica.pt\\\/site\\\/palavras-paz-paz-elsa-correia-pereira\\\/#primaryimage\",\"url\":\"https:\\\/\\\/aliancaevangelica.pt\\\/site\\\/wp-content\\\/uploads\\\/2018\\\/01\\\/AEP_foto-Elsa_paz.jpg\",\"contentUrl\":\"https:\\\/\\\/aliancaevangelica.pt\\\/site\\\/wp-content\\\/uploads\\\/2018\\\/01\\\/AEP_foto-Elsa_paz.jpg\",\"width\":1280,\"height\":960},{\"@type\":\"BreadcrumbList\",\"@id\":\"https:\\\/\\\/aliancaevangelica.pt\\\/site\\\/palavras-paz-paz-elsa-correia-pereira\\\/#breadcrumb\",\"itemListElement\":[{\"@type\":\"ListItem\",\"position\":1,\"name\":\"In\u00edcio\",\"item\":\"https:\\\/\\\/aliancaevangelica.pt\\\/site\\\/\"},{\"@type\":\"ListItem\",\"position\":2,\"name\":\"Palavras de paz e sobre a paz &#8211; Elsa Correia Pereira\"}]},{\"@type\":\"WebSite\",\"@id\":\"https:\\\/\\\/aliancaevangelica.pt\\\/site\\\/#website\",\"url\":\"https:\\\/\\\/aliancaevangelica.pt\\\/site\\\/\",\"name\":\"Alian\u00e7a Evang\u00e9lica Portuguesa\",\"description\":\"Alian\u00e7a Evang\u00e9lica Portuguesa\",\"publisher\":{\"@id\":\"https:\\\/\\\/aliancaevangelica.pt\\\/site\\\/#organization\"},\"potentialAction\":[{\"@type\":\"SearchAction\",\"target\":{\"@type\":\"EntryPoint\",\"urlTemplate\":\"https:\\\/\\\/aliancaevangelica.pt\\\/site\\\/?s={search_term_string}\"},\"query-input\":{\"@type\":\"PropertyValueSpecification\",\"valueRequired\":true,\"valueName\":\"search_term_string\"}}],\"inLanguage\":\"pt-PT\"},{\"@type\":\"Organization\",\"@id\":\"https:\\\/\\\/aliancaevangelica.pt\\\/site\\\/#organization\",\"name\":\"Alian\u00e7a Evang\u00e9lica Portuguesa\",\"url\":\"https:\\\/\\\/aliancaevangelica.pt\\\/site\\\/\",\"logo\":{\"@type\":\"ImageObject\",\"inLanguage\":\"pt-PT\",\"@id\":\"https:\\\/\\\/aliancaevangelica.pt\\\/site\\\/#\\\/schema\\\/logo\\\/image\\\/\",\"url\":\"https:\\\/\\\/aliancaevangelica.pt\\\/site\\\/wp-content\\\/uploads\\\/2017\\\/11\\\/logo-AEP-cor.png\",\"contentUrl\":\"https:\\\/\\\/aliancaevangelica.pt\\\/site\\\/wp-content\\\/uploads\\\/2017\\\/11\\\/logo-AEP-cor.png\",\"width\":1156,\"height\":672,\"caption\":\"Alian\u00e7a Evang\u00e9lica Portuguesa\"},\"image\":{\"@id\":\"https:\\\/\\\/aliancaevangelica.pt\\\/site\\\/#\\\/schema\\\/logo\\\/image\\\/\"},\"sameAs\":[\"http:\\\/\\\/facebook.com\\\/aeportuguesa\",\"http:\\\/\\\/instagram.com\\\/aliancaep\",\"http:\\\/\\\/youtube.com\\\/aeportuguesa\"]},{\"@type\":\"Person\",\"@id\":\"https:\\\/\\\/aliancaevangelica.pt\\\/site\\\/#\\\/schema\\\/person\\\/3b47cfc7535eff1e820f31c2d67eafcf\",\"name\":\"AEP\",\"sameAs\":[\"aeportugal\"],\"url\":\"https:\\\/\\\/aliancaevangelica.pt\\\/site\\\/author\\\/aeportugal\\\/\"}]}<\/script>\n<!-- \/ Yoast SEO plugin. -->","yoast_head_json":{"title":"Palavras de paz e sobre a paz - Elsa Correia Pereira - AEP","robots":{"index":"index","follow":"follow","max-snippet":"max-snippet:-1","max-image-preview":"max-image-preview:large","max-video-preview":"max-video-preview:-1"},"canonical":"https:\/\/aliancaevangelica.pt\/site\/palavras-paz-paz-elsa-correia-pereira\/","og_locale":"pt_PT","og_type":"article","og_title":"Palavras de paz e sobre a paz - Elsa Correia Pereira - AEP","og_description":"Shalom. Hoje escrevo sobre uma das minhas palavras favoritas \u2013 paz. Paz \u00e9 o que nos permite desfrutar de todas as b\u00ean\u00e7\u00e3os e d\u00e1divas que temos. Vivemos num mundo de guerras. Grandes guerras e guerrinhas. Por isso, a paz n\u00e3o pode vir de fora, das circunst\u00e2ncias, mas tem de vir de dentro de n\u00f3s, de","og_url":"https:\/\/aliancaevangelica.pt\/site\/palavras-paz-paz-elsa-correia-pereira\/","og_site_name":"AEP","article_publisher":"http:\/\/facebook.com\/aeportuguesa","article_author":"aeportugal","article_published_time":"2018-01-19T08:17:33+00:00","article_modified_time":"2026-03-02T18:46:10+00:00","og_image":[{"width":1280,"height":960,"url":"https:\/\/aliancaevangelica.pt\/site\/wp-content\/uploads\/2018\/01\/AEP_foto-Elsa_paz.jpg","type":"image\/jpeg"}],"author":"AEP","twitter_card":"summary_large_image","twitter_misc":{"Escrito por":"AEP","Tempo estimado de leitura":"5 minutos"},"schema":{"@context":"https:\/\/schema.org","@graph":[{"@type":"Article","@id":"https:\/\/aliancaevangelica.pt\/site\/palavras-paz-paz-elsa-correia-pereira\/#article","isPartOf":{"@id":"https:\/\/aliancaevangelica.pt\/site\/palavras-paz-paz-elsa-correia-pereira\/"},"author":{"name":"AEP","@id":"https:\/\/aliancaevangelica.pt\/site\/#\/schema\/person\/3b47cfc7535eff1e820f31c2d67eafcf"},"headline":"Palavras de paz e sobre a paz &#8211; Elsa Correia Pereira","datePublished":"2018-01-19T08:17:33+00:00","dateModified":"2026-03-02T18:46:10+00:00","mainEntityOfPage":{"@id":"https:\/\/aliancaevangelica.pt\/site\/palavras-paz-paz-elsa-correia-pereira\/"},"wordCount":1099,"commentCount":0,"publisher":{"@id":"https:\/\/aliancaevangelica.pt\/site\/#organization"},"image":{"@id":"https:\/\/aliancaevangelica.pt\/site\/palavras-paz-paz-elsa-correia-pereira\/#primaryimage"},"thumbnailUrl":"https:\/\/aliancaevangelica.pt\/site\/wp-content\/uploads\/2018\/01\/AEP_foto-Elsa_paz.jpg","articleSection":["MULHERES, CASAIS E FAM\u00cdLIA"],"inLanguage":"pt-PT","potentialAction":[{"@type":"CommentAction","name":"Comment","target":["https:\/\/aliancaevangelica.pt\/site\/palavras-paz-paz-elsa-correia-pereira\/#respond"]}]},{"@type":"WebPage","@id":"https:\/\/aliancaevangelica.pt\/site\/palavras-paz-paz-elsa-correia-pereira\/","url":"https:\/\/aliancaevangelica.pt\/site\/palavras-paz-paz-elsa-correia-pereira\/","name":"Palavras de paz e sobre a paz - Elsa Correia Pereira - AEP","isPartOf":{"@id":"https:\/\/aliancaevangelica.pt\/site\/#website"},"primaryImageOfPage":{"@id":"https:\/\/aliancaevangelica.pt\/site\/palavras-paz-paz-elsa-correia-pereira\/#primaryimage"},"image":{"@id":"https:\/\/aliancaevangelica.pt\/site\/palavras-paz-paz-elsa-correia-pereira\/#primaryimage"},"thumbnailUrl":"https:\/\/aliancaevangelica.pt\/site\/wp-content\/uploads\/2018\/01\/AEP_foto-Elsa_paz.jpg","datePublished":"2018-01-19T08:17:33+00:00","dateModified":"2026-03-02T18:46:10+00:00","breadcrumb":{"@id":"https:\/\/aliancaevangelica.pt\/site\/palavras-paz-paz-elsa-correia-pereira\/#breadcrumb"},"inLanguage":"pt-PT","potentialAction":[{"@type":"ReadAction","target":["https:\/\/aliancaevangelica.pt\/site\/palavras-paz-paz-elsa-correia-pereira\/"]}]},{"@type":"ImageObject","inLanguage":"pt-PT","@id":"https:\/\/aliancaevangelica.pt\/site\/palavras-paz-paz-elsa-correia-pereira\/#primaryimage","url":"https:\/\/aliancaevangelica.pt\/site\/wp-content\/uploads\/2018\/01\/AEP_foto-Elsa_paz.jpg","contentUrl":"https:\/\/aliancaevangelica.pt\/site\/wp-content\/uploads\/2018\/01\/AEP_foto-Elsa_paz.jpg","width":1280,"height":960},{"@type":"BreadcrumbList","@id":"https:\/\/aliancaevangelica.pt\/site\/palavras-paz-paz-elsa-correia-pereira\/#breadcrumb","itemListElement":[{"@type":"ListItem","position":1,"name":"In\u00edcio","item":"https:\/\/aliancaevangelica.pt\/site\/"},{"@type":"ListItem","position":2,"name":"Palavras de paz e sobre a paz &#8211; Elsa Correia Pereira"}]},{"@type":"WebSite","@id":"https:\/\/aliancaevangelica.pt\/site\/#website","url":"https:\/\/aliancaevangelica.pt\/site\/","name":"Alian\u00e7a Evang\u00e9lica Portuguesa","description":"Alian\u00e7a Evang\u00e9lica Portuguesa","publisher":{"@id":"https:\/\/aliancaevangelica.pt\/site\/#organization"},"potentialAction":[{"@type":"SearchAction","target":{"@type":"EntryPoint","urlTemplate":"https:\/\/aliancaevangelica.pt\/site\/?s={search_term_string}"},"query-input":{"@type":"PropertyValueSpecification","valueRequired":true,"valueName":"search_term_string"}}],"inLanguage":"pt-PT"},{"@type":"Organization","@id":"https:\/\/aliancaevangelica.pt\/site\/#organization","name":"Alian\u00e7a Evang\u00e9lica Portuguesa","url":"https:\/\/aliancaevangelica.pt\/site\/","logo":{"@type":"ImageObject","inLanguage":"pt-PT","@id":"https:\/\/aliancaevangelica.pt\/site\/#\/schema\/logo\/image\/","url":"https:\/\/aliancaevangelica.pt\/site\/wp-content\/uploads\/2017\/11\/logo-AEP-cor.png","contentUrl":"https:\/\/aliancaevangelica.pt\/site\/wp-content\/uploads\/2017\/11\/logo-AEP-cor.png","width":1156,"height":672,"caption":"Alian\u00e7a Evang\u00e9lica Portuguesa"},"image":{"@id":"https:\/\/aliancaevangelica.pt\/site\/#\/schema\/logo\/image\/"},"sameAs":["http:\/\/facebook.com\/aeportuguesa","http:\/\/instagram.com\/aliancaep","http:\/\/youtube.com\/aeportuguesa"]},{"@type":"Person","@id":"https:\/\/aliancaevangelica.pt\/site\/#\/schema\/person\/3b47cfc7535eff1e820f31c2d67eafcf","name":"AEP","sameAs":["aeportugal"],"url":"https:\/\/aliancaevangelica.pt\/site\/author\/aeportugal\/"}]}},"uagb_featured_image_src":{"full":["https:\/\/aliancaevangelica.pt\/site\/wp-content\/uploads\/2018\/01\/AEP_foto-Elsa_paz.jpg",1280,960,false],"thumbnail":["https:\/\/aliancaevangelica.pt\/site\/wp-content\/uploads\/2018\/01\/AEP_foto-Elsa_paz-150x150.jpg",150,150,true],"medium":["https:\/\/aliancaevangelica.pt\/site\/wp-content\/uploads\/2018\/01\/AEP_foto-Elsa_paz-300x225.jpg",300,225,true],"medium_large":["https:\/\/aliancaevangelica.pt\/site\/wp-content\/uploads\/2018\/01\/AEP_foto-Elsa_paz-768x576.jpg",768,576,true],"large":["https:\/\/aliancaevangelica.pt\/site\/wp-content\/uploads\/2018\/01\/AEP_foto-Elsa_paz-1024x768.jpg",960,720,true],"1536x1536":["https:\/\/aliancaevangelica.pt\/site\/wp-content\/uploads\/2018\/01\/AEP_foto-Elsa_paz.jpg",1280,960,false],"2048x2048":["https:\/\/aliancaevangelica.pt\/site\/wp-content\/uploads\/2018\/01\/AEP_foto-Elsa_paz.jpg",1280,960,false],"vp_sm":["https:\/\/aliancaevangelica.pt\/site\/wp-content\/uploads\/2018\/01\/AEP_foto-Elsa_paz.jpg",500,375,false],"vp_md":["https:\/\/aliancaevangelica.pt\/site\/wp-content\/uploads\/2018\/01\/AEP_foto-Elsa_paz.jpg",800,600,false],"vp_lg":["https:\/\/aliancaevangelica.pt\/site\/wp-content\/uploads\/2018\/01\/AEP_foto-Elsa_paz.jpg",1280,960,false],"vp_xl":["https:\/\/aliancaevangelica.pt\/site\/wp-content\/uploads\/2018\/01\/AEP_foto-Elsa_paz.jpg",1280,960,false],"vp_sm_popup":["https:\/\/aliancaevangelica.pt\/site\/wp-content\/uploads\/2018\/01\/AEP_foto-Elsa_paz.jpg",500,375,false],"vp_md_popup":["https:\/\/aliancaevangelica.pt\/site\/wp-content\/uploads\/2018\/01\/AEP_foto-Elsa_paz.jpg",800,600,false],"vp_xl_popup":["https:\/\/aliancaevangelica.pt\/site\/wp-content\/uploads\/2018\/01\/AEP_foto-Elsa_paz.jpg",1280,960,false],"newsx-150x100":["https:\/\/aliancaevangelica.pt\/site\/wp-content\/uploads\/2018\/01\/AEP_foto-Elsa_paz.jpg",133,100,false],"newsx-330x220":["https:\/\/aliancaevangelica.pt\/site\/wp-content\/uploads\/2018\/01\/AEP_foto-Elsa_paz.jpg",293,220,false],"newsx-420x280":["https:\/\/aliancaevangelica.pt\/site\/wp-content\/uploads\/2018\/01\/AEP_foto-Elsa_paz.jpg",373,280,false],"newsx-510x340":["https:\/\/aliancaevangelica.pt\/site\/wp-content\/uploads\/2018\/01\/AEP_foto-Elsa_paz.jpg",453,340,false],"newsx-640x480":["https:\/\/aliancaevangelica.pt\/site\/wp-content\/uploads\/2018\/01\/AEP_foto-Elsa_paz.jpg",640,480,false],"newsx-670x370":["https:\/\/aliancaevangelica.pt\/site\/wp-content\/uploads\/2018\/01\/AEP_foto-Elsa_paz.jpg",493,370,false],"newsx-860x570":["https:\/\/aliancaevangelica.pt\/site\/wp-content\/uploads\/2018\/01\/AEP_foto-Elsa_paz.jpg",760,570,false],"newsx-1000x750":["https:\/\/aliancaevangelica.pt\/site\/wp-content\/uploads\/2018\/01\/AEP_foto-Elsa_paz.jpg",1000,750,false],"newsx-1200x600":["https:\/\/aliancaevangelica.pt\/site\/wp-content\/uploads\/2018\/01\/AEP_foto-Elsa_paz.jpg",800,600,false]},"uagb_author_info":{"display_name":"AEP","author_link":"https:\/\/aliancaevangelica.pt\/site\/author\/aeportugal\/"},"uagb_comment_info":0,"uagb_excerpt":"Shalom. Hoje escrevo sobre uma das minhas palavras favoritas \u2013 paz. Paz \u00e9 o que nos permite desfrutar de todas as b\u00ean\u00e7\u00e3os e d\u00e1divas que temos. Vivemos num mundo de guerras. Grandes guerras e guerrinhas. Por isso, a paz n\u00e3o pode vir de fora, das circunst\u00e2ncias, mas tem de vir de dentro de n\u00f3s, de","_links":{"self":[{"href":"https:\/\/aliancaevangelica.pt\/site\/wp-json\/wp\/v2\/posts\/15547","targetHints":{"allow":["GET"]}}],"collection":[{"href":"https:\/\/aliancaevangelica.pt\/site\/wp-json\/wp\/v2\/posts"}],"about":[{"href":"https:\/\/aliancaevangelica.pt\/site\/wp-json\/wp\/v2\/types\/post"}],"author":[{"embeddable":true,"href":"https:\/\/aliancaevangelica.pt\/site\/wp-json\/wp\/v2\/users\/2"}],"replies":[{"embeddable":true,"href":"https:\/\/aliancaevangelica.pt\/site\/wp-json\/wp\/v2\/comments?post=15547"}],"version-history":[{"count":2,"href":"https:\/\/aliancaevangelica.pt\/site\/wp-json\/wp\/v2\/posts\/15547\/revisions"}],"predecessor-version":[{"id":15550,"href":"https:\/\/aliancaevangelica.pt\/site\/wp-json\/wp\/v2\/posts\/15547\/revisions\/15550"}],"wp:featuredmedia":[{"embeddable":true,"href":"https:\/\/aliancaevangelica.pt\/site\/wp-json\/wp\/v2\/media\/15551"}],"wp:attachment":[{"href":"https:\/\/aliancaevangelica.pt\/site\/wp-json\/wp\/v2\/media?parent=15547"}],"wp:term":[{"taxonomy":"category","embeddable":true,"href":"https:\/\/aliancaevangelica.pt\/site\/wp-json\/wp\/v2\/categories?post=15547"},{"taxonomy":"post_tag","embeddable":true,"href":"https:\/\/aliancaevangelica.pt\/site\/wp-json\/wp\/v2\/tags?post=15547"}],"curies":[{"name":"wp","href":"https:\/\/api.w.org\/{rel}","templated":true}]}}