{"id":15475,"date":"2018-01-05T23:15:24","date_gmt":"2018-01-05T23:15:24","guid":{"rendered":"https:\/\/aliancaevangelica.pt\/site\/?p=15475"},"modified":"2018-01-05T23:22:15","modified_gmt":"2018-01-05T23:22:15","slug":"entrevista-1-helena","status":"publish","type":"post","link":"https:\/\/aliancaevangelica.pt\/site\/entrevista-1-helena\/","title":{"rendered":"Entrevista 1 &#8211; Helena"},"content":{"rendered":"<p><img loading=\"lazy\" decoding=\"async\" class=\"alignnone size-medium wp-image-15479 aligncenter\" src=\"https:\/\/aliancaevangelica.pt\/site\/wp-content\/uploads\/2018\/01\/Scan_Pic0003-227x300.jpg\" alt=\"\" width=\"227\" height=\"300\" srcset=\"https:\/\/aliancaevangelica.pt\/site\/wp-content\/uploads\/2018\/01\/Scan_Pic0003-227x300.jpg 227w, https:\/\/aliancaevangelica.pt\/site\/wp-content\/uploads\/2018\/01\/Scan_Pic0003.jpg 515w\" sizes=\"auto, (max-width: 227px) 100vw, 227px\" \/><\/p>\n<p style=\"text-align: center;\">\u201cA ora\u00e7\u00e3o \u00e9 tremenda e maravilhosamente um mist\u00e9rio!\u201d<\/p>\n<p style=\"text-align: center;\">Helena Pais Martins \u00e9 coordenadora do Desperta D\u00e9bora, em Portugal, um minist\u00e9rio de m\u00e3es e pais crist\u00e3os que, por todo o pa\u00eds, assumem um compromisso de ora\u00e7\u00e3o pelos seus filhos e n\u00e3o s\u00f3. Vamos saber mais.<\/p>\n<p>&nbsp;<\/p>\n<p><strong>AEP:<\/strong> Quem \u00e9 a Helena?<\/p>\n<p><strong>Helena:<\/strong> Sou \u2018alfacinha\u2019 &#8211; lembro-me da grande confus\u00e3o que senti quando ouvi esta express\u00e3o pela 1\u00aa vez, com os meus 7 anos\u2026 porque \u00e9 que eu era alfacinha = alface pequena??? \u2013 vinda de Angola, onde tal nunca me tinha sido dito\u2026<\/p>\n<p>Fui para o Negage, pequena vila no norte de Angola, aos 2 anos de idade. Por motivos de sa\u00fade voltei a Portugal com 7 anos. Junto da minha av\u00f3 materna, muito zelosa na sua f\u00e9, tive pela primeira vez a no\u00e7\u00e3o de Deus, maior consci\u00eancia do meu pecado. S\u00f3 que o perd\u00e3o vinha atrav\u00e9s de penit\u00eancias aos p\u00e9s dos santos\u2026 mas recordo o al\u00edvio ap\u00f3s cada confiss\u00e3o e a alegria na comunh\u00e3o\u2026 De volta a Angola, desta vez a Luanda, por m\u00e3o de uma amiga dos meus pais, entrei pela primeira vez numa Igreja Evang\u00e9lica. A primeira impress\u00e3o foi muito forte e nunca esquecida: As pessoas falavam <u>diretamente<\/u> com Deus e tratavam-nO por tu! Com rever\u00eancia, com respeito, via-se que tinham com Ele um grande \u00e0 vontade! Surpresa das surpresas! Ent\u00e3o era poss\u00edvel falar diretamente com Deus?!? Ele n\u00e3o era o tal Deus inacess\u00edvel, precisando eu da media\u00e7\u00e3o dos santos? Esta descoberta fant\u00e1stica prendeu-me a este Deus de amor, que fica \u00e0 dist\u00e2ncia de uma ora\u00e7\u00e3o, como tantas vezes dizemos. Ouvi o bater de Deus na minha vida e deixei-O entrar. Tinha 13 anos. Batizei-me com 15. Cresci.\u00a0 F\u00edsica e espiritualmente.\u00a0 Deus prendeu-me a Ele e \u00e0 Sua Palavra. Usou o meu professor de Escola Dominical, mestre na Palavra e no ensino; e o meu pai pelo seu zelo na leitura di\u00e1ria da B\u00edblia. Como todos os jovens tamb\u00e9m tive os meus desafios, as minhas lutas. Por Sua gra\u00e7a infinita, permaneci fiel e firme na caminhada com o Senhor.<\/p>\n<p>(s\u00f3 uma nota: a minha av\u00f3, por testemunho da minha m\u00e3e, tamb\u00e9m veio a conhecer Cristo como seu Salvador!)<\/p>\n<p>O Senhor deu-me oportunidades extraordin\u00e1rias: na Igreja aprendi a partilhar a Palavra, a estar em p\u00fablico, participando nas festas de Natal, P\u00e1scoa, etc. Tive a oportunidade de ir para uma Escola B\u00edblica na Alemanha, vocacionada para a prepara\u00e7\u00e3o e forma\u00e7\u00e3o dos leigos, dentro da mesma Escola estive na Inglaterra. De regresso a Portugal para frequentar a Universidade em Coimbra, o Senhor em Sua Gra\u00e7a sempre me envolveu em minist\u00e9rios onde o estudo da Palavra eram essenciais para com eles O servir: a Alian\u00e7a Pr\u00f3-Evangeliza\u00e7\u00e3o de Crian\u00e7as (APEC), Grupo B\u00edblico Universit\u00e1rio (GBU) j\u00e1 no Porto, pois j\u00e1 estava a lecionar perto\u2026 E sempre me permitiu servir na Igreja local, com crian\u00e7as, com jovens, com adultos e no minist\u00e9rio com mulheres (antigamente dizia-se \u2018senhoras\u2019 e eu j\u00e1 sou antiga\u2026).\u00a0 Neste meio tempo casei. Com um homem, que como tudo o resto na minha caminhada, foi d\u00e1diva preciosa do Senhor, que me amou e acompanhou durante quase 35 anos. Tanto na Igreja local, como no GBU e no Desperta D\u00e9bora todos o conheceram pela sua entrega e disponibilidade para servir comigo. Agora est\u00e1 com o Pai. Tivemos dois filhos, o Pedro e a Ester, tamb\u00e9m eles preciosas d\u00e1divas do Senhor. As raz\u00f5es de eu me ter tornado D\u00e9bora\u2026\u00a0 Hoje, j\u00e1 aposentada, continuo envolvida no minist\u00e9rio Desperta D\u00e9bora, at\u00e9 que o Senhor o permita.<\/p>\n<p><strong>AEP<\/strong> &#8211; Como se iniciou a pr\u00e1tica da ora\u00e7\u00e3o na sua vida?<\/p>\n<p><strong>Helena<\/strong> &#8211; A ora\u00e7\u00e3o sempre foi algo muito especial para mim. Recebi ensino quanto \u00e0 import\u00e2ncia da ora\u00e7\u00e3o na nossa vida crist\u00e3, tinha o h\u00e1bito de orar de manh\u00e3 antes de ir para o liceu, antes de entrar na sala de aula quando ia fazer testes. No entanto, creio que o meu amadurecimento nessa \u00e1rea, o desejo de <em><u>intimidade<\/u><\/em> com o Senhor e o apreciar essa intimidade s\u00f3 se deu mais tarde, durante a Escola B\u00edblica.<\/p>\n<p><strong>\u00a0AEP<\/strong> &#8211; Qual o papel da ora\u00e7\u00e3o na vida crist\u00e3?<\/p>\n<p><strong>Helena <\/strong>&#8211; A ora\u00e7\u00e3o \u00e9 essencial na nossa caminhada espiritual. Muitas vezes vemos a ora\u00e7\u00e3o de uma forma redutora \u2013 oramos para pedir a Deus o que necessitamos\u2026 S\u00f3 que a ora\u00e7\u00e3o \u00e9 antes de mais uma conversa, um encontro de dois cora\u00e7\u00f5es. \u00c9 desfrutar da companhia do Senhor, da comunh\u00e3o impar com o Salvador. \u00c9 perceber que tenho acesso ilimitado ao Senhor do Universo, ao Deus Todo Poderoso, que, no entanto, me v\u00ea e se preocupa comigo, uma min\u00fascula part\u00edcula de p\u00f3. Que esta part\u00edcula de p\u00f3 tem um estatuto todo particular: filha amada! E sim, posso pedir, falar-Lhe do que me vai na alma e interceder! E Ele, que n\u00e3o precisava de n\u00f3s para aben\u00e7oar o mundo, escolheu faz\u00ea-lo em resposta \u00e0s nossas ora\u00e7\u00f5es! Papel vital.<\/p>\n<p><strong>AEP<\/strong> &#8211; Hoje dirige o Desperta D\u00e9bora. O que \u00e9?<\/p>\n<p><strong>Helena<\/strong> &#8211; O Desperta D\u00e9bora \u00e9 um minist\u00e9rio de ora\u00e7\u00e3o que congrega m\u00e3es e pais e os desafia a interceder pelos seus filhos, de uma forma comprometida, diariamente, quinze minutos por dia.<\/p>\n<p><strong>AEP<\/strong> &#8211; A ora\u00e7\u00e3o de uma m\u00e3e \u00e9 diferente de outra ora\u00e7\u00e3o? Em que medida?<\/p>\n<p><strong>Helena<\/strong> &#8211; A ora\u00e7\u00e3o de uma m\u00e3e s\u00f3 se torna diferente quando ela entende que orar pelos filhos n\u00e3o \u00e9 ir \u00e0 presen\u00e7a de Deus orar a seu favor. \u00c9 colocar-se nas m\u00e3os de Deus para ser uma intercessora, com o discernimento de que est\u00e1 a entrar numa batalha diariamente, \u00e9 orar sem cessar, \u00e9 ocupar a brecha na vida dos filhos, \u00e9 revestir-se de toda a armadura, \u00e9 entreg\u00e1-los nas m\u00e3os de Deus e retirar-se de cena.<\/p>\n<p><strong>AEP<\/strong> &#8211; Costuma dizer que a ora\u00e7\u00e3o \u00e9 um mist\u00e9rio. Porqu\u00ea?<\/p>\n<p><strong>Helena<\/strong> &#8211; \u00c9 tremenda e maravilhosamente um mist\u00e9rio! N\u00e3o podemos esquecer como temos acesso ao trono da Gra\u00e7a: foi a obra de Jesus na cruz e a Sua ressurrei\u00e7\u00e3o! Ele reconciliou-nos com o Pai. Por Ele fomos feitos filhos de Deus e podemos ent\u00e3o conversar com o Pai. Ele fez tudo para abrir este caminho! E ent\u00e3o coloca-se a pergunta: Para agir nas vidas e no mundo Deus quer que intercedamos? Porque nos usa? A n\u00f3s? Quem somos n\u00f3s? Porque n\u00e3o os anjos? Que m\u00e9todo, que estrat\u00e9gia! Ent\u00e3o Ele conquista o nosso cora\u00e7\u00e3o, derrama em n\u00f3s o Seu amor e vemo-nos a clamar, n\u00e3o o que queremos, mas desejamos ajustar-nos mais e mais ao Seu querer, ao Seu prop\u00f3sito! E isto n\u00e3o \u00e9 um extraordin\u00e1rio mist\u00e9rio? Porque \u00e9 que Deus escolheu esta forma de mostrar o Seu poder e cuidado pelo mundo que tanto amou? Atrav\u00e9s da minha ora\u00e7\u00e3o?!<\/p>\n<p><strong>AEP<\/strong> &#8211; Quantas D\u00e9boras existem em Portugal?<\/p>\n<p><strong>Helena<\/strong> &#8211; Hoje somos novecentas e sessenta e tr\u00eas D\u00e9boras, vindas de\u00a0 mais de 170 Igrejas. N\u00e3o temos o mesmo n\u00edvel de contacto com todas. Por v\u00e1rias raz\u00f5es a comunica\u00e7\u00e3o entre Coordenadora de Igreja e o Desperta D\u00e9bora, em alguns casos, foi-se diluindo, ou n\u00e3o chegou a existir. E embora se tenha tentado reatar, perceber, nem sempre fomos bem-sucedidos. Quando a lideran\u00e7a se envolve e apoia a Coordenadora e o Grupo de D\u00e9boras na Igreja, ent\u00e3o tudo \u00e9 muito diferente!<\/p>\n<p><strong>AEP<\/strong> &#8211; Como mulher crist\u00e3, que significado tem tido para si dirigir o Desperta D\u00e9bora em \u00a0\u00a0Portugal?<\/p>\n<p><strong>Helena<\/strong> &#8211; Dirigir o Desperta D\u00e9bora tem sido desde o in\u00edcio um grande desafio! Recordo bem a minha resist\u00eancia quando recebi o convite para coordenar o Desperta D\u00e9bora em Portugal! Aceitei na convic\u00e7\u00e3o de que era (e \u00e9 ainda) a vontade de Deus. Como mulher crist\u00e3 sinto-me privilegiada por meu Senhor me ter escolhido para esta tremenda tarefa e muito, muito aben\u00e7oada.<\/p>\n<p><strong>AEP<\/strong> &#8211; Como m\u00e3e e prof. quais lhe parecem ser os grandes motivos de ora\u00e7\u00e3o pela nossa Juventude em Portugal?<\/p>\n<p><strong>Helena<\/strong> &#8211; Em primeiro lugar todos os jovens precisam de ver Jesus como o Filho de Deus, que os ama profundamente, e tem poder para responder a todas as suas d\u00favidas e anseios neste s\u00e9c. 21. A Sua Palavra continua a ser o manual onde podem recolher ensino e orienta\u00e7\u00e3o para a vida, para serem pessoas \u00edntegras, por inteiro.<\/p>\n<p>Porque creio que, em segundo lugar, eles precisam de um s\u00f3lido fundamento para as suas decis\u00f5es, escolhas. Os jovens sentem-se \u00e0 deriva, buscam solu\u00e7\u00f5es onde n\u00e3o existem, procuram conselhos em quem n\u00e3o os sabe dar e em quem n\u00e3o se interessa de facto por eles.<\/p>\n<p>Em terceiro lugar precisam de amor, de entender o que \u00e9 o amor e a melhor demonstra\u00e7\u00e3o est\u00e1 na Pessoa de Jesus.<\/p>\n<p>Descubram eles quem Jesus \u00e9 e tudo o resto entrar\u00e1 em ordem. Precisam de jovens crist\u00e3os verdadeiramente imitadores de Cristo. Os jovens crist\u00e3os precisam de ser sustentados na sua f\u00e9 e no seu testemunho.<\/p>\n<p><strong>AEP<\/strong> &#8211; Quem desejar ter mais informa\u00e7\u00e3o sobre este movimento de ora\u00e7\u00e3o onde poder\u00e1 encontr\u00e1-la?<\/p>\n<p><strong>Helena<\/strong> &#8211; No Facebook, ou contacto direto atrav\u00e9s do email:<\/p>\n<p>coordenadora@despertadebora.com<\/p>\n<p>do telefone 261\u00a0094\u00a0462 ou do tm 912\u00a0653 447<\/p>\n<p><strong>AEP<\/strong> &#8211; Planos para o futuro do Desperta D\u00e9bora?<\/p>\n<p><strong>Helena<\/strong> &#8211; Crescer em n\u00famero \u2013 atingir as 1.000 D\u00e9boras muito em breve e ultrapassar as 1.100 em 2018<\/p>\n<p>Refor\u00e7ar o apoio \u00e0s Coordenadoras de Igreja<\/p>\n<p>Visitar mais Igrejas e estabelecer Grupos de D\u00e9boras \u2013 4 em 2018<\/p>\n<p>Desenvolver a\u00e7\u00f5es concretas: cercar as escolas em ora\u00e7\u00e3o \u2013 1x por m\u00eas a n\u00edvel nacional, realizar a Parada Nacional no Dia Mundial da Crian\u00e7a<\/p>\n<p><strong>AEP &#8211;<\/strong> Um vers\u00edculo especial para si<\/p>\n<p><strong>Helena<\/strong> &#8211; Terei que referir dois. O Senhor os colocou na minha vida ao terminar a Escola B\u00edblica e t\u00eam sido o fundamento \/ desafio para a minha vida:<\/p>\n<p>\u201c(\u2026) A quem muito for dado, muito se exigir\u00e1, e a quem muito for confiado, mais ainda se pedir\u00e1.\u201d Lucas 12:48b<\/p>\n<p>Este vers\u00edculo atingiu-me em cheio e fiquei mesmo muito temerosa. Eu sabia bem que tinha recebido muito. O que me ia acontecer da\u00ed por diante? Fiquei aos Seus p\u00e9s incapaz de agir. O Senhor em Sua Gra\u00e7a e sufici\u00eancia deu-me o outro. Sempre ligados na minha mente e cora\u00e7\u00e3o.<\/p>\n<p>\u201cPosso enfrentar todas as dificuldades naquele que me fortalece.\u201d Filipenses 4:13<\/p>\n<p>Com esta Palavra animei-me e confiei. E hoje continuam a ser o meu esteio. Gl\u00f3ria ao Senhor!<\/p>\n<p>&nbsp;<\/p>\n","protected":false},"excerpt":{"rendered":"<p>\u201cA ora\u00e7\u00e3o \u00e9 tremenda e maravilhosamente um mist\u00e9rio!\u201d Helena Pais Martins \u00e9 coordenadora do Desperta D\u00e9bora, em Portugal, um minist\u00e9rio de m\u00e3es e pais crist\u00e3os que, por todo o pa\u00eds, assumem um compromisso de ora\u00e7\u00e3o pelos seus filhos e n\u00e3o s\u00f3. Vamos saber mais. &nbsp; AEP: Quem \u00e9 a Helena? Helena: Sou \u2018alfacinha\u2019 &#8211; lembro-me<\/p>\n","protected":false},"author":2,"featured_media":15481,"comment_status":"open","ping_status":"open","sticky":false,"template":"","format":"standard","meta":{"_uag_custom_page_level_css":"","_themeisle_gutenberg_block_has_review":false,"_vp_format_video_url":"","_vp_image_focal_point":[],"footnotes":""},"categories":[47],"tags":[],"class_list":["post-15475","post","type-post","status-publish","format-standard","has-post-thumbnail","hentry","category-mulheres-casais-e-familia"],"yoast_head":"<!-- This site is optimized with the Yoast SEO plugin v27.5 - https:\/\/yoast.com\/product\/yoast-seo-wordpress\/ -->\n<title>Entrevista 1 - Helena - AEP<\/title>\n<meta name=\"robots\" content=\"index, follow, max-snippet:-1, max-image-preview:large, max-video-preview:-1\" \/>\n<link rel=\"canonical\" href=\"https:\/\/aliancaevangelica.pt\/site\/entrevista-1-helena\/\" \/>\n<meta property=\"og:locale\" content=\"pt_PT\" \/>\n<meta property=\"og:type\" content=\"article\" \/>\n<meta property=\"og:title\" content=\"Entrevista 1 - Helena - AEP\" \/>\n<meta property=\"og:description\" content=\"\u201cA ora\u00e7\u00e3o \u00e9 tremenda e maravilhosamente um mist\u00e9rio!\u201d Helena Pais Martins \u00e9 coordenadora do Desperta D\u00e9bora, em Portugal, um minist\u00e9rio de m\u00e3es e pais crist\u00e3os que, por todo o pa\u00eds, assumem um compromisso de ora\u00e7\u00e3o pelos seus filhos e n\u00e3o s\u00f3. Vamos saber mais. &nbsp; AEP: Quem \u00e9 a Helena? Helena: Sou \u2018alfacinha\u2019 &#8211; lembro-me\" \/>\n<meta property=\"og:url\" content=\"https:\/\/aliancaevangelica.pt\/site\/entrevista-1-helena\/\" \/>\n<meta property=\"og:site_name\" content=\"AEP\" \/>\n<meta property=\"article:publisher\" content=\"http:\/\/facebook.com\/aeportuguesa\" \/>\n<meta property=\"article:author\" content=\"aeportugal\" \/>\n<meta property=\"article:published_time\" content=\"2018-01-05T23:15:24+00:00\" \/>\n<meta property=\"article:modified_time\" content=\"2018-01-05T23:22:15+00:00\" \/>\n<meta property=\"og:image\" content=\"https:\/\/aliancaevangelica.pt\/site\/wp-content\/uploads\/2018\/01\/foto-helena.jpg\" \/>\n\t<meta property=\"og:image:width\" content=\"360\" \/>\n\t<meta property=\"og:image:height\" content=\"288\" \/>\n\t<meta property=\"og:image:type\" content=\"image\/jpeg\" \/>\n<meta name=\"author\" content=\"AEP\" \/>\n<meta name=\"twitter:card\" content=\"summary_large_image\" \/>\n<meta name=\"twitter:label1\" content=\"Escrito por\" \/>\n\t<meta name=\"twitter:data1\" content=\"AEP\" \/>\n\t<meta name=\"twitter:label2\" content=\"Tempo estimado de leitura\" \/>\n\t<meta name=\"twitter:data2\" content=\"9 minutos\" \/>\n<script type=\"application\/ld+json\" class=\"yoast-schema-graph\">{\"@context\":\"https:\\\/\\\/schema.org\",\"@graph\":[{\"@type\":\"Article\",\"@id\":\"https:\\\/\\\/aliancaevangelica.pt\\\/site\\\/entrevista-1-helena\\\/#article\",\"isPartOf\":{\"@id\":\"https:\\\/\\\/aliancaevangelica.pt\\\/site\\\/entrevista-1-helena\\\/\"},\"author\":{\"name\":\"AEP\",\"@id\":\"https:\\\/\\\/aliancaevangelica.pt\\\/site\\\/#\\\/schema\\\/person\\\/3b47cfc7535eff1e820f31c2d67eafcf\"},\"headline\":\"Entrevista 1 &#8211; Helena\",\"datePublished\":\"2018-01-05T23:15:24+00:00\",\"dateModified\":\"2018-01-05T23:22:15+00:00\",\"mainEntityOfPage\":{\"@id\":\"https:\\\/\\\/aliancaevangelica.pt\\\/site\\\/entrevista-1-helena\\\/\"},\"wordCount\":1816,\"commentCount\":0,\"publisher\":{\"@id\":\"https:\\\/\\\/aliancaevangelica.pt\\\/site\\\/#organization\"},\"image\":{\"@id\":\"https:\\\/\\\/aliancaevangelica.pt\\\/site\\\/entrevista-1-helena\\\/#primaryimage\"},\"thumbnailUrl\":\"https:\\\/\\\/aliancaevangelica.pt\\\/site\\\/wp-content\\\/uploads\\\/2018\\\/01\\\/foto-helena.jpg\",\"articleSection\":[\"MULHERES, CASAIS E FAM\u00cdLIA\"],\"inLanguage\":\"pt-PT\",\"potentialAction\":[{\"@type\":\"CommentAction\",\"name\":\"Comment\",\"target\":[\"https:\\\/\\\/aliancaevangelica.pt\\\/site\\\/entrevista-1-helena\\\/#respond\"]}]},{\"@type\":\"WebPage\",\"@id\":\"https:\\\/\\\/aliancaevangelica.pt\\\/site\\\/entrevista-1-helena\\\/\",\"url\":\"https:\\\/\\\/aliancaevangelica.pt\\\/site\\\/entrevista-1-helena\\\/\",\"name\":\"Entrevista 1 - Helena - AEP\",\"isPartOf\":{\"@id\":\"https:\\\/\\\/aliancaevangelica.pt\\\/site\\\/#website\"},\"primaryImageOfPage\":{\"@id\":\"https:\\\/\\\/aliancaevangelica.pt\\\/site\\\/entrevista-1-helena\\\/#primaryimage\"},\"image\":{\"@id\":\"https:\\\/\\\/aliancaevangelica.pt\\\/site\\\/entrevista-1-helena\\\/#primaryimage\"},\"thumbnailUrl\":\"https:\\\/\\\/aliancaevangelica.pt\\\/site\\\/wp-content\\\/uploads\\\/2018\\\/01\\\/foto-helena.jpg\",\"datePublished\":\"2018-01-05T23:15:24+00:00\",\"dateModified\":\"2018-01-05T23:22:15+00:00\",\"breadcrumb\":{\"@id\":\"https:\\\/\\\/aliancaevangelica.pt\\\/site\\\/entrevista-1-helena\\\/#breadcrumb\"},\"inLanguage\":\"pt-PT\",\"potentialAction\":[{\"@type\":\"ReadAction\",\"target\":[\"https:\\\/\\\/aliancaevangelica.pt\\\/site\\\/entrevista-1-helena\\\/\"]}]},{\"@type\":\"ImageObject\",\"inLanguage\":\"pt-PT\",\"@id\":\"https:\\\/\\\/aliancaevangelica.pt\\\/site\\\/entrevista-1-helena\\\/#primaryimage\",\"url\":\"https:\\\/\\\/aliancaevangelica.pt\\\/site\\\/wp-content\\\/uploads\\\/2018\\\/01\\\/foto-helena.jpg\",\"contentUrl\":\"https:\\\/\\\/aliancaevangelica.pt\\\/site\\\/wp-content\\\/uploads\\\/2018\\\/01\\\/foto-helena.jpg\",\"width\":360,\"height\":288},{\"@type\":\"BreadcrumbList\",\"@id\":\"https:\\\/\\\/aliancaevangelica.pt\\\/site\\\/entrevista-1-helena\\\/#breadcrumb\",\"itemListElement\":[{\"@type\":\"ListItem\",\"position\":1,\"name\":\"In\u00edcio\",\"item\":\"https:\\\/\\\/aliancaevangelica.pt\\\/site\\\/\"},{\"@type\":\"ListItem\",\"position\":2,\"name\":\"Entrevista 1 &#8211; Helena\"}]},{\"@type\":\"WebSite\",\"@id\":\"https:\\\/\\\/aliancaevangelica.pt\\\/site\\\/#website\",\"url\":\"https:\\\/\\\/aliancaevangelica.pt\\\/site\\\/\",\"name\":\"Alian\u00e7a Evang\u00e9lica Portuguesa\",\"description\":\"Alian\u00e7a Evang\u00e9lica Portuguesa\",\"publisher\":{\"@id\":\"https:\\\/\\\/aliancaevangelica.pt\\\/site\\\/#organization\"},\"potentialAction\":[{\"@type\":\"SearchAction\",\"target\":{\"@type\":\"EntryPoint\",\"urlTemplate\":\"https:\\\/\\\/aliancaevangelica.pt\\\/site\\\/?s={search_term_string}\"},\"query-input\":{\"@type\":\"PropertyValueSpecification\",\"valueRequired\":true,\"valueName\":\"search_term_string\"}}],\"inLanguage\":\"pt-PT\"},{\"@type\":\"Organization\",\"@id\":\"https:\\\/\\\/aliancaevangelica.pt\\\/site\\\/#organization\",\"name\":\"Alian\u00e7a Evang\u00e9lica Portuguesa\",\"url\":\"https:\\\/\\\/aliancaevangelica.pt\\\/site\\\/\",\"logo\":{\"@type\":\"ImageObject\",\"inLanguage\":\"pt-PT\",\"@id\":\"https:\\\/\\\/aliancaevangelica.pt\\\/site\\\/#\\\/schema\\\/logo\\\/image\\\/\",\"url\":\"https:\\\/\\\/aliancaevangelica.pt\\\/site\\\/wp-content\\\/uploads\\\/2017\\\/11\\\/logo-AEP-cor.png\",\"contentUrl\":\"https:\\\/\\\/aliancaevangelica.pt\\\/site\\\/wp-content\\\/uploads\\\/2017\\\/11\\\/logo-AEP-cor.png\",\"width\":1156,\"height\":672,\"caption\":\"Alian\u00e7a Evang\u00e9lica Portuguesa\"},\"image\":{\"@id\":\"https:\\\/\\\/aliancaevangelica.pt\\\/site\\\/#\\\/schema\\\/logo\\\/image\\\/\"},\"sameAs\":[\"http:\\\/\\\/facebook.com\\\/aeportuguesa\",\"http:\\\/\\\/instagram.com\\\/aliancaep\",\"http:\\\/\\\/youtube.com\\\/aeportuguesa\"]},{\"@type\":\"Person\",\"@id\":\"https:\\\/\\\/aliancaevangelica.pt\\\/site\\\/#\\\/schema\\\/person\\\/3b47cfc7535eff1e820f31c2d67eafcf\",\"name\":\"AEP\",\"sameAs\":[\"aeportugal\"],\"url\":\"https:\\\/\\\/aliancaevangelica.pt\\\/site\\\/author\\\/aeportugal\\\/\"}]}<\/script>\n<!-- \/ Yoast SEO plugin. -->","yoast_head_json":{"title":"Entrevista 1 - Helena - AEP","robots":{"index":"index","follow":"follow","max-snippet":"max-snippet:-1","max-image-preview":"max-image-preview:large","max-video-preview":"max-video-preview:-1"},"canonical":"https:\/\/aliancaevangelica.pt\/site\/entrevista-1-helena\/","og_locale":"pt_PT","og_type":"article","og_title":"Entrevista 1 - Helena - AEP","og_description":"\u201cA ora\u00e7\u00e3o \u00e9 tremenda e maravilhosamente um mist\u00e9rio!\u201d Helena Pais Martins \u00e9 coordenadora do Desperta D\u00e9bora, em Portugal, um minist\u00e9rio de m\u00e3es e pais crist\u00e3os que, por todo o pa\u00eds, assumem um compromisso de ora\u00e7\u00e3o pelos seus filhos e n\u00e3o s\u00f3. Vamos saber mais. &nbsp; AEP: Quem \u00e9 a Helena? Helena: Sou \u2018alfacinha\u2019 &#8211; lembro-me","og_url":"https:\/\/aliancaevangelica.pt\/site\/entrevista-1-helena\/","og_site_name":"AEP","article_publisher":"http:\/\/facebook.com\/aeportuguesa","article_author":"aeportugal","article_published_time":"2018-01-05T23:15:24+00:00","article_modified_time":"2018-01-05T23:22:15+00:00","og_image":[{"width":360,"height":288,"url":"https:\/\/aliancaevangelica.pt\/site\/wp-content\/uploads\/2018\/01\/foto-helena.jpg","type":"image\/jpeg"}],"author":"AEP","twitter_card":"summary_large_image","twitter_misc":{"Escrito por":"AEP","Tempo estimado de leitura":"9 minutos"},"schema":{"@context":"https:\/\/schema.org","@graph":[{"@type":"Article","@id":"https:\/\/aliancaevangelica.pt\/site\/entrevista-1-helena\/#article","isPartOf":{"@id":"https:\/\/aliancaevangelica.pt\/site\/entrevista-1-helena\/"},"author":{"name":"AEP","@id":"https:\/\/aliancaevangelica.pt\/site\/#\/schema\/person\/3b47cfc7535eff1e820f31c2d67eafcf"},"headline":"Entrevista 1 &#8211; Helena","datePublished":"2018-01-05T23:15:24+00:00","dateModified":"2018-01-05T23:22:15+00:00","mainEntityOfPage":{"@id":"https:\/\/aliancaevangelica.pt\/site\/entrevista-1-helena\/"},"wordCount":1816,"commentCount":0,"publisher":{"@id":"https:\/\/aliancaevangelica.pt\/site\/#organization"},"image":{"@id":"https:\/\/aliancaevangelica.pt\/site\/entrevista-1-helena\/#primaryimage"},"thumbnailUrl":"https:\/\/aliancaevangelica.pt\/site\/wp-content\/uploads\/2018\/01\/foto-helena.jpg","articleSection":["MULHERES, CASAIS E FAM\u00cdLIA"],"inLanguage":"pt-PT","potentialAction":[{"@type":"CommentAction","name":"Comment","target":["https:\/\/aliancaevangelica.pt\/site\/entrevista-1-helena\/#respond"]}]},{"@type":"WebPage","@id":"https:\/\/aliancaevangelica.pt\/site\/entrevista-1-helena\/","url":"https:\/\/aliancaevangelica.pt\/site\/entrevista-1-helena\/","name":"Entrevista 1 - Helena - AEP","isPartOf":{"@id":"https:\/\/aliancaevangelica.pt\/site\/#website"},"primaryImageOfPage":{"@id":"https:\/\/aliancaevangelica.pt\/site\/entrevista-1-helena\/#primaryimage"},"image":{"@id":"https:\/\/aliancaevangelica.pt\/site\/entrevista-1-helena\/#primaryimage"},"thumbnailUrl":"https:\/\/aliancaevangelica.pt\/site\/wp-content\/uploads\/2018\/01\/foto-helena.jpg","datePublished":"2018-01-05T23:15:24+00:00","dateModified":"2018-01-05T23:22:15+00:00","breadcrumb":{"@id":"https:\/\/aliancaevangelica.pt\/site\/entrevista-1-helena\/#breadcrumb"},"inLanguage":"pt-PT","potentialAction":[{"@type":"ReadAction","target":["https:\/\/aliancaevangelica.pt\/site\/entrevista-1-helena\/"]}]},{"@type":"ImageObject","inLanguage":"pt-PT","@id":"https:\/\/aliancaevangelica.pt\/site\/entrevista-1-helena\/#primaryimage","url":"https:\/\/aliancaevangelica.pt\/site\/wp-content\/uploads\/2018\/01\/foto-helena.jpg","contentUrl":"https:\/\/aliancaevangelica.pt\/site\/wp-content\/uploads\/2018\/01\/foto-helena.jpg","width":360,"height":288},{"@type":"BreadcrumbList","@id":"https:\/\/aliancaevangelica.pt\/site\/entrevista-1-helena\/#breadcrumb","itemListElement":[{"@type":"ListItem","position":1,"name":"In\u00edcio","item":"https:\/\/aliancaevangelica.pt\/site\/"},{"@type":"ListItem","position":2,"name":"Entrevista 1 &#8211; Helena"}]},{"@type":"WebSite","@id":"https:\/\/aliancaevangelica.pt\/site\/#website","url":"https:\/\/aliancaevangelica.pt\/site\/","name":"Alian\u00e7a Evang\u00e9lica Portuguesa","description":"Alian\u00e7a Evang\u00e9lica Portuguesa","publisher":{"@id":"https:\/\/aliancaevangelica.pt\/site\/#organization"},"potentialAction":[{"@type":"SearchAction","target":{"@type":"EntryPoint","urlTemplate":"https:\/\/aliancaevangelica.pt\/site\/?s={search_term_string}"},"query-input":{"@type":"PropertyValueSpecification","valueRequired":true,"valueName":"search_term_string"}}],"inLanguage":"pt-PT"},{"@type":"Organization","@id":"https:\/\/aliancaevangelica.pt\/site\/#organization","name":"Alian\u00e7a Evang\u00e9lica Portuguesa","url":"https:\/\/aliancaevangelica.pt\/site\/","logo":{"@type":"ImageObject","inLanguage":"pt-PT","@id":"https:\/\/aliancaevangelica.pt\/site\/#\/schema\/logo\/image\/","url":"https:\/\/aliancaevangelica.pt\/site\/wp-content\/uploads\/2017\/11\/logo-AEP-cor.png","contentUrl":"https:\/\/aliancaevangelica.pt\/site\/wp-content\/uploads\/2017\/11\/logo-AEP-cor.png","width":1156,"height":672,"caption":"Alian\u00e7a Evang\u00e9lica Portuguesa"},"image":{"@id":"https:\/\/aliancaevangelica.pt\/site\/#\/schema\/logo\/image\/"},"sameAs":["http:\/\/facebook.com\/aeportuguesa","http:\/\/instagram.com\/aliancaep","http:\/\/youtube.com\/aeportuguesa"]},{"@type":"Person","@id":"https:\/\/aliancaevangelica.pt\/site\/#\/schema\/person\/3b47cfc7535eff1e820f31c2d67eafcf","name":"AEP","sameAs":["aeportugal"],"url":"https:\/\/aliancaevangelica.pt\/site\/author\/aeportugal\/"}]}},"uagb_featured_image_src":{"full":["https:\/\/aliancaevangelica.pt\/site\/wp-content\/uploads\/2018\/01\/foto-helena.jpg",360,288,false],"thumbnail":["https:\/\/aliancaevangelica.pt\/site\/wp-content\/uploads\/2018\/01\/foto-helena-150x150.jpg",150,150,true],"medium":["https:\/\/aliancaevangelica.pt\/site\/wp-content\/uploads\/2018\/01\/foto-helena-300x240.jpg",300,240,true],"medium_large":["https:\/\/aliancaevangelica.pt\/site\/wp-content\/uploads\/2018\/01\/foto-helena.jpg",360,288,false],"large":["https:\/\/aliancaevangelica.pt\/site\/wp-content\/uploads\/2018\/01\/foto-helena.jpg",360,288,false],"1536x1536":["https:\/\/aliancaevangelica.pt\/site\/wp-content\/uploads\/2018\/01\/foto-helena.jpg",360,288,false],"2048x2048":["https:\/\/aliancaevangelica.pt\/site\/wp-content\/uploads\/2018\/01\/foto-helena.jpg",360,288,false],"vp_sm":["https:\/\/aliancaevangelica.pt\/site\/wp-content\/uploads\/2018\/01\/foto-helena.jpg",360,288,false],"vp_md":["https:\/\/aliancaevangelica.pt\/site\/wp-content\/uploads\/2018\/01\/foto-helena.jpg",360,288,false],"vp_lg":["https:\/\/aliancaevangelica.pt\/site\/wp-content\/uploads\/2018\/01\/foto-helena.jpg",360,288,false],"vp_xl":["https:\/\/aliancaevangelica.pt\/site\/wp-content\/uploads\/2018\/01\/foto-helena.jpg",360,288,false],"vp_sm_popup":["https:\/\/aliancaevangelica.pt\/site\/wp-content\/uploads\/2018\/01\/foto-helena.jpg",360,288,false],"vp_md_popup":["https:\/\/aliancaevangelica.pt\/site\/wp-content\/uploads\/2018\/01\/foto-helena.jpg",360,288,false],"vp_xl_popup":["https:\/\/aliancaevangelica.pt\/site\/wp-content\/uploads\/2018\/01\/foto-helena.jpg",360,288,false],"newsx-150x100":["https:\/\/aliancaevangelica.pt\/site\/wp-content\/uploads\/2018\/01\/foto-helena.jpg",125,100,false],"newsx-330x220":["https:\/\/aliancaevangelica.pt\/site\/wp-content\/uploads\/2018\/01\/foto-helena.jpg",275,220,false],"newsx-420x280":["https:\/\/aliancaevangelica.pt\/site\/wp-content\/uploads\/2018\/01\/foto-helena.jpg",350,280,false],"newsx-510x340":["https:\/\/aliancaevangelica.pt\/site\/wp-content\/uploads\/2018\/01\/foto-helena.jpg",360,288,false],"newsx-640x480":["https:\/\/aliancaevangelica.pt\/site\/wp-content\/uploads\/2018\/01\/foto-helena.jpg",360,288,false],"newsx-670x370":["https:\/\/aliancaevangelica.pt\/site\/wp-content\/uploads\/2018\/01\/foto-helena.jpg",360,288,false],"newsx-860x570":["https:\/\/aliancaevangelica.pt\/site\/wp-content\/uploads\/2018\/01\/foto-helena.jpg",360,288,false],"newsx-1000x750":["https:\/\/aliancaevangelica.pt\/site\/wp-content\/uploads\/2018\/01\/foto-helena.jpg",360,288,false],"newsx-1200x600":["https:\/\/aliancaevangelica.pt\/site\/wp-content\/uploads\/2018\/01\/foto-helena.jpg",360,288,false]},"uagb_author_info":{"display_name":"AEP","author_link":"https:\/\/aliancaevangelica.pt\/site\/author\/aeportugal\/"},"uagb_comment_info":0,"uagb_excerpt":"\u201cA ora\u00e7\u00e3o \u00e9 tremenda e maravilhosamente um mist\u00e9rio!\u201d Helena Pais Martins \u00e9 coordenadora do Desperta D\u00e9bora, em Portugal, um minist\u00e9rio de m\u00e3es e pais crist\u00e3os que, por todo o pa\u00eds, assumem um compromisso de ora\u00e7\u00e3o pelos seus filhos e n\u00e3o s\u00f3. Vamos saber mais. &nbsp; AEP: Quem \u00e9 a Helena? Helena: Sou \u2018alfacinha\u2019 &#8211; lembro-me","_links":{"self":[{"href":"https:\/\/aliancaevangelica.pt\/site\/wp-json\/wp\/v2\/posts\/15475","targetHints":{"allow":["GET"]}}],"collection":[{"href":"https:\/\/aliancaevangelica.pt\/site\/wp-json\/wp\/v2\/posts"}],"about":[{"href":"https:\/\/aliancaevangelica.pt\/site\/wp-json\/wp\/v2\/types\/post"}],"author":[{"embeddable":true,"href":"https:\/\/aliancaevangelica.pt\/site\/wp-json\/wp\/v2\/users\/2"}],"replies":[{"embeddable":true,"href":"https:\/\/aliancaevangelica.pt\/site\/wp-json\/wp\/v2\/comments?post=15475"}],"version-history":[{"count":3,"href":"https:\/\/aliancaevangelica.pt\/site\/wp-json\/wp\/v2\/posts\/15475\/revisions"}],"predecessor-version":[{"id":15480,"href":"https:\/\/aliancaevangelica.pt\/site\/wp-json\/wp\/v2\/posts\/15475\/revisions\/15480"}],"wp:featuredmedia":[{"embeddable":true,"href":"https:\/\/aliancaevangelica.pt\/site\/wp-json\/wp\/v2\/media\/15481"}],"wp:attachment":[{"href":"https:\/\/aliancaevangelica.pt\/site\/wp-json\/wp\/v2\/media?parent=15475"}],"wp:term":[{"taxonomy":"category","embeddable":true,"href":"https:\/\/aliancaevangelica.pt\/site\/wp-json\/wp\/v2\/categories?post=15475"},{"taxonomy":"post_tag","embeddable":true,"href":"https:\/\/aliancaevangelica.pt\/site\/wp-json\/wp\/v2\/tags?post=15475"}],"curies":[{"name":"wp","href":"https:\/\/api.w.org\/{rel}","templated":true}]}}