{"id":15293,"date":"2017-12-01T06:30:55","date_gmt":"2017-12-01T06:30:55","guid":{"rendered":"https:\/\/aliancaevangelica.pt\/site\/?p=15293"},"modified":"2017-12-15T01:17:44","modified_gmt":"2017-12-15T01:17:44","slug":"bem-vinda-espaco","status":"publish","type":"post","link":"https:\/\/aliancaevangelica.pt\/site\/bem-vinda-espaco\/","title":{"rendered":"Bem-vinda a este espa\u00e7o!"},"content":{"rendered":"<p>Fico feliz por ter vindo at\u00e9 aqui, o que provavelmente lhe acontece pela primeira vez, pois \u00e9 um lugar novo, dedicado a n\u00f3s, mulheres.<\/p>\n<p>Como em qualquer casa nova, ainda estamos a equip\u00e1-lo, mas fazemo-lo com muito entusiasmo, pois existe tanto e de tanta qualidade para trazer para aqui! Sentimo-nos como quem p\u00f5e a mesa, com muitas e variadas iguarias. Porqu\u00ea? Porque dependemos de um Deus fiel e rico. &#8220;Far-me-\u00e1s ver a vereda da vida; na tua presen\u00e7a h\u00e1 fartura de alegrias; \u00e0 tua m\u00e3o direita h\u00e1 del\u00edcias perpetuamente.&#8221; (Salmo 16:11)<\/p>\n<p>Neste primeiro dia de Dezembro, com o Inverno j\u00e1 a espreitar, recordo uma hist\u00f3ria que li h\u00e1 pouco tempo, sobre uma mulher que se sentia muito frustrada com a sua s\u00f3cia. Haviam-se envolvido num projecto empresarial, que acabara por correr mal. Esta mulher estava angustiada pela forma desonesta e injusta como a sua s\u00f3cia agira, deixando-a numa situa\u00e7\u00e3o desesperada. A tristeza e a ansiedade eram demasiado grandes para levar sozinha. Decidiu, ent\u00e3o, procurar ajuda.<\/p>\n<p>Marcou uma sess\u00e3o de counselling e a\u00ed derramou tudo aquilo que a estava a perturbar t\u00e3o profundamente. Procurou ser clara e detalhada. Depois de a ouvir atentamente, a counsellor fez-lhe uma pergunta: &#8220;Quando \u00e9 que esse mal-estar ir\u00e1 acabar?&#8221;<\/p>\n<p>A mulher ficou surpreendida. &#8220;Acabar?&#8221; A pergunta parecia-lhe desconcertante.\u00a0 &#8220;Sim&#8221;, insistiu a counsellor.&#8221;Quando \u00e9 que isso vai terminar? Gostaria que me desse uma data.&#8221;<\/p>\n<p>\u201dUma data? Quando?&#8221; Ela n\u00e3o conseguia entender.<\/p>\n<p>A counsellor explicou-lhe: &#8220;Pode dizer-me daqui a duas semanas, um m\u00eas, seis meses, um ano, o que quiser. Sinta-se livre para escolher a data. S\u00f3 lhe pe\u00e7o que me d\u00ea uma data.&#8221;<\/p>\n<p>A mulher nunca encarara a situa\u00e7\u00e3o nesses termos. Sim, achava que um dia, algures no tempo, a irrita\u00e7\u00e3o e a m\u00e1goa iriam desvanecer-se lentamente, como fumo que se dissipa no ar. Mas seria talvez &#8220;quando Deus quiser&#8230;&#8221; ou &#8220;no tempo de Deus&#8230;&#8221; Definir uma data? Era um desafio totalmente novo para si.<\/p>\n<p>&nbsp;<\/p>\n<p>Pensando bem, sendo ela a escolher o dia, queria voltar a sentir-se bem o mais rapidamente poss\u00edvel&#8230; E deu uma resposta ousada: &#8220;Amanh\u00e3&#8221;.<\/p>\n<p>&#8220;Est\u00e1 bem&#8230;&#8221;, respondeu a counsellor. &#8220;Ent\u00e3o amanh\u00e3 acaba essa ang\u00fastia.&#8221;<\/p>\n<p>Para a mulher, aquela foi uma noite dif\u00edcil. Pensar em desligar-se assim de pensamentos que habitavam a sua mente em agita\u00e7\u00e3o h\u00e1 tanto tempo, era duro. Quase pareciam ter fixado resid\u00eancia no seu \u00edntimo, cristalizando-se numa maneira de ser sombria. A verdade \u00e9 que, no dia seguinte, iniciou com determina\u00e7\u00e3o uma nova etapa na sua vida, com um espa\u00e7o limpo e arejado em si mesma para acolher novos planos e uma esperan\u00e7a recuperada.<\/p>\n<p>Muitas de n\u00f3s estamos esperando em Deus. E est\u00e1 certo. Dizia o Salmista:\u00a0 &#8220;Esperei com paci\u00eancia no SENHOR, e ele se inclinou para mim, e ouviu o meu clamor. Tirou-me dum lago horr\u00edvel, dum charco de lodo, p\u00f4s os meus p\u00e9s sobre uma rocha, firmou os meus passos. 3 E p\u00f4s um novo c\u00e2ntico na minha boca, um hino ao nosso Deus; muitos o ver\u00e3o, e temer\u00e3o, e confiar\u00e3o no Senhor.&#8221; (Salmo 40:1-3)<\/p>\n<p>Continuemos a esperar em Deus, com confian\u00e7a e f\u00e9. Contudo, em todas as situa\u00e7\u00f5es\u00a0 que vivemos, ser\u00e1 que estamos esperando no Senhor? Ou ser\u00e1 que \u00e9 Ele que est\u00e1 \u00e0 nossa espera? H\u00e1 decis\u00f5es, mudan\u00e7as de atitude que \u00e9 Deus que espera de n\u00f3s? Quando \u00e9 que nos decidiremos?<\/p>\n<p>Eis duas passagens b\u00edblicas em que foi Deus que esteve \u00e0 espera de algu\u00e9m:<\/p>\n<p>&#8220;Oh! se o meu povo me tivesse ouvido! se Israel andasse nos meus caminhos! Em breve abateria os seus inimigos, e viraria a minha m\u00e3o contra os seus advers\u00e1rios. Os que odeiam ao Senhor ter-se-lhe-iam sujeitado, e o seu tempo seria eterno. E o sustentaria com o trigo mais fino, e o fartaria com o mel sa\u00eddo da rocha. (Salmo 81:13-16)<\/p>\n<p>\u201cJerusal\u00e9m, Jerusal\u00e9m, que matas os profetas, e apedrejas os que te s\u00e3o enviados! Quantas vezes quis eu ajuntar os teus filhos, como a galinha os seus pintos debaixo das asas, e n\u00e3o quiseste?\u201d (Lucas 13:34)<\/p>\n<p>Um Deus que fala aos seus filhos, desejando que O ou\u00e7am, e que anseia junt\u00e1-los com carinho&#8230; Deus \u00e0 espera&#8230; Um bom tema para reflex\u00e3o!<\/p>\n<p>No pr\u00f3ximo dia 15 de Dezembro, voltaremos aqui, para outro momento de encontro consigo. Vamos falar sobre A Fam\u00edlia e o Natal.<\/p>\n<p>At\u00e9 l\u00e1, desejo que desfrute um tempo aben\u00e7oado, esperando em Deus e avan\u00e7ando naquilo que Ele espera de si.<\/p>\n<p>[movedo_single_image image=&#8221;15246&#8243; animation=&#8221;grve-zoom-in&#8221;]<strong>Bertina Coias Tom\u00e9<\/strong><br \/>\nPsic\u00f3loga, Especialista em Psicologia Cl\u00ednica e da Sa\u00fade e Psicologia Comunit\u00e1ria<br \/>\nMembro da Direc\u00e7\u00e3o da Alian\u00e7a Evang\u00e9lica Portuguesa<\/p>\n","protected":false},"excerpt":{"rendered":"<p>Fico feliz por ter vindo at\u00e9 aqui, o que provavelmente lhe acontece pela primeira vez, pois \u00e9 um lugar novo, dedicado a n\u00f3s, mulheres. Como em qualquer casa nova, ainda estamos a equip\u00e1-lo, mas fazemo-lo com muito entusiasmo, pois existe tanto e de tanta qualidade para trazer para aqui! Sentimo-nos como quem p\u00f5e a mesa,<\/p>\n","protected":false},"author":2,"featured_media":15249,"comment_status":"closed","ping_status":"open","sticky":false,"template":"","format":"standard","meta":{"_uag_custom_page_level_css":"","_themeisle_gutenberg_block_has_review":false,"_vp_format_video_url":"","_vp_image_focal_point":[],"footnotes":""},"categories":[45],"tags":[181],"class_list":["post-15293","post","type-post","status-publish","format-standard","has-post-thumbnail","hentry","category-geral","tag-1-geral"],"yoast_head":"<!-- This site is optimized with the Yoast SEO plugin v27.5 - https:\/\/yoast.com\/product\/yoast-seo-wordpress\/ -->\n<title>Bem-vinda a este espa\u00e7o! - AEP<\/title>\n<meta name=\"robots\" content=\"index, follow, max-snippet:-1, max-image-preview:large, max-video-preview:-1\" \/>\n<link rel=\"canonical\" href=\"https:\/\/aliancaevangelica.pt\/site\/bem-vinda-espaco\/\" \/>\n<meta property=\"og:locale\" content=\"pt_PT\" \/>\n<meta property=\"og:type\" content=\"article\" \/>\n<meta property=\"og:title\" content=\"Bem-vinda a este espa\u00e7o! - AEP\" \/>\n<meta property=\"og:description\" content=\"Fico feliz por ter vindo at\u00e9 aqui, o que provavelmente lhe acontece pela primeira vez, pois \u00e9 um lugar novo, dedicado a n\u00f3s, mulheres. Como em qualquer casa nova, ainda estamos a equip\u00e1-lo, mas fazemo-lo com muito entusiasmo, pois existe tanto e de tanta qualidade para trazer para aqui! Sentimo-nos como quem p\u00f5e a mesa,\" \/>\n<meta property=\"og:url\" content=\"https:\/\/aliancaevangelica.pt\/site\/bem-vinda-espaco\/\" \/>\n<meta property=\"og:site_name\" content=\"AEP\" \/>\n<meta property=\"article:publisher\" content=\"http:\/\/facebook.com\/aeportuguesa\" \/>\n<meta property=\"article:author\" content=\"aeportugal\" \/>\n<meta property=\"article:published_time\" content=\"2017-12-01T06:30:55+00:00\" \/>\n<meta property=\"article:modified_time\" content=\"2017-12-15T01:17:44+00:00\" \/>\n<meta property=\"og:image\" content=\"https:\/\/aliancaevangelica.pt\/site\/wp-content\/uploads\/2017\/11\/Bem-vindas-.jpg\" \/>\n\t<meta property=\"og:image:width\" content=\"960\" \/>\n\t<meta property=\"og:image:height\" content=\"640\" \/>\n\t<meta property=\"og:image:type\" content=\"image\/jpeg\" \/>\n<meta name=\"author\" content=\"AEP\" \/>\n<meta name=\"twitter:card\" content=\"summary_large_image\" \/>\n<meta name=\"twitter:label1\" content=\"Escrito por\" \/>\n\t<meta name=\"twitter:data1\" content=\"AEP\" \/>\n\t<meta name=\"twitter:label2\" content=\"Tempo estimado de leitura\" \/>\n\t<meta name=\"twitter:data2\" content=\"4 minutos\" \/>\n<script type=\"application\/ld+json\" class=\"yoast-schema-graph\">{\"@context\":\"https:\\\/\\\/schema.org\",\"@graph\":[{\"@type\":\"Article\",\"@id\":\"https:\\\/\\\/aliancaevangelica.pt\\\/site\\\/bem-vinda-espaco\\\/#article\",\"isPartOf\":{\"@id\":\"https:\\\/\\\/aliancaevangelica.pt\\\/site\\\/bem-vinda-espaco\\\/\"},\"author\":{\"name\":\"AEP\",\"@id\":\"https:\\\/\\\/aliancaevangelica.pt\\\/site\\\/#\\\/schema\\\/person\\\/3b47cfc7535eff1e820f31c2d67eafcf\"},\"headline\":\"Bem-vinda a este espa\u00e7o!\",\"datePublished\":\"2017-12-01T06:30:55+00:00\",\"dateModified\":\"2017-12-15T01:17:44+00:00\",\"mainEntityOfPage\":{\"@id\":\"https:\\\/\\\/aliancaevangelica.pt\\\/site\\\/bem-vinda-espaco\\\/\"},\"wordCount\":809,\"publisher\":{\"@id\":\"https:\\\/\\\/aliancaevangelica.pt\\\/site\\\/#organization\"},\"image\":{\"@id\":\"https:\\\/\\\/aliancaevangelica.pt\\\/site\\\/bem-vinda-espaco\\\/#primaryimage\"},\"thumbnailUrl\":\"https:\\\/\\\/aliancaevangelica.pt\\\/site\\\/wp-content\\\/uploads\\\/2017\\\/11\\\/Bem-vindas-.jpg\",\"keywords\":[\"1-Geral\"],\"articleSection\":[\"GERAL\"],\"inLanguage\":\"pt-PT\"},{\"@type\":\"WebPage\",\"@id\":\"https:\\\/\\\/aliancaevangelica.pt\\\/site\\\/bem-vinda-espaco\\\/\",\"url\":\"https:\\\/\\\/aliancaevangelica.pt\\\/site\\\/bem-vinda-espaco\\\/\",\"name\":\"Bem-vinda a este espa\u00e7o! - AEP\",\"isPartOf\":{\"@id\":\"https:\\\/\\\/aliancaevangelica.pt\\\/site\\\/#website\"},\"primaryImageOfPage\":{\"@id\":\"https:\\\/\\\/aliancaevangelica.pt\\\/site\\\/bem-vinda-espaco\\\/#primaryimage\"},\"image\":{\"@id\":\"https:\\\/\\\/aliancaevangelica.pt\\\/site\\\/bem-vinda-espaco\\\/#primaryimage\"},\"thumbnailUrl\":\"https:\\\/\\\/aliancaevangelica.pt\\\/site\\\/wp-content\\\/uploads\\\/2017\\\/11\\\/Bem-vindas-.jpg\",\"datePublished\":\"2017-12-01T06:30:55+00:00\",\"dateModified\":\"2017-12-15T01:17:44+00:00\",\"breadcrumb\":{\"@id\":\"https:\\\/\\\/aliancaevangelica.pt\\\/site\\\/bem-vinda-espaco\\\/#breadcrumb\"},\"inLanguage\":\"pt-PT\",\"potentialAction\":[{\"@type\":\"ReadAction\",\"target\":[\"https:\\\/\\\/aliancaevangelica.pt\\\/site\\\/bem-vinda-espaco\\\/\"]}]},{\"@type\":\"ImageObject\",\"inLanguage\":\"pt-PT\",\"@id\":\"https:\\\/\\\/aliancaevangelica.pt\\\/site\\\/bem-vinda-espaco\\\/#primaryimage\",\"url\":\"https:\\\/\\\/aliancaevangelica.pt\\\/site\\\/wp-content\\\/uploads\\\/2017\\\/11\\\/Bem-vindas-.jpg\",\"contentUrl\":\"https:\\\/\\\/aliancaevangelica.pt\\\/site\\\/wp-content\\\/uploads\\\/2017\\\/11\\\/Bem-vindas-.jpg\",\"width\":960,\"height\":640},{\"@type\":\"BreadcrumbList\",\"@id\":\"https:\\\/\\\/aliancaevangelica.pt\\\/site\\\/bem-vinda-espaco\\\/#breadcrumb\",\"itemListElement\":[{\"@type\":\"ListItem\",\"position\":1,\"name\":\"In\u00edcio\",\"item\":\"https:\\\/\\\/aliancaevangelica.pt\\\/site\\\/\"},{\"@type\":\"ListItem\",\"position\":2,\"name\":\"Bem-vinda a este espa\u00e7o!\"}]},{\"@type\":\"WebSite\",\"@id\":\"https:\\\/\\\/aliancaevangelica.pt\\\/site\\\/#website\",\"url\":\"https:\\\/\\\/aliancaevangelica.pt\\\/site\\\/\",\"name\":\"Alian\u00e7a Evang\u00e9lica Portuguesa\",\"description\":\"Alian\u00e7a Evang\u00e9lica Portuguesa\",\"publisher\":{\"@id\":\"https:\\\/\\\/aliancaevangelica.pt\\\/site\\\/#organization\"},\"potentialAction\":[{\"@type\":\"SearchAction\",\"target\":{\"@type\":\"EntryPoint\",\"urlTemplate\":\"https:\\\/\\\/aliancaevangelica.pt\\\/site\\\/?s={search_term_string}\"},\"query-input\":{\"@type\":\"PropertyValueSpecification\",\"valueRequired\":true,\"valueName\":\"search_term_string\"}}],\"inLanguage\":\"pt-PT\"},{\"@type\":\"Organization\",\"@id\":\"https:\\\/\\\/aliancaevangelica.pt\\\/site\\\/#organization\",\"name\":\"Alian\u00e7a Evang\u00e9lica Portuguesa\",\"url\":\"https:\\\/\\\/aliancaevangelica.pt\\\/site\\\/\",\"logo\":{\"@type\":\"ImageObject\",\"inLanguage\":\"pt-PT\",\"@id\":\"https:\\\/\\\/aliancaevangelica.pt\\\/site\\\/#\\\/schema\\\/logo\\\/image\\\/\",\"url\":\"https:\\\/\\\/aliancaevangelica.pt\\\/site\\\/wp-content\\\/uploads\\\/2017\\\/11\\\/logo-AEP-cor.png\",\"contentUrl\":\"https:\\\/\\\/aliancaevangelica.pt\\\/site\\\/wp-content\\\/uploads\\\/2017\\\/11\\\/logo-AEP-cor.png\",\"width\":1156,\"height\":672,\"caption\":\"Alian\u00e7a Evang\u00e9lica Portuguesa\"},\"image\":{\"@id\":\"https:\\\/\\\/aliancaevangelica.pt\\\/site\\\/#\\\/schema\\\/logo\\\/image\\\/\"},\"sameAs\":[\"http:\\\/\\\/facebook.com\\\/aeportuguesa\",\"http:\\\/\\\/instagram.com\\\/aliancaep\",\"http:\\\/\\\/youtube.com\\\/aeportuguesa\"]},{\"@type\":\"Person\",\"@id\":\"https:\\\/\\\/aliancaevangelica.pt\\\/site\\\/#\\\/schema\\\/person\\\/3b47cfc7535eff1e820f31c2d67eafcf\",\"name\":\"AEP\",\"sameAs\":[\"aeportugal\"],\"url\":\"https:\\\/\\\/aliancaevangelica.pt\\\/site\\\/author\\\/aeportugal\\\/\"}]}<\/script>\n<!-- \/ Yoast SEO plugin. -->","yoast_head_json":{"title":"Bem-vinda a este espa\u00e7o! - AEP","robots":{"index":"index","follow":"follow","max-snippet":"max-snippet:-1","max-image-preview":"max-image-preview:large","max-video-preview":"max-video-preview:-1"},"canonical":"https:\/\/aliancaevangelica.pt\/site\/bem-vinda-espaco\/","og_locale":"pt_PT","og_type":"article","og_title":"Bem-vinda a este espa\u00e7o! - AEP","og_description":"Fico feliz por ter vindo at\u00e9 aqui, o que provavelmente lhe acontece pela primeira vez, pois \u00e9 um lugar novo, dedicado a n\u00f3s, mulheres. Como em qualquer casa nova, ainda estamos a equip\u00e1-lo, mas fazemo-lo com muito entusiasmo, pois existe tanto e de tanta qualidade para trazer para aqui! Sentimo-nos como quem p\u00f5e a mesa,","og_url":"https:\/\/aliancaevangelica.pt\/site\/bem-vinda-espaco\/","og_site_name":"AEP","article_publisher":"http:\/\/facebook.com\/aeportuguesa","article_author":"aeportugal","article_published_time":"2017-12-01T06:30:55+00:00","article_modified_time":"2017-12-15T01:17:44+00:00","og_image":[{"width":960,"height":640,"url":"https:\/\/aliancaevangelica.pt\/site\/wp-content\/uploads\/2017\/11\/Bem-vindas-.jpg","type":"image\/jpeg"}],"author":"AEP","twitter_card":"summary_large_image","twitter_misc":{"Escrito por":"AEP","Tempo estimado de leitura":"4 minutos"},"schema":{"@context":"https:\/\/schema.org","@graph":[{"@type":"Article","@id":"https:\/\/aliancaevangelica.pt\/site\/bem-vinda-espaco\/#article","isPartOf":{"@id":"https:\/\/aliancaevangelica.pt\/site\/bem-vinda-espaco\/"},"author":{"name":"AEP","@id":"https:\/\/aliancaevangelica.pt\/site\/#\/schema\/person\/3b47cfc7535eff1e820f31c2d67eafcf"},"headline":"Bem-vinda a este espa\u00e7o!","datePublished":"2017-12-01T06:30:55+00:00","dateModified":"2017-12-15T01:17:44+00:00","mainEntityOfPage":{"@id":"https:\/\/aliancaevangelica.pt\/site\/bem-vinda-espaco\/"},"wordCount":809,"publisher":{"@id":"https:\/\/aliancaevangelica.pt\/site\/#organization"},"image":{"@id":"https:\/\/aliancaevangelica.pt\/site\/bem-vinda-espaco\/#primaryimage"},"thumbnailUrl":"https:\/\/aliancaevangelica.pt\/site\/wp-content\/uploads\/2017\/11\/Bem-vindas-.jpg","keywords":["1-Geral"],"articleSection":["GERAL"],"inLanguage":"pt-PT"},{"@type":"WebPage","@id":"https:\/\/aliancaevangelica.pt\/site\/bem-vinda-espaco\/","url":"https:\/\/aliancaevangelica.pt\/site\/bem-vinda-espaco\/","name":"Bem-vinda a este espa\u00e7o! - AEP","isPartOf":{"@id":"https:\/\/aliancaevangelica.pt\/site\/#website"},"primaryImageOfPage":{"@id":"https:\/\/aliancaevangelica.pt\/site\/bem-vinda-espaco\/#primaryimage"},"image":{"@id":"https:\/\/aliancaevangelica.pt\/site\/bem-vinda-espaco\/#primaryimage"},"thumbnailUrl":"https:\/\/aliancaevangelica.pt\/site\/wp-content\/uploads\/2017\/11\/Bem-vindas-.jpg","datePublished":"2017-12-01T06:30:55+00:00","dateModified":"2017-12-15T01:17:44+00:00","breadcrumb":{"@id":"https:\/\/aliancaevangelica.pt\/site\/bem-vinda-espaco\/#breadcrumb"},"inLanguage":"pt-PT","potentialAction":[{"@type":"ReadAction","target":["https:\/\/aliancaevangelica.pt\/site\/bem-vinda-espaco\/"]}]},{"@type":"ImageObject","inLanguage":"pt-PT","@id":"https:\/\/aliancaevangelica.pt\/site\/bem-vinda-espaco\/#primaryimage","url":"https:\/\/aliancaevangelica.pt\/site\/wp-content\/uploads\/2017\/11\/Bem-vindas-.jpg","contentUrl":"https:\/\/aliancaevangelica.pt\/site\/wp-content\/uploads\/2017\/11\/Bem-vindas-.jpg","width":960,"height":640},{"@type":"BreadcrumbList","@id":"https:\/\/aliancaevangelica.pt\/site\/bem-vinda-espaco\/#breadcrumb","itemListElement":[{"@type":"ListItem","position":1,"name":"In\u00edcio","item":"https:\/\/aliancaevangelica.pt\/site\/"},{"@type":"ListItem","position":2,"name":"Bem-vinda a este espa\u00e7o!"}]},{"@type":"WebSite","@id":"https:\/\/aliancaevangelica.pt\/site\/#website","url":"https:\/\/aliancaevangelica.pt\/site\/","name":"Alian\u00e7a Evang\u00e9lica Portuguesa","description":"Alian\u00e7a Evang\u00e9lica Portuguesa","publisher":{"@id":"https:\/\/aliancaevangelica.pt\/site\/#organization"},"potentialAction":[{"@type":"SearchAction","target":{"@type":"EntryPoint","urlTemplate":"https:\/\/aliancaevangelica.pt\/site\/?s={search_term_string}"},"query-input":{"@type":"PropertyValueSpecification","valueRequired":true,"valueName":"search_term_string"}}],"inLanguage":"pt-PT"},{"@type":"Organization","@id":"https:\/\/aliancaevangelica.pt\/site\/#organization","name":"Alian\u00e7a Evang\u00e9lica Portuguesa","url":"https:\/\/aliancaevangelica.pt\/site\/","logo":{"@type":"ImageObject","inLanguage":"pt-PT","@id":"https:\/\/aliancaevangelica.pt\/site\/#\/schema\/logo\/image\/","url":"https:\/\/aliancaevangelica.pt\/site\/wp-content\/uploads\/2017\/11\/logo-AEP-cor.png","contentUrl":"https:\/\/aliancaevangelica.pt\/site\/wp-content\/uploads\/2017\/11\/logo-AEP-cor.png","width":1156,"height":672,"caption":"Alian\u00e7a Evang\u00e9lica Portuguesa"},"image":{"@id":"https:\/\/aliancaevangelica.pt\/site\/#\/schema\/logo\/image\/"},"sameAs":["http:\/\/facebook.com\/aeportuguesa","http:\/\/instagram.com\/aliancaep","http:\/\/youtube.com\/aeportuguesa"]},{"@type":"Person","@id":"https:\/\/aliancaevangelica.pt\/site\/#\/schema\/person\/3b47cfc7535eff1e820f31c2d67eafcf","name":"AEP","sameAs":["aeportugal"],"url":"https:\/\/aliancaevangelica.pt\/site\/author\/aeportugal\/"}]}},"uagb_featured_image_src":{"full":["https:\/\/aliancaevangelica.pt\/site\/wp-content\/uploads\/2017\/11\/Bem-vindas-.jpg",960,640,false],"thumbnail":["https:\/\/aliancaevangelica.pt\/site\/wp-content\/uploads\/2017\/11\/Bem-vindas--150x150.jpg",150,150,true],"medium":["https:\/\/aliancaevangelica.pt\/site\/wp-content\/uploads\/2017\/11\/Bem-vindas--300x200.jpg",300,200,true],"medium_large":["https:\/\/aliancaevangelica.pt\/site\/wp-content\/uploads\/2017\/11\/Bem-vindas--768x512.jpg",768,512,true],"large":["https:\/\/aliancaevangelica.pt\/site\/wp-content\/uploads\/2017\/11\/Bem-vindas-.jpg",960,640,false],"1536x1536":["https:\/\/aliancaevangelica.pt\/site\/wp-content\/uploads\/2017\/11\/Bem-vindas-.jpg",960,640,false],"2048x2048":["https:\/\/aliancaevangelica.pt\/site\/wp-content\/uploads\/2017\/11\/Bem-vindas-.jpg",960,640,false],"vp_sm":["https:\/\/aliancaevangelica.pt\/site\/wp-content\/uploads\/2017\/11\/Bem-vindas-.jpg",500,333,false],"vp_md":["https:\/\/aliancaevangelica.pt\/site\/wp-content\/uploads\/2017\/11\/Bem-vindas-.jpg",800,533,false],"vp_lg":["https:\/\/aliancaevangelica.pt\/site\/wp-content\/uploads\/2017\/11\/Bem-vindas-.jpg",960,640,false],"vp_xl":["https:\/\/aliancaevangelica.pt\/site\/wp-content\/uploads\/2017\/11\/Bem-vindas-.jpg",960,640,false],"vp_sm_popup":["https:\/\/aliancaevangelica.pt\/site\/wp-content\/uploads\/2017\/11\/Bem-vindas-.jpg",500,333,false],"vp_md_popup":["https:\/\/aliancaevangelica.pt\/site\/wp-content\/uploads\/2017\/11\/Bem-vindas-.jpg",800,533,false],"vp_xl_popup":["https:\/\/aliancaevangelica.pt\/site\/wp-content\/uploads\/2017\/11\/Bem-vindas-.jpg",960,640,false],"newsx-150x100":["https:\/\/aliancaevangelica.pt\/site\/wp-content\/uploads\/2017\/11\/Bem-vindas-.jpg",150,100,false],"newsx-330x220":["https:\/\/aliancaevangelica.pt\/site\/wp-content\/uploads\/2017\/11\/Bem-vindas-.jpg",330,220,false],"newsx-420x280":["https:\/\/aliancaevangelica.pt\/site\/wp-content\/uploads\/2017\/11\/Bem-vindas-.jpg",420,280,false],"newsx-510x340":["https:\/\/aliancaevangelica.pt\/site\/wp-content\/uploads\/2017\/11\/Bem-vindas-.jpg",510,340,false],"newsx-640x480":["https:\/\/aliancaevangelica.pt\/site\/wp-content\/uploads\/2017\/11\/Bem-vindas-.jpg",640,427,false],"newsx-670x370":["https:\/\/aliancaevangelica.pt\/site\/wp-content\/uploads\/2017\/11\/Bem-vindas-.jpg",555,370,false],"newsx-860x570":["https:\/\/aliancaevangelica.pt\/site\/wp-content\/uploads\/2017\/11\/Bem-vindas-.jpg",855,570,false],"newsx-1000x750":["https:\/\/aliancaevangelica.pt\/site\/wp-content\/uploads\/2017\/11\/Bem-vindas-.jpg",960,640,false],"newsx-1200x600":["https:\/\/aliancaevangelica.pt\/site\/wp-content\/uploads\/2017\/11\/Bem-vindas-.jpg",900,600,false]},"uagb_author_info":{"display_name":"AEP","author_link":"https:\/\/aliancaevangelica.pt\/site\/author\/aeportugal\/"},"uagb_comment_info":0,"uagb_excerpt":"Fico feliz por ter vindo at\u00e9 aqui, o que provavelmente lhe acontece pela primeira vez, pois \u00e9 um lugar novo, dedicado a n\u00f3s, mulheres. Como em qualquer casa nova, ainda estamos a equip\u00e1-lo, mas fazemo-lo com muito entusiasmo, pois existe tanto e de tanta qualidade para trazer para aqui! Sentimo-nos como quem p\u00f5e a mesa,","_links":{"self":[{"href":"https:\/\/aliancaevangelica.pt\/site\/wp-json\/wp\/v2\/posts\/15293","targetHints":{"allow":["GET"]}}],"collection":[{"href":"https:\/\/aliancaevangelica.pt\/site\/wp-json\/wp\/v2\/posts"}],"about":[{"href":"https:\/\/aliancaevangelica.pt\/site\/wp-json\/wp\/v2\/types\/post"}],"author":[{"embeddable":true,"href":"https:\/\/aliancaevangelica.pt\/site\/wp-json\/wp\/v2\/users\/2"}],"replies":[{"embeddable":true,"href":"https:\/\/aliancaevangelica.pt\/site\/wp-json\/wp\/v2\/comments?post=15293"}],"version-history":[{"count":6,"href":"https:\/\/aliancaevangelica.pt\/site\/wp-json\/wp\/v2\/posts\/15293\/revisions"}],"predecessor-version":[{"id":15300,"href":"https:\/\/aliancaevangelica.pt\/site\/wp-json\/wp\/v2\/posts\/15293\/revisions\/15300"}],"wp:featuredmedia":[{"embeddable":true,"href":"https:\/\/aliancaevangelica.pt\/site\/wp-json\/wp\/v2\/media\/15249"}],"wp:attachment":[{"href":"https:\/\/aliancaevangelica.pt\/site\/wp-json\/wp\/v2\/media?parent=15293"}],"wp:term":[{"taxonomy":"category","embeddable":true,"href":"https:\/\/aliancaevangelica.pt\/site\/wp-json\/wp\/v2\/categories?post=15293"},{"taxonomy":"post_tag","embeddable":true,"href":"https:\/\/aliancaevangelica.pt\/site\/wp-json\/wp\/v2\/tags?post=15293"}],"curies":[{"name":"wp","href":"https:\/\/api.w.org\/{rel}","templated":true}]}}