{"id":14958,"date":"2017-06-26T01:54:11","date_gmt":"2017-06-26T01:54:11","guid":{"rendered":"http:\/\/alianca.raitup.com\/?p=14958"},"modified":"2026-04-06T13:03:37","modified_gmt":"2026-04-06T13:03:37","slug":"campanha-oremos-por-pedrogao","status":"publish","type":"post","link":"https:\/\/aliancaevangelica.pt\/site\/campanha-oremos-por-pedrogao\/","title":{"rendered":"CAMPANHA &#8211; OREMOS POR PEDR\u00d3G\u00c3O"},"content":{"rendered":"<p>Muitas igrejas, associa\u00e7\u00f5es e organiza\u00e7\u00f5es associadas \u00e0 AEP est\u00e3o a recolher alimentos (quer em sintra, quer em lisboa por exemplo), nomeadamente:<\/p>\n<ul>\n<li>Leite<\/li>\n<li>\u00c1gua<\/li>\n<li>Bebidas Isot\u00f3nicas<\/li>\n<li>Pacotes de fruta beb\u00edvel<\/li>\n<li>Fruta<\/li>\n<\/ul>\n<p>Caso a sua igreja esteja a participar na recolha, pode entrar em contacto connosco de forma a podermos divulgar.<\/p>\n<h4>Poder\u00e1 ajudar atrav\u00e9s do\u00a0IBAN:<br \/>\nPT50 0033 0000 4528 2173 8960 5<\/h4>\n<p>[Foto: divulgada pela NASA &#8211; inc\u00eandio em Pedr\u00f5g\u00e3o Grande]<\/p>\n","protected":false},"excerpt":{"rendered":"<p>Muitas igrejas, associa\u00e7\u00f5es e organiza\u00e7\u00f5es associadas \u00e0 AEP est\u00e3o a recolher alimentos (quer em sintra, quer em lisboa por exemplo), nomeadamente: Leite \u00c1gua Bebidas Isot\u00f3nicas Pacotes de fruta beb\u00edvel Fruta Caso a sua igreja esteja a participar na recolha, pode entrar em contacto connosco de forma a podermos divulgar. Poder\u00e1 ajudar atrav\u00e9s do\u00a0IBAN: PT50 0033<\/p>\n","protected":false},"author":2,"featured_media":14959,"comment_status":"open","ping_status":"open","sticky":false,"template":"","format":"standard","meta":{"_uag_custom_page_level_css":"","_themeisle_gutenberg_block_has_review":false,"_vp_format_video_url":"","_vp_image_focal_point":[],"footnotes":""},"categories":[],"tags":[143],"class_list":["post-14958","post","type-post","status-publish","format-standard","has-post-thumbnail","hentry","tag-noticias"],"yoast_head":"<!-- This site is optimized with the Yoast SEO plugin v27.5 - https:\/\/yoast.com\/product\/yoast-seo-wordpress\/ -->\n<title>CAMPANHA - OREMOS POR PEDR\u00d3G\u00c3O - AEP<\/title>\n<meta name=\"robots\" content=\"index, follow, max-snippet:-1, max-image-preview:large, max-video-preview:-1\" \/>\n<link rel=\"canonical\" href=\"https:\/\/aliancaevangelica.pt\/site\/campanha-oremos-por-pedrogao\/\" \/>\n<meta property=\"og:locale\" content=\"pt_PT\" \/>\n<meta property=\"og:type\" content=\"article\" \/>\n<meta property=\"og:title\" content=\"CAMPANHA - OREMOS POR PEDR\u00d3G\u00c3O - AEP\" \/>\n<meta property=\"og:description\" content=\"Muitas igrejas, associa\u00e7\u00f5es e organiza\u00e7\u00f5es associadas \u00e0 AEP est\u00e3o a recolher alimentos (quer em sintra, quer em lisboa por exemplo), nomeadamente: Leite \u00c1gua Bebidas Isot\u00f3nicas Pacotes de fruta beb\u00edvel Fruta Caso a sua igreja esteja a participar na recolha, pode entrar em contacto connosco de forma a podermos divulgar. Poder\u00e1 ajudar atrav\u00e9s do\u00a0IBAN: PT50 0033\" \/>\n<meta property=\"og:url\" content=\"https:\/\/aliancaevangelica.pt\/site\/campanha-oremos-por-pedrogao\/\" \/>\n<meta property=\"og:site_name\" content=\"AEP\" \/>\n<meta property=\"article:publisher\" content=\"http:\/\/facebook.com\/aeportuguesa\" \/>\n<meta property=\"article:author\" content=\"aeportugal\" \/>\n<meta property=\"article:published_time\" content=\"2017-06-26T01:54:11+00:00\" \/>\n<meta property=\"article:modified_time\" content=\"2026-04-06T13:03:37+00:00\" \/>\n<meta property=\"og:image\" content=\"https:\/\/aliancaevangelica.pt\/site\/wp-content\/uploads\/2017\/06\/PEDROGAO.jpg\" \/>\n\t<meta property=\"og:image:width\" content=\"1920\" \/>\n\t<meta property=\"og:image:height\" content=\"1080\" \/>\n\t<meta property=\"og:image:type\" content=\"image\/jpeg\" \/>\n<meta name=\"author\" content=\"AEP\" \/>\n<meta name=\"twitter:card\" content=\"summary_large_image\" \/>\n<meta name=\"twitter:label1\" content=\"Escrito por\" \/>\n\t<meta name=\"twitter:data1\" content=\"AEP\" \/>\n<script type=\"application\/ld+json\" class=\"yoast-schema-graph\">{\"@context\":\"https:\\\/\\\/schema.org\",\"@graph\":[{\"@type\":\"Article\",\"@id\":\"https:\\\/\\\/aliancaevangelica.pt\\\/site\\\/campanha-oremos-por-pedrogao\\\/#article\",\"isPartOf\":{\"@id\":\"https:\\\/\\\/aliancaevangelica.pt\\\/site\\\/campanha-oremos-por-pedrogao\\\/\"},\"author\":{\"name\":\"AEP\",\"@id\":\"https:\\\/\\\/aliancaevangelica.pt\\\/site\\\/#\\\/schema\\\/person\\\/3b47cfc7535eff1e820f31c2d67eafcf\"},\"headline\":\"CAMPANHA &#8211; OREMOS POR PEDR\u00d3G\u00c3O\",\"datePublished\":\"2017-06-26T01:54:11+00:00\",\"dateModified\":\"2026-04-06T13:03:37+00:00\",\"mainEntityOfPage\":{\"@id\":\"https:\\\/\\\/aliancaevangelica.pt\\\/site\\\/campanha-oremos-por-pedrogao\\\/\"},\"wordCount\":79,\"commentCount\":0,\"publisher\":{\"@id\":\"https:\\\/\\\/aliancaevangelica.pt\\\/site\\\/#organization\"},\"image\":{\"@id\":\"https:\\\/\\\/aliancaevangelica.pt\\\/site\\\/campanha-oremos-por-pedrogao\\\/#primaryimage\"},\"thumbnailUrl\":\"https:\\\/\\\/aliancaevangelica.pt\\\/site\\\/wp-content\\\/uploads\\\/2017\\\/06\\\/PEDROGAO.jpg\",\"keywords\":[\"Not\u00edcias\"],\"inLanguage\":\"pt-PT\",\"potentialAction\":[{\"@type\":\"CommentAction\",\"name\":\"Comment\",\"target\":[\"https:\\\/\\\/aliancaevangelica.pt\\\/site\\\/campanha-oremos-por-pedrogao\\\/#respond\"]}]},{\"@type\":\"WebPage\",\"@id\":\"https:\\\/\\\/aliancaevangelica.pt\\\/site\\\/campanha-oremos-por-pedrogao\\\/\",\"url\":\"https:\\\/\\\/aliancaevangelica.pt\\\/site\\\/campanha-oremos-por-pedrogao\\\/\",\"name\":\"CAMPANHA - OREMOS POR PEDR\u00d3G\u00c3O - AEP\",\"isPartOf\":{\"@id\":\"https:\\\/\\\/aliancaevangelica.pt\\\/site\\\/#website\"},\"primaryImageOfPage\":{\"@id\":\"https:\\\/\\\/aliancaevangelica.pt\\\/site\\\/campanha-oremos-por-pedrogao\\\/#primaryimage\"},\"image\":{\"@id\":\"https:\\\/\\\/aliancaevangelica.pt\\\/site\\\/campanha-oremos-por-pedrogao\\\/#primaryimage\"},\"thumbnailUrl\":\"https:\\\/\\\/aliancaevangelica.pt\\\/site\\\/wp-content\\\/uploads\\\/2017\\\/06\\\/PEDROGAO.jpg\",\"datePublished\":\"2017-06-26T01:54:11+00:00\",\"dateModified\":\"2026-04-06T13:03:37+00:00\",\"breadcrumb\":{\"@id\":\"https:\\\/\\\/aliancaevangelica.pt\\\/site\\\/campanha-oremos-por-pedrogao\\\/#breadcrumb\"},\"inLanguage\":\"pt-PT\",\"potentialAction\":[{\"@type\":\"ReadAction\",\"target\":[\"https:\\\/\\\/aliancaevangelica.pt\\\/site\\\/campanha-oremos-por-pedrogao\\\/\"]}]},{\"@type\":\"ImageObject\",\"inLanguage\":\"pt-PT\",\"@id\":\"https:\\\/\\\/aliancaevangelica.pt\\\/site\\\/campanha-oremos-por-pedrogao\\\/#primaryimage\",\"url\":\"https:\\\/\\\/aliancaevangelica.pt\\\/site\\\/wp-content\\\/uploads\\\/2017\\\/06\\\/PEDROGAO.jpg\",\"contentUrl\":\"https:\\\/\\\/aliancaevangelica.pt\\\/site\\\/wp-content\\\/uploads\\\/2017\\\/06\\\/PEDROGAO.jpg\",\"width\":1920,\"height\":1080},{\"@type\":\"BreadcrumbList\",\"@id\":\"https:\\\/\\\/aliancaevangelica.pt\\\/site\\\/campanha-oremos-por-pedrogao\\\/#breadcrumb\",\"itemListElement\":[{\"@type\":\"ListItem\",\"position\":1,\"name\":\"In\u00edcio\",\"item\":\"https:\\\/\\\/aliancaevangelica.pt\\\/site\\\/\"},{\"@type\":\"ListItem\",\"position\":2,\"name\":\"CAMPANHA &#8211; OREMOS POR PEDR\u00d3G\u00c3O\"}]},{\"@type\":\"WebSite\",\"@id\":\"https:\\\/\\\/aliancaevangelica.pt\\\/site\\\/#website\",\"url\":\"https:\\\/\\\/aliancaevangelica.pt\\\/site\\\/\",\"name\":\"Alian\u00e7a Evang\u00e9lica Portuguesa\",\"description\":\"Alian\u00e7a Evang\u00e9lica Portuguesa\",\"publisher\":{\"@id\":\"https:\\\/\\\/aliancaevangelica.pt\\\/site\\\/#organization\"},\"potentialAction\":[{\"@type\":\"SearchAction\",\"target\":{\"@type\":\"EntryPoint\",\"urlTemplate\":\"https:\\\/\\\/aliancaevangelica.pt\\\/site\\\/?s={search_term_string}\"},\"query-input\":{\"@type\":\"PropertyValueSpecification\",\"valueRequired\":true,\"valueName\":\"search_term_string\"}}],\"inLanguage\":\"pt-PT\"},{\"@type\":\"Organization\",\"@id\":\"https:\\\/\\\/aliancaevangelica.pt\\\/site\\\/#organization\",\"name\":\"Alian\u00e7a Evang\u00e9lica Portuguesa\",\"url\":\"https:\\\/\\\/aliancaevangelica.pt\\\/site\\\/\",\"logo\":{\"@type\":\"ImageObject\",\"inLanguage\":\"pt-PT\",\"@id\":\"https:\\\/\\\/aliancaevangelica.pt\\\/site\\\/#\\\/schema\\\/logo\\\/image\\\/\",\"url\":\"https:\\\/\\\/aliancaevangelica.pt\\\/site\\\/wp-content\\\/uploads\\\/2017\\\/11\\\/logo-AEP-cor.png\",\"contentUrl\":\"https:\\\/\\\/aliancaevangelica.pt\\\/site\\\/wp-content\\\/uploads\\\/2017\\\/11\\\/logo-AEP-cor.png\",\"width\":1156,\"height\":672,\"caption\":\"Alian\u00e7a Evang\u00e9lica Portuguesa\"},\"image\":{\"@id\":\"https:\\\/\\\/aliancaevangelica.pt\\\/site\\\/#\\\/schema\\\/logo\\\/image\\\/\"},\"sameAs\":[\"http:\\\/\\\/facebook.com\\\/aeportuguesa\",\"http:\\\/\\\/instagram.com\\\/aliancaep\",\"http:\\\/\\\/youtube.com\\\/aeportuguesa\"]},{\"@type\":\"Person\",\"@id\":\"https:\\\/\\\/aliancaevangelica.pt\\\/site\\\/#\\\/schema\\\/person\\\/3b47cfc7535eff1e820f31c2d67eafcf\",\"name\":\"AEP\",\"sameAs\":[\"aeportugal\"],\"url\":\"https:\\\/\\\/aliancaevangelica.pt\\\/site\\\/author\\\/aeportugal\\\/\"}]}<\/script>\n<!-- \/ Yoast SEO plugin. -->","yoast_head_json":{"title":"CAMPANHA - OREMOS POR PEDR\u00d3G\u00c3O - AEP","robots":{"index":"index","follow":"follow","max-snippet":"max-snippet:-1","max-image-preview":"max-image-preview:large","max-video-preview":"max-video-preview:-1"},"canonical":"https:\/\/aliancaevangelica.pt\/site\/campanha-oremos-por-pedrogao\/","og_locale":"pt_PT","og_type":"article","og_title":"CAMPANHA - OREMOS POR PEDR\u00d3G\u00c3O - AEP","og_description":"Muitas igrejas, associa\u00e7\u00f5es e organiza\u00e7\u00f5es associadas \u00e0 AEP est\u00e3o a recolher alimentos (quer em sintra, quer em lisboa por exemplo), nomeadamente: Leite \u00c1gua Bebidas Isot\u00f3nicas Pacotes de fruta beb\u00edvel Fruta Caso a sua igreja esteja a participar na recolha, pode entrar em contacto connosco de forma a podermos divulgar. Poder\u00e1 ajudar atrav\u00e9s do\u00a0IBAN: PT50 0033","og_url":"https:\/\/aliancaevangelica.pt\/site\/campanha-oremos-por-pedrogao\/","og_site_name":"AEP","article_publisher":"http:\/\/facebook.com\/aeportuguesa","article_author":"aeportugal","article_published_time":"2017-06-26T01:54:11+00:00","article_modified_time":"2026-04-06T13:03:37+00:00","og_image":[{"width":1920,"height":1080,"url":"https:\/\/aliancaevangelica.pt\/site\/wp-content\/uploads\/2017\/06\/PEDROGAO.jpg","type":"image\/jpeg"}],"author":"AEP","twitter_card":"summary_large_image","twitter_misc":{"Escrito por":"AEP"},"schema":{"@context":"https:\/\/schema.org","@graph":[{"@type":"Article","@id":"https:\/\/aliancaevangelica.pt\/site\/campanha-oremos-por-pedrogao\/#article","isPartOf":{"@id":"https:\/\/aliancaevangelica.pt\/site\/campanha-oremos-por-pedrogao\/"},"author":{"name":"AEP","@id":"https:\/\/aliancaevangelica.pt\/site\/#\/schema\/person\/3b47cfc7535eff1e820f31c2d67eafcf"},"headline":"CAMPANHA &#8211; OREMOS POR PEDR\u00d3G\u00c3O","datePublished":"2017-06-26T01:54:11+00:00","dateModified":"2026-04-06T13:03:37+00:00","mainEntityOfPage":{"@id":"https:\/\/aliancaevangelica.pt\/site\/campanha-oremos-por-pedrogao\/"},"wordCount":79,"commentCount":0,"publisher":{"@id":"https:\/\/aliancaevangelica.pt\/site\/#organization"},"image":{"@id":"https:\/\/aliancaevangelica.pt\/site\/campanha-oremos-por-pedrogao\/#primaryimage"},"thumbnailUrl":"https:\/\/aliancaevangelica.pt\/site\/wp-content\/uploads\/2017\/06\/PEDROGAO.jpg","keywords":["Not\u00edcias"],"inLanguage":"pt-PT","potentialAction":[{"@type":"CommentAction","name":"Comment","target":["https:\/\/aliancaevangelica.pt\/site\/campanha-oremos-por-pedrogao\/#respond"]}]},{"@type":"WebPage","@id":"https:\/\/aliancaevangelica.pt\/site\/campanha-oremos-por-pedrogao\/","url":"https:\/\/aliancaevangelica.pt\/site\/campanha-oremos-por-pedrogao\/","name":"CAMPANHA - OREMOS POR PEDR\u00d3G\u00c3O - AEP","isPartOf":{"@id":"https:\/\/aliancaevangelica.pt\/site\/#website"},"primaryImageOfPage":{"@id":"https:\/\/aliancaevangelica.pt\/site\/campanha-oremos-por-pedrogao\/#primaryimage"},"image":{"@id":"https:\/\/aliancaevangelica.pt\/site\/campanha-oremos-por-pedrogao\/#primaryimage"},"thumbnailUrl":"https:\/\/aliancaevangelica.pt\/site\/wp-content\/uploads\/2017\/06\/PEDROGAO.jpg","datePublished":"2017-06-26T01:54:11+00:00","dateModified":"2026-04-06T13:03:37+00:00","breadcrumb":{"@id":"https:\/\/aliancaevangelica.pt\/site\/campanha-oremos-por-pedrogao\/#breadcrumb"},"inLanguage":"pt-PT","potentialAction":[{"@type":"ReadAction","target":["https:\/\/aliancaevangelica.pt\/site\/campanha-oremos-por-pedrogao\/"]}]},{"@type":"ImageObject","inLanguage":"pt-PT","@id":"https:\/\/aliancaevangelica.pt\/site\/campanha-oremos-por-pedrogao\/#primaryimage","url":"https:\/\/aliancaevangelica.pt\/site\/wp-content\/uploads\/2017\/06\/PEDROGAO.jpg","contentUrl":"https:\/\/aliancaevangelica.pt\/site\/wp-content\/uploads\/2017\/06\/PEDROGAO.jpg","width":1920,"height":1080},{"@type":"BreadcrumbList","@id":"https:\/\/aliancaevangelica.pt\/site\/campanha-oremos-por-pedrogao\/#breadcrumb","itemListElement":[{"@type":"ListItem","position":1,"name":"In\u00edcio","item":"https:\/\/aliancaevangelica.pt\/site\/"},{"@type":"ListItem","position":2,"name":"CAMPANHA &#8211; OREMOS POR PEDR\u00d3G\u00c3O"}]},{"@type":"WebSite","@id":"https:\/\/aliancaevangelica.pt\/site\/#website","url":"https:\/\/aliancaevangelica.pt\/site\/","name":"Alian\u00e7a Evang\u00e9lica Portuguesa","description":"Alian\u00e7a Evang\u00e9lica Portuguesa","publisher":{"@id":"https:\/\/aliancaevangelica.pt\/site\/#organization"},"potentialAction":[{"@type":"SearchAction","target":{"@type":"EntryPoint","urlTemplate":"https:\/\/aliancaevangelica.pt\/site\/?s={search_term_string}"},"query-input":{"@type":"PropertyValueSpecification","valueRequired":true,"valueName":"search_term_string"}}],"inLanguage":"pt-PT"},{"@type":"Organization","@id":"https:\/\/aliancaevangelica.pt\/site\/#organization","name":"Alian\u00e7a Evang\u00e9lica Portuguesa","url":"https:\/\/aliancaevangelica.pt\/site\/","logo":{"@type":"ImageObject","inLanguage":"pt-PT","@id":"https:\/\/aliancaevangelica.pt\/site\/#\/schema\/logo\/image\/","url":"https:\/\/aliancaevangelica.pt\/site\/wp-content\/uploads\/2017\/11\/logo-AEP-cor.png","contentUrl":"https:\/\/aliancaevangelica.pt\/site\/wp-content\/uploads\/2017\/11\/logo-AEP-cor.png","width":1156,"height":672,"caption":"Alian\u00e7a Evang\u00e9lica Portuguesa"},"image":{"@id":"https:\/\/aliancaevangelica.pt\/site\/#\/schema\/logo\/image\/"},"sameAs":["http:\/\/facebook.com\/aeportuguesa","http:\/\/instagram.com\/aliancaep","http:\/\/youtube.com\/aeportuguesa"]},{"@type":"Person","@id":"https:\/\/aliancaevangelica.pt\/site\/#\/schema\/person\/3b47cfc7535eff1e820f31c2d67eafcf","name":"AEP","sameAs":["aeportugal"],"url":"https:\/\/aliancaevangelica.pt\/site\/author\/aeportugal\/"}]}},"uagb_featured_image_src":{"full":["https:\/\/aliancaevangelica.pt\/site\/wp-content\/uploads\/2017\/06\/PEDROGAO.jpg",1920,1080,false],"thumbnail":["https:\/\/aliancaevangelica.pt\/site\/wp-content\/uploads\/2017\/06\/PEDROGAO-150x150.jpg",150,150,true],"medium":["https:\/\/aliancaevangelica.pt\/site\/wp-content\/uploads\/2017\/06\/PEDROGAO-300x169.jpg",300,169,true],"medium_large":["https:\/\/aliancaevangelica.pt\/site\/wp-content\/uploads\/2017\/06\/PEDROGAO-768x432.jpg",768,432,true],"large":["https:\/\/aliancaevangelica.pt\/site\/wp-content\/uploads\/2017\/06\/PEDROGAO-1024x576.jpg",960,540,true],"1536x1536":["https:\/\/aliancaevangelica.pt\/site\/wp-content\/uploads\/2017\/06\/PEDROGAO.jpg",1536,864,false],"2048x2048":["https:\/\/aliancaevangelica.pt\/site\/wp-content\/uploads\/2017\/06\/PEDROGAO.jpg",1920,1080,false],"vp_sm":["https:\/\/aliancaevangelica.pt\/site\/wp-content\/uploads\/2017\/06\/PEDROGAO.jpg",500,281,false],"vp_md":["https:\/\/aliancaevangelica.pt\/site\/wp-content\/uploads\/2017\/06\/PEDROGAO.jpg",800,450,false],"vp_lg":["https:\/\/aliancaevangelica.pt\/site\/wp-content\/uploads\/2017\/06\/PEDROGAO.jpg",1280,720,false],"vp_xl":["https:\/\/aliancaevangelica.pt\/site\/wp-content\/uploads\/2017\/06\/PEDROGAO.jpg",1920,1080,false],"vp_sm_popup":["https:\/\/aliancaevangelica.pt\/site\/wp-content\/uploads\/2017\/06\/PEDROGAO.jpg",500,281,false],"vp_md_popup":["https:\/\/aliancaevangelica.pt\/site\/wp-content\/uploads\/2017\/06\/PEDROGAO.jpg",800,450,false],"vp_xl_popup":["https:\/\/aliancaevangelica.pt\/site\/wp-content\/uploads\/2017\/06\/PEDROGAO.jpg",1920,1080,false],"newsx-150x100":["https:\/\/aliancaevangelica.pt\/site\/wp-content\/uploads\/2017\/06\/PEDROGAO.jpg",150,84,false],"newsx-330x220":["https:\/\/aliancaevangelica.pt\/site\/wp-content\/uploads\/2017\/06\/PEDROGAO.jpg",330,186,false],"newsx-420x280":["https:\/\/aliancaevangelica.pt\/site\/wp-content\/uploads\/2017\/06\/PEDROGAO.jpg",420,236,false],"newsx-510x340":["https:\/\/aliancaevangelica.pt\/site\/wp-content\/uploads\/2017\/06\/PEDROGAO.jpg",510,287,false],"newsx-640x480":["https:\/\/aliancaevangelica.pt\/site\/wp-content\/uploads\/2017\/06\/PEDROGAO.jpg",640,360,false],"newsx-670x370":["https:\/\/aliancaevangelica.pt\/site\/wp-content\/uploads\/2017\/06\/PEDROGAO.jpg",658,370,false],"newsx-860x570":["https:\/\/aliancaevangelica.pt\/site\/wp-content\/uploads\/2017\/06\/PEDROGAO.jpg",860,484,false],"newsx-1000x750":["https:\/\/aliancaevangelica.pt\/site\/wp-content\/uploads\/2017\/06\/PEDROGAO.jpg",1000,563,false],"newsx-1200x600":["https:\/\/aliancaevangelica.pt\/site\/wp-content\/uploads\/2017\/06\/PEDROGAO.jpg",1067,600,false]},"uagb_author_info":{"display_name":"AEP","author_link":"https:\/\/aliancaevangelica.pt\/site\/author\/aeportugal\/"},"uagb_comment_info":0,"uagb_excerpt":"Muitas igrejas, associa\u00e7\u00f5es e organiza\u00e7\u00f5es associadas \u00e0 AEP est\u00e3o a recolher alimentos (quer em sintra, quer em lisboa por exemplo), nomeadamente: Leite \u00c1gua Bebidas Isot\u00f3nicas Pacotes de fruta beb\u00edvel Fruta Caso a sua igreja esteja a participar na recolha, pode entrar em contacto connosco de forma a podermos divulgar. Poder\u00e1 ajudar atrav\u00e9s do\u00a0IBAN: PT50 0033","_links":{"self":[{"href":"https:\/\/aliancaevangelica.pt\/site\/wp-json\/wp\/v2\/posts\/14958","targetHints":{"allow":["GET"]}}],"collection":[{"href":"https:\/\/aliancaevangelica.pt\/site\/wp-json\/wp\/v2\/posts"}],"about":[{"href":"https:\/\/aliancaevangelica.pt\/site\/wp-json\/wp\/v2\/types\/post"}],"author":[{"embeddable":true,"href":"https:\/\/aliancaevangelica.pt\/site\/wp-json\/wp\/v2\/users\/2"}],"replies":[{"embeddable":true,"href":"https:\/\/aliancaevangelica.pt\/site\/wp-json\/wp\/v2\/comments?post=14958"}],"version-history":[{"count":1,"href":"https:\/\/aliancaevangelica.pt\/site\/wp-json\/wp\/v2\/posts\/14958\/revisions"}],"predecessor-version":[{"id":22199,"href":"https:\/\/aliancaevangelica.pt\/site\/wp-json\/wp\/v2\/posts\/14958\/revisions\/22199"}],"wp:featuredmedia":[{"embeddable":true,"href":"https:\/\/aliancaevangelica.pt\/site\/wp-json\/wp\/v2\/media\/14959"}],"wp:attachment":[{"href":"https:\/\/aliancaevangelica.pt\/site\/wp-json\/wp\/v2\/media?parent=14958"}],"wp:term":[{"taxonomy":"category","embeddable":true,"href":"https:\/\/aliancaevangelica.pt\/site\/wp-json\/wp\/v2\/categories?post=14958"},{"taxonomy":"post_tag","embeddable":true,"href":"https:\/\/aliancaevangelica.pt\/site\/wp-json\/wp\/v2\/tags?post=14958"}],"curies":[{"name":"wp","href":"https:\/\/api.w.org\/{rel}","templated":true}]}}