{"id":14854,"date":"2017-06-25T00:22:44","date_gmt":"2017-06-25T00:22:44","guid":{"rendered":"http:\/\/alianca.raitup.com\/?p=14854"},"modified":"2017-06-25T00:22:44","modified_gmt":"2017-06-25T00:22:44","slug":"curso-especializado-em-estudos-teologicos","status":"publish","type":"post","link":"https:\/\/aliancaevangelica.pt\/site\/curso-especializado-em-estudos-teologicos\/","title":{"rendered":"Curso Especializado em Estudos Teol\u00f3gicos"},"content":{"rendered":"<p>Curso Especializado em Estudos Teol\u00f3gicos<br \/>\nMaster of Theological Studies<\/p>\n<p>O Semin\u00e1rio Teol\u00f3gico Baptista anunciou para maio o in\u00edcio do Curso Especializado em Estudos Teol\u00f3gicos &#8211; Master of Theological Studies, destinado a pastores e outros obreiros habilitados com o n\u00edvel de licenciatura que desejem uma forma\u00e7\u00e3o acad\u00e9mica aprofundada nas \u00e1reas de B\u00edblia, Teologia e Minist\u00e9rio. Com um sistema modular, o curso funciona em sete per\u00edodos, cada um com uma semana de aulas presenciais, em Queluz, entre 15 de maio de 2017 e outubro de 2018. As inscri\u00e7\u00f5es ainda est\u00e3o abertas. Mais informa\u00e7\u00f5es: master@seminariobaptista.com.pt<\/p>\n","protected":false},"excerpt":{"rendered":"<p>Curso Especializado em Estudos Teol\u00f3gicos Master of Theological Studies O Semin\u00e1rio Teol\u00f3gico Baptista anunciou para maio o in\u00edcio do Curso Especializado em Estudos Teol\u00f3gicos &#8211; Master of Theological Studies, destinado a pastores e outros obreiros habilitados com o n\u00edvel de licenciatura que desejem uma forma\u00e7\u00e3o acad\u00e9mica aprofundada nas \u00e1reas de B\u00edblia, Teologia e Minist\u00e9rio. Com<\/p>\n","protected":false},"author":2,"featured_media":14855,"comment_status":"open","ping_status":"open","sticky":false,"template":"","format":"standard","meta":{"_uag_custom_page_level_css":"","_themeisle_gutenberg_block_has_review":false,"_vp_format_video_url":"","_vp_image_focal_point":[],"footnotes":""},"categories":[],"tags":[142],"class_list":["post-14854","post","type-post","status-publish","format-standard","has-post-thumbnail","hentry","tag-4-anuncios"],"yoast_head":"<!-- This site is optimized with the Yoast SEO plugin v27.5 - https:\/\/yoast.com\/product\/yoast-seo-wordpress\/ -->\n<title>Curso Especializado em Estudos Teol\u00f3gicos - AEP<\/title>\n<meta name=\"robots\" content=\"index, follow, max-snippet:-1, max-image-preview:large, max-video-preview:-1\" \/>\n<link rel=\"canonical\" href=\"https:\/\/aliancaevangelica.pt\/site\/curso-especializado-em-estudos-teologicos\/\" \/>\n<meta property=\"og:locale\" content=\"pt_PT\" \/>\n<meta property=\"og:type\" content=\"article\" \/>\n<meta property=\"og:title\" content=\"Curso Especializado em Estudos Teol\u00f3gicos - AEP\" \/>\n<meta property=\"og:description\" content=\"Curso Especializado em Estudos Teol\u00f3gicos Master of Theological Studies O Semin\u00e1rio Teol\u00f3gico Baptista anunciou para maio o in\u00edcio do Curso Especializado em Estudos Teol\u00f3gicos &#8211; Master of Theological Studies, destinado a pastores e outros obreiros habilitados com o n\u00edvel de licenciatura que desejem uma forma\u00e7\u00e3o acad\u00e9mica aprofundada nas \u00e1reas de B\u00edblia, Teologia e Minist\u00e9rio. Com\" \/>\n<meta property=\"og:url\" content=\"https:\/\/aliancaevangelica.pt\/site\/curso-especializado-em-estudos-teologicos\/\" \/>\n<meta property=\"og:site_name\" content=\"AEP\" \/>\n<meta property=\"article:publisher\" content=\"http:\/\/facebook.com\/aeportuguesa\" \/>\n<meta property=\"article:author\" content=\"aeportugal\" \/>\n<meta property=\"article:published_time\" content=\"2017-06-25T00:22:44+00:00\" \/>\n<meta property=\"og:image\" content=\"https:\/\/aliancaevangelica.pt\/site\/wp-content\/uploads\/2017\/06\/livros.jpg\" \/>\n\t<meta property=\"og:image:width\" content=\"1698\" \/>\n\t<meta property=\"og:image:height\" content=\"1131\" \/>\n\t<meta property=\"og:image:type\" content=\"image\/jpeg\" \/>\n<meta name=\"author\" content=\"AEP\" \/>\n<meta name=\"twitter:card\" content=\"summary_large_image\" \/>\n<meta name=\"twitter:label1\" content=\"Escrito por\" \/>\n\t<meta name=\"twitter:data1\" content=\"AEP\" \/>\n\t<meta name=\"twitter:label2\" content=\"Tempo estimado de leitura\" \/>\n\t<meta name=\"twitter:data2\" content=\"1 minuto\" \/>\n<script type=\"application\/ld+json\" class=\"yoast-schema-graph\">{\"@context\":\"https:\\\/\\\/schema.org\",\"@graph\":[{\"@type\":\"Article\",\"@id\":\"https:\\\/\\\/aliancaevangelica.pt\\\/site\\\/curso-especializado-em-estudos-teologicos\\\/#article\",\"isPartOf\":{\"@id\":\"https:\\\/\\\/aliancaevangelica.pt\\\/site\\\/curso-especializado-em-estudos-teologicos\\\/\"},\"author\":{\"name\":\"AEP\",\"@id\":\"https:\\\/\\\/aliancaevangelica.pt\\\/site\\\/#\\\/schema\\\/person\\\/3b47cfc7535eff1e820f31c2d67eafcf\"},\"headline\":\"Curso Especializado em Estudos Teol\u00f3gicos\",\"datePublished\":\"2017-06-25T00:22:44+00:00\",\"mainEntityOfPage\":{\"@id\":\"https:\\\/\\\/aliancaevangelica.pt\\\/site\\\/curso-especializado-em-estudos-teologicos\\\/\"},\"wordCount\":112,\"commentCount\":0,\"publisher\":{\"@id\":\"https:\\\/\\\/aliancaevangelica.pt\\\/site\\\/#organization\"},\"image\":{\"@id\":\"https:\\\/\\\/aliancaevangelica.pt\\\/site\\\/curso-especializado-em-estudos-teologicos\\\/#primaryimage\"},\"thumbnailUrl\":\"https:\\\/\\\/aliancaevangelica.pt\\\/site\\\/wp-content\\\/uploads\\\/2017\\\/06\\\/livros.jpg\",\"keywords\":[\"4-An\u00fancios\"],\"inLanguage\":\"pt-PT\",\"potentialAction\":[{\"@type\":\"CommentAction\",\"name\":\"Comment\",\"target\":[\"https:\\\/\\\/aliancaevangelica.pt\\\/site\\\/curso-especializado-em-estudos-teologicos\\\/#respond\"]}]},{\"@type\":\"WebPage\",\"@id\":\"https:\\\/\\\/aliancaevangelica.pt\\\/site\\\/curso-especializado-em-estudos-teologicos\\\/\",\"url\":\"https:\\\/\\\/aliancaevangelica.pt\\\/site\\\/curso-especializado-em-estudos-teologicos\\\/\",\"name\":\"Curso Especializado em Estudos Teol\u00f3gicos - AEP\",\"isPartOf\":{\"@id\":\"https:\\\/\\\/aliancaevangelica.pt\\\/site\\\/#website\"},\"primaryImageOfPage\":{\"@id\":\"https:\\\/\\\/aliancaevangelica.pt\\\/site\\\/curso-especializado-em-estudos-teologicos\\\/#primaryimage\"},\"image\":{\"@id\":\"https:\\\/\\\/aliancaevangelica.pt\\\/site\\\/curso-especializado-em-estudos-teologicos\\\/#primaryimage\"},\"thumbnailUrl\":\"https:\\\/\\\/aliancaevangelica.pt\\\/site\\\/wp-content\\\/uploads\\\/2017\\\/06\\\/livros.jpg\",\"datePublished\":\"2017-06-25T00:22:44+00:00\",\"breadcrumb\":{\"@id\":\"https:\\\/\\\/aliancaevangelica.pt\\\/site\\\/curso-especializado-em-estudos-teologicos\\\/#breadcrumb\"},\"inLanguage\":\"pt-PT\",\"potentialAction\":[{\"@type\":\"ReadAction\",\"target\":[\"https:\\\/\\\/aliancaevangelica.pt\\\/site\\\/curso-especializado-em-estudos-teologicos\\\/\"]}]},{\"@type\":\"ImageObject\",\"inLanguage\":\"pt-PT\",\"@id\":\"https:\\\/\\\/aliancaevangelica.pt\\\/site\\\/curso-especializado-em-estudos-teologicos\\\/#primaryimage\",\"url\":\"https:\\\/\\\/aliancaevangelica.pt\\\/site\\\/wp-content\\\/uploads\\\/2017\\\/06\\\/livros.jpg\",\"contentUrl\":\"https:\\\/\\\/aliancaevangelica.pt\\\/site\\\/wp-content\\\/uploads\\\/2017\\\/06\\\/livros.jpg\",\"width\":1698,\"height\":1131},{\"@type\":\"BreadcrumbList\",\"@id\":\"https:\\\/\\\/aliancaevangelica.pt\\\/site\\\/curso-especializado-em-estudos-teologicos\\\/#breadcrumb\",\"itemListElement\":[{\"@type\":\"ListItem\",\"position\":1,\"name\":\"In\u00edcio\",\"item\":\"https:\\\/\\\/aliancaevangelica.pt\\\/site\\\/\"},{\"@type\":\"ListItem\",\"position\":2,\"name\":\"Curso Especializado em Estudos Teol\u00f3gicos\"}]},{\"@type\":\"WebSite\",\"@id\":\"https:\\\/\\\/aliancaevangelica.pt\\\/site\\\/#website\",\"url\":\"https:\\\/\\\/aliancaevangelica.pt\\\/site\\\/\",\"name\":\"Alian\u00e7a Evang\u00e9lica Portuguesa\",\"description\":\"Alian\u00e7a Evang\u00e9lica Portuguesa\",\"publisher\":{\"@id\":\"https:\\\/\\\/aliancaevangelica.pt\\\/site\\\/#organization\"},\"potentialAction\":[{\"@type\":\"SearchAction\",\"target\":{\"@type\":\"EntryPoint\",\"urlTemplate\":\"https:\\\/\\\/aliancaevangelica.pt\\\/site\\\/?s={search_term_string}\"},\"query-input\":{\"@type\":\"PropertyValueSpecification\",\"valueRequired\":true,\"valueName\":\"search_term_string\"}}],\"inLanguage\":\"pt-PT\"},{\"@type\":\"Organization\",\"@id\":\"https:\\\/\\\/aliancaevangelica.pt\\\/site\\\/#organization\",\"name\":\"Alian\u00e7a Evang\u00e9lica Portuguesa\",\"url\":\"https:\\\/\\\/aliancaevangelica.pt\\\/site\\\/\",\"logo\":{\"@type\":\"ImageObject\",\"inLanguage\":\"pt-PT\",\"@id\":\"https:\\\/\\\/aliancaevangelica.pt\\\/site\\\/#\\\/schema\\\/logo\\\/image\\\/\",\"url\":\"https:\\\/\\\/aliancaevangelica.pt\\\/site\\\/wp-content\\\/uploads\\\/2017\\\/11\\\/logo-AEP-cor.png\",\"contentUrl\":\"https:\\\/\\\/aliancaevangelica.pt\\\/site\\\/wp-content\\\/uploads\\\/2017\\\/11\\\/logo-AEP-cor.png\",\"width\":1156,\"height\":672,\"caption\":\"Alian\u00e7a Evang\u00e9lica Portuguesa\"},\"image\":{\"@id\":\"https:\\\/\\\/aliancaevangelica.pt\\\/site\\\/#\\\/schema\\\/logo\\\/image\\\/\"},\"sameAs\":[\"http:\\\/\\\/facebook.com\\\/aeportuguesa\",\"http:\\\/\\\/instagram.com\\\/aliancaep\",\"http:\\\/\\\/youtube.com\\\/aeportuguesa\"]},{\"@type\":\"Person\",\"@id\":\"https:\\\/\\\/aliancaevangelica.pt\\\/site\\\/#\\\/schema\\\/person\\\/3b47cfc7535eff1e820f31c2d67eafcf\",\"name\":\"AEP\",\"sameAs\":[\"aeportugal\"],\"url\":\"https:\\\/\\\/aliancaevangelica.pt\\\/site\\\/author\\\/aeportugal\\\/\"}]}<\/script>\n<!-- \/ Yoast SEO plugin. -->","yoast_head_json":{"title":"Curso Especializado em Estudos Teol\u00f3gicos - AEP","robots":{"index":"index","follow":"follow","max-snippet":"max-snippet:-1","max-image-preview":"max-image-preview:large","max-video-preview":"max-video-preview:-1"},"canonical":"https:\/\/aliancaevangelica.pt\/site\/curso-especializado-em-estudos-teologicos\/","og_locale":"pt_PT","og_type":"article","og_title":"Curso Especializado em Estudos Teol\u00f3gicos - AEP","og_description":"Curso Especializado em Estudos Teol\u00f3gicos Master of Theological Studies O Semin\u00e1rio Teol\u00f3gico Baptista anunciou para maio o in\u00edcio do Curso Especializado em Estudos Teol\u00f3gicos &#8211; Master of Theological Studies, destinado a pastores e outros obreiros habilitados com o n\u00edvel de licenciatura que desejem uma forma\u00e7\u00e3o acad\u00e9mica aprofundada nas \u00e1reas de B\u00edblia, Teologia e Minist\u00e9rio. Com","og_url":"https:\/\/aliancaevangelica.pt\/site\/curso-especializado-em-estudos-teologicos\/","og_site_name":"AEP","article_publisher":"http:\/\/facebook.com\/aeportuguesa","article_author":"aeportugal","article_published_time":"2017-06-25T00:22:44+00:00","og_image":[{"width":1698,"height":1131,"url":"https:\/\/aliancaevangelica.pt\/site\/wp-content\/uploads\/2017\/06\/livros.jpg","type":"image\/jpeg"}],"author":"AEP","twitter_card":"summary_large_image","twitter_misc":{"Escrito por":"AEP","Tempo estimado de leitura":"1 minuto"},"schema":{"@context":"https:\/\/schema.org","@graph":[{"@type":"Article","@id":"https:\/\/aliancaevangelica.pt\/site\/curso-especializado-em-estudos-teologicos\/#article","isPartOf":{"@id":"https:\/\/aliancaevangelica.pt\/site\/curso-especializado-em-estudos-teologicos\/"},"author":{"name":"AEP","@id":"https:\/\/aliancaevangelica.pt\/site\/#\/schema\/person\/3b47cfc7535eff1e820f31c2d67eafcf"},"headline":"Curso Especializado em Estudos Teol\u00f3gicos","datePublished":"2017-06-25T00:22:44+00:00","mainEntityOfPage":{"@id":"https:\/\/aliancaevangelica.pt\/site\/curso-especializado-em-estudos-teologicos\/"},"wordCount":112,"commentCount":0,"publisher":{"@id":"https:\/\/aliancaevangelica.pt\/site\/#organization"},"image":{"@id":"https:\/\/aliancaevangelica.pt\/site\/curso-especializado-em-estudos-teologicos\/#primaryimage"},"thumbnailUrl":"https:\/\/aliancaevangelica.pt\/site\/wp-content\/uploads\/2017\/06\/livros.jpg","keywords":["4-An\u00fancios"],"inLanguage":"pt-PT","potentialAction":[{"@type":"CommentAction","name":"Comment","target":["https:\/\/aliancaevangelica.pt\/site\/curso-especializado-em-estudos-teologicos\/#respond"]}]},{"@type":"WebPage","@id":"https:\/\/aliancaevangelica.pt\/site\/curso-especializado-em-estudos-teologicos\/","url":"https:\/\/aliancaevangelica.pt\/site\/curso-especializado-em-estudos-teologicos\/","name":"Curso Especializado em Estudos Teol\u00f3gicos - AEP","isPartOf":{"@id":"https:\/\/aliancaevangelica.pt\/site\/#website"},"primaryImageOfPage":{"@id":"https:\/\/aliancaevangelica.pt\/site\/curso-especializado-em-estudos-teologicos\/#primaryimage"},"image":{"@id":"https:\/\/aliancaevangelica.pt\/site\/curso-especializado-em-estudos-teologicos\/#primaryimage"},"thumbnailUrl":"https:\/\/aliancaevangelica.pt\/site\/wp-content\/uploads\/2017\/06\/livros.jpg","datePublished":"2017-06-25T00:22:44+00:00","breadcrumb":{"@id":"https:\/\/aliancaevangelica.pt\/site\/curso-especializado-em-estudos-teologicos\/#breadcrumb"},"inLanguage":"pt-PT","potentialAction":[{"@type":"ReadAction","target":["https:\/\/aliancaevangelica.pt\/site\/curso-especializado-em-estudos-teologicos\/"]}]},{"@type":"ImageObject","inLanguage":"pt-PT","@id":"https:\/\/aliancaevangelica.pt\/site\/curso-especializado-em-estudos-teologicos\/#primaryimage","url":"https:\/\/aliancaevangelica.pt\/site\/wp-content\/uploads\/2017\/06\/livros.jpg","contentUrl":"https:\/\/aliancaevangelica.pt\/site\/wp-content\/uploads\/2017\/06\/livros.jpg","width":1698,"height":1131},{"@type":"BreadcrumbList","@id":"https:\/\/aliancaevangelica.pt\/site\/curso-especializado-em-estudos-teologicos\/#breadcrumb","itemListElement":[{"@type":"ListItem","position":1,"name":"In\u00edcio","item":"https:\/\/aliancaevangelica.pt\/site\/"},{"@type":"ListItem","position":2,"name":"Curso Especializado em Estudos Teol\u00f3gicos"}]},{"@type":"WebSite","@id":"https:\/\/aliancaevangelica.pt\/site\/#website","url":"https:\/\/aliancaevangelica.pt\/site\/","name":"Alian\u00e7a Evang\u00e9lica Portuguesa","description":"Alian\u00e7a Evang\u00e9lica Portuguesa","publisher":{"@id":"https:\/\/aliancaevangelica.pt\/site\/#organization"},"potentialAction":[{"@type":"SearchAction","target":{"@type":"EntryPoint","urlTemplate":"https:\/\/aliancaevangelica.pt\/site\/?s={search_term_string}"},"query-input":{"@type":"PropertyValueSpecification","valueRequired":true,"valueName":"search_term_string"}}],"inLanguage":"pt-PT"},{"@type":"Organization","@id":"https:\/\/aliancaevangelica.pt\/site\/#organization","name":"Alian\u00e7a Evang\u00e9lica Portuguesa","url":"https:\/\/aliancaevangelica.pt\/site\/","logo":{"@type":"ImageObject","inLanguage":"pt-PT","@id":"https:\/\/aliancaevangelica.pt\/site\/#\/schema\/logo\/image\/","url":"https:\/\/aliancaevangelica.pt\/site\/wp-content\/uploads\/2017\/11\/logo-AEP-cor.png","contentUrl":"https:\/\/aliancaevangelica.pt\/site\/wp-content\/uploads\/2017\/11\/logo-AEP-cor.png","width":1156,"height":672,"caption":"Alian\u00e7a Evang\u00e9lica Portuguesa"},"image":{"@id":"https:\/\/aliancaevangelica.pt\/site\/#\/schema\/logo\/image\/"},"sameAs":["http:\/\/facebook.com\/aeportuguesa","http:\/\/instagram.com\/aliancaep","http:\/\/youtube.com\/aeportuguesa"]},{"@type":"Person","@id":"https:\/\/aliancaevangelica.pt\/site\/#\/schema\/person\/3b47cfc7535eff1e820f31c2d67eafcf","name":"AEP","sameAs":["aeportugal"],"url":"https:\/\/aliancaevangelica.pt\/site\/author\/aeportugal\/"}]}},"uagb_featured_image_src":{"full":["https:\/\/aliancaevangelica.pt\/site\/wp-content\/uploads\/2017\/06\/livros.jpg",1698,1131,false],"thumbnail":["https:\/\/aliancaevangelica.pt\/site\/wp-content\/uploads\/2017\/06\/livros-150x150.jpg",150,150,true],"medium":["https:\/\/aliancaevangelica.pt\/site\/wp-content\/uploads\/2017\/06\/livros-300x200.jpg",300,200,true],"medium_large":["https:\/\/aliancaevangelica.pt\/site\/wp-content\/uploads\/2017\/06\/livros-768x512.jpg",768,512,true],"large":["https:\/\/aliancaevangelica.pt\/site\/wp-content\/uploads\/2017\/06\/livros-1024x682.jpg",960,639,true],"1536x1536":["https:\/\/aliancaevangelica.pt\/site\/wp-content\/uploads\/2017\/06\/livros.jpg",1536,1023,false],"2048x2048":["https:\/\/aliancaevangelica.pt\/site\/wp-content\/uploads\/2017\/06\/livros.jpg",1698,1131,false],"vp_sm":["https:\/\/aliancaevangelica.pt\/site\/wp-content\/uploads\/2017\/06\/livros.jpg",500,333,false],"vp_md":["https:\/\/aliancaevangelica.pt\/site\/wp-content\/uploads\/2017\/06\/livros.jpg",800,533,false],"vp_lg":["https:\/\/aliancaevangelica.pt\/site\/wp-content\/uploads\/2017\/06\/livros.jpg",1280,853,false],"vp_xl":["https:\/\/aliancaevangelica.pt\/site\/wp-content\/uploads\/2017\/06\/livros.jpg",1698,1131,false],"vp_sm_popup":["https:\/\/aliancaevangelica.pt\/site\/wp-content\/uploads\/2017\/06\/livros.jpg",500,333,false],"vp_md_popup":["https:\/\/aliancaevangelica.pt\/site\/wp-content\/uploads\/2017\/06\/livros.jpg",800,533,false],"vp_xl_popup":["https:\/\/aliancaevangelica.pt\/site\/wp-content\/uploads\/2017\/06\/livros.jpg",1698,1131,false],"newsx-150x100":["https:\/\/aliancaevangelica.pt\/site\/wp-content\/uploads\/2017\/06\/livros.jpg",150,100,false],"newsx-330x220":["https:\/\/aliancaevangelica.pt\/site\/wp-content\/uploads\/2017\/06\/livros.jpg",330,220,false],"newsx-420x280":["https:\/\/aliancaevangelica.pt\/site\/wp-content\/uploads\/2017\/06\/livros.jpg",420,280,false],"newsx-510x340":["https:\/\/aliancaevangelica.pt\/site\/wp-content\/uploads\/2017\/06\/livros.jpg",510,340,false],"newsx-640x480":["https:\/\/aliancaevangelica.pt\/site\/wp-content\/uploads\/2017\/06\/livros.jpg",640,426,false],"newsx-670x370":["https:\/\/aliancaevangelica.pt\/site\/wp-content\/uploads\/2017\/06\/livros.jpg",555,370,false],"newsx-860x570":["https:\/\/aliancaevangelica.pt\/site\/wp-content\/uploads\/2017\/06\/livros.jpg",856,570,false],"newsx-1000x750":["https:\/\/aliancaevangelica.pt\/site\/wp-content\/uploads\/2017\/06\/livros.jpg",1000,666,false],"newsx-1200x600":["https:\/\/aliancaevangelica.pt\/site\/wp-content\/uploads\/2017\/06\/livros.jpg",901,600,false]},"uagb_author_info":{"display_name":"AEP","author_link":"https:\/\/aliancaevangelica.pt\/site\/author\/aeportugal\/"},"uagb_comment_info":0,"uagb_excerpt":"Curso Especializado em Estudos Teol\u00f3gicos Master of Theological Studies O Semin\u00e1rio Teol\u00f3gico Baptista anunciou para maio o in\u00edcio do Curso Especializado em Estudos Teol\u00f3gicos &#8211; Master of Theological Studies, destinado a pastores e outros obreiros habilitados com o n\u00edvel de licenciatura que desejem uma forma\u00e7\u00e3o acad\u00e9mica aprofundada nas \u00e1reas de B\u00edblia, Teologia e Minist\u00e9rio. Com","_links":{"self":[{"href":"https:\/\/aliancaevangelica.pt\/site\/wp-json\/wp\/v2\/posts\/14854","targetHints":{"allow":["GET"]}}],"collection":[{"href":"https:\/\/aliancaevangelica.pt\/site\/wp-json\/wp\/v2\/posts"}],"about":[{"href":"https:\/\/aliancaevangelica.pt\/site\/wp-json\/wp\/v2\/types\/post"}],"author":[{"embeddable":true,"href":"https:\/\/aliancaevangelica.pt\/site\/wp-json\/wp\/v2\/users\/2"}],"replies":[{"embeddable":true,"href":"https:\/\/aliancaevangelica.pt\/site\/wp-json\/wp\/v2\/comments?post=14854"}],"version-history":[{"count":0,"href":"https:\/\/aliancaevangelica.pt\/site\/wp-json\/wp\/v2\/posts\/14854\/revisions"}],"wp:featuredmedia":[{"embeddable":true,"href":"https:\/\/aliancaevangelica.pt\/site\/wp-json\/wp\/v2\/media\/14855"}],"wp:attachment":[{"href":"https:\/\/aliancaevangelica.pt\/site\/wp-json\/wp\/v2\/media?parent=14854"}],"wp:term":[{"taxonomy":"category","embeddable":true,"href":"https:\/\/aliancaevangelica.pt\/site\/wp-json\/wp\/v2\/categories?post=14854"},{"taxonomy":"post_tag","embeddable":true,"href":"https:\/\/aliancaevangelica.pt\/site\/wp-json\/wp\/v2\/tags?post=14854"}],"curies":[{"name":"wp","href":"https:\/\/api.w.org\/{rel}","templated":true}]}}